{"id":42643,"date":"2019-07-31T15:55:55","date_gmt":"2019-07-31T19:55:55","guid":{"rendered":"https:\/\/www.ine.gob.bo\/?p=42643"},"modified":"2020-01-23T11:15:34","modified_gmt":"2020-01-23T15:15:34","slug":"el-ine-advierte-que-calculo-del-indice-de-pobreza-multidimensional-realizado-por-el-cedla-no-se-enmarca-en-metodologia-internacional","status":"publish","type":"post","link":"https:\/\/www.ine.gob.bo\/index.php\/el-ine-advierte-que-calculo-del-indice-de-pobreza-multidimensional-realizado-por-el-cedla-no-se-enmarca-en-metodologia-internacional\/","title":{"rendered":"El INE advierte que c\u00e1lculo del \u00cdndice de Pobreza Multidimensional realizado por el CEDLA no se enmarca en metodolog\u00eda internacional"},"content":{"rendered":"<p><strong>La Paz, 31 julio de 2019 (INE).-<\/strong>\u00a0El director de Estad\u00edstica e Indicadores Econ\u00f3micos y Sociales del INE, Humberto Arandia C., se\u00f1al\u00f3 en conferencia de prensa que el \u00cdndice de Pobreza Multidimensional (IPM) que fue elaborado por el Centro de Estudios para el Desarrollo Laboral y Agrario (CEDLA) adolece de fuertes diferencias respecto a la metodolog\u00eda internacionalmente aceptada.<\/p>\n<p>Indic\u00f3 que hablar de la pobreza y su medici\u00f3n implica el conocimiento de m\u00faltiples definiciones; empero, una de las de mayor aceptaci\u00f3n se\u00f1ala que la misma es la falta de recursos en el tiempo y la privaci\u00f3n o carencia material es su consecuencia (Gordon, 2006).<\/p>\n<p>En este contexto, la pobreza se puede analizar desde el punto de vista monetario (falta de ingresos) siendo esta la metodolog\u00eda m\u00e1s empleada en la actualidad, y tambi\u00e9n por el lado de carencias en necesidades o dimensiones (\u00cdndice de Pobreza Multidimensional &#8211; IPM), indicador basado en corrientes te\u00f3ricas m\u00e1s recientes.<\/p>\n<p>El IPM viene siendo desarrollado principalmente en una colaboraci\u00f3n entre la Organizaci\u00f3n de Naciones Unidas (NN.UU.) y la Iniciativa sobre Pobreza y Desarrollo Humano de Oxford (OPHI) siendo esta metodolog\u00eda de car\u00e1cter muy t\u00e9cnico y rigurosa desde su concepci\u00f3n. Estas dos instituciones son las encargadas de validar y monitorear los IPM de los pa\u00edses a nivel internacional.<\/p>\n<p>El IPM desarrollado internacionalmente por NN.UU. y OPHI analiza tres dimensiones b\u00e1sicas de pobreza: (1) Educaci\u00f3n: A\u00f1os de escolaridad y asistencia a centros educativos, (2) Salud: Mortalidad infantil y nutrici\u00f3n, y (3) Calidad de vida: Servicios b\u00e1sicos en general y tenencia de activos fijos. Estas dimensiones al momento del c\u00e1lculo del indicador final pesan lo mismo para evitar apreciaciones distintas y evitan ante todo contar con indicadores basados en percepciones.<\/p>\n<p>El ejercicio realizado por el CEDLA encuentra que el 61% de los bolivianos poseen pobreza multidimensional. Sin embargo, el trabajo de NN.UU. y OPHI, bajo la metodolog\u00eda internacionalmente aceptada, contempla que el 20,4% de la poblaci\u00f3n boliviana registra pobreza multidimensional moderada (m\u00e1s de 33.33% de privaciones) y tan s\u00f3lo el 7,1% muestra una pobreza multidimensional severa (m\u00e1s del 50% de privaciones). Asimismo, el c\u00e1lculo destaca que el 15,7% de la poblaci\u00f3n es vulnerable a caer en pobreza multidimensional.<\/p>\n<p><img loading=\"lazy\" decoding=\"async\" class=\"alignnone size-large wp-image-42645\" src=\"https:\/\/www.ine.gob.bo\/wp-content\/uploads\/2019\/07\/01-4-1024x379.png\" alt=\"\" width=\"1024\" height=\"379\" srcset=\"https:\/\/www.ine.gob.bo\/wp-content\/uploads\/2019\/07\/01-4-1024x379.png 1024w, https:\/\/www.ine.gob.bo\/wp-content\/uploads\/2019\/07\/01-4-300x111.png 300w, https:\/\/www.ine.gob.bo\/wp-content\/uploads\/2019\/07\/01-4-768x284.png 768w, https:\/\/www.ine.gob.bo\/wp-content\/uploads\/2019\/07\/01-4.png 1364w\" sizes=\"auto, (max-width: 1024px) 100vw, 1024px\" \/>Estas grandes diferencias se explican esencialmente por: (1) el ejercicio realizado, tal cual lo se\u00f1alaron en su presentaci\u00f3n, es s\u00f3lo una primera aproximaci\u00f3n cuyo objetivo es iniciar la discusi\u00f3n en la tem\u00e1tica; (2) emplea dimensiones distintas a las generalmente aceptadas incluyendo aquellas como participaci\u00f3n pol\u00edtica y seguridad ciudadana que no son necesariamente determinantes expl\u00edcitos de una condici\u00f3n de pobreza, sin menospreciar su importancia; (3) a diferencia de la recomendaci\u00f3n internacional, utiliza pesos o ponderadores distintos y discrecionales para las diversas dimensiones e indicadores que las componen, pudiendo penalizar o direccionar el resultado final del indicador; e (4) incluye percepciones que son la pr\u00e1ctica menos recomendada al momento de cuantificar cualquier indicador de este tipo, ya que las mismas no son objetivas y se basan en conjeturas propias de los individuos.<\/p>\n<p>El trabajo de pobreza multidimensional en t\u00e9rminos del establecimiento de una metodolog\u00eda local coherente con nuestra realidad, est\u00e1 siendo trabajada bajo est\u00e1ndares internacionales por el Instituto Nacional de Estad\u00edstica (INE) conjuntamente con la Unidad de An\u00e1lisis de Pol\u00edtica Econ\u00f3mica y Social (UDAPE), el Proyecto de Naciones Unidas para el Desarrollo (PNUD) y la OPHI, se espera que en el mediano plazo se muestren los resultados m\u00e1s relevantes al respecto.<\/p>\n<p>&nbsp;<\/p>\n<p style=\"text-align: center;\"><strong>Unidad de Difusi\u00f3n y Comunicaci\u00f3n \u2013 INE<\/strong><\/p>\n","protected":false},"excerpt":{"rendered":"<p>La Paz, 31 julio de 2019 (INE).-\u00a0El director de Estad\u00edstica e Indicadores Econ\u00f3micos y Sociales del INE, Humberto Arandia C., se\u00f1al\u00f3 en conferencia de prensa que el \u00cdndice de Pobreza Multidimensional (IPM) que fue elaborado por el Centro de Estudios para el Desarrollo Laboral y Agrario (CEDLA) adolece de fuertes diferencias respecto a la metodolog\u00eda&hellip;<\/p>\n","protected":false},"author":1,"featured_media":42645,"comment_status":"closed","ping_status":"open","sticky":false,"template":"","format":"standard","meta":[],"categories":[158],"tags":[52],"class_list":["post-42643","post","type-post","status-publish","format-standard","has-post-thumbnail","hentry","category-ine-noticias","tag-ine-noticias","category-158","description-off"],"yoast_head":"<!-- This site is optimized with the Yoast SEO plugin v23.2 - https:\/\/yoast.com\/wordpress\/plugins\/seo\/ -->\n<title>El INE advierte que c\u00e1lculo del \u00cdndice de Pobreza Multidimensional realizado por el CEDLA no se enmarca en metodolog\u00eda internacional - INE<\/title>\n<meta name=\"description\" content=\"P\u00e1gina oficial del Instituto Nacional de Estadistica INE, informaci\u00f3n estad\u00edstica, geogr\u00e1fica y econ\u00f3mica a nivel nacional.\" \/>\n<meta name=\"robots\" content=\"index, follow, max-snippet:-1, max-image-preview:large, max-video-preview:-1\" \/>\n<link rel=\"canonical\" href=\"https:\/\/www.ine.gob.bo\/index.php\/el-ine-advierte-que-calculo-del-indice-de-pobreza-multidimensional-realizado-por-el-cedla-no-se-enmarca-en-metodologia-internacional\/\" \/>\n<meta property=\"og:locale\" content=\"es_ES\" \/>\n<meta property=\"og:type\" content=\"article\" \/>\n<meta property=\"og:title\" content=\"El INE advierte que c\u00e1lculo del \u00cdndice de Pobreza Multidimensional realizado por el CEDLA no se enmarca en metodolog\u00eda internacional - INE\" \/>\n<meta property=\"og:description\" content=\"P\u00e1gina oficial del Instituto Nacional de Estadistica INE, informaci\u00f3n estad\u00edstica, geogr\u00e1fica y econ\u00f3mica a nivel nacional.\" \/>\n<meta property=\"og:url\" content=\"https:\/\/www.ine.gob.bo\/index.php\/el-ine-advierte-que-calculo-del-indice-de-pobreza-multidimensional-realizado-por-el-cedla-no-se-enmarca-en-metodologia-internacional\/\" \/>\n<meta property=\"og:site_name\" content=\"INE\" \/>\n<meta property=\"article:publisher\" content=\"https:\/\/www.facebook.com\/ineboliviaoficial\" \/>\n<meta property=\"article:published_time\" content=\"2019-07-31T19:55:55+00:00\" \/>\n<meta property=\"article:modified_time\" content=\"2020-01-23T15:15:34+00:00\" \/>\n<meta property=\"og:image\" content=\"https:\/\/www.ine.gob.bo\/wp-content\/uploads\/2019\/07\/01-4.png\" \/>\n\t<meta property=\"og:image:width\" content=\"1364\" \/>\n\t<meta property=\"og:image:height\" content=\"505\" \/>\n\t<meta property=\"og:image:type\" content=\"image\/png\" \/>\n<meta name=\"author\" content=\"4dmin-root\" \/>\n<meta name=\"twitter:card\" content=\"summary_large_image\" \/>\n<meta name=\"twitter:creator\" content=\"@INE_Bolivia\" \/>\n<meta name=\"twitter:site\" content=\"@INE_Bolivia\" \/>\n<meta name=\"twitter:label1\" content=\"Escrito por\" \/>\n\t<meta name=\"twitter:data1\" content=\"4dmin-root\" \/>\n\t<meta name=\"twitter:label2\" content=\"Tiempo de lectura\" \/>\n\t<meta name=\"twitter:data2\" content=\"3 minutos\" \/>\n<script type=\"application\/ld+json\" class=\"yoast-schema-graph\">{\"@context\":\"https:\/\/schema.org\",\"@graph\":[{\"@type\":\"Article\",\"@id\":\"https:\/\/www.ine.gob.bo\/index.php\/el-ine-advierte-que-calculo-del-indice-de-pobreza-multidimensional-realizado-por-el-cedla-no-se-enmarca-en-metodologia-internacional\/#article\",\"isPartOf\":{\"@id\":\"https:\/\/www.ine.gob.bo\/index.php\/el-ine-advierte-que-calculo-del-indice-de-pobreza-multidimensional-realizado-por-el-cedla-no-se-enmarca-en-metodologia-internacional\/\"},\"author\":{\"name\":\"4dmin-root\",\"@id\":\"https:\/\/www.ine.gob.bo\/#\/schema\/person\/4b9ab894e9de9fb7f2078269aea371be\"},\"headline\":\"El INE advierte que c\u00e1lculo del \u00cdndice de Pobreza Multidimensional realizado por el CEDLA no se enmarca en metodolog\u00eda internacional\",\"datePublished\":\"2019-07-31T19:55:55+00:00\",\"dateModified\":\"2020-01-23T15:15:34+00:00\",\"mainEntityOfPage\":{\"@id\":\"https:\/\/www.ine.gob.bo\/index.php\/el-ine-advierte-que-calculo-del-indice-de-pobreza-multidimensional-realizado-por-el-cedla-no-se-enmarca-en-metodologia-internacional\/\"},\"wordCount\":630,\"publisher\":{\"@id\":\"https:\/\/www.ine.gob.bo\/#organization\"},\"image\":{\"@id\":\"https:\/\/www.ine.gob.bo\/index.php\/el-ine-advierte-que-calculo-del-indice-de-pobreza-multidimensional-realizado-por-el-cedla-no-se-enmarca-en-metodologia-internacional\/#primaryimage\"},\"thumbnailUrl\":\"https:\/\/www.ine.gob.bo\/wp-content\/uploads\/2019\/07\/01-4.png\",\"keywords\":[\"INE Noticias\"],\"articleSection\":[\"INE noticias\"],\"inLanguage\":\"es\"},{\"@type\":\"WebPage\",\"@id\":\"https:\/\/www.ine.gob.bo\/index.php\/el-ine-advierte-que-calculo-del-indice-de-pobreza-multidimensional-realizado-por-el-cedla-no-se-enmarca-en-metodologia-internacional\/\",\"url\":\"https:\/\/www.ine.gob.bo\/index.php\/el-ine-advierte-que-calculo-del-indice-de-pobreza-multidimensional-realizado-por-el-cedla-no-se-enmarca-en-metodologia-internacional\/\",\"name\":\"El INE advierte que c\u00e1lculo del \u00cdndice de Pobreza Multidimensional realizado por el CEDLA no se enmarca en metodolog\u00eda internacional - INE\",\"isPartOf\":{\"@id\":\"https:\/\/www.ine.gob.bo\/#website\"},\"primaryImageOfPage\":{\"@id\":\"https:\/\/www.ine.gob.bo\/index.php\/el-ine-advierte-que-calculo-del-indice-de-pobreza-multidimensional-realizado-por-el-cedla-no-se-enmarca-en-metodologia-internacional\/#primaryimage\"},\"image\":{\"@id\":\"https:\/\/www.ine.gob.bo\/index.php\/el-ine-advierte-que-calculo-del-indice-de-pobreza-multidimensional-realizado-por-el-cedla-no-se-enmarca-en-metodologia-internacional\/#primaryimage\"},\"thumbnailUrl\":\"https:\/\/www.ine.gob.bo\/wp-content\/uploads\/2019\/07\/01-4.png\",\"datePublished\":\"2019-07-31T19:55:55+00:00\",\"dateModified\":\"2020-01-23T15:15:34+00:00\",\"description\":\"P\u00e1gina oficial del Instituto Nacional de Estadistica INE, informaci\u00f3n estad\u00edstica, geogr\u00e1fica y econ\u00f3mica a nivel nacional.\",\"breadcrumb\":{\"@id\":\"https:\/\/www.ine.gob.bo\/index.php\/el-ine-advierte-que-calculo-del-indice-de-pobreza-multidimensional-realizado-por-el-cedla-no-se-enmarca-en-metodologia-internacional\/#breadcrumb\"},\"inLanguage\":\"es\",\"potentialAction\":[{\"@type\":\"ReadAction\",\"target\":[\"https:\/\/www.ine.gob.bo\/index.php\/el-ine-advierte-que-calculo-del-indice-de-pobreza-multidimensional-realizado-por-el-cedla-no-se-enmarca-en-metodologia-internacional\/\"]}]},{\"@type\":\"ImageObject\",\"inLanguage\":\"es\",\"@id\":\"https:\/\/www.ine.gob.bo\/index.php\/el-ine-advierte-que-calculo-del-indice-de-pobreza-multidimensional-realizado-por-el-cedla-no-se-enmarca-en-metodologia-internacional\/#primaryimage\",\"url\":\"https:\/\/www.ine.gob.bo\/wp-content\/uploads\/2019\/07\/01-4.png\",\"contentUrl\":\"https:\/\/www.ine.gob.bo\/wp-content\/uploads\/2019\/07\/01-4.png\",\"width\":1364,\"height\":505},{\"@type\":\"BreadcrumbList\",\"@id\":\"https:\/\/www.ine.gob.bo\/index.php\/el-ine-advierte-que-calculo-del-indice-de-pobreza-multidimensional-realizado-por-el-cedla-no-se-enmarca-en-metodologia-internacional\/#breadcrumb\",\"itemListElement\":[{\"@type\":\"ListItem\",\"position\":1,\"name\":\"Portada\",\"item\":\"https:\/\/www.ine.gob.bo\/\"},{\"@type\":\"ListItem\",\"position\":2,\"name\":\"El INE advierte que c\u00e1lculo del \u00cdndice de Pobreza Multidimensional realizado por el CEDLA no se enmarca en metodolog\u00eda internacional\"}]},{\"@type\":\"WebSite\",\"@id\":\"https:\/\/www.ine.gob.bo\/#website\",\"url\":\"https:\/\/www.ine.gob.bo\/\",\"name\":\"INE\",\"description\":\"Instituto Nacional de Estad\u00edstica\",\"publisher\":{\"@id\":\"https:\/\/www.ine.gob.bo\/#organization\"},\"potentialAction\":[{\"@type\":\"SearchAction\",\"target\":{\"@type\":\"EntryPoint\",\"urlTemplate\":\"https:\/\/www.ine.gob.bo\/?s={search_term_string}\"},\"query-input\":\"required name=search_term_string\"}],\"inLanguage\":\"es\"},{\"@type\":\"Organization\",\"@id\":\"https:\/\/www.ine.gob.bo\/#organization\",\"name\":\"Instituto Nacional de Estad\u00edstica\",\"url\":\"https:\/\/www.ine.gob.bo\/\",\"logo\":{\"@type\":\"ImageObject\",\"inLanguage\":\"es\",\"@id\":\"https:\/\/www.ine.gob.bo\/#\/schema\/logo\/image\/\",\"url\":\"https:\/\/www.ine.gob.bo\/wp-content\/uploads\/2026\/02\/logo-ine.jpg\",\"contentUrl\":\"https:\/\/www.ine.gob.bo\/wp-content\/uploads\/2026\/02\/logo-ine.jpg\",\"width\":799,\"height\":453,\"caption\":\"Instituto Nacional de Estad\u00edstica\"},\"image\":{\"@id\":\"https:\/\/www.ine.gob.bo\/#\/schema\/logo\/image\/\"},\"sameAs\":[\"https:\/\/www.facebook.com\/ineboliviaoficial\",\"https:\/\/x.com\/INE_Bolivia\",\"https:\/\/www.instagram.com\/ineboliviaoficial\/\",\"https:\/\/www.youtube.com\/channel\/UCbIQXKLw414g5kWo1tAwqCg\"]},{\"@type\":\"Person\",\"@id\":\"https:\/\/www.ine.gob.bo\/#\/schema\/person\/4b9ab894e9de9fb7f2078269aea371be\",\"name\":\"4dmin-root\",\"image\":{\"@type\":\"ImageObject\",\"inLanguage\":\"es\",\"@id\":\"https:\/\/www.ine.gob.bo\/#\/schema\/person\/image\/\",\"url\":\"https:\/\/secure.gravatar.com\/avatar\/0824ec9f3a25d622e58133204574c46e0832b417c3b610112cf50ccc044cbefe?s=96&d=mm&r=g\",\"contentUrl\":\"https:\/\/secure.gravatar.com\/avatar\/0824ec9f3a25d622e58133204574c46e0832b417c3b610112cf50ccc044cbefe?s=96&d=mm&r=g\",\"caption\":\"4dmin-root\"},\"url\":\"https:\/\/www.ine.gob.bo\/index.php\/author\/4dmin-root\/\"}]}<\/script>\n<!-- \/ Yoast SEO plugin. -->","yoast_head_json":{"title":"El INE advierte que c\u00e1lculo del \u00cdndice de Pobreza Multidimensional realizado por el CEDLA no se enmarca en metodolog\u00eda internacional - INE","description":"P\u00e1gina oficial del Instituto Nacional de Estadistica INE, informaci\u00f3n estad\u00edstica, geogr\u00e1fica y econ\u00f3mica a nivel nacional.","robots":{"index":"index","follow":"follow","max-snippet":"max-snippet:-1","max-image-preview":"max-image-preview:large","max-video-preview":"max-video-preview:-1"},"canonical":"https:\/\/www.ine.gob.bo\/index.php\/el-ine-advierte-que-calculo-del-indice-de-pobreza-multidimensional-realizado-por-el-cedla-no-se-enmarca-en-metodologia-internacional\/","og_locale":"es_ES","og_type":"article","og_title":"El INE advierte que c\u00e1lculo del \u00cdndice de Pobreza Multidimensional realizado por el CEDLA no se enmarca en metodolog\u00eda internacional - INE","og_description":"P\u00e1gina oficial del Instituto Nacional de Estadistica INE, informaci\u00f3n estad\u00edstica, geogr\u00e1fica y econ\u00f3mica a nivel nacional.","og_url":"https:\/\/www.ine.gob.bo\/index.php\/el-ine-advierte-que-calculo-del-indice-de-pobreza-multidimensional-realizado-por-el-cedla-no-se-enmarca-en-metodologia-internacional\/","og_site_name":"INE","article_publisher":"https:\/\/www.facebook.com\/ineboliviaoficial","article_published_time":"2019-07-31T19:55:55+00:00","article_modified_time":"2020-01-23T15:15:34+00:00","og_image":[{"width":1364,"height":505,"url":"https:\/\/www.ine.gob.bo\/wp-content\/uploads\/2019\/07\/01-4.png","type":"image\/png"}],"author":"4dmin-root","twitter_card":"summary_large_image","twitter_creator":"@INE_Bolivia","twitter_site":"@INE_Bolivia","twitter_misc":{"Escrito por":"4dmin-root","Tiempo de lectura":"3 minutos"},"schema":{"@context":"https:\/\/schema.org","@graph":[{"@type":"Article","@id":"https:\/\/www.ine.gob.bo\/index.php\/el-ine-advierte-que-calculo-del-indice-de-pobreza-multidimensional-realizado-por-el-cedla-no-se-enmarca-en-metodologia-internacional\/#article","isPartOf":{"@id":"https:\/\/www.ine.gob.bo\/index.php\/el-ine-advierte-que-calculo-del-indice-de-pobreza-multidimensional-realizado-por-el-cedla-no-se-enmarca-en-metodologia-internacional\/"},"author":{"name":"4dmin-root","@id":"https:\/\/www.ine.gob.bo\/#\/schema\/person\/4b9ab894e9de9fb7f2078269aea371be"},"headline":"El INE advierte que c\u00e1lculo del \u00cdndice de Pobreza Multidimensional realizado por el CEDLA no se enmarca en metodolog\u00eda internacional","datePublished":"2019-07-31T19:55:55+00:00","dateModified":"2020-01-23T15:15:34+00:00","mainEntityOfPage":{"@id":"https:\/\/www.ine.gob.bo\/index.php\/el-ine-advierte-que-calculo-del-indice-de-pobreza-multidimensional-realizado-por-el-cedla-no-se-enmarca-en-metodologia-internacional\/"},"wordCount":630,"publisher":{"@id":"https:\/\/www.ine.gob.bo\/#organization"},"image":{"@id":"https:\/\/www.ine.gob.bo\/index.php\/el-ine-advierte-que-calculo-del-indice-de-pobreza-multidimensional-realizado-por-el-cedla-no-se-enmarca-en-metodologia-internacional\/#primaryimage"},"thumbnailUrl":"https:\/\/www.ine.gob.bo\/wp-content\/uploads\/2019\/07\/01-4.png","keywords":["INE Noticias"],"articleSection":["INE noticias"],"inLanguage":"es"},{"@type":"WebPage","@id":"https:\/\/www.ine.gob.bo\/index.php\/el-ine-advierte-que-calculo-del-indice-de-pobreza-multidimensional-realizado-por-el-cedla-no-se-enmarca-en-metodologia-internacional\/","url":"https:\/\/www.ine.gob.bo\/index.php\/el-ine-advierte-que-calculo-del-indice-de-pobreza-multidimensional-realizado-por-el-cedla-no-se-enmarca-en-metodologia-internacional\/","name":"El INE advierte que c\u00e1lculo del \u00cdndice de Pobreza Multidimensional realizado por el CEDLA no se enmarca en metodolog\u00eda internacional - INE","isPartOf":{"@id":"https:\/\/www.ine.gob.bo\/#website"},"primaryImageOfPage":{"@id":"https:\/\/www.ine.gob.bo\/index.php\/el-ine-advierte-que-calculo-del-indice-de-pobreza-multidimensional-realizado-por-el-cedla-no-se-enmarca-en-metodologia-internacional\/#primaryimage"},"image":{"@id":"https:\/\/www.ine.gob.bo\/index.php\/el-ine-advierte-que-calculo-del-indice-de-pobreza-multidimensional-realizado-por-el-cedla-no-se-enmarca-en-metodologia-internacional\/#primaryimage"},"thumbnailUrl":"https:\/\/www.ine.gob.bo\/wp-content\/uploads\/2019\/07\/01-4.png","datePublished":"2019-07-31T19:55:55+00:00","dateModified":"2020-01-23T15:15:34+00:00","description":"P\u00e1gina oficial del Instituto Nacional de Estadistica INE, informaci\u00f3n estad\u00edstica, geogr\u00e1fica y econ\u00f3mica a nivel nacional.","breadcrumb":{"@id":"https:\/\/www.ine.gob.bo\/index.php\/el-ine-advierte-que-calculo-del-indice-de-pobreza-multidimensional-realizado-por-el-cedla-no-se-enmarca-en-metodologia-internacional\/#breadcrumb"},"inLanguage":"es","potentialAction":[{"@type":"ReadAction","target":["https:\/\/www.ine.gob.bo\/index.php\/el-ine-advierte-que-calculo-del-indice-de-pobreza-multidimensional-realizado-por-el-cedla-no-se-enmarca-en-metodologia-internacional\/"]}]},{"@type":"ImageObject","inLanguage":"es","@id":"https:\/\/www.ine.gob.bo\/index.php\/el-ine-advierte-que-calculo-del-indice-de-pobreza-multidimensional-realizado-por-el-cedla-no-se-enmarca-en-metodologia-internacional\/#primaryimage","url":"https:\/\/www.ine.gob.bo\/wp-content\/uploads\/2019\/07\/01-4.png","contentUrl":"https:\/\/www.ine.gob.bo\/wp-content\/uploads\/2019\/07\/01-4.png","width":1364,"height":505},{"@type":"BreadcrumbList","@id":"https:\/\/www.ine.gob.bo\/index.php\/el-ine-advierte-que-calculo-del-indice-de-pobreza-multidimensional-realizado-por-el-cedla-no-se-enmarca-en-metodologia-internacional\/#breadcrumb","itemListElement":[{"@type":"ListItem","position":1,"name":"Portada","item":"https:\/\/www.ine.gob.bo\/"},{"@type":"ListItem","position":2,"name":"El INE advierte que c\u00e1lculo del \u00cdndice de Pobreza Multidimensional realizado por el CEDLA no se enmarca en metodolog\u00eda internacional"}]},{"@type":"WebSite","@id":"https:\/\/www.ine.gob.bo\/#website","url":"https:\/\/www.ine.gob.bo\/","name":"INE","description":"Instituto Nacional de Estad\u00edstica","publisher":{"@id":"https:\/\/www.ine.gob.bo\/#organization"},"potentialAction":[{"@type":"SearchAction","target":{"@type":"EntryPoint","urlTemplate":"https:\/\/www.ine.gob.bo\/?s={search_term_string}"},"query-input":"required name=search_term_string"}],"inLanguage":"es"},{"@type":"Organization","@id":"https:\/\/www.ine.gob.bo\/#organization","name":"Instituto Nacional de Estad\u00edstica","url":"https:\/\/www.ine.gob.bo\/","logo":{"@type":"ImageObject","inLanguage":"es","@id":"https:\/\/www.ine.gob.bo\/#\/schema\/logo\/image\/","url":"https:\/\/www.ine.gob.bo\/wp-content\/uploads\/2026\/02\/logo-ine.jpg","contentUrl":"https:\/\/www.ine.gob.bo\/wp-content\/uploads\/2026\/02\/logo-ine.jpg","width":799,"height":453,"caption":"Instituto Nacional de Estad\u00edstica"},"image":{"@id":"https:\/\/www.ine.gob.bo\/#\/schema\/logo\/image\/"},"sameAs":["https:\/\/www.facebook.com\/ineboliviaoficial","https:\/\/x.com\/INE_Bolivia","https:\/\/www.instagram.com\/ineboliviaoficial\/","https:\/\/www.youtube.com\/channel\/UCbIQXKLw414g5kWo1tAwqCg"]},{"@type":"Person","@id":"https:\/\/www.ine.gob.bo\/#\/schema\/person\/4b9ab894e9de9fb7f2078269aea371be","name":"4dmin-root","image":{"@type":"ImageObject","inLanguage":"es","@id":"https:\/\/www.ine.gob.bo\/#\/schema\/person\/image\/","url":"https:\/\/secure.gravatar.com\/avatar\/0824ec9f3a25d622e58133204574c46e0832b417c3b610112cf50ccc044cbefe?s=96&d=mm&r=g","contentUrl":"https:\/\/secure.gravatar.com\/avatar\/0824ec9f3a25d622e58133204574c46e0832b417c3b610112cf50ccc044cbefe?s=96&d=mm&r=g","caption":"4dmin-root"},"url":"https:\/\/www.ine.gob.bo\/index.php\/author\/4dmin-root\/"}]}},"rttpg_featured_image_url":{"full":["https:\/\/www.ine.gob.bo\/wp-content\/uploads\/2019\/07\/01-4.png",1364,505,false],"landscape":["https:\/\/www.ine.gob.bo\/wp-content\/uploads\/2019\/07\/01-4.png",1364,505,false],"portraits":["https:\/\/www.ine.gob.bo\/wp-content\/uploads\/2019\/07\/01-4.png",1364,505,false],"thumbnail":["https:\/\/www.ine.gob.bo\/wp-content\/uploads\/2019\/07\/01-4-150x150.png",150,150,true],"medium":["https:\/\/www.ine.gob.bo\/wp-content\/uploads\/2019\/07\/01-4-300x111.png",300,111,true],"large":["https:\/\/www.ine.gob.bo\/wp-content\/uploads\/2019\/07\/01-4-1024x379.png",1024,379,true],"1536x1536":["https:\/\/www.ine.gob.bo\/wp-content\/uploads\/2019\/07\/01-4.png",1364,505,false],"2048x2048":["https:\/\/www.ine.gob.bo\/wp-content\/uploads\/2019\/07\/01-4.png",1364,505,false]},"rttpg_author":{"display_name":"4dmin-root","author_link":"https:\/\/www.ine.gob.bo\/index.php\/author\/4dmin-root\/"},"rttpg_comment":0,"rttpg_category":"<a href=\"https:\/\/www.ine.gob.bo\/index.php\/category\/ine-noticias\/\" rel=\"category tag\">INE noticias<\/a>","rttpg_excerpt":"La Paz, 31 julio de 2019 (INE).-\u00a0El director de Estad\u00edstica e Indicadores Econ\u00f3micos y Sociales del INE, Humberto Arandia C., se\u00f1al\u00f3 en conferencia de prensa que el \u00cdndice de Pobreza Multidimensional (IPM) que fue elaborado por el Centro de Estudios para el Desarrollo Laboral y Agrario (CEDLA) adolece de fuertes diferencias respecto a la metodolog\u00eda&hellip;","_links":{"self":[{"href":"https:\/\/www.ine.gob.bo\/index.php\/wp-json\/wp\/v2\/posts\/42643","targetHints":{"allow":["GET"]}}],"collection":[{"href":"https:\/\/www.ine.gob.bo\/index.php\/wp-json\/wp\/v2\/posts"}],"about":[{"href":"https:\/\/www.ine.gob.bo\/index.php\/wp-json\/wp\/v2\/types\/post"}],"author":[{"embeddable":true,"href":"https:\/\/www.ine.gob.bo\/index.php\/wp-json\/wp\/v2\/users\/1"}],"replies":[{"embeddable":true,"href":"https:\/\/www.ine.gob.bo\/index.php\/wp-json\/wp\/v2\/comments?post=42643"}],"version-history":[{"count":0,"href":"https:\/\/www.ine.gob.bo\/index.php\/wp-json\/wp\/v2\/posts\/42643\/revisions"}],"wp:featuredmedia":[{"embeddable":true,"href":"https:\/\/www.ine.gob.bo\/index.php\/wp-json\/wp\/v2\/media\/42645"}],"wp:attachment":[{"href":"https:\/\/www.ine.gob.bo\/index.php\/wp-json\/wp\/v2\/media?parent=42643"}],"wp:term":[{"taxonomy":"category","embeddable":true,"href":"https:\/\/www.ine.gob.bo\/index.php\/wp-json\/wp\/v2\/categories?post=42643"},{"taxonomy":"post_tag","embeddable":true,"href":"https:\/\/www.ine.gob.bo\/index.php\/wp-json\/wp\/v2\/tags?post=42643"}],"curies":[{"name":"wp","href":"https:\/\/api.w.org\/{rel}","templated":true}]}}