{"id":42392,"date":"2017-07-11T16:51:07","date_gmt":"2017-07-11T14:51:07","guid":{"rendered":"https:\/\/www.ine.gob.bo\/?p=42392"},"modified":"2019-07-31T16:53:05","modified_gmt":"2019-07-31T14:53:05","slug":"la-poblacion-de-bolivia-se-mantiene-joven","status":"publish","type":"post","link":"https:\/\/www.ine.gob.bo\/index.php\/la-poblacion-de-bolivia-se-mantiene-joven\/","title":{"rendered":"La poblaci\u00f3n de Bolivia se mantiene joven"},"content":{"rendered":"<p><strong>La Paz, 11 de julio de 2017 (INE).-\u00a0<\/strong>En el D\u00eda Mundial de la Poblaci\u00f3n, el Instituto Nacional de Estad\u00edstica inform\u00f3 que la poblaci\u00f3n en el Estado Plurinacional de Bolivia se mantiene joven con una tasa de crecimiento de 1,4%. Seg\u00fan grupo etario, la poblaci\u00f3n menor de 15 a\u00f1os representa 32,4%, la poblaci\u00f3n de 15 a 29 a\u00f1os constituye 27,2%; el grupo de 30 a 59 a\u00f1os, 31,4% y la poblaci\u00f3n adulta mayor, 8,9%.<\/p>\n<p><strong>Gr\u00e1fico N\u00ba 1<\/strong><\/p>\n<p class=\"Prrafobsico\"><strong>BOLIVIA: PIR\u00c1MIDE POBLACIONAL<\/strong><strong>\u00a0POR GRUPO DE EDAD, SEG\u00daN DEPARTAMENTO, 2017<\/strong><\/p>\n<p><img loading=\"lazy\" decoding=\"async\" class=\"alignnone size-full wp-image-42393\" src=\"https:\/\/www.ine.gob.bo\/wp-content\/uploads\/2019\/07\/Poblacion1.png\" alt=\"\" width=\"789\" height=\"279\" srcset=\"https:\/\/www.ine.gob.bo\/wp-content\/uploads\/2019\/07\/Poblacion1.png 789w, https:\/\/www.ine.gob.bo\/wp-content\/uploads\/2019\/07\/Poblacion1-300x106.png 300w, https:\/\/www.ine.gob.bo\/wp-content\/uploads\/2019\/07\/Poblacion1-768x272.png 768w\" sizes=\"auto, (max-width: 789px) 100vw, 789px\" \/><\/p>\n<p>Para junio de 2017, la poblaci\u00f3n en el pa\u00eds llega aproximadamente a 11.146.000 habitantes. Las proyecciones de poblaci\u00f3n son elaboradas con base a informaci\u00f3n sobre los componentes demogr\u00e1ficos como fecundidad, mortalidad y migraci\u00f3n.<\/p>\n<p><strong>Gr\u00e1fico N\u00ba 2<\/strong><\/p>\n<p><strong>BOLIVIA: TASA BRUTA DE MORTALIDAD Y TASA BRUTA DE NATALIDAD, 2012 \u2013 2020<\/strong><\/p>\n<p><img loading=\"lazy\" decoding=\"async\" class=\"alignnone size-full wp-image-42394\" src=\"https:\/\/www.ine.gob.bo\/wp-content\/uploads\/2019\/07\/Poblacion6.png\" alt=\"\" width=\"829\" height=\"302\" srcset=\"https:\/\/www.ine.gob.bo\/wp-content\/uploads\/2019\/07\/Poblacion6.png 829w, https:\/\/www.ine.gob.bo\/wp-content\/uploads\/2019\/07\/Poblacion6-300x109.png 300w, https:\/\/www.ine.gob.bo\/wp-content\/uploads\/2019\/07\/Poblacion6-768x280.png 768w\" sizes=\"auto, (max-width: 829px) 100vw, 829px\" \/><\/p>\n<p>Para este a\u00f1o se proyecta alrededor de 249.000 nacimientos, una tasa global de fecundidad 2,8 hijos por mujer en edad f\u00e9rtil al final de su vida reproductiva; y 66.000 defunciones. Ambos indicadores (tasa bruta de natalidad y tasa bruta de mortalidad) tienden a disminuir para los pr\u00f3ximos a\u00f1os.<\/p>\n<p>&nbsp;<\/p>\n<blockquote><p><strong><em>UNIDAD DE DIFUSI\u00d3N Y COMUNICACI\u00d3N<\/em><\/strong><\/p>\n<p><strong>INSTITUTO NACIONAL DE ESTAD\u00cdSTICA<\/strong><\/p><\/blockquote>\n","protected":false},"excerpt":{"rendered":"<p>La Paz, 11 de julio de 2017 (INE).-\u00a0En el D\u00eda Mundial de la Poblaci\u00f3n, el Instituto Nacional de Estad\u00edstica inform\u00f3 que la poblaci\u00f3n en el Estado Plurinacional de Bolivia se mantiene joven con una tasa de crecimiento de 1,4%. Seg\u00fan grupo etario, la poblaci\u00f3n menor de 15 a\u00f1os representa 32,4%, la poblaci\u00f3n de 15 a&hellip;<\/p>\n","protected":false},"author":1,"featured_media":42393,"comment_status":"closed","ping_status":"open","sticky":false,"template":"","format":"standard","meta":[],"categories":[158],"tags":[],"class_list":["post-42392","post","type-post","status-publish","format-standard","has-post-thumbnail","hentry","category-ine-noticias","category-158","description-off"],"yoast_head":"<!-- This site is optimized with the Yoast SEO plugin v23.2 - https:\/\/yoast.com\/wordpress\/plugins\/seo\/ -->\n<title>La poblaci\u00f3n de Bolivia se mantiene joven - INE<\/title>\n<meta name=\"description\" content=\"P\u00e1gina oficial del Instituto Nacional de Estadistica INE, informaci\u00f3n estad\u00edstica, geogr\u00e1fica y econ\u00f3mica a nivel nacional.\" \/>\n<meta name=\"robots\" content=\"index, follow, max-snippet:-1, max-image-preview:large, max-video-preview:-1\" \/>\n<link rel=\"canonical\" href=\"https:\/\/www.ine.gob.bo\/index.php\/la-poblacion-de-bolivia-se-mantiene-joven\/\" \/>\n<meta property=\"og:locale\" content=\"es_ES\" \/>\n<meta property=\"og:type\" content=\"article\" \/>\n<meta property=\"og:title\" content=\"La poblaci\u00f3n de Bolivia se mantiene joven - INE\" \/>\n<meta property=\"og:description\" content=\"P\u00e1gina oficial del Instituto Nacional de Estadistica INE, informaci\u00f3n estad\u00edstica, geogr\u00e1fica y econ\u00f3mica a nivel nacional.\" \/>\n<meta property=\"og:url\" content=\"https:\/\/www.ine.gob.bo\/index.php\/la-poblacion-de-bolivia-se-mantiene-joven\/\" \/>\n<meta property=\"og:site_name\" content=\"INE\" \/>\n<meta property=\"article:publisher\" content=\"https:\/\/www.facebook.com\/ineboliviaoficial\" \/>\n<meta property=\"article:published_time\" content=\"2017-07-11T14:51:07+00:00\" \/>\n<meta property=\"article:modified_time\" content=\"2019-07-31T14:53:05+00:00\" \/>\n<meta property=\"og:image\" content=\"https:\/\/www.ine.gob.bo\/wp-content\/uploads\/2019\/07\/Poblacion1.png\" \/>\n\t<meta property=\"og:image:width\" content=\"789\" \/>\n\t<meta property=\"og:image:height\" content=\"279\" \/>\n\t<meta property=\"og:image:type\" content=\"image\/png\" \/>\n<meta name=\"author\" content=\"4dmin-root\" \/>\n<meta name=\"twitter:card\" content=\"summary_large_image\" \/>\n<meta name=\"twitter:creator\" content=\"@INE_Bolivia\" \/>\n<meta name=\"twitter:site\" content=\"@INE_Bolivia\" \/>\n<meta name=\"twitter:label1\" content=\"Escrito por\" \/>\n\t<meta name=\"twitter:data1\" content=\"4dmin-root\" \/>\n\t<meta name=\"twitter:label2\" content=\"Tiempo de lectura\" \/>\n\t<meta name=\"twitter:data2\" content=\"1 minuto\" \/>\n<script type=\"application\/ld+json\" class=\"yoast-schema-graph\">{\"@context\":\"https:\/\/schema.org\",\"@graph\":[{\"@type\":\"Article\",\"@id\":\"https:\/\/www.ine.gob.bo\/index.php\/la-poblacion-de-bolivia-se-mantiene-joven\/#article\",\"isPartOf\":{\"@id\":\"https:\/\/www.ine.gob.bo\/index.php\/la-poblacion-de-bolivia-se-mantiene-joven\/\"},\"author\":{\"name\":\"4dmin-root\",\"@id\":\"https:\/\/www.ine.gob.bo\/#\/schema\/person\/4b9ab894e9de9fb7f2078269aea371be\"},\"headline\":\"La poblaci\u00f3n de Bolivia se mantiene joven\",\"datePublished\":\"2017-07-11T14:51:07+00:00\",\"dateModified\":\"2019-07-31T14:53:05+00:00\",\"mainEntityOfPage\":{\"@id\":\"https:\/\/www.ine.gob.bo\/index.php\/la-poblacion-de-bolivia-se-mantiene-joven\/\"},\"wordCount\":208,\"publisher\":{\"@id\":\"https:\/\/www.ine.gob.bo\/#organization\"},\"image\":{\"@id\":\"https:\/\/www.ine.gob.bo\/index.php\/la-poblacion-de-bolivia-se-mantiene-joven\/#primaryimage\"},\"thumbnailUrl\":\"https:\/\/www.ine.gob.bo\/wp-content\/uploads\/2019\/07\/Poblacion1.png\",\"articleSection\":[\"INE noticias\"],\"inLanguage\":\"es\"},{\"@type\":\"WebPage\",\"@id\":\"https:\/\/www.ine.gob.bo\/index.php\/la-poblacion-de-bolivia-se-mantiene-joven\/\",\"url\":\"https:\/\/www.ine.gob.bo\/index.php\/la-poblacion-de-bolivia-se-mantiene-joven\/\",\"name\":\"La poblaci\u00f3n de Bolivia se mantiene joven - INE\",\"isPartOf\":{\"@id\":\"https:\/\/www.ine.gob.bo\/#website\"},\"primaryImageOfPage\":{\"@id\":\"https:\/\/www.ine.gob.bo\/index.php\/la-poblacion-de-bolivia-se-mantiene-joven\/#primaryimage\"},\"image\":{\"@id\":\"https:\/\/www.ine.gob.bo\/index.php\/la-poblacion-de-bolivia-se-mantiene-joven\/#primaryimage\"},\"thumbnailUrl\":\"https:\/\/www.ine.gob.bo\/wp-content\/uploads\/2019\/07\/Poblacion1.png\",\"datePublished\":\"2017-07-11T14:51:07+00:00\",\"dateModified\":\"2019-07-31T14:53:05+00:00\",\"description\":\"P\u00e1gina oficial del Instituto Nacional de Estadistica INE, informaci\u00f3n estad\u00edstica, geogr\u00e1fica y econ\u00f3mica a nivel nacional.\",\"breadcrumb\":{\"@id\":\"https:\/\/www.ine.gob.bo\/index.php\/la-poblacion-de-bolivia-se-mantiene-joven\/#breadcrumb\"},\"inLanguage\":\"es\",\"potentialAction\":[{\"@type\":\"ReadAction\",\"target\":[\"https:\/\/www.ine.gob.bo\/index.php\/la-poblacion-de-bolivia-se-mantiene-joven\/\"]}]},{\"@type\":\"ImageObject\",\"inLanguage\":\"es\",\"@id\":\"https:\/\/www.ine.gob.bo\/index.php\/la-poblacion-de-bolivia-se-mantiene-joven\/#primaryimage\",\"url\":\"https:\/\/www.ine.gob.bo\/wp-content\/uploads\/2019\/07\/Poblacion1.png\",\"contentUrl\":\"https:\/\/www.ine.gob.bo\/wp-content\/uploads\/2019\/07\/Poblacion1.png\",\"width\":789,\"height\":279},{\"@type\":\"BreadcrumbList\",\"@id\":\"https:\/\/www.ine.gob.bo\/index.php\/la-poblacion-de-bolivia-se-mantiene-joven\/#breadcrumb\",\"itemListElement\":[{\"@type\":\"ListItem\",\"position\":1,\"name\":\"Portada\",\"item\":\"https:\/\/www.ine.gob.bo\/\"},{\"@type\":\"ListItem\",\"position\":2,\"name\":\"La poblaci\u00f3n de Bolivia se mantiene joven\"}]},{\"@type\":\"WebSite\",\"@id\":\"https:\/\/www.ine.gob.bo\/#website\",\"url\":\"https:\/\/www.ine.gob.bo\/\",\"name\":\"INE\",\"description\":\"Instituto Nacional de Estad\u00edstica\",\"publisher\":{\"@id\":\"https:\/\/www.ine.gob.bo\/#organization\"},\"potentialAction\":[{\"@type\":\"SearchAction\",\"target\":{\"@type\":\"EntryPoint\",\"urlTemplate\":\"https:\/\/www.ine.gob.bo\/?s={search_term_string}\"},\"query-input\":\"required name=search_term_string\"}],\"inLanguage\":\"es\"},{\"@type\":\"Organization\",\"@id\":\"https:\/\/www.ine.gob.bo\/#organization\",\"name\":\"Instituto Nacional de Estad\u00edstica\",\"url\":\"https:\/\/www.ine.gob.bo\/\",\"logo\":{\"@type\":\"ImageObject\",\"inLanguage\":\"es\",\"@id\":\"https:\/\/www.ine.gob.bo\/#\/schema\/logo\/image\/\",\"url\":\"https:\/\/www.ine.gob.bo\/wp-content\/uploads\/2026\/02\/logo-ine.jpg\",\"contentUrl\":\"https:\/\/www.ine.gob.bo\/wp-content\/uploads\/2026\/02\/logo-ine.jpg\",\"width\":799,\"height\":453,\"caption\":\"Instituto Nacional de Estad\u00edstica\"},\"image\":{\"@id\":\"https:\/\/www.ine.gob.bo\/#\/schema\/logo\/image\/\"},\"sameAs\":[\"https:\/\/www.facebook.com\/ineboliviaoficial\",\"https:\/\/x.com\/INE_Bolivia\",\"https:\/\/www.instagram.com\/ineboliviaoficial\/\",\"https:\/\/www.youtube.com\/channel\/UCbIQXKLw414g5kWo1tAwqCg\"]},{\"@type\":\"Person\",\"@id\":\"https:\/\/www.ine.gob.bo\/#\/schema\/person\/4b9ab894e9de9fb7f2078269aea371be\",\"name\":\"4dmin-root\",\"image\":{\"@type\":\"ImageObject\",\"inLanguage\":\"es\",\"@id\":\"https:\/\/www.ine.gob.bo\/#\/schema\/person\/image\/\",\"url\":\"https:\/\/secure.gravatar.com\/avatar\/0824ec9f3a25d622e58133204574c46e0832b417c3b610112cf50ccc044cbefe?s=96&d=mm&r=g\",\"contentUrl\":\"https:\/\/secure.gravatar.com\/avatar\/0824ec9f3a25d622e58133204574c46e0832b417c3b610112cf50ccc044cbefe?s=96&d=mm&r=g\",\"caption\":\"4dmin-root\"},\"url\":\"https:\/\/www.ine.gob.bo\/index.php\/author\/4dmin-root\/\"}]}<\/script>\n<!-- \/ Yoast SEO plugin. -->","yoast_head_json":{"title":"La poblaci\u00f3n de Bolivia se mantiene joven - INE","description":"P\u00e1gina oficial del Instituto Nacional de Estadistica INE, informaci\u00f3n estad\u00edstica, geogr\u00e1fica y econ\u00f3mica a nivel nacional.","robots":{"index":"index","follow":"follow","max-snippet":"max-snippet:-1","max-image-preview":"max-image-preview:large","max-video-preview":"max-video-preview:-1"},"canonical":"https:\/\/www.ine.gob.bo\/index.php\/la-poblacion-de-bolivia-se-mantiene-joven\/","og_locale":"es_ES","og_type":"article","og_title":"La poblaci\u00f3n de Bolivia se mantiene joven - INE","og_description":"P\u00e1gina oficial del Instituto Nacional de Estadistica INE, informaci\u00f3n estad\u00edstica, geogr\u00e1fica y econ\u00f3mica a nivel nacional.","og_url":"https:\/\/www.ine.gob.bo\/index.php\/la-poblacion-de-bolivia-se-mantiene-joven\/","og_site_name":"INE","article_publisher":"https:\/\/www.facebook.com\/ineboliviaoficial","article_published_time":"2017-07-11T14:51:07+00:00","article_modified_time":"2019-07-31T14:53:05+00:00","og_image":[{"width":789,"height":279,"url":"https:\/\/www.ine.gob.bo\/wp-content\/uploads\/2019\/07\/Poblacion1.png","type":"image\/png"}],"author":"4dmin-root","twitter_card":"summary_large_image","twitter_creator":"@INE_Bolivia","twitter_site":"@INE_Bolivia","twitter_misc":{"Escrito por":"4dmin-root","Tiempo de lectura":"1 minuto"},"schema":{"@context":"https:\/\/schema.org","@graph":[{"@type":"Article","@id":"https:\/\/www.ine.gob.bo\/index.php\/la-poblacion-de-bolivia-se-mantiene-joven\/#article","isPartOf":{"@id":"https:\/\/www.ine.gob.bo\/index.php\/la-poblacion-de-bolivia-se-mantiene-joven\/"},"author":{"name":"4dmin-root","@id":"https:\/\/www.ine.gob.bo\/#\/schema\/person\/4b9ab894e9de9fb7f2078269aea371be"},"headline":"La poblaci\u00f3n de Bolivia se mantiene joven","datePublished":"2017-07-11T14:51:07+00:00","dateModified":"2019-07-31T14:53:05+00:00","mainEntityOfPage":{"@id":"https:\/\/www.ine.gob.bo\/index.php\/la-poblacion-de-bolivia-se-mantiene-joven\/"},"wordCount":208,"publisher":{"@id":"https:\/\/www.ine.gob.bo\/#organization"},"image":{"@id":"https:\/\/www.ine.gob.bo\/index.php\/la-poblacion-de-bolivia-se-mantiene-joven\/#primaryimage"},"thumbnailUrl":"https:\/\/www.ine.gob.bo\/wp-content\/uploads\/2019\/07\/Poblacion1.png","articleSection":["INE noticias"],"inLanguage":"es"},{"@type":"WebPage","@id":"https:\/\/www.ine.gob.bo\/index.php\/la-poblacion-de-bolivia-se-mantiene-joven\/","url":"https:\/\/www.ine.gob.bo\/index.php\/la-poblacion-de-bolivia-se-mantiene-joven\/","name":"La poblaci\u00f3n de Bolivia se mantiene joven - INE","isPartOf":{"@id":"https:\/\/www.ine.gob.bo\/#website"},"primaryImageOfPage":{"@id":"https:\/\/www.ine.gob.bo\/index.php\/la-poblacion-de-bolivia-se-mantiene-joven\/#primaryimage"},"image":{"@id":"https:\/\/www.ine.gob.bo\/index.php\/la-poblacion-de-bolivia-se-mantiene-joven\/#primaryimage"},"thumbnailUrl":"https:\/\/www.ine.gob.bo\/wp-content\/uploads\/2019\/07\/Poblacion1.png","datePublished":"2017-07-11T14:51:07+00:00","dateModified":"2019-07-31T14:53:05+00:00","description":"P\u00e1gina oficial del Instituto Nacional de Estadistica INE, informaci\u00f3n estad\u00edstica, geogr\u00e1fica y econ\u00f3mica a nivel nacional.","breadcrumb":{"@id":"https:\/\/www.ine.gob.bo\/index.php\/la-poblacion-de-bolivia-se-mantiene-joven\/#breadcrumb"},"inLanguage":"es","potentialAction":[{"@type":"ReadAction","target":["https:\/\/www.ine.gob.bo\/index.php\/la-poblacion-de-bolivia-se-mantiene-joven\/"]}]},{"@type":"ImageObject","inLanguage":"es","@id":"https:\/\/www.ine.gob.bo\/index.php\/la-poblacion-de-bolivia-se-mantiene-joven\/#primaryimage","url":"https:\/\/www.ine.gob.bo\/wp-content\/uploads\/2019\/07\/Poblacion1.png","contentUrl":"https:\/\/www.ine.gob.bo\/wp-content\/uploads\/2019\/07\/Poblacion1.png","width":789,"height":279},{"@type":"BreadcrumbList","@id":"https:\/\/www.ine.gob.bo\/index.php\/la-poblacion-de-bolivia-se-mantiene-joven\/#breadcrumb","itemListElement":[{"@type":"ListItem","position":1,"name":"Portada","item":"https:\/\/www.ine.gob.bo\/"},{"@type":"ListItem","position":2,"name":"La poblaci\u00f3n de Bolivia se mantiene joven"}]},{"@type":"WebSite","@id":"https:\/\/www.ine.gob.bo\/#website","url":"https:\/\/www.ine.gob.bo\/","name":"INE","description":"Instituto Nacional de Estad\u00edstica","publisher":{"@id":"https:\/\/www.ine.gob.bo\/#organization"},"potentialAction":[{"@type":"SearchAction","target":{"@type":"EntryPoint","urlTemplate":"https:\/\/www.ine.gob.bo\/?s={search_term_string}"},"query-input":"required name=search_term_string"}],"inLanguage":"es"},{"@type":"Organization","@id":"https:\/\/www.ine.gob.bo\/#organization","name":"Instituto Nacional de Estad\u00edstica","url":"https:\/\/www.ine.gob.bo\/","logo":{"@type":"ImageObject","inLanguage":"es","@id":"https:\/\/www.ine.gob.bo\/#\/schema\/logo\/image\/","url":"https:\/\/www.ine.gob.bo\/wp-content\/uploads\/2026\/02\/logo-ine.jpg","contentUrl":"https:\/\/www.ine.gob.bo\/wp-content\/uploads\/2026\/02\/logo-ine.jpg","width":799,"height":453,"caption":"Instituto Nacional de Estad\u00edstica"},"image":{"@id":"https:\/\/www.ine.gob.bo\/#\/schema\/logo\/image\/"},"sameAs":["https:\/\/www.facebook.com\/ineboliviaoficial","https:\/\/x.com\/INE_Bolivia","https:\/\/www.instagram.com\/ineboliviaoficial\/","https:\/\/www.youtube.com\/channel\/UCbIQXKLw414g5kWo1tAwqCg"]},{"@type":"Person","@id":"https:\/\/www.ine.gob.bo\/#\/schema\/person\/4b9ab894e9de9fb7f2078269aea371be","name":"4dmin-root","image":{"@type":"ImageObject","inLanguage":"es","@id":"https:\/\/www.ine.gob.bo\/#\/schema\/person\/image\/","url":"https:\/\/secure.gravatar.com\/avatar\/0824ec9f3a25d622e58133204574c46e0832b417c3b610112cf50ccc044cbefe?s=96&d=mm&r=g","contentUrl":"https:\/\/secure.gravatar.com\/avatar\/0824ec9f3a25d622e58133204574c46e0832b417c3b610112cf50ccc044cbefe?s=96&d=mm&r=g","caption":"4dmin-root"},"url":"https:\/\/www.ine.gob.bo\/index.php\/author\/4dmin-root\/"}]}},"rttpg_featured_image_url":{"full":["https:\/\/www.ine.gob.bo\/wp-content\/uploads\/2019\/07\/Poblacion1.png",789,279,false],"landscape":["https:\/\/www.ine.gob.bo\/wp-content\/uploads\/2019\/07\/Poblacion1.png",789,279,false],"portraits":["https:\/\/www.ine.gob.bo\/wp-content\/uploads\/2019\/07\/Poblacion1.png",789,279,false],"thumbnail":["https:\/\/www.ine.gob.bo\/wp-content\/uploads\/2019\/07\/Poblacion1-150x150.png",150,150,true],"medium":["https:\/\/www.ine.gob.bo\/wp-content\/uploads\/2019\/07\/Poblacion1-300x106.png",300,106,true],"large":["https:\/\/www.ine.gob.bo\/wp-content\/uploads\/2019\/07\/Poblacion1.png",789,279,false],"1536x1536":["https:\/\/www.ine.gob.bo\/wp-content\/uploads\/2019\/07\/Poblacion1.png",789,279,false],"2048x2048":["https:\/\/www.ine.gob.bo\/wp-content\/uploads\/2019\/07\/Poblacion1.png",789,279,false]},"rttpg_author":{"display_name":"4dmin-root","author_link":"https:\/\/www.ine.gob.bo\/index.php\/author\/4dmin-root\/"},"rttpg_comment":0,"rttpg_category":"<a href=\"https:\/\/www.ine.gob.bo\/index.php\/category\/ine-noticias\/\" rel=\"category tag\">INE noticias<\/a>","rttpg_excerpt":"La Paz, 11 de julio de 2017 (INE).-\u00a0En el D\u00eda Mundial de la Poblaci\u00f3n, el Instituto Nacional de Estad\u00edstica inform\u00f3 que la poblaci\u00f3n en el Estado Plurinacional de Bolivia se mantiene joven con una tasa de crecimiento de 1,4%. Seg\u00fan grupo etario, la poblaci\u00f3n menor de 15 a\u00f1os representa 32,4%, la poblaci\u00f3n de 15 a&hellip;","_links":{"self":[{"href":"https:\/\/www.ine.gob.bo\/index.php\/wp-json\/wp\/v2\/posts\/42392","targetHints":{"allow":["GET"]}}],"collection":[{"href":"https:\/\/www.ine.gob.bo\/index.php\/wp-json\/wp\/v2\/posts"}],"about":[{"href":"https:\/\/www.ine.gob.bo\/index.php\/wp-json\/wp\/v2\/types\/post"}],"author":[{"embeddable":true,"href":"https:\/\/www.ine.gob.bo\/index.php\/wp-json\/wp\/v2\/users\/1"}],"replies":[{"embeddable":true,"href":"https:\/\/www.ine.gob.bo\/index.php\/wp-json\/wp\/v2\/comments?post=42392"}],"version-history":[{"count":0,"href":"https:\/\/www.ine.gob.bo\/index.php\/wp-json\/wp\/v2\/posts\/42392\/revisions"}],"wp:featuredmedia":[{"embeddable":true,"href":"https:\/\/www.ine.gob.bo\/index.php\/wp-json\/wp\/v2\/media\/42393"}],"wp:attachment":[{"href":"https:\/\/www.ine.gob.bo\/index.php\/wp-json\/wp\/v2\/media?parent=42392"}],"wp:term":[{"taxonomy":"category","embeddable":true,"href":"https:\/\/www.ine.gob.bo\/index.php\/wp-json\/wp\/v2\/categories?post=42392"},{"taxonomy":"post_tag","embeddable":true,"href":"https:\/\/www.ine.gob.bo\/index.php\/wp-json\/wp\/v2\/tags?post=42392"}],"curies":[{"name":"wp","href":"https:\/\/api.w.org\/{rel}","templated":true}]}}