{"id":42322,"date":"2017-10-12T16:13:26","date_gmt":"2017-10-12T14:13:26","guid":{"rendered":"https:\/\/www.ine.gob.bo\/?p=42322"},"modified":"2019-07-31T16:15:42","modified_gmt":"2019-07-31T14:15:42","slug":"los-chiriguanos-registran-la-mas-alta-tasa-de-alfabetismo","status":"publish","type":"post","link":"https:\/\/www.ine.gob.bo\/index.php\/los-chiriguanos-registran-la-mas-alta-tasa-de-alfabetismo\/","title":{"rendered":"LOS CHIRIGUANOS REGISTRAN LA M\u00c1S ALTA TASA DE ALFABETISMO"},"content":{"rendered":"<p><strong>La Paz, 12 de octubre de 2017 (INE).-<\/strong>\u00a0 En el D\u00eda de la Descolonizaci\u00f3n, el Instituto Nacional de Estad\u00edstica informa que \u00a0el pueblo ind\u00edgena originario campesino Chiriguano \u00a0registra el m\u00e1s alto porcentaje de alfabetismo con 99,0%, \u00a0perteneciente a Otro Tipo de Declaraciones, le sigue el pueblo ind\u00edgena originario campesino Ayllu Porco con el 98,9%, de tasa de alfabetismo perteneciente a Otro Tipo Declaraciones, y luego est\u00e1 los Siriono con 98,1%\u00a0\u00a0 perteneciente a la \u00a0Naci\u00f3n\u00a0 y\u00a0 Pueblo ind\u00edgena originario campesino Minoritario.<\/p>\n<p><strong>Gr\u00e1fico 1<\/strong><\/p>\n<p><strong>BOLIVIA: TASAS DE ALFABESTISMO MAS ALTAS DE LA POBLACI\u00d3N DE 15 A\u00d1OS O M\u00c1S SEG\u00daN DECLARACI\u00d3N DE PERTENENCIA A NACI\u00d3N O PUEBLO IND\u00cdGENA ORIGINARIO CAMPESINO, CENSO 2012<\/strong><\/p>\n<p><strong>(En porcentaje)<\/strong><\/p>\n<p><img loading=\"lazy\" decoding=\"async\" class=\"alignnone size-full wp-image-42323\" src=\"https:\/\/www.ine.gob.bo\/wp-content\/uploads\/2019\/07\/Indigenas1.png\" alt=\"\" width=\"559\" height=\"454\" srcset=\"https:\/\/www.ine.gob.bo\/wp-content\/uploads\/2019\/07\/Indigenas1.png 559w, https:\/\/www.ine.gob.bo\/wp-content\/uploads\/2019\/07\/Indigenas1-300x244.png 300w\" sizes=\"auto, (max-width: 559px) 100vw, 559px\" \/><\/p>\n<p>Respecto a la Tasa de Asistencia Escolar de Poblaci\u00f3n de 6 a 19 a\u00f1os destaca el pueblo ind\u00edgena originario campesino de Qhapaq Uma Suyu con 96,4% de asistencia, le sigue el pueblo ind\u00edgena originario campesino de Uchupiamonas con 92,5% y el pueblo ind\u00edgena originario campesino Monkox con 92,3%, todos perteneciente a Otro Tipo de Declaraciones.<\/p>\n<p><strong>Gr\u00e1fico 2<\/strong><\/p>\n<p><strong>BOLIVIA: TASAS DE ASISTENCIA ESCOLAR MAS ALTAS DE LA POBLACI\u00d3N DE 6 A 19 A\u00d1OS DE EDAD, SEG\u00daN DECLARACI\u00d3N DE PERTENENCIA A NACI\u00d3N O PUEBLO IND\u00cdGENA ORIGINARIO CAMPESINO, CENSO 2012<\/strong><\/p>\n<p><strong>(En porcentaje)<\/strong><\/p>\n<p><img loading=\"lazy\" decoding=\"async\" class=\"alignnone size-full wp-image-42324\" src=\"https:\/\/www.ine.gob.bo\/wp-content\/uploads\/2019\/07\/Indigenas2.png\" alt=\"\" width=\"576\" height=\"436\" srcset=\"https:\/\/www.ine.gob.bo\/wp-content\/uploads\/2019\/07\/Indigenas2.png 576w, https:\/\/www.ine.gob.bo\/wp-content\/uploads\/2019\/07\/Indigenas2-300x227.png 300w\" sizes=\"auto, (max-width: 576px) 100vw, 576px\" \/><\/p>\n<p>Recordemos que el\u00a0<strong>D\u00eda de la Descolonizaci\u00f3n<\/strong>,\u00a0 declarado por el D.S. 1005, en el \u00e1mbito del D\u00eda Continental de la Descolonizaci\u00f3n, autorizado por los miembros de la Comunidad Andina de Naciones (CAN), en sustituci\u00f3n al \u201cD\u00eda de la Raza\u201d, a prop\u00f3sito de la llegada de los espa\u00f1oles el 12 de octubre de 1492.<\/p>\n<p>Seg\u00fan un documento publicado por el Ministerio de Educaci\u00f3n, en su sentido estricto la descolonizaci\u00f3n es el proceso mediante el cual los pueblos que fueron despojados del autogobierno, mediante la invasi\u00f3n extranjera, recuperan su autodeterminaci\u00f3n.<\/p>\n<p>La Naci\u00f3n o Pueblo ind\u00edgena originario campesino quechua tiene la poblaci\u00f3n de 1.837.105 pertenecientes, le sigue la Naci\u00f3n o Pueblo ind\u00edgena originario campesino aymara con 1.598.807 pertenecientes y la Naci\u00f3n o Pueblo ind\u00edgena originario campesino Minoritario chiquitano con 145.653 pertenecientes seg\u00fan el Censo de Poblaci\u00f3n 2012.<\/p>\n<p><strong>Gr\u00e1ficos 3<\/strong><\/p>\n<p><strong>BOLIVIA: DECLARACI\u00d3N DE PERTENENCIA A NACI\u00d3N O PUEBLO IND\u00cdGENA ORIGINARIO, CAMPESINO O AFROBOLIVIANO (NyPIOC)<\/strong><\/p>\n<p><img loading=\"lazy\" decoding=\"async\" class=\"alignnone size-full wp-image-42325\" src=\"https:\/\/www.ine.gob.bo\/wp-content\/uploads\/2019\/07\/Indigenas3.png\" alt=\"\" width=\"572\" height=\"356\" srcset=\"https:\/\/www.ine.gob.bo\/wp-content\/uploads\/2019\/07\/Indigenas3.png 572w, https:\/\/www.ine.gob.bo\/wp-content\/uploads\/2019\/07\/Indigenas3-300x187.png 300w\" sizes=\"auto, (max-width: 572px) 100vw, 572px\" \/><\/p>\n<blockquote><p><strong><em>UNIDAD DE DIFUSI\u00d3N Y COMUNICACI\u00d3N<\/em><\/strong><\/p>\n<p><strong>INSTITUTO NACIONAL DE ESTAD\u00cdSTICA<\/strong><\/p><\/blockquote>\n","protected":false},"excerpt":{"rendered":"<p>La Paz, 12 de octubre de 2017 (INE).-\u00a0 En el D\u00eda de la Descolonizaci\u00f3n, el Instituto Nacional de Estad\u00edstica informa que \u00a0el pueblo ind\u00edgena originario campesino Chiriguano \u00a0registra el m\u00e1s alto porcentaje de alfabetismo con 99,0%, \u00a0perteneciente a Otro Tipo de Declaraciones, le sigue el pueblo ind\u00edgena originario campesino Ayllu Porco con el 98,9%, de&hellip;<\/p>\n","protected":false},"author":1,"featured_media":42325,"comment_status":"closed","ping_status":"open","sticky":false,"template":"","format":"standard","meta":[],"categories":[158],"tags":[],"class_list":["post-42322","post","type-post","status-publish","format-standard","has-post-thumbnail","hentry","category-ine-noticias","category-158","description-off"],"yoast_head":"<!-- This site is optimized with the Yoast SEO plugin v23.2 - https:\/\/yoast.com\/wordpress\/plugins\/seo\/ -->\n<title>LOS CHIRIGUANOS REGISTRAN LA M\u00c1S ALTA TASA DE ALFABETISMO - INE<\/title>\n<meta name=\"description\" content=\"P\u00e1gina oficial del Instituto Nacional de Estadistica INE, informaci\u00f3n estad\u00edstica, geogr\u00e1fica y econ\u00f3mica a nivel nacional.\" \/>\n<meta name=\"robots\" content=\"index, follow, max-snippet:-1, max-image-preview:large, max-video-preview:-1\" \/>\n<link rel=\"canonical\" href=\"https:\/\/www.ine.gob.bo\/index.php\/los-chiriguanos-registran-la-mas-alta-tasa-de-alfabetismo\/\" \/>\n<meta property=\"og:locale\" content=\"es_ES\" \/>\n<meta property=\"og:type\" content=\"article\" \/>\n<meta property=\"og:title\" content=\"LOS CHIRIGUANOS REGISTRAN LA M\u00c1S ALTA TASA DE ALFABETISMO - INE\" \/>\n<meta property=\"og:description\" content=\"P\u00e1gina oficial del Instituto Nacional de Estadistica INE, informaci\u00f3n estad\u00edstica, geogr\u00e1fica y econ\u00f3mica a nivel nacional.\" \/>\n<meta property=\"og:url\" content=\"https:\/\/www.ine.gob.bo\/index.php\/los-chiriguanos-registran-la-mas-alta-tasa-de-alfabetismo\/\" \/>\n<meta property=\"og:site_name\" content=\"INE\" \/>\n<meta property=\"article:publisher\" content=\"https:\/\/www.facebook.com\/ineboliviaoficial\" \/>\n<meta property=\"article:published_time\" content=\"2017-10-12T14:13:26+00:00\" \/>\n<meta property=\"article:modified_time\" content=\"2019-07-31T14:15:42+00:00\" \/>\n<meta property=\"og:image\" content=\"https:\/\/www.ine.gob.bo\/wp-content\/uploads\/2019\/07\/Indigenas3.png\" \/>\n\t<meta property=\"og:image:width\" content=\"572\" \/>\n\t<meta property=\"og:image:height\" content=\"356\" \/>\n\t<meta property=\"og:image:type\" content=\"image\/png\" \/>\n<meta name=\"author\" content=\"4dmin-root\" \/>\n<meta name=\"twitter:card\" content=\"summary_large_image\" \/>\n<meta name=\"twitter:creator\" content=\"@INE_Bolivia\" \/>\n<meta name=\"twitter:site\" content=\"@INE_Bolivia\" \/>\n<meta name=\"twitter:label1\" content=\"Escrito por\" \/>\n\t<meta name=\"twitter:data1\" content=\"4dmin-root\" \/>\n\t<meta name=\"twitter:label2\" content=\"Tiempo de lectura\" \/>\n\t<meta name=\"twitter:data2\" content=\"2 minutos\" \/>\n<script type=\"application\/ld+json\" class=\"yoast-schema-graph\">{\"@context\":\"https:\/\/schema.org\",\"@graph\":[{\"@type\":\"Article\",\"@id\":\"https:\/\/www.ine.gob.bo\/index.php\/los-chiriguanos-registran-la-mas-alta-tasa-de-alfabetismo\/#article\",\"isPartOf\":{\"@id\":\"https:\/\/www.ine.gob.bo\/index.php\/los-chiriguanos-registran-la-mas-alta-tasa-de-alfabetismo\/\"},\"author\":{\"name\":\"4dmin-root\",\"@id\":\"https:\/\/www.ine.gob.bo\/#\/schema\/person\/4b9ab894e9de9fb7f2078269aea371be\"},\"headline\":\"LOS CHIRIGUANOS REGISTRAN LA M\u00c1S ALTA TASA DE ALFABETISMO\",\"datePublished\":\"2017-10-12T14:13:26+00:00\",\"dateModified\":\"2019-07-31T14:15:42+00:00\",\"mainEntityOfPage\":{\"@id\":\"https:\/\/www.ine.gob.bo\/index.php\/los-chiriguanos-registran-la-mas-alta-tasa-de-alfabetismo\/\"},\"wordCount\":403,\"publisher\":{\"@id\":\"https:\/\/www.ine.gob.bo\/#organization\"},\"image\":{\"@id\":\"https:\/\/www.ine.gob.bo\/index.php\/los-chiriguanos-registran-la-mas-alta-tasa-de-alfabetismo\/#primaryimage\"},\"thumbnailUrl\":\"https:\/\/www.ine.gob.bo\/wp-content\/uploads\/2019\/07\/Indigenas3.png\",\"articleSection\":[\"INE noticias\"],\"inLanguage\":\"es\"},{\"@type\":\"WebPage\",\"@id\":\"https:\/\/www.ine.gob.bo\/index.php\/los-chiriguanos-registran-la-mas-alta-tasa-de-alfabetismo\/\",\"url\":\"https:\/\/www.ine.gob.bo\/index.php\/los-chiriguanos-registran-la-mas-alta-tasa-de-alfabetismo\/\",\"name\":\"LOS CHIRIGUANOS REGISTRAN LA M\u00c1S ALTA TASA DE ALFABETISMO - INE\",\"isPartOf\":{\"@id\":\"https:\/\/www.ine.gob.bo\/#website\"},\"primaryImageOfPage\":{\"@id\":\"https:\/\/www.ine.gob.bo\/index.php\/los-chiriguanos-registran-la-mas-alta-tasa-de-alfabetismo\/#primaryimage\"},\"image\":{\"@id\":\"https:\/\/www.ine.gob.bo\/index.php\/los-chiriguanos-registran-la-mas-alta-tasa-de-alfabetismo\/#primaryimage\"},\"thumbnailUrl\":\"https:\/\/www.ine.gob.bo\/wp-content\/uploads\/2019\/07\/Indigenas3.png\",\"datePublished\":\"2017-10-12T14:13:26+00:00\",\"dateModified\":\"2019-07-31T14:15:42+00:00\",\"description\":\"P\u00e1gina oficial del Instituto Nacional de Estadistica INE, informaci\u00f3n estad\u00edstica, geogr\u00e1fica y econ\u00f3mica a nivel nacional.\",\"breadcrumb\":{\"@id\":\"https:\/\/www.ine.gob.bo\/index.php\/los-chiriguanos-registran-la-mas-alta-tasa-de-alfabetismo\/#breadcrumb\"},\"inLanguage\":\"es\",\"potentialAction\":[{\"@type\":\"ReadAction\",\"target\":[\"https:\/\/www.ine.gob.bo\/index.php\/los-chiriguanos-registran-la-mas-alta-tasa-de-alfabetismo\/\"]}]},{\"@type\":\"ImageObject\",\"inLanguage\":\"es\",\"@id\":\"https:\/\/www.ine.gob.bo\/index.php\/los-chiriguanos-registran-la-mas-alta-tasa-de-alfabetismo\/#primaryimage\",\"url\":\"https:\/\/www.ine.gob.bo\/wp-content\/uploads\/2019\/07\/Indigenas3.png\",\"contentUrl\":\"https:\/\/www.ine.gob.bo\/wp-content\/uploads\/2019\/07\/Indigenas3.png\",\"width\":572,\"height\":356},{\"@type\":\"BreadcrumbList\",\"@id\":\"https:\/\/www.ine.gob.bo\/index.php\/los-chiriguanos-registran-la-mas-alta-tasa-de-alfabetismo\/#breadcrumb\",\"itemListElement\":[{\"@type\":\"ListItem\",\"position\":1,\"name\":\"Portada\",\"item\":\"https:\/\/www.ine.gob.bo\/\"},{\"@type\":\"ListItem\",\"position\":2,\"name\":\"LOS CHIRIGUANOS REGISTRAN LA M\u00c1S ALTA TASA DE ALFABETISMO\"}]},{\"@type\":\"WebSite\",\"@id\":\"https:\/\/www.ine.gob.bo\/#website\",\"url\":\"https:\/\/www.ine.gob.bo\/\",\"name\":\"INE\",\"description\":\"Instituto Nacional de Estad\u00edstica\",\"publisher\":{\"@id\":\"https:\/\/www.ine.gob.bo\/#organization\"},\"potentialAction\":[{\"@type\":\"SearchAction\",\"target\":{\"@type\":\"EntryPoint\",\"urlTemplate\":\"https:\/\/www.ine.gob.bo\/?s={search_term_string}\"},\"query-input\":\"required name=search_term_string\"}],\"inLanguage\":\"es\"},{\"@type\":\"Organization\",\"@id\":\"https:\/\/www.ine.gob.bo\/#organization\",\"name\":\"Instituto Nacional de Estad\u00edstica\",\"url\":\"https:\/\/www.ine.gob.bo\/\",\"logo\":{\"@type\":\"ImageObject\",\"inLanguage\":\"es\",\"@id\":\"https:\/\/www.ine.gob.bo\/#\/schema\/logo\/image\/\",\"url\":\"https:\/\/www.ine.gob.bo\/wp-content\/uploads\/2026\/02\/logo-ine.jpg\",\"contentUrl\":\"https:\/\/www.ine.gob.bo\/wp-content\/uploads\/2026\/02\/logo-ine.jpg\",\"width\":799,\"height\":453,\"caption\":\"Instituto Nacional de Estad\u00edstica\"},\"image\":{\"@id\":\"https:\/\/www.ine.gob.bo\/#\/schema\/logo\/image\/\"},\"sameAs\":[\"https:\/\/www.facebook.com\/ineboliviaoficial\",\"https:\/\/x.com\/INE_Bolivia\",\"https:\/\/www.instagram.com\/ineboliviaoficial\/\",\"https:\/\/www.youtube.com\/channel\/UCbIQXKLw414g5kWo1tAwqCg\"]},{\"@type\":\"Person\",\"@id\":\"https:\/\/www.ine.gob.bo\/#\/schema\/person\/4b9ab894e9de9fb7f2078269aea371be\",\"name\":\"4dmin-root\",\"image\":{\"@type\":\"ImageObject\",\"inLanguage\":\"es\",\"@id\":\"https:\/\/www.ine.gob.bo\/#\/schema\/person\/image\/\",\"url\":\"https:\/\/secure.gravatar.com\/avatar\/0824ec9f3a25d622e58133204574c46e0832b417c3b610112cf50ccc044cbefe?s=96&d=mm&r=g\",\"contentUrl\":\"https:\/\/secure.gravatar.com\/avatar\/0824ec9f3a25d622e58133204574c46e0832b417c3b610112cf50ccc044cbefe?s=96&d=mm&r=g\",\"caption\":\"4dmin-root\"},\"url\":\"https:\/\/www.ine.gob.bo\/index.php\/author\/4dmin-root\/\"}]}<\/script>\n<!-- \/ Yoast SEO plugin. -->","yoast_head_json":{"title":"LOS CHIRIGUANOS REGISTRAN LA M\u00c1S ALTA TASA DE ALFABETISMO - INE","description":"P\u00e1gina oficial del Instituto Nacional de Estadistica INE, informaci\u00f3n estad\u00edstica, geogr\u00e1fica y econ\u00f3mica a nivel nacional.","robots":{"index":"index","follow":"follow","max-snippet":"max-snippet:-1","max-image-preview":"max-image-preview:large","max-video-preview":"max-video-preview:-1"},"canonical":"https:\/\/www.ine.gob.bo\/index.php\/los-chiriguanos-registran-la-mas-alta-tasa-de-alfabetismo\/","og_locale":"es_ES","og_type":"article","og_title":"LOS CHIRIGUANOS REGISTRAN LA M\u00c1S ALTA TASA DE ALFABETISMO - INE","og_description":"P\u00e1gina oficial del Instituto Nacional de Estadistica INE, informaci\u00f3n estad\u00edstica, geogr\u00e1fica y econ\u00f3mica a nivel nacional.","og_url":"https:\/\/www.ine.gob.bo\/index.php\/los-chiriguanos-registran-la-mas-alta-tasa-de-alfabetismo\/","og_site_name":"INE","article_publisher":"https:\/\/www.facebook.com\/ineboliviaoficial","article_published_time":"2017-10-12T14:13:26+00:00","article_modified_time":"2019-07-31T14:15:42+00:00","og_image":[{"width":572,"height":356,"url":"https:\/\/www.ine.gob.bo\/wp-content\/uploads\/2019\/07\/Indigenas3.png","type":"image\/png"}],"author":"4dmin-root","twitter_card":"summary_large_image","twitter_creator":"@INE_Bolivia","twitter_site":"@INE_Bolivia","twitter_misc":{"Escrito por":"4dmin-root","Tiempo de lectura":"2 minutos"},"schema":{"@context":"https:\/\/schema.org","@graph":[{"@type":"Article","@id":"https:\/\/www.ine.gob.bo\/index.php\/los-chiriguanos-registran-la-mas-alta-tasa-de-alfabetismo\/#article","isPartOf":{"@id":"https:\/\/www.ine.gob.bo\/index.php\/los-chiriguanos-registran-la-mas-alta-tasa-de-alfabetismo\/"},"author":{"name":"4dmin-root","@id":"https:\/\/www.ine.gob.bo\/#\/schema\/person\/4b9ab894e9de9fb7f2078269aea371be"},"headline":"LOS CHIRIGUANOS REGISTRAN LA M\u00c1S ALTA TASA DE ALFABETISMO","datePublished":"2017-10-12T14:13:26+00:00","dateModified":"2019-07-31T14:15:42+00:00","mainEntityOfPage":{"@id":"https:\/\/www.ine.gob.bo\/index.php\/los-chiriguanos-registran-la-mas-alta-tasa-de-alfabetismo\/"},"wordCount":403,"publisher":{"@id":"https:\/\/www.ine.gob.bo\/#organization"},"image":{"@id":"https:\/\/www.ine.gob.bo\/index.php\/los-chiriguanos-registran-la-mas-alta-tasa-de-alfabetismo\/#primaryimage"},"thumbnailUrl":"https:\/\/www.ine.gob.bo\/wp-content\/uploads\/2019\/07\/Indigenas3.png","articleSection":["INE noticias"],"inLanguage":"es"},{"@type":"WebPage","@id":"https:\/\/www.ine.gob.bo\/index.php\/los-chiriguanos-registran-la-mas-alta-tasa-de-alfabetismo\/","url":"https:\/\/www.ine.gob.bo\/index.php\/los-chiriguanos-registran-la-mas-alta-tasa-de-alfabetismo\/","name":"LOS CHIRIGUANOS REGISTRAN LA M\u00c1S ALTA TASA DE ALFABETISMO - INE","isPartOf":{"@id":"https:\/\/www.ine.gob.bo\/#website"},"primaryImageOfPage":{"@id":"https:\/\/www.ine.gob.bo\/index.php\/los-chiriguanos-registran-la-mas-alta-tasa-de-alfabetismo\/#primaryimage"},"image":{"@id":"https:\/\/www.ine.gob.bo\/index.php\/los-chiriguanos-registran-la-mas-alta-tasa-de-alfabetismo\/#primaryimage"},"thumbnailUrl":"https:\/\/www.ine.gob.bo\/wp-content\/uploads\/2019\/07\/Indigenas3.png","datePublished":"2017-10-12T14:13:26+00:00","dateModified":"2019-07-31T14:15:42+00:00","description":"P\u00e1gina oficial del Instituto Nacional de Estadistica INE, informaci\u00f3n estad\u00edstica, geogr\u00e1fica y econ\u00f3mica a nivel nacional.","breadcrumb":{"@id":"https:\/\/www.ine.gob.bo\/index.php\/los-chiriguanos-registran-la-mas-alta-tasa-de-alfabetismo\/#breadcrumb"},"inLanguage":"es","potentialAction":[{"@type":"ReadAction","target":["https:\/\/www.ine.gob.bo\/index.php\/los-chiriguanos-registran-la-mas-alta-tasa-de-alfabetismo\/"]}]},{"@type":"ImageObject","inLanguage":"es","@id":"https:\/\/www.ine.gob.bo\/index.php\/los-chiriguanos-registran-la-mas-alta-tasa-de-alfabetismo\/#primaryimage","url":"https:\/\/www.ine.gob.bo\/wp-content\/uploads\/2019\/07\/Indigenas3.png","contentUrl":"https:\/\/www.ine.gob.bo\/wp-content\/uploads\/2019\/07\/Indigenas3.png","width":572,"height":356},{"@type":"BreadcrumbList","@id":"https:\/\/www.ine.gob.bo\/index.php\/los-chiriguanos-registran-la-mas-alta-tasa-de-alfabetismo\/#breadcrumb","itemListElement":[{"@type":"ListItem","position":1,"name":"Portada","item":"https:\/\/www.ine.gob.bo\/"},{"@type":"ListItem","position":2,"name":"LOS CHIRIGUANOS REGISTRAN LA M\u00c1S ALTA TASA DE ALFABETISMO"}]},{"@type":"WebSite","@id":"https:\/\/www.ine.gob.bo\/#website","url":"https:\/\/www.ine.gob.bo\/","name":"INE","description":"Instituto Nacional de Estad\u00edstica","publisher":{"@id":"https:\/\/www.ine.gob.bo\/#organization"},"potentialAction":[{"@type":"SearchAction","target":{"@type":"EntryPoint","urlTemplate":"https:\/\/www.ine.gob.bo\/?s={search_term_string}"},"query-input":"required name=search_term_string"}],"inLanguage":"es"},{"@type":"Organization","@id":"https:\/\/www.ine.gob.bo\/#organization","name":"Instituto Nacional de Estad\u00edstica","url":"https:\/\/www.ine.gob.bo\/","logo":{"@type":"ImageObject","inLanguage":"es","@id":"https:\/\/www.ine.gob.bo\/#\/schema\/logo\/image\/","url":"https:\/\/www.ine.gob.bo\/wp-content\/uploads\/2026\/02\/logo-ine.jpg","contentUrl":"https:\/\/www.ine.gob.bo\/wp-content\/uploads\/2026\/02\/logo-ine.jpg","width":799,"height":453,"caption":"Instituto Nacional de Estad\u00edstica"},"image":{"@id":"https:\/\/www.ine.gob.bo\/#\/schema\/logo\/image\/"},"sameAs":["https:\/\/www.facebook.com\/ineboliviaoficial","https:\/\/x.com\/INE_Bolivia","https:\/\/www.instagram.com\/ineboliviaoficial\/","https:\/\/www.youtube.com\/channel\/UCbIQXKLw414g5kWo1tAwqCg"]},{"@type":"Person","@id":"https:\/\/www.ine.gob.bo\/#\/schema\/person\/4b9ab894e9de9fb7f2078269aea371be","name":"4dmin-root","image":{"@type":"ImageObject","inLanguage":"es","@id":"https:\/\/www.ine.gob.bo\/#\/schema\/person\/image\/","url":"https:\/\/secure.gravatar.com\/avatar\/0824ec9f3a25d622e58133204574c46e0832b417c3b610112cf50ccc044cbefe?s=96&d=mm&r=g","contentUrl":"https:\/\/secure.gravatar.com\/avatar\/0824ec9f3a25d622e58133204574c46e0832b417c3b610112cf50ccc044cbefe?s=96&d=mm&r=g","caption":"4dmin-root"},"url":"https:\/\/www.ine.gob.bo\/index.php\/author\/4dmin-root\/"}]}},"rttpg_featured_image_url":{"full":["https:\/\/www.ine.gob.bo\/wp-content\/uploads\/2019\/07\/Indigenas3.png",572,356,false],"landscape":["https:\/\/www.ine.gob.bo\/wp-content\/uploads\/2019\/07\/Indigenas3.png",572,356,false],"portraits":["https:\/\/www.ine.gob.bo\/wp-content\/uploads\/2019\/07\/Indigenas3.png",572,356,false],"thumbnail":["https:\/\/www.ine.gob.bo\/wp-content\/uploads\/2019\/07\/Indigenas3-150x150.png",150,150,true],"medium":["https:\/\/www.ine.gob.bo\/wp-content\/uploads\/2019\/07\/Indigenas3-300x187.png",300,187,true],"large":["https:\/\/www.ine.gob.bo\/wp-content\/uploads\/2019\/07\/Indigenas3.png",572,356,false],"1536x1536":["https:\/\/www.ine.gob.bo\/wp-content\/uploads\/2019\/07\/Indigenas3.png",572,356,false],"2048x2048":["https:\/\/www.ine.gob.bo\/wp-content\/uploads\/2019\/07\/Indigenas3.png",572,356,false]},"rttpg_author":{"display_name":"4dmin-root","author_link":"https:\/\/www.ine.gob.bo\/index.php\/author\/4dmin-root\/"},"rttpg_comment":0,"rttpg_category":"<a href=\"https:\/\/www.ine.gob.bo\/index.php\/category\/ine-noticias\/\" rel=\"category tag\">INE noticias<\/a>","rttpg_excerpt":"La Paz, 12 de octubre de 2017 (INE).-\u00a0 En el D\u00eda de la Descolonizaci\u00f3n, el Instituto Nacional de Estad\u00edstica informa que \u00a0el pueblo ind\u00edgena originario campesino Chiriguano \u00a0registra el m\u00e1s alto porcentaje de alfabetismo con 99,0%, \u00a0perteneciente a Otro Tipo de Declaraciones, le sigue el pueblo ind\u00edgena originario campesino Ayllu Porco con el 98,9%, de&hellip;","_links":{"self":[{"href":"https:\/\/www.ine.gob.bo\/index.php\/wp-json\/wp\/v2\/posts\/42322","targetHints":{"allow":["GET"]}}],"collection":[{"href":"https:\/\/www.ine.gob.bo\/index.php\/wp-json\/wp\/v2\/posts"}],"about":[{"href":"https:\/\/www.ine.gob.bo\/index.php\/wp-json\/wp\/v2\/types\/post"}],"author":[{"embeddable":true,"href":"https:\/\/www.ine.gob.bo\/index.php\/wp-json\/wp\/v2\/users\/1"}],"replies":[{"embeddable":true,"href":"https:\/\/www.ine.gob.bo\/index.php\/wp-json\/wp\/v2\/comments?post=42322"}],"version-history":[{"count":0,"href":"https:\/\/www.ine.gob.bo\/index.php\/wp-json\/wp\/v2\/posts\/42322\/revisions"}],"wp:featuredmedia":[{"embeddable":true,"href":"https:\/\/www.ine.gob.bo\/index.php\/wp-json\/wp\/v2\/media\/42325"}],"wp:attachment":[{"href":"https:\/\/www.ine.gob.bo\/index.php\/wp-json\/wp\/v2\/media?parent=42322"}],"wp:term":[{"taxonomy":"category","embeddable":true,"href":"https:\/\/www.ine.gob.bo\/index.php\/wp-json\/wp\/v2\/categories?post=42322"},{"taxonomy":"post_tag","embeddable":true,"href":"https:\/\/www.ine.gob.bo\/index.php\/wp-json\/wp\/v2\/tags?post=42322"}],"curies":[{"name":"wp","href":"https:\/\/api.w.org\/{rel}","templated":true}]}}