{"id":42310,"date":"2017-10-15T16:07:51","date_gmt":"2017-10-15T14:07:51","guid":{"rendered":"https:\/\/www.ine.gob.bo\/?p=42310"},"modified":"2019-07-31T16:10:20","modified_gmt":"2019-07-31T14:10:20","slug":"villa-serrano-municipio-de-vocacion-agricola","status":"publish","type":"post","link":"https:\/\/www.ine.gob.bo\/index.php\/villa-serrano-municipio-de-vocacion-agricola\/","title":{"rendered":"Villa Serrano: municipio de vocaci\u00f3n agr\u00edcola"},"content":{"rendered":"<p><strong>INE &#8211; Sucre, 15 de octubre de 2017.-\u00a0<\/strong>En Villa Serrano, la principal actividad econ\u00f3mica es la agricultura y 67,1% de la poblaci\u00f3n ocupada de 10 a\u00f1os o m\u00e1s es trabajador de la agricultura, ganader\u00eda, caza, pesca y silvicultura, seg\u00fan el Censo 2012; asimismo, en el Censo Agropecuario 2013 se registr\u00f3 2.797 Unidades de Producci\u00f3n Agropecuaria (UPA) y 6.145 miembros de estas UPA se dedican principalmente a la actividad agr\u00edcola, inform\u00f3 el Instituto Nacional de Estad\u00edstica (INE) al celebrarse un nuevo aniversario de este municipio que forma parte de la provincia chuquisaque\u00f1a Belisario Boeto.<\/p>\n<p><strong>Gr\u00e1fico N\u00ba 1<\/strong><\/p>\n<p><strong>MUNICIPIO VILLA SERRANO: MIEMBROS DE LAS UNIDADES DE PRODUCCI\u00d3N AGROPECUARIA (UPA) POR ACTIVIDAD PRINCIPAL, CENSO AGROPECUARIO 2013<\/strong><\/p>\n<p><strong>(En n\u00famero de personas)<\/strong><\/p>\n<p><img loading=\"lazy\" decoding=\"async\" class=\"alignnone size-full wp-image-42311\" src=\"https:\/\/www.ine.gob.bo\/wp-content\/uploads\/2019\/07\/VillaSerrano1.png\" alt=\"\" width=\"644\" height=\"414\" srcset=\"https:\/\/www.ine.gob.bo\/wp-content\/uploads\/2019\/07\/VillaSerrano1.png 644w, https:\/\/www.ine.gob.bo\/wp-content\/uploads\/2019\/07\/VillaSerrano1-300x193.png 300w\" sizes=\"auto, (max-width: 644px) 100vw, 644px\" \/><\/p>\n<p><strong>Gr\u00e1fico<\/strong><strong>\u00a0N\u00ba 2<\/strong><\/p>\n<p><strong>MUNICIPIO VILLA SERRANO<\/strong><strong>: POBLACI\u00d3N EMPADRONADA DE 10 A\u00d1OS O M\u00c1S DE EDAD, SEG\u00daN ACTIVIDAD ECON\u00d3MICA, CENSO 2012<\/strong><\/p>\n<p><img loading=\"lazy\" decoding=\"async\" class=\"alignnone size-full wp-image-42312\" src=\"https:\/\/www.ine.gob.bo\/wp-content\/uploads\/2019\/07\/VillaSerrano2.png\" alt=\"\" width=\"806\" height=\"456\" srcset=\"https:\/\/www.ine.gob.bo\/wp-content\/uploads\/2019\/07\/VillaSerrano2.png 806w, https:\/\/www.ine.gob.bo\/wp-content\/uploads\/2019\/07\/VillaSerrano2-300x170.png 300w, https:\/\/www.ine.gob.bo\/wp-content\/uploads\/2019\/07\/VillaSerrano2-768x435.png 768w\" sizes=\"auto, (max-width: 806px) 100vw, 806px\" \/><\/p>\n<p>Los indicadores de empleo de Villa Serrano, seg\u00fan el Censo 2012, revelan que 69,0% de la Poblaci\u00f3n Ocupada es trabajador por cuenta propia y 21,3%, trabajador asalariado.<\/p>\n<p><strong>Gr\u00e1fico<\/strong><strong>\u00a0N\u00ba 3<\/strong><\/p>\n<p><strong>MUNICIPIO VILLA SERRANO<\/strong><strong>: SITUACI\u00d3N EN EL EMPLEO DE LA POBLACI\u00d3N OCUPADA, CENSO 2012<\/strong><\/p>\n<p><img loading=\"lazy\" decoding=\"async\" class=\"alignnone size-full wp-image-42313\" src=\"https:\/\/www.ine.gob.bo\/wp-content\/uploads\/2019\/07\/VillaSerrano3.png\" alt=\"\" width=\"725\" height=\"264\" srcset=\"https:\/\/www.ine.gob.bo\/wp-content\/uploads\/2019\/07\/VillaSerrano3.png 725w, https:\/\/www.ine.gob.bo\/wp-content\/uploads\/2019\/07\/VillaSerrano3-300x109.png 300w\" sizes=\"auto, (max-width: 725px) 100vw, 725px\" \/><\/p>\n<p>Entre los principales productos agr\u00edcolas de verano que se producen en el municipio, figuran la papa con 52.498,6 quintales producidos, ma\u00edz 45.424,8 quintales y trigo 10.501,2 quintales.<\/p>\n<p><strong><\/p>\n<p><\/strong><\/p>\n<p><strong>Gr\u00e1fico N\u00ba 4<\/strong><\/p>\n<p><strong>VILLA SERRANO<\/strong><strong>: SUPERFICIE Y PRODUCCI\u00d3N AGR\u00cdCOLA DE LOS PRINCIPALES CULTIVOS DE VERANO, CENSO AGROPECUARIO 2013<\/strong><\/p>\n<p><img loading=\"lazy\" decoding=\"async\" class=\"alignnone size-full wp-image-42314\" src=\"https:\/\/www.ine.gob.bo\/wp-content\/uploads\/2019\/07\/VillaSerrano4.png\" alt=\"\" width=\"746\" height=\"413\" srcset=\"https:\/\/www.ine.gob.bo\/wp-content\/uploads\/2019\/07\/VillaSerrano4.png 746w, https:\/\/www.ine.gob.bo\/wp-content\/uploads\/2019\/07\/VillaSerrano4-300x166.png 300w\" sizes=\"auto, (max-width: 746px) 100vw, 746px\" \/><\/p>\n<p>El Censo 2012, en el municipio de Villa Serrano se empadron\u00f3 a 11.161 habitantes. Proyecciones al 2017 indican que su poblaci\u00f3n es de 11.607 habitantes, de los cuales 6.021 son hombres y 5.586, mujeres. Para el a\u00f1o 2020 se proyectan 11.711 personas, aproximadamente.<\/p>\n<blockquote><p><strong><em>UNIDAD DE DIFUSI\u00d3N Y COMUNICACI\u00d3N<\/em><\/strong><\/p>\n<p><strong>INSTITUTO NACIONAL DE ESTAD\u00cdSTICA<\/strong><\/p><\/blockquote>\n","protected":false},"excerpt":{"rendered":"<p>INE &#8211; Sucre, 15 de octubre de 2017.-\u00a0En Villa Serrano, la principal actividad econ\u00f3mica es la agricultura y 67,1% de la poblaci\u00f3n ocupada de 10 a\u00f1os o m\u00e1s es trabajador de la agricultura, ganader\u00eda, caza, pesca y silvicultura, seg\u00fan el Censo 2012; asimismo, en el Censo Agropecuario 2013 se registr\u00f3 2.797 Unidades de Producci\u00f3n Agropecuaria&hellip;<\/p>\n","protected":false},"author":1,"featured_media":42312,"comment_status":"closed","ping_status":"open","sticky":false,"template":"","format":"standard","meta":[],"categories":[158],"tags":[],"class_list":["post-42310","post","type-post","status-publish","format-standard","has-post-thumbnail","hentry","category-ine-noticias","category-158","description-off"],"yoast_head":"<!-- This site is optimized with the Yoast SEO plugin v23.2 - https:\/\/yoast.com\/wordpress\/plugins\/seo\/ -->\n<title>Villa Serrano: municipio de vocaci\u00f3n agr\u00edcola - INE<\/title>\n<meta name=\"description\" content=\"P\u00e1gina oficial del Instituto Nacional de Estadistica INE, informaci\u00f3n estad\u00edstica, geogr\u00e1fica y econ\u00f3mica a nivel nacional.\" \/>\n<meta name=\"robots\" content=\"index, follow, max-snippet:-1, max-image-preview:large, max-video-preview:-1\" \/>\n<link rel=\"canonical\" href=\"https:\/\/www.ine.gob.bo\/index.php\/villa-serrano-municipio-de-vocacion-agricola\/\" \/>\n<meta property=\"og:locale\" content=\"es_ES\" \/>\n<meta property=\"og:type\" content=\"article\" \/>\n<meta property=\"og:title\" content=\"Villa Serrano: municipio de vocaci\u00f3n agr\u00edcola - INE\" \/>\n<meta property=\"og:description\" content=\"P\u00e1gina oficial del Instituto Nacional de Estadistica INE, informaci\u00f3n estad\u00edstica, geogr\u00e1fica y econ\u00f3mica a nivel nacional.\" \/>\n<meta property=\"og:url\" content=\"https:\/\/www.ine.gob.bo\/index.php\/villa-serrano-municipio-de-vocacion-agricola\/\" \/>\n<meta property=\"og:site_name\" content=\"INE\" \/>\n<meta property=\"article:publisher\" content=\"https:\/\/www.facebook.com\/ineboliviaoficial\" \/>\n<meta property=\"article:published_time\" content=\"2017-10-15T14:07:51+00:00\" \/>\n<meta property=\"article:modified_time\" content=\"2019-07-31T14:10:20+00:00\" \/>\n<meta property=\"og:image\" content=\"https:\/\/www.ine.gob.bo\/wp-content\/uploads\/2019\/07\/VillaSerrano2.png\" \/>\n\t<meta property=\"og:image:width\" content=\"806\" \/>\n\t<meta property=\"og:image:height\" content=\"456\" \/>\n\t<meta property=\"og:image:type\" content=\"image\/png\" \/>\n<meta name=\"author\" content=\"4dmin-root\" \/>\n<meta name=\"twitter:card\" content=\"summary_large_image\" \/>\n<meta name=\"twitter:creator\" content=\"@INE_Bolivia\" \/>\n<meta name=\"twitter:site\" content=\"@INE_Bolivia\" \/>\n<meta name=\"twitter:label1\" content=\"Escrito por\" \/>\n\t<meta name=\"twitter:data1\" content=\"4dmin-root\" \/>\n\t<meta name=\"twitter:label2\" content=\"Tiempo de lectura\" \/>\n\t<meta name=\"twitter:data2\" content=\"1 minuto\" \/>\n<script type=\"application\/ld+json\" class=\"yoast-schema-graph\">{\"@context\":\"https:\/\/schema.org\",\"@graph\":[{\"@type\":\"Article\",\"@id\":\"https:\/\/www.ine.gob.bo\/index.php\/villa-serrano-municipio-de-vocacion-agricola\/#article\",\"isPartOf\":{\"@id\":\"https:\/\/www.ine.gob.bo\/index.php\/villa-serrano-municipio-de-vocacion-agricola\/\"},\"author\":{\"name\":\"4dmin-root\",\"@id\":\"https:\/\/www.ine.gob.bo\/#\/schema\/person\/4b9ab894e9de9fb7f2078269aea371be\"},\"headline\":\"Villa Serrano: municipio de vocaci\u00f3n agr\u00edcola\",\"datePublished\":\"2017-10-15T14:07:51+00:00\",\"dateModified\":\"2019-07-31T14:10:20+00:00\",\"mainEntityOfPage\":{\"@id\":\"https:\/\/www.ine.gob.bo\/index.php\/villa-serrano-municipio-de-vocacion-agricola\/\"},\"wordCount\":290,\"publisher\":{\"@id\":\"https:\/\/www.ine.gob.bo\/#organization\"},\"image\":{\"@id\":\"https:\/\/www.ine.gob.bo\/index.php\/villa-serrano-municipio-de-vocacion-agricola\/#primaryimage\"},\"thumbnailUrl\":\"https:\/\/www.ine.gob.bo\/wp-content\/uploads\/2019\/07\/VillaSerrano2.png\",\"articleSection\":[\"INE noticias\"],\"inLanguage\":\"es\"},{\"@type\":\"WebPage\",\"@id\":\"https:\/\/www.ine.gob.bo\/index.php\/villa-serrano-municipio-de-vocacion-agricola\/\",\"url\":\"https:\/\/www.ine.gob.bo\/index.php\/villa-serrano-municipio-de-vocacion-agricola\/\",\"name\":\"Villa Serrano: municipio de vocaci\u00f3n agr\u00edcola - INE\",\"isPartOf\":{\"@id\":\"https:\/\/www.ine.gob.bo\/#website\"},\"primaryImageOfPage\":{\"@id\":\"https:\/\/www.ine.gob.bo\/index.php\/villa-serrano-municipio-de-vocacion-agricola\/#primaryimage\"},\"image\":{\"@id\":\"https:\/\/www.ine.gob.bo\/index.php\/villa-serrano-municipio-de-vocacion-agricola\/#primaryimage\"},\"thumbnailUrl\":\"https:\/\/www.ine.gob.bo\/wp-content\/uploads\/2019\/07\/VillaSerrano2.png\",\"datePublished\":\"2017-10-15T14:07:51+00:00\",\"dateModified\":\"2019-07-31T14:10:20+00:00\",\"description\":\"P\u00e1gina oficial del Instituto Nacional de Estadistica INE, informaci\u00f3n estad\u00edstica, geogr\u00e1fica y econ\u00f3mica a nivel nacional.\",\"breadcrumb\":{\"@id\":\"https:\/\/www.ine.gob.bo\/index.php\/villa-serrano-municipio-de-vocacion-agricola\/#breadcrumb\"},\"inLanguage\":\"es\",\"potentialAction\":[{\"@type\":\"ReadAction\",\"target\":[\"https:\/\/www.ine.gob.bo\/index.php\/villa-serrano-municipio-de-vocacion-agricola\/\"]}]},{\"@type\":\"ImageObject\",\"inLanguage\":\"es\",\"@id\":\"https:\/\/www.ine.gob.bo\/index.php\/villa-serrano-municipio-de-vocacion-agricola\/#primaryimage\",\"url\":\"https:\/\/www.ine.gob.bo\/wp-content\/uploads\/2019\/07\/VillaSerrano2.png\",\"contentUrl\":\"https:\/\/www.ine.gob.bo\/wp-content\/uploads\/2019\/07\/VillaSerrano2.png\",\"width\":806,\"height\":456},{\"@type\":\"BreadcrumbList\",\"@id\":\"https:\/\/www.ine.gob.bo\/index.php\/villa-serrano-municipio-de-vocacion-agricola\/#breadcrumb\",\"itemListElement\":[{\"@type\":\"ListItem\",\"position\":1,\"name\":\"Portada\",\"item\":\"https:\/\/www.ine.gob.bo\/\"},{\"@type\":\"ListItem\",\"position\":2,\"name\":\"Villa Serrano: municipio de vocaci\u00f3n agr\u00edcola\"}]},{\"@type\":\"WebSite\",\"@id\":\"https:\/\/www.ine.gob.bo\/#website\",\"url\":\"https:\/\/www.ine.gob.bo\/\",\"name\":\"INE\",\"description\":\"Instituto Nacional de Estad\u00edstica\",\"publisher\":{\"@id\":\"https:\/\/www.ine.gob.bo\/#organization\"},\"potentialAction\":[{\"@type\":\"SearchAction\",\"target\":{\"@type\":\"EntryPoint\",\"urlTemplate\":\"https:\/\/www.ine.gob.bo\/?s={search_term_string}\"},\"query-input\":\"required name=search_term_string\"}],\"inLanguage\":\"es\"},{\"@type\":\"Organization\",\"@id\":\"https:\/\/www.ine.gob.bo\/#organization\",\"name\":\"Instituto Nacional de Estad\u00edstica\",\"url\":\"https:\/\/www.ine.gob.bo\/\",\"logo\":{\"@type\":\"ImageObject\",\"inLanguage\":\"es\",\"@id\":\"https:\/\/www.ine.gob.bo\/#\/schema\/logo\/image\/\",\"url\":\"https:\/\/www.ine.gob.bo\/wp-content\/uploads\/2026\/02\/logo-ine.jpg\",\"contentUrl\":\"https:\/\/www.ine.gob.bo\/wp-content\/uploads\/2026\/02\/logo-ine.jpg\",\"width\":799,\"height\":453,\"caption\":\"Instituto Nacional de Estad\u00edstica\"},\"image\":{\"@id\":\"https:\/\/www.ine.gob.bo\/#\/schema\/logo\/image\/\"},\"sameAs\":[\"https:\/\/www.facebook.com\/ineboliviaoficial\",\"https:\/\/x.com\/INE_Bolivia\",\"https:\/\/www.instagram.com\/ineboliviaoficial\/\",\"https:\/\/www.youtube.com\/channel\/UCbIQXKLw414g5kWo1tAwqCg\"]},{\"@type\":\"Person\",\"@id\":\"https:\/\/www.ine.gob.bo\/#\/schema\/person\/4b9ab894e9de9fb7f2078269aea371be\",\"name\":\"4dmin-root\",\"image\":{\"@type\":\"ImageObject\",\"inLanguage\":\"es\",\"@id\":\"https:\/\/www.ine.gob.bo\/#\/schema\/person\/image\/\",\"url\":\"https:\/\/secure.gravatar.com\/avatar\/0824ec9f3a25d622e58133204574c46e0832b417c3b610112cf50ccc044cbefe?s=96&d=mm&r=g\",\"contentUrl\":\"https:\/\/secure.gravatar.com\/avatar\/0824ec9f3a25d622e58133204574c46e0832b417c3b610112cf50ccc044cbefe?s=96&d=mm&r=g\",\"caption\":\"4dmin-root\"},\"url\":\"https:\/\/www.ine.gob.bo\/index.php\/author\/4dmin-root\/\"}]}<\/script>\n<!-- \/ Yoast SEO plugin. -->","yoast_head_json":{"title":"Villa Serrano: municipio de vocaci\u00f3n agr\u00edcola - INE","description":"P\u00e1gina oficial del Instituto Nacional de Estadistica INE, informaci\u00f3n estad\u00edstica, geogr\u00e1fica y econ\u00f3mica a nivel nacional.","robots":{"index":"index","follow":"follow","max-snippet":"max-snippet:-1","max-image-preview":"max-image-preview:large","max-video-preview":"max-video-preview:-1"},"canonical":"https:\/\/www.ine.gob.bo\/index.php\/villa-serrano-municipio-de-vocacion-agricola\/","og_locale":"es_ES","og_type":"article","og_title":"Villa Serrano: municipio de vocaci\u00f3n agr\u00edcola - INE","og_description":"P\u00e1gina oficial del Instituto Nacional de Estadistica INE, informaci\u00f3n estad\u00edstica, geogr\u00e1fica y econ\u00f3mica a nivel nacional.","og_url":"https:\/\/www.ine.gob.bo\/index.php\/villa-serrano-municipio-de-vocacion-agricola\/","og_site_name":"INE","article_publisher":"https:\/\/www.facebook.com\/ineboliviaoficial","article_published_time":"2017-10-15T14:07:51+00:00","article_modified_time":"2019-07-31T14:10:20+00:00","og_image":[{"width":806,"height":456,"url":"https:\/\/www.ine.gob.bo\/wp-content\/uploads\/2019\/07\/VillaSerrano2.png","type":"image\/png"}],"author":"4dmin-root","twitter_card":"summary_large_image","twitter_creator":"@INE_Bolivia","twitter_site":"@INE_Bolivia","twitter_misc":{"Escrito por":"4dmin-root","Tiempo de lectura":"1 minuto"},"schema":{"@context":"https:\/\/schema.org","@graph":[{"@type":"Article","@id":"https:\/\/www.ine.gob.bo\/index.php\/villa-serrano-municipio-de-vocacion-agricola\/#article","isPartOf":{"@id":"https:\/\/www.ine.gob.bo\/index.php\/villa-serrano-municipio-de-vocacion-agricola\/"},"author":{"name":"4dmin-root","@id":"https:\/\/www.ine.gob.bo\/#\/schema\/person\/4b9ab894e9de9fb7f2078269aea371be"},"headline":"Villa Serrano: municipio de vocaci\u00f3n agr\u00edcola","datePublished":"2017-10-15T14:07:51+00:00","dateModified":"2019-07-31T14:10:20+00:00","mainEntityOfPage":{"@id":"https:\/\/www.ine.gob.bo\/index.php\/villa-serrano-municipio-de-vocacion-agricola\/"},"wordCount":290,"publisher":{"@id":"https:\/\/www.ine.gob.bo\/#organization"},"image":{"@id":"https:\/\/www.ine.gob.bo\/index.php\/villa-serrano-municipio-de-vocacion-agricola\/#primaryimage"},"thumbnailUrl":"https:\/\/www.ine.gob.bo\/wp-content\/uploads\/2019\/07\/VillaSerrano2.png","articleSection":["INE noticias"],"inLanguage":"es"},{"@type":"WebPage","@id":"https:\/\/www.ine.gob.bo\/index.php\/villa-serrano-municipio-de-vocacion-agricola\/","url":"https:\/\/www.ine.gob.bo\/index.php\/villa-serrano-municipio-de-vocacion-agricola\/","name":"Villa Serrano: municipio de vocaci\u00f3n agr\u00edcola - INE","isPartOf":{"@id":"https:\/\/www.ine.gob.bo\/#website"},"primaryImageOfPage":{"@id":"https:\/\/www.ine.gob.bo\/index.php\/villa-serrano-municipio-de-vocacion-agricola\/#primaryimage"},"image":{"@id":"https:\/\/www.ine.gob.bo\/index.php\/villa-serrano-municipio-de-vocacion-agricola\/#primaryimage"},"thumbnailUrl":"https:\/\/www.ine.gob.bo\/wp-content\/uploads\/2019\/07\/VillaSerrano2.png","datePublished":"2017-10-15T14:07:51+00:00","dateModified":"2019-07-31T14:10:20+00:00","description":"P\u00e1gina oficial del Instituto Nacional de Estadistica INE, informaci\u00f3n estad\u00edstica, geogr\u00e1fica y econ\u00f3mica a nivel nacional.","breadcrumb":{"@id":"https:\/\/www.ine.gob.bo\/index.php\/villa-serrano-municipio-de-vocacion-agricola\/#breadcrumb"},"inLanguage":"es","potentialAction":[{"@type":"ReadAction","target":["https:\/\/www.ine.gob.bo\/index.php\/villa-serrano-municipio-de-vocacion-agricola\/"]}]},{"@type":"ImageObject","inLanguage":"es","@id":"https:\/\/www.ine.gob.bo\/index.php\/villa-serrano-municipio-de-vocacion-agricola\/#primaryimage","url":"https:\/\/www.ine.gob.bo\/wp-content\/uploads\/2019\/07\/VillaSerrano2.png","contentUrl":"https:\/\/www.ine.gob.bo\/wp-content\/uploads\/2019\/07\/VillaSerrano2.png","width":806,"height":456},{"@type":"BreadcrumbList","@id":"https:\/\/www.ine.gob.bo\/index.php\/villa-serrano-municipio-de-vocacion-agricola\/#breadcrumb","itemListElement":[{"@type":"ListItem","position":1,"name":"Portada","item":"https:\/\/www.ine.gob.bo\/"},{"@type":"ListItem","position":2,"name":"Villa Serrano: municipio de vocaci\u00f3n agr\u00edcola"}]},{"@type":"WebSite","@id":"https:\/\/www.ine.gob.bo\/#website","url":"https:\/\/www.ine.gob.bo\/","name":"INE","description":"Instituto Nacional de Estad\u00edstica","publisher":{"@id":"https:\/\/www.ine.gob.bo\/#organization"},"potentialAction":[{"@type":"SearchAction","target":{"@type":"EntryPoint","urlTemplate":"https:\/\/www.ine.gob.bo\/?s={search_term_string}"},"query-input":"required name=search_term_string"}],"inLanguage":"es"},{"@type":"Organization","@id":"https:\/\/www.ine.gob.bo\/#organization","name":"Instituto Nacional de Estad\u00edstica","url":"https:\/\/www.ine.gob.bo\/","logo":{"@type":"ImageObject","inLanguage":"es","@id":"https:\/\/www.ine.gob.bo\/#\/schema\/logo\/image\/","url":"https:\/\/www.ine.gob.bo\/wp-content\/uploads\/2026\/02\/logo-ine.jpg","contentUrl":"https:\/\/www.ine.gob.bo\/wp-content\/uploads\/2026\/02\/logo-ine.jpg","width":799,"height":453,"caption":"Instituto Nacional de Estad\u00edstica"},"image":{"@id":"https:\/\/www.ine.gob.bo\/#\/schema\/logo\/image\/"},"sameAs":["https:\/\/www.facebook.com\/ineboliviaoficial","https:\/\/x.com\/INE_Bolivia","https:\/\/www.instagram.com\/ineboliviaoficial\/","https:\/\/www.youtube.com\/channel\/UCbIQXKLw414g5kWo1tAwqCg"]},{"@type":"Person","@id":"https:\/\/www.ine.gob.bo\/#\/schema\/person\/4b9ab894e9de9fb7f2078269aea371be","name":"4dmin-root","image":{"@type":"ImageObject","inLanguage":"es","@id":"https:\/\/www.ine.gob.bo\/#\/schema\/person\/image\/","url":"https:\/\/secure.gravatar.com\/avatar\/0824ec9f3a25d622e58133204574c46e0832b417c3b610112cf50ccc044cbefe?s=96&d=mm&r=g","contentUrl":"https:\/\/secure.gravatar.com\/avatar\/0824ec9f3a25d622e58133204574c46e0832b417c3b610112cf50ccc044cbefe?s=96&d=mm&r=g","caption":"4dmin-root"},"url":"https:\/\/www.ine.gob.bo\/index.php\/author\/4dmin-root\/"}]}},"rttpg_featured_image_url":{"full":["https:\/\/www.ine.gob.bo\/wp-content\/uploads\/2019\/07\/VillaSerrano2.png",806,456,false],"landscape":["https:\/\/www.ine.gob.bo\/wp-content\/uploads\/2019\/07\/VillaSerrano2.png",806,456,false],"portraits":["https:\/\/www.ine.gob.bo\/wp-content\/uploads\/2019\/07\/VillaSerrano2.png",806,456,false],"thumbnail":["https:\/\/www.ine.gob.bo\/wp-content\/uploads\/2019\/07\/VillaSerrano2-150x150.png",150,150,true],"medium":["https:\/\/www.ine.gob.bo\/wp-content\/uploads\/2019\/07\/VillaSerrano2-300x170.png",300,170,true],"large":["https:\/\/www.ine.gob.bo\/wp-content\/uploads\/2019\/07\/VillaSerrano2.png",806,456,false],"1536x1536":["https:\/\/www.ine.gob.bo\/wp-content\/uploads\/2019\/07\/VillaSerrano2.png",806,456,false],"2048x2048":["https:\/\/www.ine.gob.bo\/wp-content\/uploads\/2019\/07\/VillaSerrano2.png",806,456,false]},"rttpg_author":{"display_name":"4dmin-root","author_link":"https:\/\/www.ine.gob.bo\/index.php\/author\/4dmin-root\/"},"rttpg_comment":0,"rttpg_category":"<a href=\"https:\/\/www.ine.gob.bo\/index.php\/category\/ine-noticias\/\" rel=\"category tag\">INE noticias<\/a>","rttpg_excerpt":"INE &#8211; Sucre, 15 de octubre de 2017.-\u00a0En Villa Serrano, la principal actividad econ\u00f3mica es la agricultura y 67,1% de la poblaci\u00f3n ocupada de 10 a\u00f1os o m\u00e1s es trabajador de la agricultura, ganader\u00eda, caza, pesca y silvicultura, seg\u00fan el Censo 2012; asimismo, en el Censo Agropecuario 2013 se registr\u00f3 2.797 Unidades de Producci\u00f3n Agropecuaria&hellip;","_links":{"self":[{"href":"https:\/\/www.ine.gob.bo\/index.php\/wp-json\/wp\/v2\/posts\/42310","targetHints":{"allow":["GET"]}}],"collection":[{"href":"https:\/\/www.ine.gob.bo\/index.php\/wp-json\/wp\/v2\/posts"}],"about":[{"href":"https:\/\/www.ine.gob.bo\/index.php\/wp-json\/wp\/v2\/types\/post"}],"author":[{"embeddable":true,"href":"https:\/\/www.ine.gob.bo\/index.php\/wp-json\/wp\/v2\/users\/1"}],"replies":[{"embeddable":true,"href":"https:\/\/www.ine.gob.bo\/index.php\/wp-json\/wp\/v2\/comments?post=42310"}],"version-history":[{"count":0,"href":"https:\/\/www.ine.gob.bo\/index.php\/wp-json\/wp\/v2\/posts\/42310\/revisions"}],"wp:featuredmedia":[{"embeddable":true,"href":"https:\/\/www.ine.gob.bo\/index.php\/wp-json\/wp\/v2\/media\/42312"}],"wp:attachment":[{"href":"https:\/\/www.ine.gob.bo\/index.php\/wp-json\/wp\/v2\/media?parent=42310"}],"wp:term":[{"taxonomy":"category","embeddable":true,"href":"https:\/\/www.ine.gob.bo\/index.php\/wp-json\/wp\/v2\/categories?post=42310"},{"taxonomy":"post_tag","embeddable":true,"href":"https:\/\/www.ine.gob.bo\/index.php\/wp-json\/wp\/v2\/tags?post=42310"}],"curies":[{"name":"wp","href":"https:\/\/api.w.org\/{rel}","templated":true}]}}