{"id":42272,"date":"2017-08-09T11:54:14","date_gmt":"2017-08-09T09:54:14","guid":{"rendered":"https:\/\/www.ine.gob.bo\/?p=42272"},"modified":"2019-07-31T11:56:50","modified_gmt":"2019-07-31T09:56:50","slug":"la-nacion-indigena-siriono-presenta-la-tasa-mas-alta-de-alfabetismo","status":"publish","type":"post","link":"https:\/\/www.ine.gob.bo\/index.php\/la-nacion-indigena-siriono-presenta-la-tasa-mas-alta-de-alfabetismo\/","title":{"rendered":"La naci\u00f3n ind\u00edgena Sirion\u00f3 presenta la tasa m\u00e1s alta de alfabetismo"},"content":{"rendered":"<p><strong>La Paz, 9 de agosto de 2017 (INE). \u2013<\/strong>\u00a0En Bolivia, la naci\u00f3n ind\u00edgena Sirion\u00f3 presenta la tasa m\u00e1s alta de alfabetismo con 98,1%, respecto a las dem\u00e1s 42 naciones y pueblos ind\u00edgena originario campesinos minoritarios contemplados en la Ley del R\u00e9gimen Electoral, inform\u00f3 el Instituto Nacional de Estad\u00edstica, al celebrarse el D\u00eda Internacional de los Pueblos Ind\u00edgenas. Otras naciones ind\u00edgenas que le siguen son la Joaquiniano con 97,9%, Mor\u00e9 y Guarayo con igual porcentaje de alfabetos, 97,5%.<\/p>\n<p><strong>Gr\u00e1fico N\u00ba 1<\/strong><\/p>\n<p><strong>BOLIVIA: TASA DE ALFABETISMO DE LOS PRINCIPALES PUEBLOS INDIGENA ORIGINARIO CAMPESINOS MINORITARIOS, CENSO 2012<\/strong><\/p>\n<p><img loading=\"lazy\" decoding=\"async\" class=\"alignnone size-full wp-image-42273\" src=\"https:\/\/www.ine.gob.bo\/wp-content\/uploads\/2019\/07\/PIOC1.png\" alt=\"\" width=\"632\" height=\"262\" srcset=\"https:\/\/www.ine.gob.bo\/wp-content\/uploads\/2019\/07\/PIOC1.png 632w, https:\/\/www.ine.gob.bo\/wp-content\/uploads\/2019\/07\/PIOC1-300x124.png 300w\" sizes=\"auto, (max-width: 632px) 100vw, 632px\" \/><\/p>\n<p>En cuanto a la tasa de asistencia escolar, la naci\u00f3n B\u00e9siro participa con el porcentaje m\u00e1s importante, 92,0%, le sigue la naci\u00f3n Tapiete con 90,6%, los Pacahuaras con 90,0% y los Mor\u00e9 con 87,5%.<\/p>\n<p>Seg\u00fan el Censo 2012, la naci\u00f3n que obtuvo el porcentaje m\u00e1s importante en el nivel de instrucci\u00f3n secundaria fue Baure, con 53,1%; las naciones que demuestran tambi\u00e9n un dato importante son: Maropa con 52,9%, Lecos con 51,5% y Afroboliviana con 49,2%.<\/p>\n<p><strong>Pobreza<\/strong><\/p>\n<p>Seg\u00fan Necesidades B\u00e1sicas Insatisfechas (NBI), el pueblo Tapiete presenta 57,7% de poblaci\u00f3n no pobre, los Afrobolivianos 55,3% y la Itonama 54,1%.<\/p>\n<p>&nbsp;<\/p>\n<p><strong>Gr\u00e1fico N\u00ba 2<\/strong><\/p>\n<p><strong>BOLIVIA: POBLACI\u00d3N POR CONDICI\u00d3N DE NECESIDADES B\u00c1SICAS INSATISFECHAS<sup>1<\/sup>\u00a0DE LOS PRINCIPALES PUEBLOS INDIGENA ORIGINARIO CAMPESINOS MINORITARIOS, CENSO 2012<\/strong><\/p>\n<p><img loading=\"lazy\" decoding=\"async\" class=\"alignnone size-full wp-image-42274\" src=\"https:\/\/www.ine.gob.bo\/wp-content\/uploads\/2019\/07\/PIOC2.png\" alt=\"\" width=\"629\" height=\"338\" srcset=\"https:\/\/www.ine.gob.bo\/wp-content\/uploads\/2019\/07\/PIOC2.png 629w, https:\/\/www.ine.gob.bo\/wp-content\/uploads\/2019\/07\/PIOC2-300x161.png 300w\" sizes=\"auto, (max-width: 629px) 100vw, 629px\" \/><\/p>\n<p><strong>Salud<\/strong><\/p>\n<p>En cuanto a la atenci\u00f3n del \u00faltimo parto de la poblaci\u00f3n femenina de 15 a\u00f1os o m\u00e1s de edad en establecimientos de salud, el porcentaje m\u00e1s importante se registra en la naci\u00f3n Tapiete con 87,9%, la Pacahuara 86,8%, la Sirion\u00f3 84,1% y la Itonoma 79,8%.<\/p>\n<p><strong>Poblaci\u00f3n<\/strong><\/p>\n<p>Seg\u00fan el Censo 2012, la naci\u00f3n Sirion\u00f3 registra una poblaci\u00f3n de 782 habitantes; la naci\u00f3n Joaquiniano, 4.223; la Guarayo, 23.910; el pueblo B\u00e9siro, 243; la naci\u00f3n Tapiete, 144; la Pacahuara, 227; la Baures, 3.328; Maropa, 4.505; Afrobolivianos, 23.330 y la naci\u00f3n Itonama, 16.158 habitantes, siendo las Naciones y Pueblos Ind\u00edgena Originario Campesinos que han presentado porcentajes importantes respecto a educaci\u00f3n, salud y pobreza.<\/p>\n<p>&nbsp;<\/p>\n<blockquote><p><strong><em>UNIDAD DE DIFUSI\u00d3N Y COMUNICACI\u00d3N<\/em><\/strong><\/p>\n<p><strong>INSTITUTO NACIONAL DE ESTAD\u00cdSTICA<\/strong><\/p>\n<p>&nbsp;<\/p><\/blockquote>\n","protected":false},"excerpt":{"rendered":"<p>La Paz, 9 de agosto de 2017 (INE). \u2013\u00a0En Bolivia, la naci\u00f3n ind\u00edgena Sirion\u00f3 presenta la tasa m\u00e1s alta de alfabetismo con 98,1%, respecto a las dem\u00e1s 42 naciones y pueblos ind\u00edgena originario campesinos minoritarios contemplados en la Ley del R\u00e9gimen Electoral, inform\u00f3 el Instituto Nacional de Estad\u00edstica, al celebrarse el D\u00eda Internacional de los&hellip;<\/p>\n","protected":false},"author":1,"featured_media":0,"comment_status":"closed","ping_status":"open","sticky":false,"template":"","format":"standard","meta":[],"categories":[158],"tags":[],"class_list":["post-42272","post","type-post","status-publish","format-standard","hentry","category-ine-noticias","category-158","description-off"],"yoast_head":"<!-- This site is optimized with the Yoast SEO plugin v23.2 - https:\/\/yoast.com\/wordpress\/plugins\/seo\/ -->\n<title>La naci\u00f3n ind\u00edgena Sirion\u00f3 presenta la tasa m\u00e1s alta de alfabetismo - INE<\/title>\n<meta name=\"description\" content=\"P\u00e1gina oficial del Instituto Nacional de Estadistica INE, informaci\u00f3n estad\u00edstica, geogr\u00e1fica y econ\u00f3mica a nivel nacional.\" \/>\n<meta name=\"robots\" content=\"index, follow, max-snippet:-1, max-image-preview:large, max-video-preview:-1\" \/>\n<link rel=\"canonical\" href=\"https:\/\/www.ine.gob.bo\/index.php\/la-nacion-indigena-siriono-presenta-la-tasa-mas-alta-de-alfabetismo\/\" \/>\n<meta property=\"og:locale\" content=\"es_ES\" \/>\n<meta property=\"og:type\" content=\"article\" \/>\n<meta property=\"og:title\" content=\"La naci\u00f3n ind\u00edgena Sirion\u00f3 presenta la tasa m\u00e1s alta de alfabetismo - INE\" \/>\n<meta property=\"og:description\" content=\"P\u00e1gina oficial del Instituto Nacional de Estadistica INE, informaci\u00f3n estad\u00edstica, geogr\u00e1fica y econ\u00f3mica a nivel nacional.\" \/>\n<meta property=\"og:url\" content=\"https:\/\/www.ine.gob.bo\/index.php\/la-nacion-indigena-siriono-presenta-la-tasa-mas-alta-de-alfabetismo\/\" \/>\n<meta property=\"og:site_name\" content=\"INE\" \/>\n<meta property=\"article:publisher\" content=\"https:\/\/www.facebook.com\/ineboliviaoficial\" \/>\n<meta property=\"article:published_time\" content=\"2017-08-09T09:54:14+00:00\" \/>\n<meta property=\"article:modified_time\" content=\"2019-07-31T09:56:50+00:00\" \/>\n<meta property=\"og:image\" content=\"https:\/\/www.ine.gob.bo\/wp-content\/uploads\/2019\/07\/PIOC1.png\" \/>\n<meta name=\"author\" content=\"4dmin-root\" \/>\n<meta name=\"twitter:card\" content=\"summary_large_image\" \/>\n<meta name=\"twitter:creator\" content=\"@INE_Bolivia\" \/>\n<meta name=\"twitter:site\" content=\"@INE_Bolivia\" \/>\n<meta name=\"twitter:label1\" content=\"Escrito por\" \/>\n\t<meta name=\"twitter:data1\" content=\"4dmin-root\" \/>\n\t<meta name=\"twitter:label2\" content=\"Tiempo de lectura\" \/>\n\t<meta name=\"twitter:data2\" content=\"2 minutos\" \/>\n<script type=\"application\/ld+json\" class=\"yoast-schema-graph\">{\"@context\":\"https:\/\/schema.org\",\"@graph\":[{\"@type\":\"Article\",\"@id\":\"https:\/\/www.ine.gob.bo\/index.php\/la-nacion-indigena-siriono-presenta-la-tasa-mas-alta-de-alfabetismo\/#article\",\"isPartOf\":{\"@id\":\"https:\/\/www.ine.gob.bo\/index.php\/la-nacion-indigena-siriono-presenta-la-tasa-mas-alta-de-alfabetismo\/\"},\"author\":{\"name\":\"4dmin-root\",\"@id\":\"https:\/\/www.ine.gob.bo\/#\/schema\/person\/4b9ab894e9de9fb7f2078269aea371be\"},\"headline\":\"La naci\u00f3n ind\u00edgena Sirion\u00f3 presenta la tasa m\u00e1s alta de alfabetismo\",\"datePublished\":\"2017-08-09T09:54:14+00:00\",\"dateModified\":\"2019-07-31T09:56:50+00:00\",\"mainEntityOfPage\":{\"@id\":\"https:\/\/www.ine.gob.bo\/index.php\/la-nacion-indigena-siriono-presenta-la-tasa-mas-alta-de-alfabetismo\/\"},\"wordCount\":356,\"publisher\":{\"@id\":\"https:\/\/www.ine.gob.bo\/#organization\"},\"image\":{\"@id\":\"https:\/\/www.ine.gob.bo\/index.php\/la-nacion-indigena-siriono-presenta-la-tasa-mas-alta-de-alfabetismo\/#primaryimage\"},\"thumbnailUrl\":\"https:\/\/www.ine.gob.bo\/wp-content\/uploads\/2019\/07\/PIOC1.png\",\"articleSection\":[\"INE noticias\"],\"inLanguage\":\"es\"},{\"@type\":\"WebPage\",\"@id\":\"https:\/\/www.ine.gob.bo\/index.php\/la-nacion-indigena-siriono-presenta-la-tasa-mas-alta-de-alfabetismo\/\",\"url\":\"https:\/\/www.ine.gob.bo\/index.php\/la-nacion-indigena-siriono-presenta-la-tasa-mas-alta-de-alfabetismo\/\",\"name\":\"La naci\u00f3n ind\u00edgena Sirion\u00f3 presenta la tasa m\u00e1s alta de alfabetismo - INE\",\"isPartOf\":{\"@id\":\"https:\/\/www.ine.gob.bo\/#website\"},\"primaryImageOfPage\":{\"@id\":\"https:\/\/www.ine.gob.bo\/index.php\/la-nacion-indigena-siriono-presenta-la-tasa-mas-alta-de-alfabetismo\/#primaryimage\"},\"image\":{\"@id\":\"https:\/\/www.ine.gob.bo\/index.php\/la-nacion-indigena-siriono-presenta-la-tasa-mas-alta-de-alfabetismo\/#primaryimage\"},\"thumbnailUrl\":\"https:\/\/www.ine.gob.bo\/wp-content\/uploads\/2019\/07\/PIOC1.png\",\"datePublished\":\"2017-08-09T09:54:14+00:00\",\"dateModified\":\"2019-07-31T09:56:50+00:00\",\"description\":\"P\u00e1gina oficial del Instituto Nacional de Estadistica INE, informaci\u00f3n estad\u00edstica, geogr\u00e1fica y econ\u00f3mica a nivel nacional.\",\"breadcrumb\":{\"@id\":\"https:\/\/www.ine.gob.bo\/index.php\/la-nacion-indigena-siriono-presenta-la-tasa-mas-alta-de-alfabetismo\/#breadcrumb\"},\"inLanguage\":\"es\",\"potentialAction\":[{\"@type\":\"ReadAction\",\"target\":[\"https:\/\/www.ine.gob.bo\/index.php\/la-nacion-indigena-siriono-presenta-la-tasa-mas-alta-de-alfabetismo\/\"]}]},{\"@type\":\"ImageObject\",\"inLanguage\":\"es\",\"@id\":\"https:\/\/www.ine.gob.bo\/index.php\/la-nacion-indigena-siriono-presenta-la-tasa-mas-alta-de-alfabetismo\/#primaryimage\",\"url\":\"https:\/\/www.ine.gob.bo\/wp-content\/uploads\/2019\/07\/PIOC1.png\",\"contentUrl\":\"https:\/\/www.ine.gob.bo\/wp-content\/uploads\/2019\/07\/PIOC1.png\",\"width\":632,\"height\":262},{\"@type\":\"BreadcrumbList\",\"@id\":\"https:\/\/www.ine.gob.bo\/index.php\/la-nacion-indigena-siriono-presenta-la-tasa-mas-alta-de-alfabetismo\/#breadcrumb\",\"itemListElement\":[{\"@type\":\"ListItem\",\"position\":1,\"name\":\"Portada\",\"item\":\"https:\/\/www.ine.gob.bo\/\"},{\"@type\":\"ListItem\",\"position\":2,\"name\":\"La naci\u00f3n ind\u00edgena Sirion\u00f3 presenta la tasa m\u00e1s alta de alfabetismo\"}]},{\"@type\":\"WebSite\",\"@id\":\"https:\/\/www.ine.gob.bo\/#website\",\"url\":\"https:\/\/www.ine.gob.bo\/\",\"name\":\"INE\",\"description\":\"Instituto Nacional de Estad\u00edstica\",\"publisher\":{\"@id\":\"https:\/\/www.ine.gob.bo\/#organization\"},\"potentialAction\":[{\"@type\":\"SearchAction\",\"target\":{\"@type\":\"EntryPoint\",\"urlTemplate\":\"https:\/\/www.ine.gob.bo\/?s={search_term_string}\"},\"query-input\":\"required name=search_term_string\"}],\"inLanguage\":\"es\"},{\"@type\":\"Organization\",\"@id\":\"https:\/\/www.ine.gob.bo\/#organization\",\"name\":\"Instituto Nacional de Estad\u00edstica\",\"url\":\"https:\/\/www.ine.gob.bo\/\",\"logo\":{\"@type\":\"ImageObject\",\"inLanguage\":\"es\",\"@id\":\"https:\/\/www.ine.gob.bo\/#\/schema\/logo\/image\/\",\"url\":\"https:\/\/www.ine.gob.bo\/wp-content\/uploads\/2026\/02\/logo-ine.jpg\",\"contentUrl\":\"https:\/\/www.ine.gob.bo\/wp-content\/uploads\/2026\/02\/logo-ine.jpg\",\"width\":799,\"height\":453,\"caption\":\"Instituto Nacional de Estad\u00edstica\"},\"image\":{\"@id\":\"https:\/\/www.ine.gob.bo\/#\/schema\/logo\/image\/\"},\"sameAs\":[\"https:\/\/www.facebook.com\/ineboliviaoficial\",\"https:\/\/x.com\/INE_Bolivia\",\"https:\/\/www.instagram.com\/ineboliviaoficial\/\",\"https:\/\/www.youtube.com\/channel\/UCbIQXKLw414g5kWo1tAwqCg\"]},{\"@type\":\"Person\",\"@id\":\"https:\/\/www.ine.gob.bo\/#\/schema\/person\/4b9ab894e9de9fb7f2078269aea371be\",\"name\":\"4dmin-root\",\"image\":{\"@type\":\"ImageObject\",\"inLanguage\":\"es\",\"@id\":\"https:\/\/www.ine.gob.bo\/#\/schema\/person\/image\/\",\"url\":\"https:\/\/secure.gravatar.com\/avatar\/0824ec9f3a25d622e58133204574c46e0832b417c3b610112cf50ccc044cbefe?s=96&d=mm&r=g\",\"contentUrl\":\"https:\/\/secure.gravatar.com\/avatar\/0824ec9f3a25d622e58133204574c46e0832b417c3b610112cf50ccc044cbefe?s=96&d=mm&r=g\",\"caption\":\"4dmin-root\"},\"url\":\"https:\/\/www.ine.gob.bo\/index.php\/author\/4dmin-root\/\"}]}<\/script>\n<!-- \/ Yoast SEO plugin. -->","yoast_head_json":{"title":"La naci\u00f3n ind\u00edgena Sirion\u00f3 presenta la tasa m\u00e1s alta de alfabetismo - INE","description":"P\u00e1gina oficial del Instituto Nacional de Estadistica INE, informaci\u00f3n estad\u00edstica, geogr\u00e1fica y econ\u00f3mica a nivel nacional.","robots":{"index":"index","follow":"follow","max-snippet":"max-snippet:-1","max-image-preview":"max-image-preview:large","max-video-preview":"max-video-preview:-1"},"canonical":"https:\/\/www.ine.gob.bo\/index.php\/la-nacion-indigena-siriono-presenta-la-tasa-mas-alta-de-alfabetismo\/","og_locale":"es_ES","og_type":"article","og_title":"La naci\u00f3n ind\u00edgena Sirion\u00f3 presenta la tasa m\u00e1s alta de alfabetismo - INE","og_description":"P\u00e1gina oficial del Instituto Nacional de Estadistica INE, informaci\u00f3n estad\u00edstica, geogr\u00e1fica y econ\u00f3mica a nivel nacional.","og_url":"https:\/\/www.ine.gob.bo\/index.php\/la-nacion-indigena-siriono-presenta-la-tasa-mas-alta-de-alfabetismo\/","og_site_name":"INE","article_publisher":"https:\/\/www.facebook.com\/ineboliviaoficial","article_published_time":"2017-08-09T09:54:14+00:00","article_modified_time":"2019-07-31T09:56:50+00:00","og_image":[{"url":"https:\/\/www.ine.gob.bo\/wp-content\/uploads\/2019\/07\/PIOC1.png"}],"author":"4dmin-root","twitter_card":"summary_large_image","twitter_creator":"@INE_Bolivia","twitter_site":"@INE_Bolivia","twitter_misc":{"Escrito por":"4dmin-root","Tiempo de lectura":"2 minutos"},"schema":{"@context":"https:\/\/schema.org","@graph":[{"@type":"Article","@id":"https:\/\/www.ine.gob.bo\/index.php\/la-nacion-indigena-siriono-presenta-la-tasa-mas-alta-de-alfabetismo\/#article","isPartOf":{"@id":"https:\/\/www.ine.gob.bo\/index.php\/la-nacion-indigena-siriono-presenta-la-tasa-mas-alta-de-alfabetismo\/"},"author":{"name":"4dmin-root","@id":"https:\/\/www.ine.gob.bo\/#\/schema\/person\/4b9ab894e9de9fb7f2078269aea371be"},"headline":"La naci\u00f3n ind\u00edgena Sirion\u00f3 presenta la tasa m\u00e1s alta de alfabetismo","datePublished":"2017-08-09T09:54:14+00:00","dateModified":"2019-07-31T09:56:50+00:00","mainEntityOfPage":{"@id":"https:\/\/www.ine.gob.bo\/index.php\/la-nacion-indigena-siriono-presenta-la-tasa-mas-alta-de-alfabetismo\/"},"wordCount":356,"publisher":{"@id":"https:\/\/www.ine.gob.bo\/#organization"},"image":{"@id":"https:\/\/www.ine.gob.bo\/index.php\/la-nacion-indigena-siriono-presenta-la-tasa-mas-alta-de-alfabetismo\/#primaryimage"},"thumbnailUrl":"https:\/\/www.ine.gob.bo\/wp-content\/uploads\/2019\/07\/PIOC1.png","articleSection":["INE noticias"],"inLanguage":"es"},{"@type":"WebPage","@id":"https:\/\/www.ine.gob.bo\/index.php\/la-nacion-indigena-siriono-presenta-la-tasa-mas-alta-de-alfabetismo\/","url":"https:\/\/www.ine.gob.bo\/index.php\/la-nacion-indigena-siriono-presenta-la-tasa-mas-alta-de-alfabetismo\/","name":"La naci\u00f3n ind\u00edgena Sirion\u00f3 presenta la tasa m\u00e1s alta de alfabetismo - INE","isPartOf":{"@id":"https:\/\/www.ine.gob.bo\/#website"},"primaryImageOfPage":{"@id":"https:\/\/www.ine.gob.bo\/index.php\/la-nacion-indigena-siriono-presenta-la-tasa-mas-alta-de-alfabetismo\/#primaryimage"},"image":{"@id":"https:\/\/www.ine.gob.bo\/index.php\/la-nacion-indigena-siriono-presenta-la-tasa-mas-alta-de-alfabetismo\/#primaryimage"},"thumbnailUrl":"https:\/\/www.ine.gob.bo\/wp-content\/uploads\/2019\/07\/PIOC1.png","datePublished":"2017-08-09T09:54:14+00:00","dateModified":"2019-07-31T09:56:50+00:00","description":"P\u00e1gina oficial del Instituto Nacional de Estadistica INE, informaci\u00f3n estad\u00edstica, geogr\u00e1fica y econ\u00f3mica a nivel nacional.","breadcrumb":{"@id":"https:\/\/www.ine.gob.bo\/index.php\/la-nacion-indigena-siriono-presenta-la-tasa-mas-alta-de-alfabetismo\/#breadcrumb"},"inLanguage":"es","potentialAction":[{"@type":"ReadAction","target":["https:\/\/www.ine.gob.bo\/index.php\/la-nacion-indigena-siriono-presenta-la-tasa-mas-alta-de-alfabetismo\/"]}]},{"@type":"ImageObject","inLanguage":"es","@id":"https:\/\/www.ine.gob.bo\/index.php\/la-nacion-indigena-siriono-presenta-la-tasa-mas-alta-de-alfabetismo\/#primaryimage","url":"https:\/\/www.ine.gob.bo\/wp-content\/uploads\/2019\/07\/PIOC1.png","contentUrl":"https:\/\/www.ine.gob.bo\/wp-content\/uploads\/2019\/07\/PIOC1.png","width":632,"height":262},{"@type":"BreadcrumbList","@id":"https:\/\/www.ine.gob.bo\/index.php\/la-nacion-indigena-siriono-presenta-la-tasa-mas-alta-de-alfabetismo\/#breadcrumb","itemListElement":[{"@type":"ListItem","position":1,"name":"Portada","item":"https:\/\/www.ine.gob.bo\/"},{"@type":"ListItem","position":2,"name":"La naci\u00f3n ind\u00edgena Sirion\u00f3 presenta la tasa m\u00e1s alta de alfabetismo"}]},{"@type":"WebSite","@id":"https:\/\/www.ine.gob.bo\/#website","url":"https:\/\/www.ine.gob.bo\/","name":"INE","description":"Instituto Nacional de Estad\u00edstica","publisher":{"@id":"https:\/\/www.ine.gob.bo\/#organization"},"potentialAction":[{"@type":"SearchAction","target":{"@type":"EntryPoint","urlTemplate":"https:\/\/www.ine.gob.bo\/?s={search_term_string}"},"query-input":"required name=search_term_string"}],"inLanguage":"es"},{"@type":"Organization","@id":"https:\/\/www.ine.gob.bo\/#organization","name":"Instituto Nacional de Estad\u00edstica","url":"https:\/\/www.ine.gob.bo\/","logo":{"@type":"ImageObject","inLanguage":"es","@id":"https:\/\/www.ine.gob.bo\/#\/schema\/logo\/image\/","url":"https:\/\/www.ine.gob.bo\/wp-content\/uploads\/2026\/02\/logo-ine.jpg","contentUrl":"https:\/\/www.ine.gob.bo\/wp-content\/uploads\/2026\/02\/logo-ine.jpg","width":799,"height":453,"caption":"Instituto Nacional de Estad\u00edstica"},"image":{"@id":"https:\/\/www.ine.gob.bo\/#\/schema\/logo\/image\/"},"sameAs":["https:\/\/www.facebook.com\/ineboliviaoficial","https:\/\/x.com\/INE_Bolivia","https:\/\/www.instagram.com\/ineboliviaoficial\/","https:\/\/www.youtube.com\/channel\/UCbIQXKLw414g5kWo1tAwqCg"]},{"@type":"Person","@id":"https:\/\/www.ine.gob.bo\/#\/schema\/person\/4b9ab894e9de9fb7f2078269aea371be","name":"4dmin-root","image":{"@type":"ImageObject","inLanguage":"es","@id":"https:\/\/www.ine.gob.bo\/#\/schema\/person\/image\/","url":"https:\/\/secure.gravatar.com\/avatar\/0824ec9f3a25d622e58133204574c46e0832b417c3b610112cf50ccc044cbefe?s=96&d=mm&r=g","contentUrl":"https:\/\/secure.gravatar.com\/avatar\/0824ec9f3a25d622e58133204574c46e0832b417c3b610112cf50ccc044cbefe?s=96&d=mm&r=g","caption":"4dmin-root"},"url":"https:\/\/www.ine.gob.bo\/index.php\/author\/4dmin-root\/"}]}},"rttpg_featured_image_url":null,"rttpg_author":{"display_name":"4dmin-root","author_link":"https:\/\/www.ine.gob.bo\/index.php\/author\/4dmin-root\/"},"rttpg_comment":0,"rttpg_category":"<a href=\"https:\/\/www.ine.gob.bo\/index.php\/category\/ine-noticias\/\" rel=\"category tag\">INE noticias<\/a>","rttpg_excerpt":"La Paz, 9 de agosto de 2017 (INE). \u2013\u00a0En Bolivia, la naci\u00f3n ind\u00edgena Sirion\u00f3 presenta la tasa m\u00e1s alta de alfabetismo con 98,1%, respecto a las dem\u00e1s 42 naciones y pueblos ind\u00edgena originario campesinos minoritarios contemplados en la Ley del R\u00e9gimen Electoral, inform\u00f3 el Instituto Nacional de Estad\u00edstica, al celebrarse el D\u00eda Internacional de los&hellip;","_links":{"self":[{"href":"https:\/\/www.ine.gob.bo\/index.php\/wp-json\/wp\/v2\/posts\/42272","targetHints":{"allow":["GET"]}}],"collection":[{"href":"https:\/\/www.ine.gob.bo\/index.php\/wp-json\/wp\/v2\/posts"}],"about":[{"href":"https:\/\/www.ine.gob.bo\/index.php\/wp-json\/wp\/v2\/types\/post"}],"author":[{"embeddable":true,"href":"https:\/\/www.ine.gob.bo\/index.php\/wp-json\/wp\/v2\/users\/1"}],"replies":[{"embeddable":true,"href":"https:\/\/www.ine.gob.bo\/index.php\/wp-json\/wp\/v2\/comments?post=42272"}],"version-history":[{"count":0,"href":"https:\/\/www.ine.gob.bo\/index.php\/wp-json\/wp\/v2\/posts\/42272\/revisions"}],"wp:attachment":[{"href":"https:\/\/www.ine.gob.bo\/index.php\/wp-json\/wp\/v2\/media?parent=42272"}],"wp:term":[{"taxonomy":"category","embeddable":true,"href":"https:\/\/www.ine.gob.bo\/index.php\/wp-json\/wp\/v2\/categories?post=42272"},{"taxonomy":"post_tag","embeddable":true,"href":"https:\/\/www.ine.gob.bo\/index.php\/wp-json\/wp\/v2\/tags?post=42272"}],"curies":[{"name":"wp","href":"https:\/\/api.w.org\/{rel}","templated":true}]}}