{"id":42254,"date":"2017-08-12T10:51:00","date_gmt":"2017-08-12T08:51:00","guid":{"rendered":"https:\/\/www.ine.gob.bo\/?p=42254"},"modified":"2019-07-31T10:57:56","modified_gmt":"2019-07-31T08:57:56","slug":"dia-internacional-de-la-juventud","status":"publish","type":"post","link":"https:\/\/www.ine.gob.bo\/index.php\/dia-internacional-de-la-juventud\/","title":{"rendered":"D\u00cdA INTERNACIONAL DE LA JUVENTUD"},"content":{"rendered":"<p><strong>Santa Cruz, 12 de agosto de 2017 (INE).- \u00a0<\/strong>En el D\u00eda Internacional de la Juventud, el Instituto Nacional de Estad\u00edstica inform\u00f3 que en el Estado Plurinacional de Bolivia, los j\u00f3venes de 16 a 28 a\u00f1os suman aproximadamente 2.627.320, seg\u00fan proyecciones para este a\u00f1o, de esta cifra 50,8% es hombre y 49,2%, mujer, adem\u00e1s el grupo etario de 16 a\u00f1os es el m\u00e1s numeroso con alrededor de 226.033 personas.<\/p>\n<p>&nbsp;<\/p>\n<p><strong>Gr\u00e1fico N\u00ba 1<\/strong><\/p>\n<p><strong>BOLIVIA: PROYECCIONES DE POBLACI\u00d3N DE 16 A 28 A\u00d1OS<\/strong>\u00a0<strong>POR SEXO, 2017<\/strong><\/p>\n<p><img loading=\"lazy\" decoding=\"async\" class=\"alignnone size-full wp-image-42255\" src=\"https:\/\/www.ine.gob.bo\/wp-content\/uploads\/2019\/07\/NP_INE.jpg\" alt=\"\" width=\"768\" height=\"432\" srcset=\"https:\/\/www.ine.gob.bo\/wp-content\/uploads\/2019\/07\/NP_INE.jpg 768w, https:\/\/www.ine.gob.bo\/wp-content\/uploads\/2019\/07\/NP_INE-300x169.jpg 300w\" sizes=\"auto, (max-width: 768px) 100vw, 768px\" \/><\/p>\n<p>Fuente: Instituto Nacional de Estad\u00edstica<\/p>\n<p>A nivel departamental, Santa Cruz aglutina a la mayor cantidad de j\u00f3venes de 16 a 28 a\u00f1os con 779.349, sigue La Paz con 644.933 y Cochabamba con 465.356 j\u00f3venes.<\/p>\n<p>&nbsp;<\/p>\n<p><strong>Gr\u00e1fico N\u00ba 2<\/strong><\/p>\n<p><strong>BOLIVIA: PROYECCIONES DE POBLACI\u00d3N DE 16 A 28 A\u00d1OS<\/strong>\u00a0<strong>POR DEPARTAMENTO, 2017<\/strong><\/p>\n<p><img loading=\"lazy\" decoding=\"async\" class=\"alignnone size-full wp-image-42256\" src=\"https:\/\/www.ine.gob.bo\/wp-content\/uploads\/2019\/07\/GRAFICO_2.jpg\" alt=\"\" width=\"768\" height=\"432\" srcset=\"https:\/\/www.ine.gob.bo\/wp-content\/uploads\/2019\/07\/GRAFICO_2.jpg 768w, https:\/\/www.ine.gob.bo\/wp-content\/uploads\/2019\/07\/GRAFICO_2-300x169.jpg 300w\" sizes=\"auto, (max-width: 768px) 100vw, 768px\" \/><\/p>\n<p>Fuente: Instituto Nacional de Estad\u00edstica<\/p>\n<p>Seg\u00fan datos del Censo 2012, 44,9% de los j\u00f3venes entre 16 a 28 a\u00f1os es hijo (a), mientras que 21,3% es jefe\/a de hogar.<\/p>\n<p>&nbsp;<\/p>\n<p><strong>Gr\u00e1fico N\u00ba 3<\/strong><\/p>\n<p><strong>BOLIVIA: POBLACI\u00d3N DE 16 A 28 A\u00d1OS POR RELACI\u00d3N DE PARENTESCO CON EL JEFE DE HOGAR, CENSO 2012<\/strong><\/p>\n<p><img loading=\"lazy\" decoding=\"async\" class=\"alignnone size-full wp-image-42257\" src=\"https:\/\/www.ine.gob.bo\/wp-content\/uploads\/2019\/07\/GRAFICO_3.jpg\" alt=\"\" width=\"768\" height=\"432\" srcset=\"https:\/\/www.ine.gob.bo\/wp-content\/uploads\/2019\/07\/GRAFICO_3.jpg 768w, https:\/\/www.ine.gob.bo\/wp-content\/uploads\/2019\/07\/GRAFICO_3-300x169.jpg 300w\" sizes=\"auto, (max-width: 768px) 100vw, 768px\" \/><\/p>\n<p>Fuente: Instituto Nacional de Estad\u00edstica<\/p>\n<p>Respecto al estado civil, 68,6% es soltero\/a y 19,5%, conviviente o concubino\/a.<\/p>\n<p><strong>Gr\u00e1fico N\u00ba 4<\/strong><\/p>\n<p><strong>BOLIVIA: POBLACI\u00d3N DE 16 A 28 A\u00d1OS DE EDAD POR ESTADO CIVIL, CENSO 2012<\/strong><\/p>\n<p><img loading=\"lazy\" decoding=\"async\" class=\"alignnone size-full wp-image-42258\" src=\"https:\/\/www.ine.gob.bo\/wp-content\/uploads\/2019\/07\/GRAFICO_4.jpg\" alt=\"\" width=\"768\" height=\"432\" srcset=\"https:\/\/www.ine.gob.bo\/wp-content\/uploads\/2019\/07\/GRAFICO_4.jpg 768w, https:\/\/www.ine.gob.bo\/wp-content\/uploads\/2019\/07\/GRAFICO_4-300x169.jpg 300w\" sizes=\"auto, (max-width: 768px) 100vw, 768px\" \/><\/p>\n<p>Fuente: Instituto Nacional de Estad\u00edstica<\/p>\n<p>En cuanto al nivel de instrucci\u00f3n alcanzado por los j\u00f3venes de 19 a 28 a\u00f1os, se registra un incremento de 7,8% entre los censos 2001 y 2012, para secundaria.<\/p>\n<p><strong>Gr\u00e1fico N\u00ba 5<\/strong><\/p>\n<p><strong>BOLIVIA: POBLACI\u00d3N DE 19 A 28 A\u00d1OS DE EDAD POR NIVEL DE INSTRUCCI\u00d3N,<\/strong><\/p>\n<p><strong>CENSOS 2001 Y 2012<\/strong><\/p>\n<p><img loading=\"lazy\" decoding=\"async\" class=\"alignnone size-full wp-image-42259\" src=\"https:\/\/www.ine.gob.bo\/wp-content\/uploads\/2019\/07\/GRAFICO_5.jpg\" alt=\"\" width=\"768\" height=\"432\" srcset=\"https:\/\/www.ine.gob.bo\/wp-content\/uploads\/2019\/07\/GRAFICO_5.jpg 768w, https:\/\/www.ine.gob.bo\/wp-content\/uploads\/2019\/07\/GRAFICO_5-300x169.jpg 300w\" sizes=\"auto, (max-width: 768px) 100vw, 768px\" \/><\/p>\n<p>Fuente: Instituto Nacional de Estad\u00edstica<\/p>\n<p>&nbsp;<\/p>\n<blockquote><p><strong><em>UNIDAD DE DIFUSI\u00d3N Y COMUNICACI\u00d3N<\/em><\/strong><\/p>\n<p><strong>INSTITUTO NACIONAL DE ESTAD\u00cdSTICA<\/strong><\/p>\n<p>&nbsp;<\/p><\/blockquote>\n","protected":false},"excerpt":{"rendered":"<p>Santa Cruz, 12 de agosto de 2017 (INE).- \u00a0En el D\u00eda Internacional de la Juventud, el Instituto Nacional de Estad\u00edstica inform\u00f3 que en el Estado Plurinacional de Bolivia, los j\u00f3venes de 16 a 28 a\u00f1os suman aproximadamente 2.627.320, seg\u00fan proyecciones para este a\u00f1o, de esta cifra 50,8% es hombre y 49,2%, mujer, adem\u00e1s el grupo&hellip;<\/p>\n","protected":false},"author":1,"featured_media":42257,"comment_status":"closed","ping_status":"open","sticky":false,"template":"","format":"standard","meta":[],"categories":[158],"tags":[],"class_list":["post-42254","post","type-post","status-publish","format-standard","has-post-thumbnail","hentry","category-ine-noticias","category-158","description-off"],"yoast_head":"<!-- This site is optimized with the Yoast SEO plugin v23.2 - https:\/\/yoast.com\/wordpress\/plugins\/seo\/ -->\n<title>D\u00cdA INTERNACIONAL DE LA JUVENTUD - INE<\/title>\n<meta name=\"description\" content=\"P\u00e1gina oficial del Instituto Nacional de Estadistica INE, informaci\u00f3n estad\u00edstica, geogr\u00e1fica y econ\u00f3mica a nivel nacional.\" \/>\n<meta name=\"robots\" content=\"index, follow, max-snippet:-1, max-image-preview:large, max-video-preview:-1\" \/>\n<link rel=\"canonical\" href=\"https:\/\/www.ine.gob.bo\/index.php\/dia-internacional-de-la-juventud\/\" \/>\n<meta property=\"og:locale\" content=\"es_ES\" \/>\n<meta property=\"og:type\" content=\"article\" \/>\n<meta property=\"og:title\" content=\"D\u00cdA INTERNACIONAL DE LA JUVENTUD - INE\" \/>\n<meta property=\"og:description\" content=\"P\u00e1gina oficial del Instituto Nacional de Estadistica INE, informaci\u00f3n estad\u00edstica, geogr\u00e1fica y econ\u00f3mica a nivel nacional.\" \/>\n<meta property=\"og:url\" content=\"https:\/\/www.ine.gob.bo\/index.php\/dia-internacional-de-la-juventud\/\" \/>\n<meta property=\"og:site_name\" content=\"INE\" \/>\n<meta property=\"article:publisher\" content=\"https:\/\/www.facebook.com\/ineboliviaoficial\" \/>\n<meta property=\"article:published_time\" content=\"2017-08-12T08:51:00+00:00\" \/>\n<meta property=\"article:modified_time\" content=\"2019-07-31T08:57:56+00:00\" \/>\n<meta property=\"og:image\" content=\"https:\/\/www.ine.gob.bo\/wp-content\/uploads\/2019\/07\/GRAFICO_3.jpg\" \/>\n\t<meta property=\"og:image:width\" content=\"768\" \/>\n\t<meta property=\"og:image:height\" content=\"432\" \/>\n\t<meta property=\"og:image:type\" content=\"image\/jpeg\" \/>\n<meta name=\"author\" content=\"4dmin-root\" \/>\n<meta name=\"twitter:card\" content=\"summary_large_image\" \/>\n<meta name=\"twitter:creator\" content=\"@INE_Bolivia\" \/>\n<meta name=\"twitter:site\" content=\"@INE_Bolivia\" \/>\n<meta name=\"twitter:label1\" content=\"Escrito por\" \/>\n\t<meta name=\"twitter:data1\" content=\"4dmin-root\" \/>\n\t<meta name=\"twitter:label2\" content=\"Tiempo de lectura\" \/>\n\t<meta name=\"twitter:data2\" content=\"1 minuto\" \/>\n<script type=\"application\/ld+json\" class=\"yoast-schema-graph\">{\"@context\":\"https:\/\/schema.org\",\"@graph\":[{\"@type\":\"Article\",\"@id\":\"https:\/\/www.ine.gob.bo\/index.php\/dia-internacional-de-la-juventud\/#article\",\"isPartOf\":{\"@id\":\"https:\/\/www.ine.gob.bo\/index.php\/dia-internacional-de-la-juventud\/\"},\"author\":{\"name\":\"4dmin-root\",\"@id\":\"https:\/\/www.ine.gob.bo\/#\/schema\/person\/4b9ab894e9de9fb7f2078269aea371be\"},\"headline\":\"D\u00cdA INTERNACIONAL DE LA JUVENTUD\",\"datePublished\":\"2017-08-12T08:51:00+00:00\",\"dateModified\":\"2019-07-31T08:57:56+00:00\",\"mainEntityOfPage\":{\"@id\":\"https:\/\/www.ine.gob.bo\/index.php\/dia-internacional-de-la-juventud\/\"},\"wordCount\":295,\"publisher\":{\"@id\":\"https:\/\/www.ine.gob.bo\/#organization\"},\"image\":{\"@id\":\"https:\/\/www.ine.gob.bo\/index.php\/dia-internacional-de-la-juventud\/#primaryimage\"},\"thumbnailUrl\":\"https:\/\/www.ine.gob.bo\/wp-content\/uploads\/2019\/07\/GRAFICO_3.jpg\",\"articleSection\":[\"INE noticias\"],\"inLanguage\":\"es\"},{\"@type\":\"WebPage\",\"@id\":\"https:\/\/www.ine.gob.bo\/index.php\/dia-internacional-de-la-juventud\/\",\"url\":\"https:\/\/www.ine.gob.bo\/index.php\/dia-internacional-de-la-juventud\/\",\"name\":\"D\u00cdA INTERNACIONAL DE LA JUVENTUD - INE\",\"isPartOf\":{\"@id\":\"https:\/\/www.ine.gob.bo\/#website\"},\"primaryImageOfPage\":{\"@id\":\"https:\/\/www.ine.gob.bo\/index.php\/dia-internacional-de-la-juventud\/#primaryimage\"},\"image\":{\"@id\":\"https:\/\/www.ine.gob.bo\/index.php\/dia-internacional-de-la-juventud\/#primaryimage\"},\"thumbnailUrl\":\"https:\/\/www.ine.gob.bo\/wp-content\/uploads\/2019\/07\/GRAFICO_3.jpg\",\"datePublished\":\"2017-08-12T08:51:00+00:00\",\"dateModified\":\"2019-07-31T08:57:56+00:00\",\"description\":\"P\u00e1gina oficial del Instituto Nacional de Estadistica INE, informaci\u00f3n estad\u00edstica, geogr\u00e1fica y econ\u00f3mica a nivel nacional.\",\"breadcrumb\":{\"@id\":\"https:\/\/www.ine.gob.bo\/index.php\/dia-internacional-de-la-juventud\/#breadcrumb\"},\"inLanguage\":\"es\",\"potentialAction\":[{\"@type\":\"ReadAction\",\"target\":[\"https:\/\/www.ine.gob.bo\/index.php\/dia-internacional-de-la-juventud\/\"]}]},{\"@type\":\"ImageObject\",\"inLanguage\":\"es\",\"@id\":\"https:\/\/www.ine.gob.bo\/index.php\/dia-internacional-de-la-juventud\/#primaryimage\",\"url\":\"https:\/\/www.ine.gob.bo\/wp-content\/uploads\/2019\/07\/GRAFICO_3.jpg\",\"contentUrl\":\"https:\/\/www.ine.gob.bo\/wp-content\/uploads\/2019\/07\/GRAFICO_3.jpg\",\"width\":768,\"height\":432},{\"@type\":\"BreadcrumbList\",\"@id\":\"https:\/\/www.ine.gob.bo\/index.php\/dia-internacional-de-la-juventud\/#breadcrumb\",\"itemListElement\":[{\"@type\":\"ListItem\",\"position\":1,\"name\":\"Portada\",\"item\":\"https:\/\/www.ine.gob.bo\/\"},{\"@type\":\"ListItem\",\"position\":2,\"name\":\"D\u00cdA INTERNACIONAL DE LA JUVENTUD\"}]},{\"@type\":\"WebSite\",\"@id\":\"https:\/\/www.ine.gob.bo\/#website\",\"url\":\"https:\/\/www.ine.gob.bo\/\",\"name\":\"INE\",\"description\":\"Instituto Nacional de Estad\u00edstica\",\"publisher\":{\"@id\":\"https:\/\/www.ine.gob.bo\/#organization\"},\"potentialAction\":[{\"@type\":\"SearchAction\",\"target\":{\"@type\":\"EntryPoint\",\"urlTemplate\":\"https:\/\/www.ine.gob.bo\/?s={search_term_string}\"},\"query-input\":\"required name=search_term_string\"}],\"inLanguage\":\"es\"},{\"@type\":\"Organization\",\"@id\":\"https:\/\/www.ine.gob.bo\/#organization\",\"name\":\"Instituto Nacional de Estad\u00edstica\",\"url\":\"https:\/\/www.ine.gob.bo\/\",\"logo\":{\"@type\":\"ImageObject\",\"inLanguage\":\"es\",\"@id\":\"https:\/\/www.ine.gob.bo\/#\/schema\/logo\/image\/\",\"url\":\"https:\/\/www.ine.gob.bo\/wp-content\/uploads\/2026\/02\/logo-ine.jpg\",\"contentUrl\":\"https:\/\/www.ine.gob.bo\/wp-content\/uploads\/2026\/02\/logo-ine.jpg\",\"width\":799,\"height\":453,\"caption\":\"Instituto Nacional de Estad\u00edstica\"},\"image\":{\"@id\":\"https:\/\/www.ine.gob.bo\/#\/schema\/logo\/image\/\"},\"sameAs\":[\"https:\/\/www.facebook.com\/ineboliviaoficial\",\"https:\/\/x.com\/INE_Bolivia\",\"https:\/\/www.instagram.com\/ineboliviaoficial\/\",\"https:\/\/www.youtube.com\/channel\/UCbIQXKLw414g5kWo1tAwqCg\"]},{\"@type\":\"Person\",\"@id\":\"https:\/\/www.ine.gob.bo\/#\/schema\/person\/4b9ab894e9de9fb7f2078269aea371be\",\"name\":\"4dmin-root\",\"image\":{\"@type\":\"ImageObject\",\"inLanguage\":\"es\",\"@id\":\"https:\/\/www.ine.gob.bo\/#\/schema\/person\/image\/\",\"url\":\"https:\/\/secure.gravatar.com\/avatar\/0824ec9f3a25d622e58133204574c46e0832b417c3b610112cf50ccc044cbefe?s=96&d=mm&r=g\",\"contentUrl\":\"https:\/\/secure.gravatar.com\/avatar\/0824ec9f3a25d622e58133204574c46e0832b417c3b610112cf50ccc044cbefe?s=96&d=mm&r=g\",\"caption\":\"4dmin-root\"},\"url\":\"https:\/\/www.ine.gob.bo\/index.php\/author\/4dmin-root\/\"}]}<\/script>\n<!-- \/ Yoast SEO plugin. -->","yoast_head_json":{"title":"D\u00cdA INTERNACIONAL DE LA JUVENTUD - INE","description":"P\u00e1gina oficial del Instituto Nacional de Estadistica INE, informaci\u00f3n estad\u00edstica, geogr\u00e1fica y econ\u00f3mica a nivel nacional.","robots":{"index":"index","follow":"follow","max-snippet":"max-snippet:-1","max-image-preview":"max-image-preview:large","max-video-preview":"max-video-preview:-1"},"canonical":"https:\/\/www.ine.gob.bo\/index.php\/dia-internacional-de-la-juventud\/","og_locale":"es_ES","og_type":"article","og_title":"D\u00cdA INTERNACIONAL DE LA JUVENTUD - INE","og_description":"P\u00e1gina oficial del Instituto Nacional de Estadistica INE, informaci\u00f3n estad\u00edstica, geogr\u00e1fica y econ\u00f3mica a nivel nacional.","og_url":"https:\/\/www.ine.gob.bo\/index.php\/dia-internacional-de-la-juventud\/","og_site_name":"INE","article_publisher":"https:\/\/www.facebook.com\/ineboliviaoficial","article_published_time":"2017-08-12T08:51:00+00:00","article_modified_time":"2019-07-31T08:57:56+00:00","og_image":[{"width":768,"height":432,"url":"https:\/\/www.ine.gob.bo\/wp-content\/uploads\/2019\/07\/GRAFICO_3.jpg","type":"image\/jpeg"}],"author":"4dmin-root","twitter_card":"summary_large_image","twitter_creator":"@INE_Bolivia","twitter_site":"@INE_Bolivia","twitter_misc":{"Escrito por":"4dmin-root","Tiempo de lectura":"1 minuto"},"schema":{"@context":"https:\/\/schema.org","@graph":[{"@type":"Article","@id":"https:\/\/www.ine.gob.bo\/index.php\/dia-internacional-de-la-juventud\/#article","isPartOf":{"@id":"https:\/\/www.ine.gob.bo\/index.php\/dia-internacional-de-la-juventud\/"},"author":{"name":"4dmin-root","@id":"https:\/\/www.ine.gob.bo\/#\/schema\/person\/4b9ab894e9de9fb7f2078269aea371be"},"headline":"D\u00cdA INTERNACIONAL DE LA JUVENTUD","datePublished":"2017-08-12T08:51:00+00:00","dateModified":"2019-07-31T08:57:56+00:00","mainEntityOfPage":{"@id":"https:\/\/www.ine.gob.bo\/index.php\/dia-internacional-de-la-juventud\/"},"wordCount":295,"publisher":{"@id":"https:\/\/www.ine.gob.bo\/#organization"},"image":{"@id":"https:\/\/www.ine.gob.bo\/index.php\/dia-internacional-de-la-juventud\/#primaryimage"},"thumbnailUrl":"https:\/\/www.ine.gob.bo\/wp-content\/uploads\/2019\/07\/GRAFICO_3.jpg","articleSection":["INE noticias"],"inLanguage":"es"},{"@type":"WebPage","@id":"https:\/\/www.ine.gob.bo\/index.php\/dia-internacional-de-la-juventud\/","url":"https:\/\/www.ine.gob.bo\/index.php\/dia-internacional-de-la-juventud\/","name":"D\u00cdA INTERNACIONAL DE LA JUVENTUD - INE","isPartOf":{"@id":"https:\/\/www.ine.gob.bo\/#website"},"primaryImageOfPage":{"@id":"https:\/\/www.ine.gob.bo\/index.php\/dia-internacional-de-la-juventud\/#primaryimage"},"image":{"@id":"https:\/\/www.ine.gob.bo\/index.php\/dia-internacional-de-la-juventud\/#primaryimage"},"thumbnailUrl":"https:\/\/www.ine.gob.bo\/wp-content\/uploads\/2019\/07\/GRAFICO_3.jpg","datePublished":"2017-08-12T08:51:00+00:00","dateModified":"2019-07-31T08:57:56+00:00","description":"P\u00e1gina oficial del Instituto Nacional de Estadistica INE, informaci\u00f3n estad\u00edstica, geogr\u00e1fica y econ\u00f3mica a nivel nacional.","breadcrumb":{"@id":"https:\/\/www.ine.gob.bo\/index.php\/dia-internacional-de-la-juventud\/#breadcrumb"},"inLanguage":"es","potentialAction":[{"@type":"ReadAction","target":["https:\/\/www.ine.gob.bo\/index.php\/dia-internacional-de-la-juventud\/"]}]},{"@type":"ImageObject","inLanguage":"es","@id":"https:\/\/www.ine.gob.bo\/index.php\/dia-internacional-de-la-juventud\/#primaryimage","url":"https:\/\/www.ine.gob.bo\/wp-content\/uploads\/2019\/07\/GRAFICO_3.jpg","contentUrl":"https:\/\/www.ine.gob.bo\/wp-content\/uploads\/2019\/07\/GRAFICO_3.jpg","width":768,"height":432},{"@type":"BreadcrumbList","@id":"https:\/\/www.ine.gob.bo\/index.php\/dia-internacional-de-la-juventud\/#breadcrumb","itemListElement":[{"@type":"ListItem","position":1,"name":"Portada","item":"https:\/\/www.ine.gob.bo\/"},{"@type":"ListItem","position":2,"name":"D\u00cdA INTERNACIONAL DE LA JUVENTUD"}]},{"@type":"WebSite","@id":"https:\/\/www.ine.gob.bo\/#website","url":"https:\/\/www.ine.gob.bo\/","name":"INE","description":"Instituto Nacional de Estad\u00edstica","publisher":{"@id":"https:\/\/www.ine.gob.bo\/#organization"},"potentialAction":[{"@type":"SearchAction","target":{"@type":"EntryPoint","urlTemplate":"https:\/\/www.ine.gob.bo\/?s={search_term_string}"},"query-input":"required name=search_term_string"}],"inLanguage":"es"},{"@type":"Organization","@id":"https:\/\/www.ine.gob.bo\/#organization","name":"Instituto Nacional de Estad\u00edstica","url":"https:\/\/www.ine.gob.bo\/","logo":{"@type":"ImageObject","inLanguage":"es","@id":"https:\/\/www.ine.gob.bo\/#\/schema\/logo\/image\/","url":"https:\/\/www.ine.gob.bo\/wp-content\/uploads\/2026\/02\/logo-ine.jpg","contentUrl":"https:\/\/www.ine.gob.bo\/wp-content\/uploads\/2026\/02\/logo-ine.jpg","width":799,"height":453,"caption":"Instituto Nacional de Estad\u00edstica"},"image":{"@id":"https:\/\/www.ine.gob.bo\/#\/schema\/logo\/image\/"},"sameAs":["https:\/\/www.facebook.com\/ineboliviaoficial","https:\/\/x.com\/INE_Bolivia","https:\/\/www.instagram.com\/ineboliviaoficial\/","https:\/\/www.youtube.com\/channel\/UCbIQXKLw414g5kWo1tAwqCg"]},{"@type":"Person","@id":"https:\/\/www.ine.gob.bo\/#\/schema\/person\/4b9ab894e9de9fb7f2078269aea371be","name":"4dmin-root","image":{"@type":"ImageObject","inLanguage":"es","@id":"https:\/\/www.ine.gob.bo\/#\/schema\/person\/image\/","url":"https:\/\/secure.gravatar.com\/avatar\/0824ec9f3a25d622e58133204574c46e0832b417c3b610112cf50ccc044cbefe?s=96&d=mm&r=g","contentUrl":"https:\/\/secure.gravatar.com\/avatar\/0824ec9f3a25d622e58133204574c46e0832b417c3b610112cf50ccc044cbefe?s=96&d=mm&r=g","caption":"4dmin-root"},"url":"https:\/\/www.ine.gob.bo\/index.php\/author\/4dmin-root\/"}]}},"rttpg_featured_image_url":{"full":["https:\/\/www.ine.gob.bo\/wp-content\/uploads\/2019\/07\/GRAFICO_3.jpg",768,432,false],"landscape":["https:\/\/www.ine.gob.bo\/wp-content\/uploads\/2019\/07\/GRAFICO_3.jpg",768,432,false],"portraits":["https:\/\/www.ine.gob.bo\/wp-content\/uploads\/2019\/07\/GRAFICO_3.jpg",768,432,false],"thumbnail":["https:\/\/www.ine.gob.bo\/wp-content\/uploads\/2019\/07\/GRAFICO_3-150x150.jpg",150,150,true],"medium":["https:\/\/www.ine.gob.bo\/wp-content\/uploads\/2019\/07\/GRAFICO_3-300x169.jpg",300,169,true],"large":["https:\/\/www.ine.gob.bo\/wp-content\/uploads\/2019\/07\/GRAFICO_3.jpg",768,432,false],"1536x1536":["https:\/\/www.ine.gob.bo\/wp-content\/uploads\/2019\/07\/GRAFICO_3.jpg",768,432,false],"2048x2048":["https:\/\/www.ine.gob.bo\/wp-content\/uploads\/2019\/07\/GRAFICO_3.jpg",768,432,false]},"rttpg_author":{"display_name":"4dmin-root","author_link":"https:\/\/www.ine.gob.bo\/index.php\/author\/4dmin-root\/"},"rttpg_comment":0,"rttpg_category":"<a href=\"https:\/\/www.ine.gob.bo\/index.php\/category\/ine-noticias\/\" rel=\"category tag\">INE noticias<\/a>","rttpg_excerpt":"Santa Cruz, 12 de agosto de 2017 (INE).- \u00a0En el D\u00eda Internacional de la Juventud, el Instituto Nacional de Estad\u00edstica inform\u00f3 que en el Estado Plurinacional de Bolivia, los j\u00f3venes de 16 a 28 a\u00f1os suman aproximadamente 2.627.320, seg\u00fan proyecciones para este a\u00f1o, de esta cifra 50,8% es hombre y 49,2%, mujer, adem\u00e1s el grupo&hellip;","_links":{"self":[{"href":"https:\/\/www.ine.gob.bo\/index.php\/wp-json\/wp\/v2\/posts\/42254","targetHints":{"allow":["GET"]}}],"collection":[{"href":"https:\/\/www.ine.gob.bo\/index.php\/wp-json\/wp\/v2\/posts"}],"about":[{"href":"https:\/\/www.ine.gob.bo\/index.php\/wp-json\/wp\/v2\/types\/post"}],"author":[{"embeddable":true,"href":"https:\/\/www.ine.gob.bo\/index.php\/wp-json\/wp\/v2\/users\/1"}],"replies":[{"embeddable":true,"href":"https:\/\/www.ine.gob.bo\/index.php\/wp-json\/wp\/v2\/comments?post=42254"}],"version-history":[{"count":0,"href":"https:\/\/www.ine.gob.bo\/index.php\/wp-json\/wp\/v2\/posts\/42254\/revisions"}],"wp:featuredmedia":[{"embeddable":true,"href":"https:\/\/www.ine.gob.bo\/index.php\/wp-json\/wp\/v2\/media\/42257"}],"wp:attachment":[{"href":"https:\/\/www.ine.gob.bo\/index.php\/wp-json\/wp\/v2\/media?parent=42254"}],"wp:term":[{"taxonomy":"category","embeddable":true,"href":"https:\/\/www.ine.gob.bo\/index.php\/wp-json\/wp\/v2\/categories?post=42254"},{"taxonomy":"post_tag","embeddable":true,"href":"https:\/\/www.ine.gob.bo\/index.php\/wp-json\/wp\/v2\/tags?post=42254"}],"curies":[{"name":"wp","href":"https:\/\/api.w.org\/{rel}","templated":true}]}}