{"id":42120,"date":"2017-11-08T23:00:35","date_gmt":"2017-11-08T22:00:35","guid":{"rendered":"https:\/\/www.ine.gob.bo\/?p=42120"},"modified":"2019-07-30T23:04:16","modified_gmt":"2019-07-30T21:04:16","slug":"en-independencia-la-papa-es-el-principal-cultivo-de-verano","status":"publish","type":"post","link":"https:\/\/www.ine.gob.bo\/index.php\/en-independencia-la-papa-es-el-principal-cultivo-de-verano\/","title":{"rendered":"En Independencia la papa es el principal cultivo de verano"},"content":{"rendered":"<p><strong>Cochabamba, 08 de noviembre de 2017 (INE).-\u00a0<\/strong>El Instituto Nacional de Estad\u00edstica (INE), inform\u00f3 que Independencia tiene como su principal cultivo de verano la papa, para el a\u00f1o agr\u00edcola 2012 -2013 se registraron 2.017,17 hect\u00e1reas de este tub\u00e9rculo. El municipio, que hoy celebra su aniversario,\u00a0est\u00e1 ubicado en la provincia\u00a0<a title=\"Ayopaya\" href=\"http:\/\/maps.google.com\/maps?ll=-16.5,-66.5666666667&amp;spn=0.1,0.1&amp;q=-16.5,-66.5666666667%20%28Ayopaya%29&amp;t=h\" target=\"_blank\" rel=\"noopener noreferrer\">Ayopaya<\/a>, al\u00a0<a title=\"Esporte Clube Noroeste\" href=\"http:\/\/en.wikipedia.org\/wiki\/Esporte_Clube_Noroeste\" target=\"_blank\" rel=\"noopener noreferrer\">noroeste<\/a>del departamento de\u00a0<a title=\"Cochabamba\" href=\"http:\/\/maps.google.com\/maps?ll=-17.3833333333,-66.1666666667&amp;spn=0.1,0.1&amp;q=-17.3833333333,-66.1666666667%20%28Cochabamba%29&amp;t=h\" target=\"_blank\" rel=\"noopener noreferrer\">Cochabamba<\/a>\u00a0y 220 Km. de distancia de la ciudad capital.<\/p>\n<p>Seg\u00fan resultados del Censo Agropecuario 2013, otros productos cultivados en esta regi\u00f3n son el ma\u00edz con 1.858,64 hect\u00e1reas, trigo 718,94 hect\u00e1reas, haba verde 296,98 hect\u00e1reas, avena 275,69 hect\u00e1reas y oca 180,51 hect\u00e1reas.<\/p>\n<p><strong>Infograf\u00eda N\u00ba 1<\/strong><\/p>\n<p><strong>MUNICIPIO INDEPENDENCIA: SUPERFICIE CULTIVADA DE LOS PRINCIPALES CULTIVOS DE VERANO, CENSO AGROPECUARIO 2013<\/strong><\/p>\n<p><strong>(En hect\u00e1reas)<\/strong><\/p>\n<p><img loading=\"lazy\" decoding=\"async\" class=\"alignnone size-full wp-image-42121\" src=\"https:\/\/www.ine.gob.bo\/wp-content\/uploads\/2019\/07\/Independencia1.png\" alt=\"\" width=\"474\" height=\"375\" srcset=\"https:\/\/www.ine.gob.bo\/wp-content\/uploads\/2019\/07\/Independencia1.png 474w, https:\/\/www.ine.gob.bo\/wp-content\/uploads\/2019\/07\/Independencia1-300x237.png 300w\" sizes=\"auto, (max-width: 474px) 100vw, 474px\" \/><\/p>\n<p>Entre las especies ganaderas m\u00e1s numerosas del municipio de Independencia, figuran los ovinos con 82.503 cabezas, aves de corral 16.818 cabezas y bovinos 14.709 cabezas.<\/p>\n<p><strong>Gr\u00e0fico N\u00ba 1<\/strong><\/p>\n<p><strong>MUNICIPIO INDEPENDENCIA: PRINCIPALES ESPECIES GANADERAS, CENSO AGROPECUARIO 2013<\/strong><\/p>\n<p><strong>(En n\u00famero de cabezas)<\/strong><\/p>\n<p><img loading=\"lazy\" decoding=\"async\" class=\"alignnone size-full wp-image-42122\" src=\"https:\/\/www.ine.gob.bo\/wp-content\/uploads\/2019\/07\/Independencia2.png\" alt=\"\" width=\"484\" height=\"331\" srcset=\"https:\/\/www.ine.gob.bo\/wp-content\/uploads\/2019\/07\/Independencia2.png 484w, https:\/\/www.ine.gob.bo\/wp-content\/uploads\/2019\/07\/Independencia2-300x205.png 300w\" sizes=\"auto, (max-width: 484px) 100vw, 484px\" \/><\/p>\n<p>La superficie de uso agr\u00edcola del municipio alcanza a 13.277,11 hect\u00e1reas, en tanto que la superficie destinada a la ganader\u00eda llega a 2.199,47 hect\u00e1reas y forestal alcanza a 1.065,46 hect\u00e1reas, de acuerdo a datos del Censo Agropecuario 2013.<\/p>\n<p><strong>Infograf\u00eda N\u00ba 2<\/strong><\/p>\n<p><strong>MUNICIPIO INDEPENDENCIA: SUPERFICIE SEG\u00daN USO DE LA TIERRA, CENSO AGROPECUARIO 2013<\/strong><\/p>\n<p><strong>(En hect\u00e1reas)<\/strong><\/p>\n<p><img loading=\"lazy\" decoding=\"async\" class=\"alignnone size-full wp-image-42123\" src=\"https:\/\/www.ine.gob.bo\/wp-content\/uploads\/2019\/07\/Independencia3.png\" alt=\"\" width=\"330\" height=\"270\" srcset=\"https:\/\/www.ine.gob.bo\/wp-content\/uploads\/2019\/07\/Independencia3.png 330w, https:\/\/www.ine.gob.bo\/wp-content\/uploads\/2019\/07\/Independencia3-300x245.png 300w\" sizes=\"auto, (max-width: 330px) 100vw, 330px\" \/><\/p>\n<p>Datos de poblaci\u00f3n establecen que para el Censo 2012, el municipio de Independencia contaba con 23.658 habitantes, distribuidos en 12.180 mujeres y 11.478 hombres. Seg\u00fan proyecciones poblacionales para el a\u00f1o 2017 el municipio tiene una poblaci\u00f3n de 24.790 habitantes y para el a\u00f1o 2020 tendr\u00e1 24.898 habitantes.<\/p>\n<p><strong>Gr\u00e1fico N\u00ba 2<\/strong><\/p>\n<p><strong>MUNICIPIO INDEPENDENCIA: PROYECCIONES DE POBLACI\u00d3N POR SEXO, 2017 -2020<\/strong><\/p>\n<p><strong>(En n\u00famero de personas)<\/strong><\/p>\n<p><img loading=\"lazy\" decoding=\"async\" class=\"alignnone size-full wp-image-42124\" src=\"https:\/\/www.ine.gob.bo\/wp-content\/uploads\/2019\/07\/Independencia4.png\" alt=\"\" width=\"490\" height=\"305\" srcset=\"https:\/\/www.ine.gob.bo\/wp-content\/uploads\/2019\/07\/Independencia4.png 490w, https:\/\/www.ine.gob.bo\/wp-content\/uploads\/2019\/07\/Independencia4-300x187.png 300w\" sizes=\"auto, (max-width: 490px) 100vw, 490px\" \/><\/p>\n<blockquote><p><strong><em>UNIDAD DE DIFUSI\u00d3N Y COMUNICACI\u00d3N<\/em><\/strong><\/p>\n<p><strong>INSTITUTO NACIONAL DE ESTAD\u00cdSTICA<\/strong><\/p><\/blockquote>\n","protected":false},"excerpt":{"rendered":"<p>Cochabamba, 08 de noviembre de 2017 (INE).-\u00a0El Instituto Nacional de Estad\u00edstica (INE), inform\u00f3 que Independencia tiene como su principal cultivo de verano la papa, para el a\u00f1o agr\u00edcola 2012 -2013 se registraron 2.017,17 hect\u00e1reas de este tub\u00e9rculo. El municipio, que hoy celebra su aniversario,\u00a0est\u00e1 ubicado en la provincia\u00a0Ayopaya, al\u00a0noroestedel departamento de\u00a0Cochabamba\u00a0y 220 Km. de distancia&hellip;<\/p>\n","protected":false},"author":1,"featured_media":42121,"comment_status":"closed","ping_status":"open","sticky":false,"template":"","format":"standard","meta":[],"categories":[158],"tags":[],"class_list":["post-42120","post","type-post","status-publish","format-standard","has-post-thumbnail","hentry","category-ine-noticias","category-158","description-off"],"yoast_head":"<!-- This site is optimized with the Yoast SEO plugin v23.2 - https:\/\/yoast.com\/wordpress\/plugins\/seo\/ -->\n<title>En Independencia la papa es el principal cultivo de verano - INE<\/title>\n<meta name=\"description\" content=\"P\u00e1gina oficial del Instituto Nacional de Estadistica INE, informaci\u00f3n estad\u00edstica, geogr\u00e1fica y econ\u00f3mica a nivel nacional.\" \/>\n<meta name=\"robots\" content=\"index, follow, max-snippet:-1, max-image-preview:large, max-video-preview:-1\" \/>\n<link rel=\"canonical\" href=\"https:\/\/www.ine.gob.bo\/index.php\/en-independencia-la-papa-es-el-principal-cultivo-de-verano\/\" \/>\n<meta property=\"og:locale\" content=\"es_ES\" \/>\n<meta property=\"og:type\" content=\"article\" \/>\n<meta property=\"og:title\" content=\"En Independencia la papa es el principal cultivo de verano - INE\" \/>\n<meta property=\"og:description\" content=\"P\u00e1gina oficial del Instituto Nacional de Estadistica INE, informaci\u00f3n estad\u00edstica, geogr\u00e1fica y econ\u00f3mica a nivel nacional.\" \/>\n<meta property=\"og:url\" content=\"https:\/\/www.ine.gob.bo\/index.php\/en-independencia-la-papa-es-el-principal-cultivo-de-verano\/\" \/>\n<meta property=\"og:site_name\" content=\"INE\" \/>\n<meta property=\"article:publisher\" content=\"https:\/\/www.facebook.com\/ineboliviaoficial\" \/>\n<meta property=\"article:published_time\" content=\"2017-11-08T22:00:35+00:00\" \/>\n<meta property=\"article:modified_time\" content=\"2019-07-30T21:04:16+00:00\" \/>\n<meta property=\"og:image\" content=\"https:\/\/www.ine.gob.bo\/wp-content\/uploads\/2019\/07\/Independencia1.png\" \/>\n\t<meta property=\"og:image:width\" content=\"474\" \/>\n\t<meta property=\"og:image:height\" content=\"375\" \/>\n\t<meta property=\"og:image:type\" content=\"image\/png\" \/>\n<meta name=\"author\" content=\"4dmin-root\" \/>\n<meta name=\"twitter:card\" content=\"summary_large_image\" \/>\n<meta name=\"twitter:creator\" content=\"@INE_Bolivia\" \/>\n<meta name=\"twitter:site\" content=\"@INE_Bolivia\" \/>\n<meta name=\"twitter:label1\" content=\"Escrito por\" \/>\n\t<meta name=\"twitter:data1\" content=\"4dmin-root\" \/>\n\t<meta name=\"twitter:label2\" content=\"Tiempo de lectura\" \/>\n\t<meta name=\"twitter:data2\" content=\"1 minuto\" \/>\n<script type=\"application\/ld+json\" class=\"yoast-schema-graph\">{\"@context\":\"https:\/\/schema.org\",\"@graph\":[{\"@type\":\"Article\",\"@id\":\"https:\/\/www.ine.gob.bo\/index.php\/en-independencia-la-papa-es-el-principal-cultivo-de-verano\/#article\",\"isPartOf\":{\"@id\":\"https:\/\/www.ine.gob.bo\/index.php\/en-independencia-la-papa-es-el-principal-cultivo-de-verano\/\"},\"author\":{\"name\":\"4dmin-root\",\"@id\":\"https:\/\/www.ine.gob.bo\/#\/schema\/person\/4b9ab894e9de9fb7f2078269aea371be\"},\"headline\":\"En Independencia la papa es el principal cultivo de verano\",\"datePublished\":\"2017-11-08T22:00:35+00:00\",\"dateModified\":\"2019-07-30T21:04:16+00:00\",\"mainEntityOfPage\":{\"@id\":\"https:\/\/www.ine.gob.bo\/index.php\/en-independencia-la-papa-es-el-principal-cultivo-de-verano\/\"},\"wordCount\":295,\"publisher\":{\"@id\":\"https:\/\/www.ine.gob.bo\/#organization\"},\"image\":{\"@id\":\"https:\/\/www.ine.gob.bo\/index.php\/en-independencia-la-papa-es-el-principal-cultivo-de-verano\/#primaryimage\"},\"thumbnailUrl\":\"https:\/\/www.ine.gob.bo\/wp-content\/uploads\/2019\/07\/Independencia1.png\",\"articleSection\":[\"INE noticias\"],\"inLanguage\":\"es\"},{\"@type\":\"WebPage\",\"@id\":\"https:\/\/www.ine.gob.bo\/index.php\/en-independencia-la-papa-es-el-principal-cultivo-de-verano\/\",\"url\":\"https:\/\/www.ine.gob.bo\/index.php\/en-independencia-la-papa-es-el-principal-cultivo-de-verano\/\",\"name\":\"En Independencia la papa es el principal cultivo de verano - INE\",\"isPartOf\":{\"@id\":\"https:\/\/www.ine.gob.bo\/#website\"},\"primaryImageOfPage\":{\"@id\":\"https:\/\/www.ine.gob.bo\/index.php\/en-independencia-la-papa-es-el-principal-cultivo-de-verano\/#primaryimage\"},\"image\":{\"@id\":\"https:\/\/www.ine.gob.bo\/index.php\/en-independencia-la-papa-es-el-principal-cultivo-de-verano\/#primaryimage\"},\"thumbnailUrl\":\"https:\/\/www.ine.gob.bo\/wp-content\/uploads\/2019\/07\/Independencia1.png\",\"datePublished\":\"2017-11-08T22:00:35+00:00\",\"dateModified\":\"2019-07-30T21:04:16+00:00\",\"description\":\"P\u00e1gina oficial del Instituto Nacional de Estadistica INE, informaci\u00f3n estad\u00edstica, geogr\u00e1fica y econ\u00f3mica a nivel nacional.\",\"breadcrumb\":{\"@id\":\"https:\/\/www.ine.gob.bo\/index.php\/en-independencia-la-papa-es-el-principal-cultivo-de-verano\/#breadcrumb\"},\"inLanguage\":\"es\",\"potentialAction\":[{\"@type\":\"ReadAction\",\"target\":[\"https:\/\/www.ine.gob.bo\/index.php\/en-independencia-la-papa-es-el-principal-cultivo-de-verano\/\"]}]},{\"@type\":\"ImageObject\",\"inLanguage\":\"es\",\"@id\":\"https:\/\/www.ine.gob.bo\/index.php\/en-independencia-la-papa-es-el-principal-cultivo-de-verano\/#primaryimage\",\"url\":\"https:\/\/www.ine.gob.bo\/wp-content\/uploads\/2019\/07\/Independencia1.png\",\"contentUrl\":\"https:\/\/www.ine.gob.bo\/wp-content\/uploads\/2019\/07\/Independencia1.png\",\"width\":474,\"height\":375},{\"@type\":\"BreadcrumbList\",\"@id\":\"https:\/\/www.ine.gob.bo\/index.php\/en-independencia-la-papa-es-el-principal-cultivo-de-verano\/#breadcrumb\",\"itemListElement\":[{\"@type\":\"ListItem\",\"position\":1,\"name\":\"Portada\",\"item\":\"https:\/\/www.ine.gob.bo\/\"},{\"@type\":\"ListItem\",\"position\":2,\"name\":\"En Independencia la papa es el principal cultivo de verano\"}]},{\"@type\":\"WebSite\",\"@id\":\"https:\/\/www.ine.gob.bo\/#website\",\"url\":\"https:\/\/www.ine.gob.bo\/\",\"name\":\"INE\",\"description\":\"Instituto Nacional de Estad\u00edstica\",\"publisher\":{\"@id\":\"https:\/\/www.ine.gob.bo\/#organization\"},\"potentialAction\":[{\"@type\":\"SearchAction\",\"target\":{\"@type\":\"EntryPoint\",\"urlTemplate\":\"https:\/\/www.ine.gob.bo\/?s={search_term_string}\"},\"query-input\":\"required name=search_term_string\"}],\"inLanguage\":\"es\"},{\"@type\":\"Organization\",\"@id\":\"https:\/\/www.ine.gob.bo\/#organization\",\"name\":\"Instituto Nacional de Estad\u00edstica\",\"url\":\"https:\/\/www.ine.gob.bo\/\",\"logo\":{\"@type\":\"ImageObject\",\"inLanguage\":\"es\",\"@id\":\"https:\/\/www.ine.gob.bo\/#\/schema\/logo\/image\/\",\"url\":\"https:\/\/www.ine.gob.bo\/wp-content\/uploads\/2026\/02\/logo-ine.jpg\",\"contentUrl\":\"https:\/\/www.ine.gob.bo\/wp-content\/uploads\/2026\/02\/logo-ine.jpg\",\"width\":799,\"height\":453,\"caption\":\"Instituto Nacional de Estad\u00edstica\"},\"image\":{\"@id\":\"https:\/\/www.ine.gob.bo\/#\/schema\/logo\/image\/\"},\"sameAs\":[\"https:\/\/www.facebook.com\/ineboliviaoficial\",\"https:\/\/x.com\/INE_Bolivia\",\"https:\/\/www.instagram.com\/ineboliviaoficial\/\",\"https:\/\/www.youtube.com\/channel\/UCbIQXKLw414g5kWo1tAwqCg\"]},{\"@type\":\"Person\",\"@id\":\"https:\/\/www.ine.gob.bo\/#\/schema\/person\/4b9ab894e9de9fb7f2078269aea371be\",\"name\":\"4dmin-root\",\"image\":{\"@type\":\"ImageObject\",\"inLanguage\":\"es\",\"@id\":\"https:\/\/www.ine.gob.bo\/#\/schema\/person\/image\/\",\"url\":\"https:\/\/secure.gravatar.com\/avatar\/0824ec9f3a25d622e58133204574c46e0832b417c3b610112cf50ccc044cbefe?s=96&d=mm&r=g\",\"contentUrl\":\"https:\/\/secure.gravatar.com\/avatar\/0824ec9f3a25d622e58133204574c46e0832b417c3b610112cf50ccc044cbefe?s=96&d=mm&r=g\",\"caption\":\"4dmin-root\"},\"url\":\"https:\/\/www.ine.gob.bo\/index.php\/author\/4dmin-root\/\"}]}<\/script>\n<!-- \/ Yoast SEO plugin. -->","yoast_head_json":{"title":"En Independencia la papa es el principal cultivo de verano - INE","description":"P\u00e1gina oficial del Instituto Nacional de Estadistica INE, informaci\u00f3n estad\u00edstica, geogr\u00e1fica y econ\u00f3mica a nivel nacional.","robots":{"index":"index","follow":"follow","max-snippet":"max-snippet:-1","max-image-preview":"max-image-preview:large","max-video-preview":"max-video-preview:-1"},"canonical":"https:\/\/www.ine.gob.bo\/index.php\/en-independencia-la-papa-es-el-principal-cultivo-de-verano\/","og_locale":"es_ES","og_type":"article","og_title":"En Independencia la papa es el principal cultivo de verano - INE","og_description":"P\u00e1gina oficial del Instituto Nacional de Estadistica INE, informaci\u00f3n estad\u00edstica, geogr\u00e1fica y econ\u00f3mica a nivel nacional.","og_url":"https:\/\/www.ine.gob.bo\/index.php\/en-independencia-la-papa-es-el-principal-cultivo-de-verano\/","og_site_name":"INE","article_publisher":"https:\/\/www.facebook.com\/ineboliviaoficial","article_published_time":"2017-11-08T22:00:35+00:00","article_modified_time":"2019-07-30T21:04:16+00:00","og_image":[{"width":474,"height":375,"url":"https:\/\/www.ine.gob.bo\/wp-content\/uploads\/2019\/07\/Independencia1.png","type":"image\/png"}],"author":"4dmin-root","twitter_card":"summary_large_image","twitter_creator":"@INE_Bolivia","twitter_site":"@INE_Bolivia","twitter_misc":{"Escrito por":"4dmin-root","Tiempo de lectura":"1 minuto"},"schema":{"@context":"https:\/\/schema.org","@graph":[{"@type":"Article","@id":"https:\/\/www.ine.gob.bo\/index.php\/en-independencia-la-papa-es-el-principal-cultivo-de-verano\/#article","isPartOf":{"@id":"https:\/\/www.ine.gob.bo\/index.php\/en-independencia-la-papa-es-el-principal-cultivo-de-verano\/"},"author":{"name":"4dmin-root","@id":"https:\/\/www.ine.gob.bo\/#\/schema\/person\/4b9ab894e9de9fb7f2078269aea371be"},"headline":"En Independencia la papa es el principal cultivo de verano","datePublished":"2017-11-08T22:00:35+00:00","dateModified":"2019-07-30T21:04:16+00:00","mainEntityOfPage":{"@id":"https:\/\/www.ine.gob.bo\/index.php\/en-independencia-la-papa-es-el-principal-cultivo-de-verano\/"},"wordCount":295,"publisher":{"@id":"https:\/\/www.ine.gob.bo\/#organization"},"image":{"@id":"https:\/\/www.ine.gob.bo\/index.php\/en-independencia-la-papa-es-el-principal-cultivo-de-verano\/#primaryimage"},"thumbnailUrl":"https:\/\/www.ine.gob.bo\/wp-content\/uploads\/2019\/07\/Independencia1.png","articleSection":["INE noticias"],"inLanguage":"es"},{"@type":"WebPage","@id":"https:\/\/www.ine.gob.bo\/index.php\/en-independencia-la-papa-es-el-principal-cultivo-de-verano\/","url":"https:\/\/www.ine.gob.bo\/index.php\/en-independencia-la-papa-es-el-principal-cultivo-de-verano\/","name":"En Independencia la papa es el principal cultivo de verano - INE","isPartOf":{"@id":"https:\/\/www.ine.gob.bo\/#website"},"primaryImageOfPage":{"@id":"https:\/\/www.ine.gob.bo\/index.php\/en-independencia-la-papa-es-el-principal-cultivo-de-verano\/#primaryimage"},"image":{"@id":"https:\/\/www.ine.gob.bo\/index.php\/en-independencia-la-papa-es-el-principal-cultivo-de-verano\/#primaryimage"},"thumbnailUrl":"https:\/\/www.ine.gob.bo\/wp-content\/uploads\/2019\/07\/Independencia1.png","datePublished":"2017-11-08T22:00:35+00:00","dateModified":"2019-07-30T21:04:16+00:00","description":"P\u00e1gina oficial del Instituto Nacional de Estadistica INE, informaci\u00f3n estad\u00edstica, geogr\u00e1fica y econ\u00f3mica a nivel nacional.","breadcrumb":{"@id":"https:\/\/www.ine.gob.bo\/index.php\/en-independencia-la-papa-es-el-principal-cultivo-de-verano\/#breadcrumb"},"inLanguage":"es","potentialAction":[{"@type":"ReadAction","target":["https:\/\/www.ine.gob.bo\/index.php\/en-independencia-la-papa-es-el-principal-cultivo-de-verano\/"]}]},{"@type":"ImageObject","inLanguage":"es","@id":"https:\/\/www.ine.gob.bo\/index.php\/en-independencia-la-papa-es-el-principal-cultivo-de-verano\/#primaryimage","url":"https:\/\/www.ine.gob.bo\/wp-content\/uploads\/2019\/07\/Independencia1.png","contentUrl":"https:\/\/www.ine.gob.bo\/wp-content\/uploads\/2019\/07\/Independencia1.png","width":474,"height":375},{"@type":"BreadcrumbList","@id":"https:\/\/www.ine.gob.bo\/index.php\/en-independencia-la-papa-es-el-principal-cultivo-de-verano\/#breadcrumb","itemListElement":[{"@type":"ListItem","position":1,"name":"Portada","item":"https:\/\/www.ine.gob.bo\/"},{"@type":"ListItem","position":2,"name":"En Independencia la papa es el principal cultivo de verano"}]},{"@type":"WebSite","@id":"https:\/\/www.ine.gob.bo\/#website","url":"https:\/\/www.ine.gob.bo\/","name":"INE","description":"Instituto Nacional de Estad\u00edstica","publisher":{"@id":"https:\/\/www.ine.gob.bo\/#organization"},"potentialAction":[{"@type":"SearchAction","target":{"@type":"EntryPoint","urlTemplate":"https:\/\/www.ine.gob.bo\/?s={search_term_string}"},"query-input":"required name=search_term_string"}],"inLanguage":"es"},{"@type":"Organization","@id":"https:\/\/www.ine.gob.bo\/#organization","name":"Instituto Nacional de Estad\u00edstica","url":"https:\/\/www.ine.gob.bo\/","logo":{"@type":"ImageObject","inLanguage":"es","@id":"https:\/\/www.ine.gob.bo\/#\/schema\/logo\/image\/","url":"https:\/\/www.ine.gob.bo\/wp-content\/uploads\/2026\/02\/logo-ine.jpg","contentUrl":"https:\/\/www.ine.gob.bo\/wp-content\/uploads\/2026\/02\/logo-ine.jpg","width":799,"height":453,"caption":"Instituto Nacional de Estad\u00edstica"},"image":{"@id":"https:\/\/www.ine.gob.bo\/#\/schema\/logo\/image\/"},"sameAs":["https:\/\/www.facebook.com\/ineboliviaoficial","https:\/\/x.com\/INE_Bolivia","https:\/\/www.instagram.com\/ineboliviaoficial\/","https:\/\/www.youtube.com\/channel\/UCbIQXKLw414g5kWo1tAwqCg"]},{"@type":"Person","@id":"https:\/\/www.ine.gob.bo\/#\/schema\/person\/4b9ab894e9de9fb7f2078269aea371be","name":"4dmin-root","image":{"@type":"ImageObject","inLanguage":"es","@id":"https:\/\/www.ine.gob.bo\/#\/schema\/person\/image\/","url":"https:\/\/secure.gravatar.com\/avatar\/0824ec9f3a25d622e58133204574c46e0832b417c3b610112cf50ccc044cbefe?s=96&d=mm&r=g","contentUrl":"https:\/\/secure.gravatar.com\/avatar\/0824ec9f3a25d622e58133204574c46e0832b417c3b610112cf50ccc044cbefe?s=96&d=mm&r=g","caption":"4dmin-root"},"url":"https:\/\/www.ine.gob.bo\/index.php\/author\/4dmin-root\/"}]}},"rttpg_featured_image_url":{"full":["https:\/\/www.ine.gob.bo\/wp-content\/uploads\/2019\/07\/Independencia1.png",474,375,false],"landscape":["https:\/\/www.ine.gob.bo\/wp-content\/uploads\/2019\/07\/Independencia1.png",474,375,false],"portraits":["https:\/\/www.ine.gob.bo\/wp-content\/uploads\/2019\/07\/Independencia1.png",474,375,false],"thumbnail":["https:\/\/www.ine.gob.bo\/wp-content\/uploads\/2019\/07\/Independencia1-150x150.png",150,150,true],"medium":["https:\/\/www.ine.gob.bo\/wp-content\/uploads\/2019\/07\/Independencia1-300x237.png",300,237,true],"large":["https:\/\/www.ine.gob.bo\/wp-content\/uploads\/2019\/07\/Independencia1.png",474,375,false],"1536x1536":["https:\/\/www.ine.gob.bo\/wp-content\/uploads\/2019\/07\/Independencia1.png",474,375,false],"2048x2048":["https:\/\/www.ine.gob.bo\/wp-content\/uploads\/2019\/07\/Independencia1.png",474,375,false]},"rttpg_author":{"display_name":"4dmin-root","author_link":"https:\/\/www.ine.gob.bo\/index.php\/author\/4dmin-root\/"},"rttpg_comment":0,"rttpg_category":"<a href=\"https:\/\/www.ine.gob.bo\/index.php\/category\/ine-noticias\/\" rel=\"category tag\">INE noticias<\/a>","rttpg_excerpt":"Cochabamba, 08 de noviembre de 2017 (INE).-\u00a0El Instituto Nacional de Estad\u00edstica (INE), inform\u00f3 que Independencia tiene como su principal cultivo de verano la papa, para el a\u00f1o agr\u00edcola 2012 -2013 se registraron 2.017,17 hect\u00e1reas de este tub\u00e9rculo. El municipio, que hoy celebra su aniversario,\u00a0est\u00e1 ubicado en la provincia\u00a0Ayopaya, al\u00a0noroestedel departamento de\u00a0Cochabamba\u00a0y 220 Km. de distancia&hellip;","_links":{"self":[{"href":"https:\/\/www.ine.gob.bo\/index.php\/wp-json\/wp\/v2\/posts\/42120","targetHints":{"allow":["GET"]}}],"collection":[{"href":"https:\/\/www.ine.gob.bo\/index.php\/wp-json\/wp\/v2\/posts"}],"about":[{"href":"https:\/\/www.ine.gob.bo\/index.php\/wp-json\/wp\/v2\/types\/post"}],"author":[{"embeddable":true,"href":"https:\/\/www.ine.gob.bo\/index.php\/wp-json\/wp\/v2\/users\/1"}],"replies":[{"embeddable":true,"href":"https:\/\/www.ine.gob.bo\/index.php\/wp-json\/wp\/v2\/comments?post=42120"}],"version-history":[{"count":0,"href":"https:\/\/www.ine.gob.bo\/index.php\/wp-json\/wp\/v2\/posts\/42120\/revisions"}],"wp:featuredmedia":[{"embeddable":true,"href":"https:\/\/www.ine.gob.bo\/index.php\/wp-json\/wp\/v2\/media\/42121"}],"wp:attachment":[{"href":"https:\/\/www.ine.gob.bo\/index.php\/wp-json\/wp\/v2\/media?parent=42120"}],"wp:term":[{"taxonomy":"category","embeddable":true,"href":"https:\/\/www.ine.gob.bo\/index.php\/wp-json\/wp\/v2\/categories?post=42120"},{"taxonomy":"post_tag","embeddable":true,"href":"https:\/\/www.ine.gob.bo\/index.php\/wp-json\/wp\/v2\/tags?post=42120"}],"curies":[{"name":"wp","href":"https:\/\/api.w.org\/{rel}","templated":true}]}}