{"id":42090,"date":"2017-11-15T22:29:47","date_gmt":"2017-11-15T21:29:47","guid":{"rendered":"https:\/\/www.ine.gob.bo\/?p=42090"},"modified":"2019-07-30T22:33:16","modified_gmt":"2019-07-30T20:33:16","slug":"el-ine-participa-en-la-replica-de-la-presentacion-de-resultados-de-la-encuesta-de-prevalencia-y-caracteristicas-de-violencia-en-el-alto","status":"publish","type":"post","link":"https:\/\/www.ine.gob.bo\/index.php\/el-ine-participa-en-la-replica-de-la-presentacion-de-resultados-de-la-encuesta-de-prevalencia-y-caracteristicas-de-violencia-en-el-alto\/","title":{"rendered":"El INE participa en la R\u00e9plica de la presentaci\u00f3n de Resultados de la Encuesta de Prevalencia y Caracter\u00edsticas de Violencia en El Alto"},"content":{"rendered":"<p><strong>INE &#8211; La Paz, 15 de noviembre de 2017.-\u00a0<\/strong>El Instituto Nacional de Estad\u00edstica (INE) particip\u00f3 en la R\u00e9plica de presentaci\u00f3n de los Resultados de la Encuesta de Prevalencia y Caracter\u00edsticas de Violencia contra las Mujeres (EPCVcM), realizado en el auditorio de la Estaci\u00f3n del Telef\u00e9rico Rojo en la ciudad de El Alto.<\/p>\n<p>Esta r\u00e9plica atendi\u00f3 la solicitud presentada por la Vicepresidenta del Consejo Municipal de El Alto, Concejala Nancy Mamani Flores, teniendo en cuenta la preocupaci\u00f3n de la autoridad edil del Movimiento Al Socialismo, sobre el nivel de delincuencia y violencia contra las mujeres que existe en esta urbe.<\/p>\n<p>En el acto estuvieron presentes la Viceministra de Igualdad de Oportunidades, Estefan\u00eda Morales; el Director del INE, Santiago Farjat; la concejala de El Alto, Nancy Mamani; el Capit\u00e1n de la Polic\u00eda y el Director Regional de la Fuerza Especial de Lucha Contra la Violencia (FELCV), Jimmy Gonzales y otras autoridades vinculadas a la tem\u00e1tica, adem\u00e1s de la presencia de varias organizaciones sociales.<\/p>\n<p>Esta encuesta trata sobre la prevalencia y magnitud de los distintos tipos y formas de violencia de g\u00e9nero que sufren o han sufrido las mujeres de 15 o mayores, tanto en el \u00e1mbito p\u00fablico como en el \u00e1mbito privado y fue desarrollada del 5 de septiembre al 5 de noviembre de 2016.<\/p>\n<p>Adem\u00e1s se socializ\u00f3 la Ley 348 LEY INTEGRAL PARA GARANTIZAR A LAS MUJERES UNA VIDA LIBRE DE VIOLENCIA, con la poblaci\u00f3n de esta ciudad para promover el compromiso del Gobierno Plurinacional con la erradicaci\u00f3n de toda forma de violencia contra las mujeres.<\/p>\n<p><img loading=\"lazy\" decoding=\"async\" class=\"alignnone size-full wp-image-42091\" src=\"https:\/\/www.ine.gob.bo\/wp-content\/uploads\/2019\/07\/EPCVCMEl_Alto1.png\" alt=\"\" width=\"438\" height=\"348\" srcset=\"https:\/\/www.ine.gob.bo\/wp-content\/uploads\/2019\/07\/EPCVCMEl_Alto1.png 438w, https:\/\/www.ine.gob.bo\/wp-content\/uploads\/2019\/07\/EPCVCMEl_Alto1-300x238.png 300w\" sizes=\"auto, (max-width: 438px) 100vw, 438px\" \/><\/p>\n<p><img loading=\"lazy\" decoding=\"async\" class=\"alignnone size-full wp-image-42092\" src=\"https:\/\/www.ine.gob.bo\/wp-content\/uploads\/2019\/07\/EPCVCMEl_Alto2.png\" alt=\"\" width=\"507\" height=\"273\" srcset=\"https:\/\/www.ine.gob.bo\/wp-content\/uploads\/2019\/07\/EPCVCMEl_Alto2.png 507w, https:\/\/www.ine.gob.bo\/wp-content\/uploads\/2019\/07\/EPCVCMEl_Alto2-300x162.png 300w\" sizes=\"auto, (max-width: 507px) 100vw, 507px\" \/><\/p>\n<p><em>Director del INE, Santiago Farjat, presentando los resultados de la EPCVcM<\/em><\/p>\n<p><img loading=\"lazy\" decoding=\"async\" class=\"alignnone size-full wp-image-42093\" src=\"https:\/\/www.ine.gob.bo\/wp-content\/uploads\/2019\/07\/EPCVCMEl_Alto3.png\" alt=\"\" width=\"476\" height=\"227\" srcset=\"https:\/\/www.ine.gob.bo\/wp-content\/uploads\/2019\/07\/EPCVCMEl_Alto3.png 476w, https:\/\/www.ine.gob.bo\/wp-content\/uploads\/2019\/07\/EPCVCMEl_Alto3-300x143.png 300w\" sizes=\"auto, (max-width: 476px) 100vw, 476px\" \/><\/p>\n<p><em>Participaci\u00f3n de organizaciones sociales: FEJUVE, FEDEPAF, CODIJE, Gremiales, UPEA.<\/em><\/p>\n<p><em>Palabras de bienvenida, concejal Nancy Mamani Flores.<\/em><\/p>\n<p>&nbsp;<\/p>\n<blockquote><p><strong><em>UNIDAD DE DIFUSI\u00d3N Y COMUNICACI\u00d3N<\/em><\/strong><\/p>\n<p><strong>INSTITUTO NACIONAL DE ESTAD\u00cdSTICA<\/strong><\/p><\/blockquote>\n","protected":false},"excerpt":{"rendered":"<p>INE &#8211; La Paz, 15 de noviembre de 2017.-\u00a0El Instituto Nacional de Estad\u00edstica (INE) particip\u00f3 en la R\u00e9plica de presentaci\u00f3n de los Resultados de la Encuesta de Prevalencia y Caracter\u00edsticas de Violencia contra las Mujeres (EPCVcM), realizado en el auditorio de la Estaci\u00f3n del Telef\u00e9rico Rojo en la ciudad de El Alto. Esta r\u00e9plica atendi\u00f3&hellip;<\/p>\n","protected":false},"author":1,"featured_media":42091,"comment_status":"closed","ping_status":"open","sticky":false,"template":"","format":"standard","meta":[],"categories":[158],"tags":[],"class_list":["post-42090","post","type-post","status-publish","format-standard","has-post-thumbnail","hentry","category-ine-noticias","category-158","description-off"],"yoast_head":"<!-- This site is optimized with the Yoast SEO plugin v23.2 - https:\/\/yoast.com\/wordpress\/plugins\/seo\/ -->\n<title>El INE participa en la R\u00e9plica de la presentaci\u00f3n de Resultados de la Encuesta de Prevalencia y Caracter\u00edsticas de Violencia en El Alto - INE<\/title>\n<meta name=\"description\" content=\"P\u00e1gina oficial del Instituto Nacional de Estadistica INE, informaci\u00f3n estad\u00edstica, geogr\u00e1fica y econ\u00f3mica a nivel nacional.\" \/>\n<meta name=\"robots\" content=\"index, follow, max-snippet:-1, max-image-preview:large, max-video-preview:-1\" \/>\n<link rel=\"canonical\" href=\"https:\/\/www.ine.gob.bo\/index.php\/el-ine-participa-en-la-replica-de-la-presentacion-de-resultados-de-la-encuesta-de-prevalencia-y-caracteristicas-de-violencia-en-el-alto\/\" \/>\n<meta property=\"og:locale\" content=\"es_ES\" \/>\n<meta property=\"og:type\" content=\"article\" \/>\n<meta property=\"og:title\" content=\"El INE participa en la R\u00e9plica de la presentaci\u00f3n de Resultados de la Encuesta de Prevalencia y Caracter\u00edsticas de Violencia en El Alto - INE\" \/>\n<meta property=\"og:description\" content=\"P\u00e1gina oficial del Instituto Nacional de Estadistica INE, informaci\u00f3n estad\u00edstica, geogr\u00e1fica y econ\u00f3mica a nivel nacional.\" \/>\n<meta property=\"og:url\" content=\"https:\/\/www.ine.gob.bo\/index.php\/el-ine-participa-en-la-replica-de-la-presentacion-de-resultados-de-la-encuesta-de-prevalencia-y-caracteristicas-de-violencia-en-el-alto\/\" \/>\n<meta property=\"og:site_name\" content=\"INE\" \/>\n<meta property=\"article:publisher\" content=\"https:\/\/www.facebook.com\/ineboliviaoficial\" \/>\n<meta property=\"article:published_time\" content=\"2017-11-15T21:29:47+00:00\" \/>\n<meta property=\"article:modified_time\" content=\"2019-07-30T20:33:16+00:00\" \/>\n<meta property=\"og:image\" content=\"https:\/\/www.ine.gob.bo\/wp-content\/uploads\/2019\/07\/EPCVCMEl_Alto1.png\" \/>\n\t<meta property=\"og:image:width\" content=\"438\" \/>\n\t<meta property=\"og:image:height\" content=\"348\" \/>\n\t<meta property=\"og:image:type\" content=\"image\/png\" \/>\n<meta name=\"author\" content=\"4dmin-root\" \/>\n<meta name=\"twitter:card\" content=\"summary_large_image\" \/>\n<meta name=\"twitter:creator\" content=\"@INE_Bolivia\" \/>\n<meta name=\"twitter:site\" content=\"@INE_Bolivia\" \/>\n<meta name=\"twitter:label1\" content=\"Escrito por\" \/>\n\t<meta name=\"twitter:data1\" content=\"4dmin-root\" \/>\n\t<meta name=\"twitter:label2\" content=\"Tiempo de lectura\" \/>\n\t<meta name=\"twitter:data2\" content=\"2 minutos\" \/>\n<script type=\"application\/ld+json\" class=\"yoast-schema-graph\">{\"@context\":\"https:\/\/schema.org\",\"@graph\":[{\"@type\":\"Article\",\"@id\":\"https:\/\/www.ine.gob.bo\/index.php\/el-ine-participa-en-la-replica-de-la-presentacion-de-resultados-de-la-encuesta-de-prevalencia-y-caracteristicas-de-violencia-en-el-alto\/#article\",\"isPartOf\":{\"@id\":\"https:\/\/www.ine.gob.bo\/index.php\/el-ine-participa-en-la-replica-de-la-presentacion-de-resultados-de-la-encuesta-de-prevalencia-y-caracteristicas-de-violencia-en-el-alto\/\"},\"author\":{\"name\":\"4dmin-root\",\"@id\":\"https:\/\/www.ine.gob.bo\/#\/schema\/person\/4b9ab894e9de9fb7f2078269aea371be\"},\"headline\":\"El INE participa en la R\u00e9plica de la presentaci\u00f3n de Resultados de la Encuesta de Prevalencia y Caracter\u00edsticas de Violencia en El Alto\",\"datePublished\":\"2017-11-15T21:29:47+00:00\",\"dateModified\":\"2019-07-30T20:33:16+00:00\",\"mainEntityOfPage\":{\"@id\":\"https:\/\/www.ine.gob.bo\/index.php\/el-ine-participa-en-la-replica-de-la-presentacion-de-resultados-de-la-encuesta-de-prevalencia-y-caracteristicas-de-violencia-en-el-alto\/\"},\"wordCount\":335,\"publisher\":{\"@id\":\"https:\/\/www.ine.gob.bo\/#organization\"},\"image\":{\"@id\":\"https:\/\/www.ine.gob.bo\/index.php\/el-ine-participa-en-la-replica-de-la-presentacion-de-resultados-de-la-encuesta-de-prevalencia-y-caracteristicas-de-violencia-en-el-alto\/#primaryimage\"},\"thumbnailUrl\":\"https:\/\/www.ine.gob.bo\/wp-content\/uploads\/2019\/07\/EPCVCMEl_Alto1.png\",\"articleSection\":[\"INE noticias\"],\"inLanguage\":\"es\"},{\"@type\":\"WebPage\",\"@id\":\"https:\/\/www.ine.gob.bo\/index.php\/el-ine-participa-en-la-replica-de-la-presentacion-de-resultados-de-la-encuesta-de-prevalencia-y-caracteristicas-de-violencia-en-el-alto\/\",\"url\":\"https:\/\/www.ine.gob.bo\/index.php\/el-ine-participa-en-la-replica-de-la-presentacion-de-resultados-de-la-encuesta-de-prevalencia-y-caracteristicas-de-violencia-en-el-alto\/\",\"name\":\"El INE participa en la R\u00e9plica de la presentaci\u00f3n de Resultados de la Encuesta de Prevalencia y Caracter\u00edsticas de Violencia en El Alto - INE\",\"isPartOf\":{\"@id\":\"https:\/\/www.ine.gob.bo\/#website\"},\"primaryImageOfPage\":{\"@id\":\"https:\/\/www.ine.gob.bo\/index.php\/el-ine-participa-en-la-replica-de-la-presentacion-de-resultados-de-la-encuesta-de-prevalencia-y-caracteristicas-de-violencia-en-el-alto\/#primaryimage\"},\"image\":{\"@id\":\"https:\/\/www.ine.gob.bo\/index.php\/el-ine-participa-en-la-replica-de-la-presentacion-de-resultados-de-la-encuesta-de-prevalencia-y-caracteristicas-de-violencia-en-el-alto\/#primaryimage\"},\"thumbnailUrl\":\"https:\/\/www.ine.gob.bo\/wp-content\/uploads\/2019\/07\/EPCVCMEl_Alto1.png\",\"datePublished\":\"2017-11-15T21:29:47+00:00\",\"dateModified\":\"2019-07-30T20:33:16+00:00\",\"description\":\"P\u00e1gina oficial del Instituto Nacional de Estadistica INE, informaci\u00f3n estad\u00edstica, geogr\u00e1fica y econ\u00f3mica a nivel nacional.\",\"breadcrumb\":{\"@id\":\"https:\/\/www.ine.gob.bo\/index.php\/el-ine-participa-en-la-replica-de-la-presentacion-de-resultados-de-la-encuesta-de-prevalencia-y-caracteristicas-de-violencia-en-el-alto\/#breadcrumb\"},\"inLanguage\":\"es\",\"potentialAction\":[{\"@type\":\"ReadAction\",\"target\":[\"https:\/\/www.ine.gob.bo\/index.php\/el-ine-participa-en-la-replica-de-la-presentacion-de-resultados-de-la-encuesta-de-prevalencia-y-caracteristicas-de-violencia-en-el-alto\/\"]}]},{\"@type\":\"ImageObject\",\"inLanguage\":\"es\",\"@id\":\"https:\/\/www.ine.gob.bo\/index.php\/el-ine-participa-en-la-replica-de-la-presentacion-de-resultados-de-la-encuesta-de-prevalencia-y-caracteristicas-de-violencia-en-el-alto\/#primaryimage\",\"url\":\"https:\/\/www.ine.gob.bo\/wp-content\/uploads\/2019\/07\/EPCVCMEl_Alto1.png\",\"contentUrl\":\"https:\/\/www.ine.gob.bo\/wp-content\/uploads\/2019\/07\/EPCVCMEl_Alto1.png\",\"width\":438,\"height\":348},{\"@type\":\"BreadcrumbList\",\"@id\":\"https:\/\/www.ine.gob.bo\/index.php\/el-ine-participa-en-la-replica-de-la-presentacion-de-resultados-de-la-encuesta-de-prevalencia-y-caracteristicas-de-violencia-en-el-alto\/#breadcrumb\",\"itemListElement\":[{\"@type\":\"ListItem\",\"position\":1,\"name\":\"Portada\",\"item\":\"https:\/\/www.ine.gob.bo\/\"},{\"@type\":\"ListItem\",\"position\":2,\"name\":\"El INE participa en la R\u00e9plica de la presentaci\u00f3n de Resultados de la Encuesta de Prevalencia y Caracter\u00edsticas de Violencia en El Alto\"}]},{\"@type\":\"WebSite\",\"@id\":\"https:\/\/www.ine.gob.bo\/#website\",\"url\":\"https:\/\/www.ine.gob.bo\/\",\"name\":\"INE\",\"description\":\"Instituto Nacional de Estad\u00edstica\",\"publisher\":{\"@id\":\"https:\/\/www.ine.gob.bo\/#organization\"},\"potentialAction\":[{\"@type\":\"SearchAction\",\"target\":{\"@type\":\"EntryPoint\",\"urlTemplate\":\"https:\/\/www.ine.gob.bo\/?s={search_term_string}\"},\"query-input\":\"required name=search_term_string\"}],\"inLanguage\":\"es\"},{\"@type\":\"Organization\",\"@id\":\"https:\/\/www.ine.gob.bo\/#organization\",\"name\":\"Instituto Nacional de Estad\u00edstica\",\"url\":\"https:\/\/www.ine.gob.bo\/\",\"logo\":{\"@type\":\"ImageObject\",\"inLanguage\":\"es\",\"@id\":\"https:\/\/www.ine.gob.bo\/#\/schema\/logo\/image\/\",\"url\":\"https:\/\/www.ine.gob.bo\/wp-content\/uploads\/2026\/02\/logo-ine.jpg\",\"contentUrl\":\"https:\/\/www.ine.gob.bo\/wp-content\/uploads\/2026\/02\/logo-ine.jpg\",\"width\":799,\"height\":453,\"caption\":\"Instituto Nacional de Estad\u00edstica\"},\"image\":{\"@id\":\"https:\/\/www.ine.gob.bo\/#\/schema\/logo\/image\/\"},\"sameAs\":[\"https:\/\/www.facebook.com\/ineboliviaoficial\",\"https:\/\/x.com\/INE_Bolivia\",\"https:\/\/www.instagram.com\/ineboliviaoficial\/\",\"https:\/\/www.youtube.com\/channel\/UCbIQXKLw414g5kWo1tAwqCg\"]},{\"@type\":\"Person\",\"@id\":\"https:\/\/www.ine.gob.bo\/#\/schema\/person\/4b9ab894e9de9fb7f2078269aea371be\",\"name\":\"4dmin-root\",\"image\":{\"@type\":\"ImageObject\",\"inLanguage\":\"es\",\"@id\":\"https:\/\/www.ine.gob.bo\/#\/schema\/person\/image\/\",\"url\":\"https:\/\/secure.gravatar.com\/avatar\/0824ec9f3a25d622e58133204574c46e0832b417c3b610112cf50ccc044cbefe?s=96&d=mm&r=g\",\"contentUrl\":\"https:\/\/secure.gravatar.com\/avatar\/0824ec9f3a25d622e58133204574c46e0832b417c3b610112cf50ccc044cbefe?s=96&d=mm&r=g\",\"caption\":\"4dmin-root\"},\"url\":\"https:\/\/www.ine.gob.bo\/index.php\/author\/4dmin-root\/\"}]}<\/script>\n<!-- \/ Yoast SEO plugin. -->","yoast_head_json":{"title":"El INE participa en la R\u00e9plica de la presentaci\u00f3n de Resultados de la Encuesta de Prevalencia y Caracter\u00edsticas de Violencia en El Alto - INE","description":"P\u00e1gina oficial del Instituto Nacional de Estadistica INE, informaci\u00f3n estad\u00edstica, geogr\u00e1fica y econ\u00f3mica a nivel nacional.","robots":{"index":"index","follow":"follow","max-snippet":"max-snippet:-1","max-image-preview":"max-image-preview:large","max-video-preview":"max-video-preview:-1"},"canonical":"https:\/\/www.ine.gob.bo\/index.php\/el-ine-participa-en-la-replica-de-la-presentacion-de-resultados-de-la-encuesta-de-prevalencia-y-caracteristicas-de-violencia-en-el-alto\/","og_locale":"es_ES","og_type":"article","og_title":"El INE participa en la R\u00e9plica de la presentaci\u00f3n de Resultados de la Encuesta de Prevalencia y Caracter\u00edsticas de Violencia en El Alto - INE","og_description":"P\u00e1gina oficial del Instituto Nacional de Estadistica INE, informaci\u00f3n estad\u00edstica, geogr\u00e1fica y econ\u00f3mica a nivel nacional.","og_url":"https:\/\/www.ine.gob.bo\/index.php\/el-ine-participa-en-la-replica-de-la-presentacion-de-resultados-de-la-encuesta-de-prevalencia-y-caracteristicas-de-violencia-en-el-alto\/","og_site_name":"INE","article_publisher":"https:\/\/www.facebook.com\/ineboliviaoficial","article_published_time":"2017-11-15T21:29:47+00:00","article_modified_time":"2019-07-30T20:33:16+00:00","og_image":[{"width":438,"height":348,"url":"https:\/\/www.ine.gob.bo\/wp-content\/uploads\/2019\/07\/EPCVCMEl_Alto1.png","type":"image\/png"}],"author":"4dmin-root","twitter_card":"summary_large_image","twitter_creator":"@INE_Bolivia","twitter_site":"@INE_Bolivia","twitter_misc":{"Escrito por":"4dmin-root","Tiempo de lectura":"2 minutos"},"schema":{"@context":"https:\/\/schema.org","@graph":[{"@type":"Article","@id":"https:\/\/www.ine.gob.bo\/index.php\/el-ine-participa-en-la-replica-de-la-presentacion-de-resultados-de-la-encuesta-de-prevalencia-y-caracteristicas-de-violencia-en-el-alto\/#article","isPartOf":{"@id":"https:\/\/www.ine.gob.bo\/index.php\/el-ine-participa-en-la-replica-de-la-presentacion-de-resultados-de-la-encuesta-de-prevalencia-y-caracteristicas-de-violencia-en-el-alto\/"},"author":{"name":"4dmin-root","@id":"https:\/\/www.ine.gob.bo\/#\/schema\/person\/4b9ab894e9de9fb7f2078269aea371be"},"headline":"El INE participa en la R\u00e9plica de la presentaci\u00f3n de Resultados de la Encuesta de Prevalencia y Caracter\u00edsticas de Violencia en El Alto","datePublished":"2017-11-15T21:29:47+00:00","dateModified":"2019-07-30T20:33:16+00:00","mainEntityOfPage":{"@id":"https:\/\/www.ine.gob.bo\/index.php\/el-ine-participa-en-la-replica-de-la-presentacion-de-resultados-de-la-encuesta-de-prevalencia-y-caracteristicas-de-violencia-en-el-alto\/"},"wordCount":335,"publisher":{"@id":"https:\/\/www.ine.gob.bo\/#organization"},"image":{"@id":"https:\/\/www.ine.gob.bo\/index.php\/el-ine-participa-en-la-replica-de-la-presentacion-de-resultados-de-la-encuesta-de-prevalencia-y-caracteristicas-de-violencia-en-el-alto\/#primaryimage"},"thumbnailUrl":"https:\/\/www.ine.gob.bo\/wp-content\/uploads\/2019\/07\/EPCVCMEl_Alto1.png","articleSection":["INE noticias"],"inLanguage":"es"},{"@type":"WebPage","@id":"https:\/\/www.ine.gob.bo\/index.php\/el-ine-participa-en-la-replica-de-la-presentacion-de-resultados-de-la-encuesta-de-prevalencia-y-caracteristicas-de-violencia-en-el-alto\/","url":"https:\/\/www.ine.gob.bo\/index.php\/el-ine-participa-en-la-replica-de-la-presentacion-de-resultados-de-la-encuesta-de-prevalencia-y-caracteristicas-de-violencia-en-el-alto\/","name":"El INE participa en la R\u00e9plica de la presentaci\u00f3n de Resultados de la Encuesta de Prevalencia y Caracter\u00edsticas de Violencia en El Alto - INE","isPartOf":{"@id":"https:\/\/www.ine.gob.bo\/#website"},"primaryImageOfPage":{"@id":"https:\/\/www.ine.gob.bo\/index.php\/el-ine-participa-en-la-replica-de-la-presentacion-de-resultados-de-la-encuesta-de-prevalencia-y-caracteristicas-de-violencia-en-el-alto\/#primaryimage"},"image":{"@id":"https:\/\/www.ine.gob.bo\/index.php\/el-ine-participa-en-la-replica-de-la-presentacion-de-resultados-de-la-encuesta-de-prevalencia-y-caracteristicas-de-violencia-en-el-alto\/#primaryimage"},"thumbnailUrl":"https:\/\/www.ine.gob.bo\/wp-content\/uploads\/2019\/07\/EPCVCMEl_Alto1.png","datePublished":"2017-11-15T21:29:47+00:00","dateModified":"2019-07-30T20:33:16+00:00","description":"P\u00e1gina oficial del Instituto Nacional de Estadistica INE, informaci\u00f3n estad\u00edstica, geogr\u00e1fica y econ\u00f3mica a nivel nacional.","breadcrumb":{"@id":"https:\/\/www.ine.gob.bo\/index.php\/el-ine-participa-en-la-replica-de-la-presentacion-de-resultados-de-la-encuesta-de-prevalencia-y-caracteristicas-de-violencia-en-el-alto\/#breadcrumb"},"inLanguage":"es","potentialAction":[{"@type":"ReadAction","target":["https:\/\/www.ine.gob.bo\/index.php\/el-ine-participa-en-la-replica-de-la-presentacion-de-resultados-de-la-encuesta-de-prevalencia-y-caracteristicas-de-violencia-en-el-alto\/"]}]},{"@type":"ImageObject","inLanguage":"es","@id":"https:\/\/www.ine.gob.bo\/index.php\/el-ine-participa-en-la-replica-de-la-presentacion-de-resultados-de-la-encuesta-de-prevalencia-y-caracteristicas-de-violencia-en-el-alto\/#primaryimage","url":"https:\/\/www.ine.gob.bo\/wp-content\/uploads\/2019\/07\/EPCVCMEl_Alto1.png","contentUrl":"https:\/\/www.ine.gob.bo\/wp-content\/uploads\/2019\/07\/EPCVCMEl_Alto1.png","width":438,"height":348},{"@type":"BreadcrumbList","@id":"https:\/\/www.ine.gob.bo\/index.php\/el-ine-participa-en-la-replica-de-la-presentacion-de-resultados-de-la-encuesta-de-prevalencia-y-caracteristicas-de-violencia-en-el-alto\/#breadcrumb","itemListElement":[{"@type":"ListItem","position":1,"name":"Portada","item":"https:\/\/www.ine.gob.bo\/"},{"@type":"ListItem","position":2,"name":"El INE participa en la R\u00e9plica de la presentaci\u00f3n de Resultados de la Encuesta de Prevalencia y Caracter\u00edsticas de Violencia en El Alto"}]},{"@type":"WebSite","@id":"https:\/\/www.ine.gob.bo\/#website","url":"https:\/\/www.ine.gob.bo\/","name":"INE","description":"Instituto Nacional de Estad\u00edstica","publisher":{"@id":"https:\/\/www.ine.gob.bo\/#organization"},"potentialAction":[{"@type":"SearchAction","target":{"@type":"EntryPoint","urlTemplate":"https:\/\/www.ine.gob.bo\/?s={search_term_string}"},"query-input":"required name=search_term_string"}],"inLanguage":"es"},{"@type":"Organization","@id":"https:\/\/www.ine.gob.bo\/#organization","name":"Instituto Nacional de Estad\u00edstica","url":"https:\/\/www.ine.gob.bo\/","logo":{"@type":"ImageObject","inLanguage":"es","@id":"https:\/\/www.ine.gob.bo\/#\/schema\/logo\/image\/","url":"https:\/\/www.ine.gob.bo\/wp-content\/uploads\/2026\/02\/logo-ine.jpg","contentUrl":"https:\/\/www.ine.gob.bo\/wp-content\/uploads\/2026\/02\/logo-ine.jpg","width":799,"height":453,"caption":"Instituto Nacional de Estad\u00edstica"},"image":{"@id":"https:\/\/www.ine.gob.bo\/#\/schema\/logo\/image\/"},"sameAs":["https:\/\/www.facebook.com\/ineboliviaoficial","https:\/\/x.com\/INE_Bolivia","https:\/\/www.instagram.com\/ineboliviaoficial\/","https:\/\/www.youtube.com\/channel\/UCbIQXKLw414g5kWo1tAwqCg"]},{"@type":"Person","@id":"https:\/\/www.ine.gob.bo\/#\/schema\/person\/4b9ab894e9de9fb7f2078269aea371be","name":"4dmin-root","image":{"@type":"ImageObject","inLanguage":"es","@id":"https:\/\/www.ine.gob.bo\/#\/schema\/person\/image\/","url":"https:\/\/secure.gravatar.com\/avatar\/0824ec9f3a25d622e58133204574c46e0832b417c3b610112cf50ccc044cbefe?s=96&d=mm&r=g","contentUrl":"https:\/\/secure.gravatar.com\/avatar\/0824ec9f3a25d622e58133204574c46e0832b417c3b610112cf50ccc044cbefe?s=96&d=mm&r=g","caption":"4dmin-root"},"url":"https:\/\/www.ine.gob.bo\/index.php\/author\/4dmin-root\/"}]}},"rttpg_featured_image_url":{"full":["https:\/\/www.ine.gob.bo\/wp-content\/uploads\/2019\/07\/EPCVCMEl_Alto1.png",438,348,false],"landscape":["https:\/\/www.ine.gob.bo\/wp-content\/uploads\/2019\/07\/EPCVCMEl_Alto1.png",438,348,false],"portraits":["https:\/\/www.ine.gob.bo\/wp-content\/uploads\/2019\/07\/EPCVCMEl_Alto1.png",438,348,false],"thumbnail":["https:\/\/www.ine.gob.bo\/wp-content\/uploads\/2019\/07\/EPCVCMEl_Alto1-150x150.png",150,150,true],"medium":["https:\/\/www.ine.gob.bo\/wp-content\/uploads\/2019\/07\/EPCVCMEl_Alto1-300x238.png",300,238,true],"large":["https:\/\/www.ine.gob.bo\/wp-content\/uploads\/2019\/07\/EPCVCMEl_Alto1.png",438,348,false],"1536x1536":["https:\/\/www.ine.gob.bo\/wp-content\/uploads\/2019\/07\/EPCVCMEl_Alto1.png",438,348,false],"2048x2048":["https:\/\/www.ine.gob.bo\/wp-content\/uploads\/2019\/07\/EPCVCMEl_Alto1.png",438,348,false]},"rttpg_author":{"display_name":"4dmin-root","author_link":"https:\/\/www.ine.gob.bo\/index.php\/author\/4dmin-root\/"},"rttpg_comment":0,"rttpg_category":"<a href=\"https:\/\/www.ine.gob.bo\/index.php\/category\/ine-noticias\/\" rel=\"category tag\">INE noticias<\/a>","rttpg_excerpt":"INE &#8211; La Paz, 15 de noviembre de 2017.-\u00a0El Instituto Nacional de Estad\u00edstica (INE) particip\u00f3 en la R\u00e9plica de presentaci\u00f3n de los Resultados de la Encuesta de Prevalencia y Caracter\u00edsticas de Violencia contra las Mujeres (EPCVcM), realizado en el auditorio de la Estaci\u00f3n del Telef\u00e9rico Rojo en la ciudad de El Alto. Esta r\u00e9plica atendi\u00f3&hellip;","_links":{"self":[{"href":"https:\/\/www.ine.gob.bo\/index.php\/wp-json\/wp\/v2\/posts\/42090","targetHints":{"allow":["GET"]}}],"collection":[{"href":"https:\/\/www.ine.gob.bo\/index.php\/wp-json\/wp\/v2\/posts"}],"about":[{"href":"https:\/\/www.ine.gob.bo\/index.php\/wp-json\/wp\/v2\/types\/post"}],"author":[{"embeddable":true,"href":"https:\/\/www.ine.gob.bo\/index.php\/wp-json\/wp\/v2\/users\/1"}],"replies":[{"embeddable":true,"href":"https:\/\/www.ine.gob.bo\/index.php\/wp-json\/wp\/v2\/comments?post=42090"}],"version-history":[{"count":0,"href":"https:\/\/www.ine.gob.bo\/index.php\/wp-json\/wp\/v2\/posts\/42090\/revisions"}],"wp:featuredmedia":[{"embeddable":true,"href":"https:\/\/www.ine.gob.bo\/index.php\/wp-json\/wp\/v2\/media\/42091"}],"wp:attachment":[{"href":"https:\/\/www.ine.gob.bo\/index.php\/wp-json\/wp\/v2\/media?parent=42090"}],"wp:term":[{"taxonomy":"category","embeddable":true,"href":"https:\/\/www.ine.gob.bo\/index.php\/wp-json\/wp\/v2\/categories?post=42090"},{"taxonomy":"post_tag","embeddable":true,"href":"https:\/\/www.ine.gob.bo\/index.php\/wp-json\/wp\/v2\/tags?post=42090"}],"curies":[{"name":"wp","href":"https:\/\/api.w.org\/{rel}","templated":true}]}}