{"id":42078,"date":"2017-11-18T22:20:56","date_gmt":"2017-11-18T21:20:56","guid":{"rendered":"https:\/\/www.ine.gob.bo\/?p=42078"},"modified":"2019-07-30T22:24:03","modified_gmt":"2019-07-30T20:24:03","slug":"viacha-lidera-en-la-produccion-de-cebada-en-grano-en-el-departamento-de-la-paz","status":"publish","type":"post","link":"https:\/\/www.ine.gob.bo\/index.php\/viacha-lidera-en-la-produccion-de-cebada-en-grano-en-el-departamento-de-la-paz\/","title":{"rendered":"Viacha lidera en la producci\u00f3n de cebada en grano en el departamento de La Paz"},"content":{"rendered":"<p><strong>INE &#8211; La Paz, 18 de noviembre de 2017.-<\/strong>\u00a0Al celebrar 177 a\u00f1os de fundaci\u00f3n de Viacha, municipio de la provincia Ingavi del departamento de La Paz, el Instituto Nacional de Estad\u00edstica (INE) dio a conocer que en esta regi\u00f3n el principal cultivo de verano es la papa con una superficie cultivada de 2.898,3 hect\u00e1reas y una producci\u00f3n de 152.621,2 quintales, pero destaca por ser el mayor productor de cebada en grano del departamento, con una superficie cultivada de 2.551,8 hect\u00e1reas y una producci\u00f3n de 41.056,7 quintales, seg\u00fan el Censo Agropecuario 2013.<\/p>\n<p>A nivel departamental, otros municipios que sobresalen en el cultivo de este producto son: Umala, San Pedro de Curahuara, Sica Sica, Papel Pampa y Caquiaviri.<\/p>\n<p><strong>Gr\u00e1fico N\u00ba 1<\/strong><\/p>\n<p><strong>DEPARTAMENTO DE LA PAZ: PRINCIPALES MUNICIPIOS PRODUCTORES DE CEBADA EN GRANO, CENSO AGROPECUARIO 2013<\/strong><\/p>\n<p><img loading=\"lazy\" decoding=\"async\" class=\"alignnone size-full wp-image-42079\" src=\"https:\/\/www.ine.gob.bo\/wp-content\/uploads\/2019\/07\/Viacha1.png\" alt=\"\" width=\"746\" height=\"446\" srcset=\"https:\/\/www.ine.gob.bo\/wp-content\/uploads\/2019\/07\/Viacha1.png 746w, https:\/\/www.ine.gob.bo\/wp-content\/uploads\/2019\/07\/Viacha1-300x179.png 300w\" sizes=\"auto, (max-width: 746px) 100vw, 746px\" \/><\/p>\n<p>Viacha conforma el complejo metropolitano del departamento de La Paz y se encuentra distante a 22 km de la sede de Gobierno. La extensi\u00f3n territorial del municipio es de 1.120.86 km2 y ocupa 20,7% de la superficie de la provincia.<\/p>\n<p>Otros productos que se cultivan en Viacha son cebada forrajera, alfalfa, quinua y avena, de acuerdo con el Censo Agropecuario 2013.<\/p>\n<p><strong>Gr\u00e1fico N\u00ba 2<\/strong><\/p>\n<p><strong>MUNICIPIO VIACHA: SUPERFICIE<sup>(1)<\/sup>\u00a0Y PRODUCCI\u00d3N DE LOS PRINCIPALES CULTIVOS DE VERANO, CENSO AGROPECUARIO 2013<\/strong><\/p>\n<p><img loading=\"lazy\" decoding=\"async\" class=\"alignnone size-full wp-image-42080\" src=\"https:\/\/www.ine.gob.bo\/wp-content\/uploads\/2019\/07\/Viacha2.png\" alt=\"\" width=\"809\" height=\"481\" srcset=\"https:\/\/www.ine.gob.bo\/wp-content\/uploads\/2019\/07\/Viacha2.png 809w, https:\/\/www.ine.gob.bo\/wp-content\/uploads\/2019\/07\/Viacha2-300x178.png 300w, https:\/\/www.ine.gob.bo\/wp-content\/uploads\/2019\/07\/Viacha2-768x457.png 768w\" sizes=\"auto, (max-width: 809px) 100vw, 809px\" \/><\/p>\n<p>La principal especie ganadera en el municipio es la ovina con 62.703 cabezas, le sigue el ganado bovino con 22.467 animales y 12.512 aves de corral.<\/p>\n<p><strong>Gr\u00e1fico N\u00ba 3<\/strong><\/p>\n<p><strong>MUNICIPIO VIACHA: PRINCIPALES ESPECIES GANADERAS, CENSO AGROPECUARIO 2013<\/strong><\/p>\n<p><strong>(En n\u00famero de cabezas)<\/strong><\/p>\n<p><img loading=\"lazy\" decoding=\"async\" class=\"alignnone size-full wp-image-42081\" src=\"https:\/\/www.ine.gob.bo\/wp-content\/uploads\/2019\/07\/Viacha3.png\" alt=\"\" width=\"714\" height=\"415\" srcset=\"https:\/\/www.ine.gob.bo\/wp-content\/uploads\/2019\/07\/Viacha3.png 714w, https:\/\/www.ine.gob.bo\/wp-content\/uploads\/2019\/07\/Viacha3-300x174.png 300w\" sizes=\"auto, (max-width: 714px) 100vw, 714px\" \/><\/p>\n<p>Las Unidades de Producci\u00f3n Agropecuarias (UPA) empadronadas en el Censo Agropecuario 2013, muestran la participaci\u00f3n de 10.529 personas que se dedican a la actividad agr\u00edcola y 3.969 personas, a la actividad ganadera como actividad principal.<\/p>\n<p>En cuanto a la poblaci\u00f3n en Viacha, para el Censo 2001 contaba con 46.596 habitantes, seg\u00fan el Censo 2012 aument\u00f3 a 80.724 habitantes, registrando una tasa anual de crecimiento intercensal de 4,9 por ciento.<\/p>\n<p>Proyecciones poblacionales al 2017 se\u00f1alan que esta regi\u00f3n tiene 88.068 habitantes, de los cuales 43.609 son hombres y 44.459, mujeres; para el 2020 se estima para Viacha cerca de 90.880 habitantes.<\/p>\n<p><strong>Gr\u00e1fico N\u00ba 4<\/strong><\/p>\n<p><strong>MUNICIPIO VIACHA: PROYECCIONES DE POBLACI\u00d3N POR SEXO, 2017 &#8211; 2020<\/strong><\/p>\n<p><img loading=\"lazy\" decoding=\"async\" class=\"alignnone size-full wp-image-42082\" src=\"https:\/\/www.ine.gob.bo\/wp-content\/uploads\/2019\/07\/Viacha4.png\" alt=\"\" width=\"675\" height=\"360\" srcset=\"https:\/\/www.ine.gob.bo\/wp-content\/uploads\/2019\/07\/Viacha4.png 675w, https:\/\/www.ine.gob.bo\/wp-content\/uploads\/2019\/07\/Viacha4-300x160.png 300w\" sizes=\"auto, (max-width: 675px) 100vw, 675px\" \/><\/p>\n<p>En cuanto a la atenci\u00f3n de problemas de salud, el Censo 2012 establece que en Viacha 51,1% de su poblaci\u00f3n recurre a la farmacia o se automedica, 48,6% asiste a un establecimiento de salud p\u00fablico y 46,5% recurre a soluciones caseras.<\/p>\n<p><strong>Gr\u00e1fico N\u00ba 5<\/strong><\/p>\n<p><strong>MUNICIPIO VIACHA: POBLACI\u00d3N POR LUGAR DONDE ACUDE CUANDO TIENE PROBLEMAS DE SALUD, CENSO 2012<\/strong><\/p>\n<p><img loading=\"lazy\" decoding=\"async\" class=\"alignnone size-full wp-image-42083\" src=\"https:\/\/www.ine.gob.bo\/wp-content\/uploads\/2019\/07\/Viacha5.png\" alt=\"\" width=\"737\" height=\"429\" srcset=\"https:\/\/www.ine.gob.bo\/wp-content\/uploads\/2019\/07\/Viacha5.png 737w, https:\/\/www.ine.gob.bo\/wp-content\/uploads\/2019\/07\/Viacha5-300x175.png 300w\" sizes=\"auto, (max-width: 737px) 100vw, 737px\" \/><\/p>\n<p>Con relaci\u00f3n a la cobertura de servicios b\u00e1sicos, 82,9% de la poblaci\u00f3n del municipio de Viacha cuenta con energ\u00eda el\u00e9ctrica, 74,1% con agua potable y el 39,2% tiene saneamiento b\u00e1sico.<\/p>\n<p><strong>Gr\u00e1fico N\u00ba 6<\/strong><\/p>\n<p><strong>MUNICIPIO VIACHA: COBERTURA DE SERVICIOS B\u00c1SICOS, CENSO 2012<\/strong><\/p>\n<p><img loading=\"lazy\" decoding=\"async\" class=\"alignnone size-full wp-image-42084\" src=\"https:\/\/www.ine.gob.bo\/wp-content\/uploads\/2019\/07\/Viacha6.png\" alt=\"\" width=\"515\" height=\"363\" srcset=\"https:\/\/www.ine.gob.bo\/wp-content\/uploads\/2019\/07\/Viacha6.png 515w, https:\/\/www.ine.gob.bo\/wp-content\/uploads\/2019\/07\/Viacha6-300x211.png 300w\" sizes=\"auto, (max-width: 515px) 100vw, 515px\" \/><\/p>\n<blockquote><p><strong><em>UNIDAD DE DIFUSI\u00d3N Y COMUNICACI\u00d3N<\/em><\/strong><\/p>\n<p><strong>INSTITUTO NACIONAL DE ESTAD\u00cdSTICA<\/strong><\/p><\/blockquote>\n","protected":false},"excerpt":{"rendered":"<p>INE &#8211; La Paz, 18 de noviembre de 2017.-\u00a0Al celebrar 177 a\u00f1os de fundaci\u00f3n de Viacha, municipio de la provincia Ingavi del departamento de La Paz, el Instituto Nacional de Estad\u00edstica (INE) dio a conocer que en esta regi\u00f3n el principal cultivo de verano es la papa con una superficie cultivada de 2.898,3 hect\u00e1reas y&hellip;<\/p>\n","protected":false},"author":1,"featured_media":42084,"comment_status":"closed","ping_status":"open","sticky":false,"template":"","format":"standard","meta":[],"categories":[158],"tags":[],"class_list":["post-42078","post","type-post","status-publish","format-standard","has-post-thumbnail","hentry","category-ine-noticias","category-158","description-off"],"yoast_head":"<!-- This site is optimized with the Yoast SEO plugin v23.2 - https:\/\/yoast.com\/wordpress\/plugins\/seo\/ -->\n<title>Viacha lidera en la producci\u00f3n de cebada en grano en el departamento de La Paz - INE<\/title>\n<meta name=\"description\" content=\"P\u00e1gina oficial del Instituto Nacional de Estadistica INE, informaci\u00f3n estad\u00edstica, geogr\u00e1fica y econ\u00f3mica a nivel nacional.\" \/>\n<meta name=\"robots\" content=\"index, follow, max-snippet:-1, max-image-preview:large, max-video-preview:-1\" \/>\n<link rel=\"canonical\" href=\"https:\/\/www.ine.gob.bo\/index.php\/viacha-lidera-en-la-produccion-de-cebada-en-grano-en-el-departamento-de-la-paz\/\" \/>\n<meta property=\"og:locale\" content=\"es_ES\" \/>\n<meta property=\"og:type\" content=\"article\" \/>\n<meta property=\"og:title\" content=\"Viacha lidera en la producci\u00f3n de cebada en grano en el departamento de La Paz - INE\" \/>\n<meta property=\"og:description\" content=\"P\u00e1gina oficial del Instituto Nacional de Estadistica INE, informaci\u00f3n estad\u00edstica, geogr\u00e1fica y econ\u00f3mica a nivel nacional.\" \/>\n<meta property=\"og:url\" content=\"https:\/\/www.ine.gob.bo\/index.php\/viacha-lidera-en-la-produccion-de-cebada-en-grano-en-el-departamento-de-la-paz\/\" \/>\n<meta property=\"og:site_name\" content=\"INE\" \/>\n<meta property=\"article:publisher\" content=\"https:\/\/www.facebook.com\/ineboliviaoficial\" \/>\n<meta property=\"article:published_time\" content=\"2017-11-18T21:20:56+00:00\" \/>\n<meta property=\"article:modified_time\" content=\"2019-07-30T20:24:03+00:00\" \/>\n<meta property=\"og:image\" content=\"https:\/\/www.ine.gob.bo\/wp-content\/uploads\/2019\/07\/Viacha6.png\" \/>\n\t<meta property=\"og:image:width\" content=\"515\" \/>\n\t<meta property=\"og:image:height\" content=\"363\" \/>\n\t<meta property=\"og:image:type\" content=\"image\/png\" \/>\n<meta name=\"author\" content=\"4dmin-root\" \/>\n<meta name=\"twitter:card\" content=\"summary_large_image\" \/>\n<meta name=\"twitter:creator\" content=\"@INE_Bolivia\" \/>\n<meta name=\"twitter:site\" content=\"@INE_Bolivia\" \/>\n<meta name=\"twitter:label1\" content=\"Escrito por\" \/>\n\t<meta name=\"twitter:data1\" content=\"4dmin-root\" \/>\n\t<meta name=\"twitter:label2\" content=\"Tiempo de lectura\" \/>\n\t<meta name=\"twitter:data2\" content=\"2 minutos\" \/>\n<script type=\"application\/ld+json\" class=\"yoast-schema-graph\">{\"@context\":\"https:\/\/schema.org\",\"@graph\":[{\"@type\":\"Article\",\"@id\":\"https:\/\/www.ine.gob.bo\/index.php\/viacha-lidera-en-la-produccion-de-cebada-en-grano-en-el-departamento-de-la-paz\/#article\",\"isPartOf\":{\"@id\":\"https:\/\/www.ine.gob.bo\/index.php\/viacha-lidera-en-la-produccion-de-cebada-en-grano-en-el-departamento-de-la-paz\/\"},\"author\":{\"name\":\"4dmin-root\",\"@id\":\"https:\/\/www.ine.gob.bo\/#\/schema\/person\/4b9ab894e9de9fb7f2078269aea371be\"},\"headline\":\"Viacha lidera en la producci\u00f3n de cebada en grano en el departamento de La Paz\",\"datePublished\":\"2017-11-18T21:20:56+00:00\",\"dateModified\":\"2019-07-30T20:24:03+00:00\",\"mainEntityOfPage\":{\"@id\":\"https:\/\/www.ine.gob.bo\/index.php\/viacha-lidera-en-la-produccion-de-cebada-en-grano-en-el-departamento-de-la-paz\/\"},\"wordCount\":482,\"publisher\":{\"@id\":\"https:\/\/www.ine.gob.bo\/#organization\"},\"image\":{\"@id\":\"https:\/\/www.ine.gob.bo\/index.php\/viacha-lidera-en-la-produccion-de-cebada-en-grano-en-el-departamento-de-la-paz\/#primaryimage\"},\"thumbnailUrl\":\"https:\/\/www.ine.gob.bo\/wp-content\/uploads\/2019\/07\/Viacha6.png\",\"articleSection\":[\"INE noticias\"],\"inLanguage\":\"es\"},{\"@type\":\"WebPage\",\"@id\":\"https:\/\/www.ine.gob.bo\/index.php\/viacha-lidera-en-la-produccion-de-cebada-en-grano-en-el-departamento-de-la-paz\/\",\"url\":\"https:\/\/www.ine.gob.bo\/index.php\/viacha-lidera-en-la-produccion-de-cebada-en-grano-en-el-departamento-de-la-paz\/\",\"name\":\"Viacha lidera en la producci\u00f3n de cebada en grano en el departamento de La Paz - INE\",\"isPartOf\":{\"@id\":\"https:\/\/www.ine.gob.bo\/#website\"},\"primaryImageOfPage\":{\"@id\":\"https:\/\/www.ine.gob.bo\/index.php\/viacha-lidera-en-la-produccion-de-cebada-en-grano-en-el-departamento-de-la-paz\/#primaryimage\"},\"image\":{\"@id\":\"https:\/\/www.ine.gob.bo\/index.php\/viacha-lidera-en-la-produccion-de-cebada-en-grano-en-el-departamento-de-la-paz\/#primaryimage\"},\"thumbnailUrl\":\"https:\/\/www.ine.gob.bo\/wp-content\/uploads\/2019\/07\/Viacha6.png\",\"datePublished\":\"2017-11-18T21:20:56+00:00\",\"dateModified\":\"2019-07-30T20:24:03+00:00\",\"description\":\"P\u00e1gina oficial del Instituto Nacional de Estadistica INE, informaci\u00f3n estad\u00edstica, geogr\u00e1fica y econ\u00f3mica a nivel nacional.\",\"breadcrumb\":{\"@id\":\"https:\/\/www.ine.gob.bo\/index.php\/viacha-lidera-en-la-produccion-de-cebada-en-grano-en-el-departamento-de-la-paz\/#breadcrumb\"},\"inLanguage\":\"es\",\"potentialAction\":[{\"@type\":\"ReadAction\",\"target\":[\"https:\/\/www.ine.gob.bo\/index.php\/viacha-lidera-en-la-produccion-de-cebada-en-grano-en-el-departamento-de-la-paz\/\"]}]},{\"@type\":\"ImageObject\",\"inLanguage\":\"es\",\"@id\":\"https:\/\/www.ine.gob.bo\/index.php\/viacha-lidera-en-la-produccion-de-cebada-en-grano-en-el-departamento-de-la-paz\/#primaryimage\",\"url\":\"https:\/\/www.ine.gob.bo\/wp-content\/uploads\/2019\/07\/Viacha6.png\",\"contentUrl\":\"https:\/\/www.ine.gob.bo\/wp-content\/uploads\/2019\/07\/Viacha6.png\",\"width\":515,\"height\":363},{\"@type\":\"BreadcrumbList\",\"@id\":\"https:\/\/www.ine.gob.bo\/index.php\/viacha-lidera-en-la-produccion-de-cebada-en-grano-en-el-departamento-de-la-paz\/#breadcrumb\",\"itemListElement\":[{\"@type\":\"ListItem\",\"position\":1,\"name\":\"Portada\",\"item\":\"https:\/\/www.ine.gob.bo\/\"},{\"@type\":\"ListItem\",\"position\":2,\"name\":\"Viacha lidera en la producci\u00f3n de cebada en grano en el departamento de La Paz\"}]},{\"@type\":\"WebSite\",\"@id\":\"https:\/\/www.ine.gob.bo\/#website\",\"url\":\"https:\/\/www.ine.gob.bo\/\",\"name\":\"INE\",\"description\":\"Instituto Nacional de Estad\u00edstica\",\"publisher\":{\"@id\":\"https:\/\/www.ine.gob.bo\/#organization\"},\"potentialAction\":[{\"@type\":\"SearchAction\",\"target\":{\"@type\":\"EntryPoint\",\"urlTemplate\":\"https:\/\/www.ine.gob.bo\/?s={search_term_string}\"},\"query-input\":\"required name=search_term_string\"}],\"inLanguage\":\"es\"},{\"@type\":\"Organization\",\"@id\":\"https:\/\/www.ine.gob.bo\/#organization\",\"name\":\"Instituto Nacional de Estad\u00edstica\",\"url\":\"https:\/\/www.ine.gob.bo\/\",\"logo\":{\"@type\":\"ImageObject\",\"inLanguage\":\"es\",\"@id\":\"https:\/\/www.ine.gob.bo\/#\/schema\/logo\/image\/\",\"url\":\"https:\/\/www.ine.gob.bo\/wp-content\/uploads\/2026\/02\/logo-ine.jpg\",\"contentUrl\":\"https:\/\/www.ine.gob.bo\/wp-content\/uploads\/2026\/02\/logo-ine.jpg\",\"width\":799,\"height\":453,\"caption\":\"Instituto Nacional de Estad\u00edstica\"},\"image\":{\"@id\":\"https:\/\/www.ine.gob.bo\/#\/schema\/logo\/image\/\"},\"sameAs\":[\"https:\/\/www.facebook.com\/ineboliviaoficial\",\"https:\/\/x.com\/INE_Bolivia\",\"https:\/\/www.instagram.com\/ineboliviaoficial\/\",\"https:\/\/www.youtube.com\/channel\/UCbIQXKLw414g5kWo1tAwqCg\"]},{\"@type\":\"Person\",\"@id\":\"https:\/\/www.ine.gob.bo\/#\/schema\/person\/4b9ab894e9de9fb7f2078269aea371be\",\"name\":\"4dmin-root\",\"image\":{\"@type\":\"ImageObject\",\"inLanguage\":\"es\",\"@id\":\"https:\/\/www.ine.gob.bo\/#\/schema\/person\/image\/\",\"url\":\"https:\/\/secure.gravatar.com\/avatar\/0824ec9f3a25d622e58133204574c46e0832b417c3b610112cf50ccc044cbefe?s=96&d=mm&r=g\",\"contentUrl\":\"https:\/\/secure.gravatar.com\/avatar\/0824ec9f3a25d622e58133204574c46e0832b417c3b610112cf50ccc044cbefe?s=96&d=mm&r=g\",\"caption\":\"4dmin-root\"},\"url\":\"https:\/\/www.ine.gob.bo\/index.php\/author\/4dmin-root\/\"}]}<\/script>\n<!-- \/ Yoast SEO plugin. -->","yoast_head_json":{"title":"Viacha lidera en la producci\u00f3n de cebada en grano en el departamento de La Paz - INE","description":"P\u00e1gina oficial del Instituto Nacional de Estadistica INE, informaci\u00f3n estad\u00edstica, geogr\u00e1fica y econ\u00f3mica a nivel nacional.","robots":{"index":"index","follow":"follow","max-snippet":"max-snippet:-1","max-image-preview":"max-image-preview:large","max-video-preview":"max-video-preview:-1"},"canonical":"https:\/\/www.ine.gob.bo\/index.php\/viacha-lidera-en-la-produccion-de-cebada-en-grano-en-el-departamento-de-la-paz\/","og_locale":"es_ES","og_type":"article","og_title":"Viacha lidera en la producci\u00f3n de cebada en grano en el departamento de La Paz - INE","og_description":"P\u00e1gina oficial del Instituto Nacional de Estadistica INE, informaci\u00f3n estad\u00edstica, geogr\u00e1fica y econ\u00f3mica a nivel nacional.","og_url":"https:\/\/www.ine.gob.bo\/index.php\/viacha-lidera-en-la-produccion-de-cebada-en-grano-en-el-departamento-de-la-paz\/","og_site_name":"INE","article_publisher":"https:\/\/www.facebook.com\/ineboliviaoficial","article_published_time":"2017-11-18T21:20:56+00:00","article_modified_time":"2019-07-30T20:24:03+00:00","og_image":[{"width":515,"height":363,"url":"https:\/\/www.ine.gob.bo\/wp-content\/uploads\/2019\/07\/Viacha6.png","type":"image\/png"}],"author":"4dmin-root","twitter_card":"summary_large_image","twitter_creator":"@INE_Bolivia","twitter_site":"@INE_Bolivia","twitter_misc":{"Escrito por":"4dmin-root","Tiempo de lectura":"2 minutos"},"schema":{"@context":"https:\/\/schema.org","@graph":[{"@type":"Article","@id":"https:\/\/www.ine.gob.bo\/index.php\/viacha-lidera-en-la-produccion-de-cebada-en-grano-en-el-departamento-de-la-paz\/#article","isPartOf":{"@id":"https:\/\/www.ine.gob.bo\/index.php\/viacha-lidera-en-la-produccion-de-cebada-en-grano-en-el-departamento-de-la-paz\/"},"author":{"name":"4dmin-root","@id":"https:\/\/www.ine.gob.bo\/#\/schema\/person\/4b9ab894e9de9fb7f2078269aea371be"},"headline":"Viacha lidera en la producci\u00f3n de cebada en grano en el departamento de La Paz","datePublished":"2017-11-18T21:20:56+00:00","dateModified":"2019-07-30T20:24:03+00:00","mainEntityOfPage":{"@id":"https:\/\/www.ine.gob.bo\/index.php\/viacha-lidera-en-la-produccion-de-cebada-en-grano-en-el-departamento-de-la-paz\/"},"wordCount":482,"publisher":{"@id":"https:\/\/www.ine.gob.bo\/#organization"},"image":{"@id":"https:\/\/www.ine.gob.bo\/index.php\/viacha-lidera-en-la-produccion-de-cebada-en-grano-en-el-departamento-de-la-paz\/#primaryimage"},"thumbnailUrl":"https:\/\/www.ine.gob.bo\/wp-content\/uploads\/2019\/07\/Viacha6.png","articleSection":["INE noticias"],"inLanguage":"es"},{"@type":"WebPage","@id":"https:\/\/www.ine.gob.bo\/index.php\/viacha-lidera-en-la-produccion-de-cebada-en-grano-en-el-departamento-de-la-paz\/","url":"https:\/\/www.ine.gob.bo\/index.php\/viacha-lidera-en-la-produccion-de-cebada-en-grano-en-el-departamento-de-la-paz\/","name":"Viacha lidera en la producci\u00f3n de cebada en grano en el departamento de La Paz - INE","isPartOf":{"@id":"https:\/\/www.ine.gob.bo\/#website"},"primaryImageOfPage":{"@id":"https:\/\/www.ine.gob.bo\/index.php\/viacha-lidera-en-la-produccion-de-cebada-en-grano-en-el-departamento-de-la-paz\/#primaryimage"},"image":{"@id":"https:\/\/www.ine.gob.bo\/index.php\/viacha-lidera-en-la-produccion-de-cebada-en-grano-en-el-departamento-de-la-paz\/#primaryimage"},"thumbnailUrl":"https:\/\/www.ine.gob.bo\/wp-content\/uploads\/2019\/07\/Viacha6.png","datePublished":"2017-11-18T21:20:56+00:00","dateModified":"2019-07-30T20:24:03+00:00","description":"P\u00e1gina oficial del Instituto Nacional de Estadistica INE, informaci\u00f3n estad\u00edstica, geogr\u00e1fica y econ\u00f3mica a nivel nacional.","breadcrumb":{"@id":"https:\/\/www.ine.gob.bo\/index.php\/viacha-lidera-en-la-produccion-de-cebada-en-grano-en-el-departamento-de-la-paz\/#breadcrumb"},"inLanguage":"es","potentialAction":[{"@type":"ReadAction","target":["https:\/\/www.ine.gob.bo\/index.php\/viacha-lidera-en-la-produccion-de-cebada-en-grano-en-el-departamento-de-la-paz\/"]}]},{"@type":"ImageObject","inLanguage":"es","@id":"https:\/\/www.ine.gob.bo\/index.php\/viacha-lidera-en-la-produccion-de-cebada-en-grano-en-el-departamento-de-la-paz\/#primaryimage","url":"https:\/\/www.ine.gob.bo\/wp-content\/uploads\/2019\/07\/Viacha6.png","contentUrl":"https:\/\/www.ine.gob.bo\/wp-content\/uploads\/2019\/07\/Viacha6.png","width":515,"height":363},{"@type":"BreadcrumbList","@id":"https:\/\/www.ine.gob.bo\/index.php\/viacha-lidera-en-la-produccion-de-cebada-en-grano-en-el-departamento-de-la-paz\/#breadcrumb","itemListElement":[{"@type":"ListItem","position":1,"name":"Portada","item":"https:\/\/www.ine.gob.bo\/"},{"@type":"ListItem","position":2,"name":"Viacha lidera en la producci\u00f3n de cebada en grano en el departamento de La Paz"}]},{"@type":"WebSite","@id":"https:\/\/www.ine.gob.bo\/#website","url":"https:\/\/www.ine.gob.bo\/","name":"INE","description":"Instituto Nacional de Estad\u00edstica","publisher":{"@id":"https:\/\/www.ine.gob.bo\/#organization"},"potentialAction":[{"@type":"SearchAction","target":{"@type":"EntryPoint","urlTemplate":"https:\/\/www.ine.gob.bo\/?s={search_term_string}"},"query-input":"required name=search_term_string"}],"inLanguage":"es"},{"@type":"Organization","@id":"https:\/\/www.ine.gob.bo\/#organization","name":"Instituto Nacional de Estad\u00edstica","url":"https:\/\/www.ine.gob.bo\/","logo":{"@type":"ImageObject","inLanguage":"es","@id":"https:\/\/www.ine.gob.bo\/#\/schema\/logo\/image\/","url":"https:\/\/www.ine.gob.bo\/wp-content\/uploads\/2026\/02\/logo-ine.jpg","contentUrl":"https:\/\/www.ine.gob.bo\/wp-content\/uploads\/2026\/02\/logo-ine.jpg","width":799,"height":453,"caption":"Instituto Nacional de Estad\u00edstica"},"image":{"@id":"https:\/\/www.ine.gob.bo\/#\/schema\/logo\/image\/"},"sameAs":["https:\/\/www.facebook.com\/ineboliviaoficial","https:\/\/x.com\/INE_Bolivia","https:\/\/www.instagram.com\/ineboliviaoficial\/","https:\/\/www.youtube.com\/channel\/UCbIQXKLw414g5kWo1tAwqCg"]},{"@type":"Person","@id":"https:\/\/www.ine.gob.bo\/#\/schema\/person\/4b9ab894e9de9fb7f2078269aea371be","name":"4dmin-root","image":{"@type":"ImageObject","inLanguage":"es","@id":"https:\/\/www.ine.gob.bo\/#\/schema\/person\/image\/","url":"https:\/\/secure.gravatar.com\/avatar\/0824ec9f3a25d622e58133204574c46e0832b417c3b610112cf50ccc044cbefe?s=96&d=mm&r=g","contentUrl":"https:\/\/secure.gravatar.com\/avatar\/0824ec9f3a25d622e58133204574c46e0832b417c3b610112cf50ccc044cbefe?s=96&d=mm&r=g","caption":"4dmin-root"},"url":"https:\/\/www.ine.gob.bo\/index.php\/author\/4dmin-root\/"}]}},"rttpg_featured_image_url":{"full":["https:\/\/www.ine.gob.bo\/wp-content\/uploads\/2019\/07\/Viacha6.png",515,363,false],"landscape":["https:\/\/www.ine.gob.bo\/wp-content\/uploads\/2019\/07\/Viacha6.png",515,363,false],"portraits":["https:\/\/www.ine.gob.bo\/wp-content\/uploads\/2019\/07\/Viacha6.png",515,363,false],"thumbnail":["https:\/\/www.ine.gob.bo\/wp-content\/uploads\/2019\/07\/Viacha6-150x150.png",150,150,true],"medium":["https:\/\/www.ine.gob.bo\/wp-content\/uploads\/2019\/07\/Viacha6-300x211.png",300,211,true],"large":["https:\/\/www.ine.gob.bo\/wp-content\/uploads\/2019\/07\/Viacha6.png",515,363,false],"1536x1536":["https:\/\/www.ine.gob.bo\/wp-content\/uploads\/2019\/07\/Viacha6.png",515,363,false],"2048x2048":["https:\/\/www.ine.gob.bo\/wp-content\/uploads\/2019\/07\/Viacha6.png",515,363,false]},"rttpg_author":{"display_name":"4dmin-root","author_link":"https:\/\/www.ine.gob.bo\/index.php\/author\/4dmin-root\/"},"rttpg_comment":0,"rttpg_category":"<a href=\"https:\/\/www.ine.gob.bo\/index.php\/category\/ine-noticias\/\" rel=\"category tag\">INE noticias<\/a>","rttpg_excerpt":"INE &#8211; La Paz, 18 de noviembre de 2017.-\u00a0Al celebrar 177 a\u00f1os de fundaci\u00f3n de Viacha, municipio de la provincia Ingavi del departamento de La Paz, el Instituto Nacional de Estad\u00edstica (INE) dio a conocer que en esta regi\u00f3n el principal cultivo de verano es la papa con una superficie cultivada de 2.898,3 hect\u00e1reas y&hellip;","_links":{"self":[{"href":"https:\/\/www.ine.gob.bo\/index.php\/wp-json\/wp\/v2\/posts\/42078","targetHints":{"allow":["GET"]}}],"collection":[{"href":"https:\/\/www.ine.gob.bo\/index.php\/wp-json\/wp\/v2\/posts"}],"about":[{"href":"https:\/\/www.ine.gob.bo\/index.php\/wp-json\/wp\/v2\/types\/post"}],"author":[{"embeddable":true,"href":"https:\/\/www.ine.gob.bo\/index.php\/wp-json\/wp\/v2\/users\/1"}],"replies":[{"embeddable":true,"href":"https:\/\/www.ine.gob.bo\/index.php\/wp-json\/wp\/v2\/comments?post=42078"}],"version-history":[{"count":0,"href":"https:\/\/www.ine.gob.bo\/index.php\/wp-json\/wp\/v2\/posts\/42078\/revisions"}],"wp:featuredmedia":[{"embeddable":true,"href":"https:\/\/www.ine.gob.bo\/index.php\/wp-json\/wp\/v2\/media\/42084"}],"wp:attachment":[{"href":"https:\/\/www.ine.gob.bo\/index.php\/wp-json\/wp\/v2\/media?parent=42078"}],"wp:term":[{"taxonomy":"category","embeddable":true,"href":"https:\/\/www.ine.gob.bo\/index.php\/wp-json\/wp\/v2\/categories?post=42078"},{"taxonomy":"post_tag","embeddable":true,"href":"https:\/\/www.ine.gob.bo\/index.php\/wp-json\/wp\/v2\/tags?post=42078"}],"curies":[{"name":"wp","href":"https:\/\/api.w.org\/{rel}","templated":true}]}}