{"id":42065,"date":"2017-11-22T22:15:50","date_gmt":"2017-11-22T21:15:50","guid":{"rendered":"https:\/\/www.ine.gob.bo\/?p=42065"},"modified":"2019-07-30T22:17:24","modified_gmt":"2019-07-30T20:17:24","slug":"pocona-cultiva-2-082-hectareas-de-papa-al-ano","status":"publish","type":"post","link":"https:\/\/www.ine.gob.bo\/index.php\/pocona-cultiva-2-082-hectareas-de-papa-al-ano\/","title":{"rendered":"Pocona cultiva 2.082 hect\u00e1reas de papa al a\u00f1o"},"content":{"rendered":"<p><strong>Cochabamba, 22 de noviembre de 2017 (INE). &#8211;\u00a0<\/strong>El municipio de Pocona celebra sus 111 aniversario, seg\u00fan resultados de Censo Agropecuario 2013,\u00a0su principal cultivo de verano es la papa,\u00a0en\u00a0el a\u00f1o agr\u00edcola 2012 -2013 la producci\u00f3n de este tub\u00e9rculo alcanzo 2.082,1 hect\u00e1reas, constituy\u00e9ndose de esta manera en el quinto municipio con mayor superficie cultivada de papa en el departamento de Cochabamba,\u00a0informo\u00a0el Instituto Nacional de Estad\u00edstica (INE).<\/p>\n<p>Pocona est\u00e1 ubicado en la provincia Carrasco a 164\u00a0Km. de distancia de la ciudad de Cochabamba.Seg\u00fan el Censo Agropecuario, este municipio tiene una superficie cultivada de verano de 4.565,2 hect\u00e1reas, sus principales cultivos son la papa, 2.082,1 hect\u00e1reas, trigo 1.036,4 hect\u00e1reas, ma\u00edz 738,3 hect\u00e1reas, haba verde 237,0 hect\u00e1reas y arveja verde 170,8 hect\u00e1reas.<\/p>\n<p><strong>Gr\u00e1fico N\u00ba 1<\/strong><\/p>\n<p><strong>MUNICIPIO POCONA: SUPERFICIE Y PRODUCCI\u00d3N DE LOS PRINCIPALES CULTIVOS DE VERANO, CENSO AGROPECUARIO 2013<\/strong><\/p>\n<p><img loading=\"lazy\" decoding=\"async\" class=\"alignnone size-full wp-image-42066\" src=\"https:\/\/www.ine.gob.bo\/wp-content\/uploads\/2019\/07\/Pocona1.png\" alt=\"\" width=\"602\" height=\"332\" srcset=\"https:\/\/www.ine.gob.bo\/wp-content\/uploads\/2019\/07\/Pocona1.png 602w, https:\/\/www.ine.gob.bo\/wp-content\/uploads\/2019\/07\/Pocona1-300x165.png 300w\" sizes=\"auto, (max-width: 602px) 100vw, 602px\" \/><\/p>\n<p>Seg\u00fan los tipos de maquinaria, equipos e implementos reportados en el Censo Agropecuario 2013, el municipio de Pocona cuenta principalmente con 10.820 cosechadoras manuales, 3.314 arados de madera de tracci\u00f3n animal, 2.471 equipos de fumigaci\u00f3n (manual y mec\u00e1nico), 1.406 arados de hierro de tracci\u00f3n animal, 387 rastras y 234 trilladoras manuales.<\/p>\n<p><strong>Gr\u00e1fico N\u00ba 2<\/strong><\/p>\n<p><strong>MUNICIPIO POCONA: PRINCIPAL MAQUINARIA AGR\u00cdCOLA, CENSO AGROPECUARIO 2013<\/strong><\/p>\n<p><strong>(En n\u00famero)<\/strong><\/p>\n<p><img loading=\"lazy\" decoding=\"async\" class=\"alignnone size-full wp-image-42067\" src=\"https:\/\/www.ine.gob.bo\/wp-content\/uploads\/2019\/07\/Pocona2.png\" alt=\"\" width=\"620\" height=\"309\" srcset=\"https:\/\/www.ine.gob.bo\/wp-content\/uploads\/2019\/07\/Pocona2.png 620w, https:\/\/www.ine.gob.bo\/wp-content\/uploads\/2019\/07\/Pocona2-300x150.png 300w\" sizes=\"auto, (max-width: 620px) 100vw, 620px\" \/><\/p>\n<p>El municipio de Pocona tiene como sus principales especies ganaderas a las aves de corral 338.686 cabezas, ovinos 18.039 cabezas, aves de corral 13.213 cabezas, bovinos 7.852 cabezas y porcinos de corral 2.798 cabezaS, respectivamente.<\/p>\n<p><strong>Gr\u00e1fico N\u00ba 3<\/strong><\/p>\n<p><strong>MUNICIPIO POCONA: PRINCIPALES ESPECIES GANADERAS, CENSO AGROPECUARIO 2013<\/strong><\/p>\n<p><strong>(En n\u00famero)<\/strong><\/p>\n<p><img loading=\"lazy\" decoding=\"async\" class=\"alignnone size-full wp-image-42068\" src=\"https:\/\/www.ine.gob.bo\/wp-content\/uploads\/2019\/07\/Pocona3.png\" alt=\"\" width=\"495\" height=\"298\" srcset=\"https:\/\/www.ine.gob.bo\/wp-content\/uploads\/2019\/07\/Pocona3.png 495w, https:\/\/www.ine.gob.bo\/wp-content\/uploads\/2019\/07\/Pocona3-300x181.png 300w\" sizes=\"auto, (max-width: 495px) 100vw, 495px\" \/><\/p>\n<blockquote><p><strong><em>UNIDAD DE DIFUSI\u00d3N Y COMUNICACI\u00d3N<\/em><\/strong><\/p>\n<p><strong>INSTITUTO NACIONAL DE ESTAD\u00cdSTICA &#8211; COCHABAMBA<\/strong><\/p><\/blockquote>\n","protected":false},"excerpt":{"rendered":"<p>Cochabamba, 22 de noviembre de 2017 (INE). &#8211;\u00a0El municipio de Pocona celebra sus 111 aniversario, seg\u00fan resultados de Censo Agropecuario 2013,\u00a0su principal cultivo de verano es la papa,\u00a0en\u00a0el a\u00f1o agr\u00edcola 2012 -2013 la producci\u00f3n de este tub\u00e9rculo alcanzo 2.082,1 hect\u00e1reas, constituy\u00e9ndose de esta manera en el quinto municipio con mayor superficie cultivada de papa en&hellip;<\/p>\n","protected":false},"author":1,"featured_media":42066,"comment_status":"closed","ping_status":"open","sticky":false,"template":"","format":"standard","meta":[],"categories":[158],"tags":[],"class_list":["post-42065","post","type-post","status-publish","format-standard","has-post-thumbnail","hentry","category-ine-noticias","category-158","description-off"],"yoast_head":"<!-- This site is optimized with the Yoast SEO plugin v23.2 - https:\/\/yoast.com\/wordpress\/plugins\/seo\/ -->\n<title>Pocona cultiva 2.082 hect\u00e1reas de papa al a\u00f1o - INE<\/title>\n<meta name=\"description\" content=\"P\u00e1gina oficial del Instituto Nacional de Estadistica INE, informaci\u00f3n estad\u00edstica, geogr\u00e1fica y econ\u00f3mica a nivel nacional.\" \/>\n<meta name=\"robots\" content=\"index, follow, max-snippet:-1, max-image-preview:large, max-video-preview:-1\" \/>\n<link rel=\"canonical\" href=\"https:\/\/www.ine.gob.bo\/index.php\/pocona-cultiva-2-082-hectareas-de-papa-al-ano\/\" \/>\n<meta property=\"og:locale\" content=\"es_ES\" \/>\n<meta property=\"og:type\" content=\"article\" \/>\n<meta property=\"og:title\" content=\"Pocona cultiva 2.082 hect\u00e1reas de papa al a\u00f1o - INE\" \/>\n<meta property=\"og:description\" content=\"P\u00e1gina oficial del Instituto Nacional de Estadistica INE, informaci\u00f3n estad\u00edstica, geogr\u00e1fica y econ\u00f3mica a nivel nacional.\" \/>\n<meta property=\"og:url\" content=\"https:\/\/www.ine.gob.bo\/index.php\/pocona-cultiva-2-082-hectareas-de-papa-al-ano\/\" \/>\n<meta property=\"og:site_name\" content=\"INE\" \/>\n<meta property=\"article:publisher\" content=\"https:\/\/www.facebook.com\/ineboliviaoficial\" \/>\n<meta property=\"article:published_time\" content=\"2017-11-22T21:15:50+00:00\" \/>\n<meta property=\"article:modified_time\" content=\"2019-07-30T20:17:24+00:00\" \/>\n<meta property=\"og:image\" content=\"https:\/\/www.ine.gob.bo\/wp-content\/uploads\/2019\/07\/Pocona1.png\" \/>\n\t<meta property=\"og:image:width\" content=\"602\" \/>\n\t<meta property=\"og:image:height\" content=\"332\" \/>\n\t<meta property=\"og:image:type\" content=\"image\/png\" \/>\n<meta name=\"author\" content=\"4dmin-root\" \/>\n<meta name=\"twitter:card\" content=\"summary_large_image\" \/>\n<meta name=\"twitter:creator\" content=\"@INE_Bolivia\" \/>\n<meta name=\"twitter:site\" content=\"@INE_Bolivia\" \/>\n<meta name=\"twitter:label1\" content=\"Escrito por\" \/>\n\t<meta name=\"twitter:data1\" content=\"4dmin-root\" \/>\n\t<meta name=\"twitter:label2\" content=\"Tiempo de lectura\" \/>\n\t<meta name=\"twitter:data2\" content=\"1 minuto\" \/>\n<script type=\"application\/ld+json\" class=\"yoast-schema-graph\">{\"@context\":\"https:\/\/schema.org\",\"@graph\":[{\"@type\":\"Article\",\"@id\":\"https:\/\/www.ine.gob.bo\/index.php\/pocona-cultiva-2-082-hectareas-de-papa-al-ano\/#article\",\"isPartOf\":{\"@id\":\"https:\/\/www.ine.gob.bo\/index.php\/pocona-cultiva-2-082-hectareas-de-papa-al-ano\/\"},\"author\":{\"name\":\"4dmin-root\",\"@id\":\"https:\/\/www.ine.gob.bo\/#\/schema\/person\/4b9ab894e9de9fb7f2078269aea371be\"},\"headline\":\"Pocona cultiva 2.082 hect\u00e1reas de papa al a\u00f1o\",\"datePublished\":\"2017-11-22T21:15:50+00:00\",\"dateModified\":\"2019-07-30T20:17:24+00:00\",\"mainEntityOfPage\":{\"@id\":\"https:\/\/www.ine.gob.bo\/index.php\/pocona-cultiva-2-082-hectareas-de-papa-al-ano\/\"},\"wordCount\":274,\"publisher\":{\"@id\":\"https:\/\/www.ine.gob.bo\/#organization\"},\"image\":{\"@id\":\"https:\/\/www.ine.gob.bo\/index.php\/pocona-cultiva-2-082-hectareas-de-papa-al-ano\/#primaryimage\"},\"thumbnailUrl\":\"https:\/\/www.ine.gob.bo\/wp-content\/uploads\/2019\/07\/Pocona1.png\",\"articleSection\":[\"INE noticias\"],\"inLanguage\":\"es\"},{\"@type\":\"WebPage\",\"@id\":\"https:\/\/www.ine.gob.bo\/index.php\/pocona-cultiva-2-082-hectareas-de-papa-al-ano\/\",\"url\":\"https:\/\/www.ine.gob.bo\/index.php\/pocona-cultiva-2-082-hectareas-de-papa-al-ano\/\",\"name\":\"Pocona cultiva 2.082 hect\u00e1reas de papa al a\u00f1o - INE\",\"isPartOf\":{\"@id\":\"https:\/\/www.ine.gob.bo\/#website\"},\"primaryImageOfPage\":{\"@id\":\"https:\/\/www.ine.gob.bo\/index.php\/pocona-cultiva-2-082-hectareas-de-papa-al-ano\/#primaryimage\"},\"image\":{\"@id\":\"https:\/\/www.ine.gob.bo\/index.php\/pocona-cultiva-2-082-hectareas-de-papa-al-ano\/#primaryimage\"},\"thumbnailUrl\":\"https:\/\/www.ine.gob.bo\/wp-content\/uploads\/2019\/07\/Pocona1.png\",\"datePublished\":\"2017-11-22T21:15:50+00:00\",\"dateModified\":\"2019-07-30T20:17:24+00:00\",\"description\":\"P\u00e1gina oficial del Instituto Nacional de Estadistica INE, informaci\u00f3n estad\u00edstica, geogr\u00e1fica y econ\u00f3mica a nivel nacional.\",\"breadcrumb\":{\"@id\":\"https:\/\/www.ine.gob.bo\/index.php\/pocona-cultiva-2-082-hectareas-de-papa-al-ano\/#breadcrumb\"},\"inLanguage\":\"es\",\"potentialAction\":[{\"@type\":\"ReadAction\",\"target\":[\"https:\/\/www.ine.gob.bo\/index.php\/pocona-cultiva-2-082-hectareas-de-papa-al-ano\/\"]}]},{\"@type\":\"ImageObject\",\"inLanguage\":\"es\",\"@id\":\"https:\/\/www.ine.gob.bo\/index.php\/pocona-cultiva-2-082-hectareas-de-papa-al-ano\/#primaryimage\",\"url\":\"https:\/\/www.ine.gob.bo\/wp-content\/uploads\/2019\/07\/Pocona1.png\",\"contentUrl\":\"https:\/\/www.ine.gob.bo\/wp-content\/uploads\/2019\/07\/Pocona1.png\",\"width\":602,\"height\":332},{\"@type\":\"BreadcrumbList\",\"@id\":\"https:\/\/www.ine.gob.bo\/index.php\/pocona-cultiva-2-082-hectareas-de-papa-al-ano\/#breadcrumb\",\"itemListElement\":[{\"@type\":\"ListItem\",\"position\":1,\"name\":\"Portada\",\"item\":\"https:\/\/www.ine.gob.bo\/\"},{\"@type\":\"ListItem\",\"position\":2,\"name\":\"Pocona cultiva 2.082 hect\u00e1reas de papa al a\u00f1o\"}]},{\"@type\":\"WebSite\",\"@id\":\"https:\/\/www.ine.gob.bo\/#website\",\"url\":\"https:\/\/www.ine.gob.bo\/\",\"name\":\"INE\",\"description\":\"Instituto Nacional de Estad\u00edstica\",\"publisher\":{\"@id\":\"https:\/\/www.ine.gob.bo\/#organization\"},\"potentialAction\":[{\"@type\":\"SearchAction\",\"target\":{\"@type\":\"EntryPoint\",\"urlTemplate\":\"https:\/\/www.ine.gob.bo\/?s={search_term_string}\"},\"query-input\":\"required name=search_term_string\"}],\"inLanguage\":\"es\"},{\"@type\":\"Organization\",\"@id\":\"https:\/\/www.ine.gob.bo\/#organization\",\"name\":\"Instituto Nacional de Estad\u00edstica\",\"url\":\"https:\/\/www.ine.gob.bo\/\",\"logo\":{\"@type\":\"ImageObject\",\"inLanguage\":\"es\",\"@id\":\"https:\/\/www.ine.gob.bo\/#\/schema\/logo\/image\/\",\"url\":\"https:\/\/www.ine.gob.bo\/wp-content\/uploads\/2026\/02\/logo-ine.jpg\",\"contentUrl\":\"https:\/\/www.ine.gob.bo\/wp-content\/uploads\/2026\/02\/logo-ine.jpg\",\"width\":799,\"height\":453,\"caption\":\"Instituto Nacional de Estad\u00edstica\"},\"image\":{\"@id\":\"https:\/\/www.ine.gob.bo\/#\/schema\/logo\/image\/\"},\"sameAs\":[\"https:\/\/www.facebook.com\/ineboliviaoficial\",\"https:\/\/x.com\/INE_Bolivia\",\"https:\/\/www.instagram.com\/ineboliviaoficial\/\",\"https:\/\/www.youtube.com\/channel\/UCbIQXKLw414g5kWo1tAwqCg\"]},{\"@type\":\"Person\",\"@id\":\"https:\/\/www.ine.gob.bo\/#\/schema\/person\/4b9ab894e9de9fb7f2078269aea371be\",\"name\":\"4dmin-root\",\"image\":{\"@type\":\"ImageObject\",\"inLanguage\":\"es\",\"@id\":\"https:\/\/www.ine.gob.bo\/#\/schema\/person\/image\/\",\"url\":\"https:\/\/secure.gravatar.com\/avatar\/0824ec9f3a25d622e58133204574c46e0832b417c3b610112cf50ccc044cbefe?s=96&d=mm&r=g\",\"contentUrl\":\"https:\/\/secure.gravatar.com\/avatar\/0824ec9f3a25d622e58133204574c46e0832b417c3b610112cf50ccc044cbefe?s=96&d=mm&r=g\",\"caption\":\"4dmin-root\"},\"url\":\"https:\/\/www.ine.gob.bo\/index.php\/author\/4dmin-root\/\"}]}<\/script>\n<!-- \/ Yoast SEO plugin. -->","yoast_head_json":{"title":"Pocona cultiva 2.082 hect\u00e1reas de papa al a\u00f1o - INE","description":"P\u00e1gina oficial del Instituto Nacional de Estadistica INE, informaci\u00f3n estad\u00edstica, geogr\u00e1fica y econ\u00f3mica a nivel nacional.","robots":{"index":"index","follow":"follow","max-snippet":"max-snippet:-1","max-image-preview":"max-image-preview:large","max-video-preview":"max-video-preview:-1"},"canonical":"https:\/\/www.ine.gob.bo\/index.php\/pocona-cultiva-2-082-hectareas-de-papa-al-ano\/","og_locale":"es_ES","og_type":"article","og_title":"Pocona cultiva 2.082 hect\u00e1reas de papa al a\u00f1o - INE","og_description":"P\u00e1gina oficial del Instituto Nacional de Estadistica INE, informaci\u00f3n estad\u00edstica, geogr\u00e1fica y econ\u00f3mica a nivel nacional.","og_url":"https:\/\/www.ine.gob.bo\/index.php\/pocona-cultiva-2-082-hectareas-de-papa-al-ano\/","og_site_name":"INE","article_publisher":"https:\/\/www.facebook.com\/ineboliviaoficial","article_published_time":"2017-11-22T21:15:50+00:00","article_modified_time":"2019-07-30T20:17:24+00:00","og_image":[{"width":602,"height":332,"url":"https:\/\/www.ine.gob.bo\/wp-content\/uploads\/2019\/07\/Pocona1.png","type":"image\/png"}],"author":"4dmin-root","twitter_card":"summary_large_image","twitter_creator":"@INE_Bolivia","twitter_site":"@INE_Bolivia","twitter_misc":{"Escrito por":"4dmin-root","Tiempo de lectura":"1 minuto"},"schema":{"@context":"https:\/\/schema.org","@graph":[{"@type":"Article","@id":"https:\/\/www.ine.gob.bo\/index.php\/pocona-cultiva-2-082-hectareas-de-papa-al-ano\/#article","isPartOf":{"@id":"https:\/\/www.ine.gob.bo\/index.php\/pocona-cultiva-2-082-hectareas-de-papa-al-ano\/"},"author":{"name":"4dmin-root","@id":"https:\/\/www.ine.gob.bo\/#\/schema\/person\/4b9ab894e9de9fb7f2078269aea371be"},"headline":"Pocona cultiva 2.082 hect\u00e1reas de papa al a\u00f1o","datePublished":"2017-11-22T21:15:50+00:00","dateModified":"2019-07-30T20:17:24+00:00","mainEntityOfPage":{"@id":"https:\/\/www.ine.gob.bo\/index.php\/pocona-cultiva-2-082-hectareas-de-papa-al-ano\/"},"wordCount":274,"publisher":{"@id":"https:\/\/www.ine.gob.bo\/#organization"},"image":{"@id":"https:\/\/www.ine.gob.bo\/index.php\/pocona-cultiva-2-082-hectareas-de-papa-al-ano\/#primaryimage"},"thumbnailUrl":"https:\/\/www.ine.gob.bo\/wp-content\/uploads\/2019\/07\/Pocona1.png","articleSection":["INE noticias"],"inLanguage":"es"},{"@type":"WebPage","@id":"https:\/\/www.ine.gob.bo\/index.php\/pocona-cultiva-2-082-hectareas-de-papa-al-ano\/","url":"https:\/\/www.ine.gob.bo\/index.php\/pocona-cultiva-2-082-hectareas-de-papa-al-ano\/","name":"Pocona cultiva 2.082 hect\u00e1reas de papa al a\u00f1o - INE","isPartOf":{"@id":"https:\/\/www.ine.gob.bo\/#website"},"primaryImageOfPage":{"@id":"https:\/\/www.ine.gob.bo\/index.php\/pocona-cultiva-2-082-hectareas-de-papa-al-ano\/#primaryimage"},"image":{"@id":"https:\/\/www.ine.gob.bo\/index.php\/pocona-cultiva-2-082-hectareas-de-papa-al-ano\/#primaryimage"},"thumbnailUrl":"https:\/\/www.ine.gob.bo\/wp-content\/uploads\/2019\/07\/Pocona1.png","datePublished":"2017-11-22T21:15:50+00:00","dateModified":"2019-07-30T20:17:24+00:00","description":"P\u00e1gina oficial del Instituto Nacional de Estadistica INE, informaci\u00f3n estad\u00edstica, geogr\u00e1fica y econ\u00f3mica a nivel nacional.","breadcrumb":{"@id":"https:\/\/www.ine.gob.bo\/index.php\/pocona-cultiva-2-082-hectareas-de-papa-al-ano\/#breadcrumb"},"inLanguage":"es","potentialAction":[{"@type":"ReadAction","target":["https:\/\/www.ine.gob.bo\/index.php\/pocona-cultiva-2-082-hectareas-de-papa-al-ano\/"]}]},{"@type":"ImageObject","inLanguage":"es","@id":"https:\/\/www.ine.gob.bo\/index.php\/pocona-cultiva-2-082-hectareas-de-papa-al-ano\/#primaryimage","url":"https:\/\/www.ine.gob.bo\/wp-content\/uploads\/2019\/07\/Pocona1.png","contentUrl":"https:\/\/www.ine.gob.bo\/wp-content\/uploads\/2019\/07\/Pocona1.png","width":602,"height":332},{"@type":"BreadcrumbList","@id":"https:\/\/www.ine.gob.bo\/index.php\/pocona-cultiva-2-082-hectareas-de-papa-al-ano\/#breadcrumb","itemListElement":[{"@type":"ListItem","position":1,"name":"Portada","item":"https:\/\/www.ine.gob.bo\/"},{"@type":"ListItem","position":2,"name":"Pocona cultiva 2.082 hect\u00e1reas de papa al a\u00f1o"}]},{"@type":"WebSite","@id":"https:\/\/www.ine.gob.bo\/#website","url":"https:\/\/www.ine.gob.bo\/","name":"INE","description":"Instituto Nacional de Estad\u00edstica","publisher":{"@id":"https:\/\/www.ine.gob.bo\/#organization"},"potentialAction":[{"@type":"SearchAction","target":{"@type":"EntryPoint","urlTemplate":"https:\/\/www.ine.gob.bo\/?s={search_term_string}"},"query-input":"required name=search_term_string"}],"inLanguage":"es"},{"@type":"Organization","@id":"https:\/\/www.ine.gob.bo\/#organization","name":"Instituto Nacional de Estad\u00edstica","url":"https:\/\/www.ine.gob.bo\/","logo":{"@type":"ImageObject","inLanguage":"es","@id":"https:\/\/www.ine.gob.bo\/#\/schema\/logo\/image\/","url":"https:\/\/www.ine.gob.bo\/wp-content\/uploads\/2026\/02\/logo-ine.jpg","contentUrl":"https:\/\/www.ine.gob.bo\/wp-content\/uploads\/2026\/02\/logo-ine.jpg","width":799,"height":453,"caption":"Instituto Nacional de Estad\u00edstica"},"image":{"@id":"https:\/\/www.ine.gob.bo\/#\/schema\/logo\/image\/"},"sameAs":["https:\/\/www.facebook.com\/ineboliviaoficial","https:\/\/x.com\/INE_Bolivia","https:\/\/www.instagram.com\/ineboliviaoficial\/","https:\/\/www.youtube.com\/channel\/UCbIQXKLw414g5kWo1tAwqCg"]},{"@type":"Person","@id":"https:\/\/www.ine.gob.bo\/#\/schema\/person\/4b9ab894e9de9fb7f2078269aea371be","name":"4dmin-root","image":{"@type":"ImageObject","inLanguage":"es","@id":"https:\/\/www.ine.gob.bo\/#\/schema\/person\/image\/","url":"https:\/\/secure.gravatar.com\/avatar\/0824ec9f3a25d622e58133204574c46e0832b417c3b610112cf50ccc044cbefe?s=96&d=mm&r=g","contentUrl":"https:\/\/secure.gravatar.com\/avatar\/0824ec9f3a25d622e58133204574c46e0832b417c3b610112cf50ccc044cbefe?s=96&d=mm&r=g","caption":"4dmin-root"},"url":"https:\/\/www.ine.gob.bo\/index.php\/author\/4dmin-root\/"}]}},"rttpg_featured_image_url":{"full":["https:\/\/www.ine.gob.bo\/wp-content\/uploads\/2019\/07\/Pocona1.png",602,332,false],"landscape":["https:\/\/www.ine.gob.bo\/wp-content\/uploads\/2019\/07\/Pocona1.png",602,332,false],"portraits":["https:\/\/www.ine.gob.bo\/wp-content\/uploads\/2019\/07\/Pocona1.png",602,332,false],"thumbnail":["https:\/\/www.ine.gob.bo\/wp-content\/uploads\/2019\/07\/Pocona1-150x150.png",150,150,true],"medium":["https:\/\/www.ine.gob.bo\/wp-content\/uploads\/2019\/07\/Pocona1-300x165.png",300,165,true],"large":["https:\/\/www.ine.gob.bo\/wp-content\/uploads\/2019\/07\/Pocona1.png",602,332,false],"1536x1536":["https:\/\/www.ine.gob.bo\/wp-content\/uploads\/2019\/07\/Pocona1.png",602,332,false],"2048x2048":["https:\/\/www.ine.gob.bo\/wp-content\/uploads\/2019\/07\/Pocona1.png",602,332,false]},"rttpg_author":{"display_name":"4dmin-root","author_link":"https:\/\/www.ine.gob.bo\/index.php\/author\/4dmin-root\/"},"rttpg_comment":0,"rttpg_category":"<a href=\"https:\/\/www.ine.gob.bo\/index.php\/category\/ine-noticias\/\" rel=\"category tag\">INE noticias<\/a>","rttpg_excerpt":"Cochabamba, 22 de noviembre de 2017 (INE). &#8211;\u00a0El municipio de Pocona celebra sus 111 aniversario, seg\u00fan resultados de Censo Agropecuario 2013,\u00a0su principal cultivo de verano es la papa,\u00a0en\u00a0el a\u00f1o agr\u00edcola 2012 -2013 la producci\u00f3n de este tub\u00e9rculo alcanzo 2.082,1 hect\u00e1reas, constituy\u00e9ndose de esta manera en el quinto municipio con mayor superficie cultivada de papa en&hellip;","_links":{"self":[{"href":"https:\/\/www.ine.gob.bo\/index.php\/wp-json\/wp\/v2\/posts\/42065","targetHints":{"allow":["GET"]}}],"collection":[{"href":"https:\/\/www.ine.gob.bo\/index.php\/wp-json\/wp\/v2\/posts"}],"about":[{"href":"https:\/\/www.ine.gob.bo\/index.php\/wp-json\/wp\/v2\/types\/post"}],"author":[{"embeddable":true,"href":"https:\/\/www.ine.gob.bo\/index.php\/wp-json\/wp\/v2\/users\/1"}],"replies":[{"embeddable":true,"href":"https:\/\/www.ine.gob.bo\/index.php\/wp-json\/wp\/v2\/comments?post=42065"}],"version-history":[{"count":0,"href":"https:\/\/www.ine.gob.bo\/index.php\/wp-json\/wp\/v2\/posts\/42065\/revisions"}],"wp:featuredmedia":[{"embeddable":true,"href":"https:\/\/www.ine.gob.bo\/index.php\/wp-json\/wp\/v2\/media\/42066"}],"wp:attachment":[{"href":"https:\/\/www.ine.gob.bo\/index.php\/wp-json\/wp\/v2\/media?parent=42065"}],"wp:term":[{"taxonomy":"category","embeddable":true,"href":"https:\/\/www.ine.gob.bo\/index.php\/wp-json\/wp\/v2\/categories?post=42065"},{"taxonomy":"post_tag","embeddable":true,"href":"https:\/\/www.ine.gob.bo\/index.php\/wp-json\/wp\/v2\/tags?post=42065"}],"curies":[{"name":"wp","href":"https:\/\/api.w.org\/{rel}","templated":true}]}}