{"id":41994,"date":"2017-04-05T01:13:21","date_gmt":"2017-04-04T23:13:21","guid":{"rendered":"https:\/\/www.ine.gob.bo\/?p=41994"},"modified":"2019-07-30T01:16:32","modified_gmt":"2019-07-29T23:16:32","slug":"el-indice-de-precios-al-consumidor-registro-variacion-positiva-de-001","status":"publish","type":"post","link":"https:\/\/www.ine.gob.bo\/index.php\/el-indice-de-precios-al-consumidor-registro-variacion-positiva-de-001\/","title":{"rendered":"El \u00cdndice de Precios al Consumidor registr\u00f3 variaci\u00f3n positiva de 0,01%"},"content":{"rendered":"<p class=\"TextoNP\"><strong>La Paz, 5 de abril de 2017 (INE).-<\/strong>\u00a0El \u00cdndice de Precios al Consumidor (IPC) registr\u00f3 en marzo variaci\u00f3n porcentual positiva de 0,01% respecto al \u00edndice del pasado mes (menor a la registrada en 2016 con variaci\u00f3n positiva de 0,13%); variaci\u00f3n acumulada de 0,48% y variaci\u00f3n a doce meses de 3,34%.<\/p>\n<p><strong>Cuadro N\u00ba 1<\/strong><\/p>\n<p><strong>BOLIVIA: \u00cdNDICE DE PRECIOS AL CONSUMIDOR, VARIACI\u00d3N PORCENTUAL MENSUAL, ACUMULADA Y A DOCE MESES, 2016 Y 2017<\/strong><\/p>\n<p><strong>(2007=100)<\/strong><\/p>\n<p><img loading=\"lazy\" decoding=\"async\" class=\"alignnone size-full wp-image-41995\" src=\"https:\/\/www.ine.gob.bo\/wp-content\/uploads\/2019\/07\/IPCmarzo1.png\" alt=\"\" width=\"724\" height=\"260\" srcset=\"https:\/\/www.ine.gob.bo\/wp-content\/uploads\/2019\/07\/IPCmarzo1.png 724w, https:\/\/www.ine.gob.bo\/wp-content\/uploads\/2019\/07\/IPCmarzo1-300x108.png 300w\" sizes=\"auto, (max-width: 724px) 100vw, 724px\" \/><\/p>\n<p><strong>Gr\u00e1fico N\u00ba 1<\/strong><\/p>\n<p><strong>BOLIVIA: VARIACI\u00d3N PORCENTUAL MENSUAL DEL IPC, 2016 Y 2017<\/strong><\/p>\n<p><img loading=\"lazy\" decoding=\"async\" class=\"alignnone size-full wp-image-41996\" src=\"https:\/\/www.ine.gob.bo\/wp-content\/uploads\/2019\/07\/IPCmarzo2.png\" alt=\"\" width=\"621\" height=\"350\" srcset=\"https:\/\/www.ine.gob.bo\/wp-content\/uploads\/2019\/07\/IPCmarzo2.png 621w, https:\/\/www.ine.gob.bo\/wp-content\/uploads\/2019\/07\/IPCmarzo2-300x169.png 300w\" sizes=\"auto, (max-width: 621px) 100vw, 621px\" \/><\/p>\n<p>La variaci\u00f3n positiva de 0,01%\u00a0se explica principalmente por la variaci\u00f3n porcentual positiva en las siguientes ciudades: Tarija 0,41%, Sucre 0,26%, Cobija 0,21%, La Paz 0,11% y Cochabamba 0,09%. Por el contrario, las ciudades que presentaron disminuci\u00f3n de precios son: Santa Cruz 0,18%, Potos\u00ed 0,08%, Trinidad 0,03% y Oruro 0,02%.<\/p>\n<p><strong>Gr\u00e1fico N\u00ba 2<\/strong><\/p>\n<p><strong>BOLIVIA: VARIACI\u00d3N PORCENTUAL MENSUAL DEL \u00cdNDICE DE PRECIOS<\/strong><\/p>\n<p><strong>AL CONSUMIDOR POR CIUDAD, MARZO DE 2017<\/strong><\/p>\n<p><img loading=\"lazy\" decoding=\"async\" class=\"alignnone size-full wp-image-41997\" src=\"https:\/\/www.ine.gob.bo\/wp-content\/uploads\/2019\/07\/IPCmarzo3.png\" alt=\"\" width=\"536\" height=\"512\" srcset=\"https:\/\/www.ine.gob.bo\/wp-content\/uploads\/2019\/07\/IPCmarzo3.png 536w, https:\/\/www.ine.gob.bo\/wp-content\/uploads\/2019\/07\/IPCmarzo3-300x287.png 300w\" sizes=\"auto, (max-width: 536px) 100vw, 536px\" \/><\/p>\n<p class=\"SubttuloNP\">La variaci\u00f3n positiva se debi\u00f3 principalmente al incremento de los precios en la divisi\u00f3n de Educaci\u00f3n con 0,61% e incidencia positiva de 0,03%.<\/p>\n<p><strong>Gr\u00e1fico N\u00ba 3<\/strong><\/p>\n<p><strong>BOLIVIA: VARIACI\u00d3N PORCENTUAL DEL IPC POR DIVISI\u00d3N, MARZO DE 2017<\/strong><\/p>\n<p><strong>(2007=100)<\/strong><\/p>\n<p><img loading=\"lazy\" decoding=\"async\" class=\"alignnone size-full wp-image-41998\" src=\"https:\/\/www.ine.gob.bo\/wp-content\/uploads\/2019\/07\/IPCmarzo4.png\" alt=\"\" width=\"739\" height=\"381\" srcset=\"https:\/\/www.ine.gob.bo\/wp-content\/uploads\/2019\/07\/IPCmarzo4.png 739w, https:\/\/www.ine.gob.bo\/wp-content\/uploads\/2019\/07\/IPCmarzo4-300x155.png 300w\" sizes=\"auto, (max-width: 739px) 100vw, 739px\" \/><\/p>\n<p class=\"SubttuloNP\">Los precios del tomate, la cebolla y la pensi\u00f3n para educaci\u00f3n superior universitaria presentaron mayor incidencia positiva en marzo. Los principales productos y servicios que presentaron variaci\u00f3n negativa son la carne de pollo (entero), el servicio de transporte interdepartamental y la arveja.<\/p>\n<p class=\"TextoNP\"><strong>Cuadro N\u00ba 2<\/strong><\/p>\n<p class=\"TextoNP\"><strong>BOLIVIA: PRODUCTOS CON MAYOR INCIDENCIA POSITIVA Y NEGATIVA, MARZO DE 2017<\/strong><\/p>\n<p class=\"TextoNP\"><strong>(En porcentaje)<\/strong><\/p>\n<p><img loading=\"lazy\" decoding=\"async\" class=\"alignnone size-full wp-image-41999\" src=\"https:\/\/www.ine.gob.bo\/wp-content\/uploads\/2019\/07\/IPCmarzo5.png\" alt=\"\" width=\"716\" height=\"276\" srcset=\"https:\/\/www.ine.gob.bo\/wp-content\/uploads\/2019\/07\/IPCmarzo5.png 716w, https:\/\/www.ine.gob.bo\/wp-content\/uploads\/2019\/07\/IPCmarzo5-300x116.png 300w\" sizes=\"auto, (max-width: 716px) 100vw, 716px\" \/><\/p>\n<blockquote><p><strong><em>UNIDAD DE DIFUSI\u00d3N Y COMUNICACI\u00d3N<\/em><\/strong><\/p>\n<p><strong>INSTITUTO NACIONAL DE ESTAD\u00cdSTICA<\/strong><\/p><\/blockquote>\n","protected":false},"excerpt":{"rendered":"<p>La Paz, 5 de abril de 2017 (INE).-\u00a0El \u00cdndice de Precios al Consumidor (IPC) registr\u00f3 en marzo variaci\u00f3n porcentual positiva de 0,01% respecto al \u00edndice del pasado mes (menor a la registrada en 2016 con variaci\u00f3n positiva de 0,13%); variaci\u00f3n acumulada de 0,48% y variaci\u00f3n a doce meses de 3,34%. Cuadro N\u00ba 1 BOLIVIA: \u00cdNDICE&hellip;<\/p>\n","protected":false},"author":1,"featured_media":41998,"comment_status":"closed","ping_status":"open","sticky":false,"template":"","format":"standard","meta":[],"categories":[158],"tags":[],"class_list":["post-41994","post","type-post","status-publish","format-standard","has-post-thumbnail","hentry","category-ine-noticias","category-158","description-off"],"yoast_head":"<!-- This site is optimized with the Yoast SEO plugin v23.2 - https:\/\/yoast.com\/wordpress\/plugins\/seo\/ -->\n<title>El \u00cdndice de Precios al Consumidor registr\u00f3 variaci\u00f3n positiva de 0,01% - INE<\/title>\n<meta name=\"description\" content=\"P\u00e1gina oficial del Instituto Nacional de Estadistica INE, informaci\u00f3n estad\u00edstica, geogr\u00e1fica y econ\u00f3mica a nivel nacional.\" \/>\n<meta name=\"robots\" content=\"index, follow, max-snippet:-1, max-image-preview:large, max-video-preview:-1\" \/>\n<link rel=\"canonical\" href=\"https:\/\/www.ine.gob.bo\/index.php\/el-indice-de-precios-al-consumidor-registro-variacion-positiva-de-001\/\" \/>\n<meta property=\"og:locale\" content=\"es_ES\" \/>\n<meta property=\"og:type\" content=\"article\" \/>\n<meta property=\"og:title\" content=\"El \u00cdndice de Precios al Consumidor registr\u00f3 variaci\u00f3n positiva de 0,01% - INE\" \/>\n<meta property=\"og:description\" content=\"P\u00e1gina oficial del Instituto Nacional de Estadistica INE, informaci\u00f3n estad\u00edstica, geogr\u00e1fica y econ\u00f3mica a nivel nacional.\" \/>\n<meta property=\"og:url\" content=\"https:\/\/www.ine.gob.bo\/index.php\/el-indice-de-precios-al-consumidor-registro-variacion-positiva-de-001\/\" \/>\n<meta property=\"og:site_name\" content=\"INE\" \/>\n<meta property=\"article:publisher\" content=\"https:\/\/www.facebook.com\/ineboliviaoficial\" \/>\n<meta property=\"article:published_time\" content=\"2017-04-04T23:13:21+00:00\" \/>\n<meta property=\"article:modified_time\" content=\"2019-07-29T23:16:32+00:00\" \/>\n<meta property=\"og:image\" content=\"https:\/\/www.ine.gob.bo\/wp-content\/uploads\/2019\/07\/IPCmarzo4.png\" \/>\n\t<meta property=\"og:image:width\" content=\"739\" \/>\n\t<meta property=\"og:image:height\" content=\"381\" \/>\n\t<meta property=\"og:image:type\" content=\"image\/png\" \/>\n<meta name=\"author\" content=\"4dmin-root\" \/>\n<meta name=\"twitter:card\" content=\"summary_large_image\" \/>\n<meta name=\"twitter:creator\" content=\"@INE_Bolivia\" \/>\n<meta name=\"twitter:site\" content=\"@INE_Bolivia\" \/>\n<meta name=\"twitter:label1\" content=\"Escrito por\" \/>\n\t<meta name=\"twitter:data1\" content=\"4dmin-root\" \/>\n\t<meta name=\"twitter:label2\" content=\"Tiempo de lectura\" \/>\n\t<meta name=\"twitter:data2\" content=\"1 minuto\" \/>\n<script type=\"application\/ld+json\" class=\"yoast-schema-graph\">{\"@context\":\"https:\/\/schema.org\",\"@graph\":[{\"@type\":\"Article\",\"@id\":\"https:\/\/www.ine.gob.bo\/index.php\/el-indice-de-precios-al-consumidor-registro-variacion-positiva-de-001\/#article\",\"isPartOf\":{\"@id\":\"https:\/\/www.ine.gob.bo\/index.php\/el-indice-de-precios-al-consumidor-registro-variacion-positiva-de-001\/\"},\"author\":{\"name\":\"4dmin-root\",\"@id\":\"https:\/\/www.ine.gob.bo\/#\/schema\/person\/4b9ab894e9de9fb7f2078269aea371be\"},\"headline\":\"El \u00cdndice de Precios al Consumidor registr\u00f3 variaci\u00f3n positiva de 0,01%\",\"datePublished\":\"2017-04-04T23:13:21+00:00\",\"dateModified\":\"2019-07-29T23:16:32+00:00\",\"mainEntityOfPage\":{\"@id\":\"https:\/\/www.ine.gob.bo\/index.php\/el-indice-de-precios-al-consumidor-registro-variacion-positiva-de-001\/\"},\"wordCount\":259,\"publisher\":{\"@id\":\"https:\/\/www.ine.gob.bo\/#organization\"},\"image\":{\"@id\":\"https:\/\/www.ine.gob.bo\/index.php\/el-indice-de-precios-al-consumidor-registro-variacion-positiva-de-001\/#primaryimage\"},\"thumbnailUrl\":\"https:\/\/www.ine.gob.bo\/wp-content\/uploads\/2019\/07\/IPCmarzo4.png\",\"articleSection\":[\"INE noticias\"],\"inLanguage\":\"es\"},{\"@type\":\"WebPage\",\"@id\":\"https:\/\/www.ine.gob.bo\/index.php\/el-indice-de-precios-al-consumidor-registro-variacion-positiva-de-001\/\",\"url\":\"https:\/\/www.ine.gob.bo\/index.php\/el-indice-de-precios-al-consumidor-registro-variacion-positiva-de-001\/\",\"name\":\"El \u00cdndice de Precios al Consumidor registr\u00f3 variaci\u00f3n positiva de 0,01% - INE\",\"isPartOf\":{\"@id\":\"https:\/\/www.ine.gob.bo\/#website\"},\"primaryImageOfPage\":{\"@id\":\"https:\/\/www.ine.gob.bo\/index.php\/el-indice-de-precios-al-consumidor-registro-variacion-positiva-de-001\/#primaryimage\"},\"image\":{\"@id\":\"https:\/\/www.ine.gob.bo\/index.php\/el-indice-de-precios-al-consumidor-registro-variacion-positiva-de-001\/#primaryimage\"},\"thumbnailUrl\":\"https:\/\/www.ine.gob.bo\/wp-content\/uploads\/2019\/07\/IPCmarzo4.png\",\"datePublished\":\"2017-04-04T23:13:21+00:00\",\"dateModified\":\"2019-07-29T23:16:32+00:00\",\"description\":\"P\u00e1gina oficial del Instituto Nacional de Estadistica INE, informaci\u00f3n estad\u00edstica, geogr\u00e1fica y econ\u00f3mica a nivel nacional.\",\"breadcrumb\":{\"@id\":\"https:\/\/www.ine.gob.bo\/index.php\/el-indice-de-precios-al-consumidor-registro-variacion-positiva-de-001\/#breadcrumb\"},\"inLanguage\":\"es\",\"potentialAction\":[{\"@type\":\"ReadAction\",\"target\":[\"https:\/\/www.ine.gob.bo\/index.php\/el-indice-de-precios-al-consumidor-registro-variacion-positiva-de-001\/\"]}]},{\"@type\":\"ImageObject\",\"inLanguage\":\"es\",\"@id\":\"https:\/\/www.ine.gob.bo\/index.php\/el-indice-de-precios-al-consumidor-registro-variacion-positiva-de-001\/#primaryimage\",\"url\":\"https:\/\/www.ine.gob.bo\/wp-content\/uploads\/2019\/07\/IPCmarzo4.png\",\"contentUrl\":\"https:\/\/www.ine.gob.bo\/wp-content\/uploads\/2019\/07\/IPCmarzo4.png\",\"width\":739,\"height\":381},{\"@type\":\"BreadcrumbList\",\"@id\":\"https:\/\/www.ine.gob.bo\/index.php\/el-indice-de-precios-al-consumidor-registro-variacion-positiva-de-001\/#breadcrumb\",\"itemListElement\":[{\"@type\":\"ListItem\",\"position\":1,\"name\":\"Portada\",\"item\":\"https:\/\/www.ine.gob.bo\/\"},{\"@type\":\"ListItem\",\"position\":2,\"name\":\"El \u00cdndice de Precios al Consumidor registr\u00f3 variaci\u00f3n positiva de 0,01%\"}]},{\"@type\":\"WebSite\",\"@id\":\"https:\/\/www.ine.gob.bo\/#website\",\"url\":\"https:\/\/www.ine.gob.bo\/\",\"name\":\"INE\",\"description\":\"Instituto Nacional de Estad\u00edstica\",\"publisher\":{\"@id\":\"https:\/\/www.ine.gob.bo\/#organization\"},\"potentialAction\":[{\"@type\":\"SearchAction\",\"target\":{\"@type\":\"EntryPoint\",\"urlTemplate\":\"https:\/\/www.ine.gob.bo\/?s={search_term_string}\"},\"query-input\":\"required name=search_term_string\"}],\"inLanguage\":\"es\"},{\"@type\":\"Organization\",\"@id\":\"https:\/\/www.ine.gob.bo\/#organization\",\"name\":\"Instituto Nacional de Estad\u00edstica\",\"url\":\"https:\/\/www.ine.gob.bo\/\",\"logo\":{\"@type\":\"ImageObject\",\"inLanguage\":\"es\",\"@id\":\"https:\/\/www.ine.gob.bo\/#\/schema\/logo\/image\/\",\"url\":\"https:\/\/www.ine.gob.bo\/wp-content\/uploads\/2026\/02\/logo-ine.jpg\",\"contentUrl\":\"https:\/\/www.ine.gob.bo\/wp-content\/uploads\/2026\/02\/logo-ine.jpg\",\"width\":799,\"height\":453,\"caption\":\"Instituto Nacional de Estad\u00edstica\"},\"image\":{\"@id\":\"https:\/\/www.ine.gob.bo\/#\/schema\/logo\/image\/\"},\"sameAs\":[\"https:\/\/www.facebook.com\/ineboliviaoficial\",\"https:\/\/x.com\/INE_Bolivia\",\"https:\/\/www.instagram.com\/ineboliviaoficial\/\",\"https:\/\/www.youtube.com\/channel\/UCbIQXKLw414g5kWo1tAwqCg\"]},{\"@type\":\"Person\",\"@id\":\"https:\/\/www.ine.gob.bo\/#\/schema\/person\/4b9ab894e9de9fb7f2078269aea371be\",\"name\":\"4dmin-root\",\"image\":{\"@type\":\"ImageObject\",\"inLanguage\":\"es\",\"@id\":\"https:\/\/www.ine.gob.bo\/#\/schema\/person\/image\/\",\"url\":\"https:\/\/secure.gravatar.com\/avatar\/0824ec9f3a25d622e58133204574c46e0832b417c3b610112cf50ccc044cbefe?s=96&d=mm&r=g\",\"contentUrl\":\"https:\/\/secure.gravatar.com\/avatar\/0824ec9f3a25d622e58133204574c46e0832b417c3b610112cf50ccc044cbefe?s=96&d=mm&r=g\",\"caption\":\"4dmin-root\"},\"url\":\"https:\/\/www.ine.gob.bo\/index.php\/author\/4dmin-root\/\"}]}<\/script>\n<!-- \/ Yoast SEO plugin. -->","yoast_head_json":{"title":"El \u00cdndice de Precios al Consumidor registr\u00f3 variaci\u00f3n positiva de 0,01% - INE","description":"P\u00e1gina oficial del Instituto Nacional de Estadistica INE, informaci\u00f3n estad\u00edstica, geogr\u00e1fica y econ\u00f3mica a nivel nacional.","robots":{"index":"index","follow":"follow","max-snippet":"max-snippet:-1","max-image-preview":"max-image-preview:large","max-video-preview":"max-video-preview:-1"},"canonical":"https:\/\/www.ine.gob.bo\/index.php\/el-indice-de-precios-al-consumidor-registro-variacion-positiva-de-001\/","og_locale":"es_ES","og_type":"article","og_title":"El \u00cdndice de Precios al Consumidor registr\u00f3 variaci\u00f3n positiva de 0,01% - INE","og_description":"P\u00e1gina oficial del Instituto Nacional de Estadistica INE, informaci\u00f3n estad\u00edstica, geogr\u00e1fica y econ\u00f3mica a nivel nacional.","og_url":"https:\/\/www.ine.gob.bo\/index.php\/el-indice-de-precios-al-consumidor-registro-variacion-positiva-de-001\/","og_site_name":"INE","article_publisher":"https:\/\/www.facebook.com\/ineboliviaoficial","article_published_time":"2017-04-04T23:13:21+00:00","article_modified_time":"2019-07-29T23:16:32+00:00","og_image":[{"width":739,"height":381,"url":"https:\/\/www.ine.gob.bo\/wp-content\/uploads\/2019\/07\/IPCmarzo4.png","type":"image\/png"}],"author":"4dmin-root","twitter_card":"summary_large_image","twitter_creator":"@INE_Bolivia","twitter_site":"@INE_Bolivia","twitter_misc":{"Escrito por":"4dmin-root","Tiempo de lectura":"1 minuto"},"schema":{"@context":"https:\/\/schema.org","@graph":[{"@type":"Article","@id":"https:\/\/www.ine.gob.bo\/index.php\/el-indice-de-precios-al-consumidor-registro-variacion-positiva-de-001\/#article","isPartOf":{"@id":"https:\/\/www.ine.gob.bo\/index.php\/el-indice-de-precios-al-consumidor-registro-variacion-positiva-de-001\/"},"author":{"name":"4dmin-root","@id":"https:\/\/www.ine.gob.bo\/#\/schema\/person\/4b9ab894e9de9fb7f2078269aea371be"},"headline":"El \u00cdndice de Precios al Consumidor registr\u00f3 variaci\u00f3n positiva de 0,01%","datePublished":"2017-04-04T23:13:21+00:00","dateModified":"2019-07-29T23:16:32+00:00","mainEntityOfPage":{"@id":"https:\/\/www.ine.gob.bo\/index.php\/el-indice-de-precios-al-consumidor-registro-variacion-positiva-de-001\/"},"wordCount":259,"publisher":{"@id":"https:\/\/www.ine.gob.bo\/#organization"},"image":{"@id":"https:\/\/www.ine.gob.bo\/index.php\/el-indice-de-precios-al-consumidor-registro-variacion-positiva-de-001\/#primaryimage"},"thumbnailUrl":"https:\/\/www.ine.gob.bo\/wp-content\/uploads\/2019\/07\/IPCmarzo4.png","articleSection":["INE noticias"],"inLanguage":"es"},{"@type":"WebPage","@id":"https:\/\/www.ine.gob.bo\/index.php\/el-indice-de-precios-al-consumidor-registro-variacion-positiva-de-001\/","url":"https:\/\/www.ine.gob.bo\/index.php\/el-indice-de-precios-al-consumidor-registro-variacion-positiva-de-001\/","name":"El \u00cdndice de Precios al Consumidor registr\u00f3 variaci\u00f3n positiva de 0,01% - INE","isPartOf":{"@id":"https:\/\/www.ine.gob.bo\/#website"},"primaryImageOfPage":{"@id":"https:\/\/www.ine.gob.bo\/index.php\/el-indice-de-precios-al-consumidor-registro-variacion-positiva-de-001\/#primaryimage"},"image":{"@id":"https:\/\/www.ine.gob.bo\/index.php\/el-indice-de-precios-al-consumidor-registro-variacion-positiva-de-001\/#primaryimage"},"thumbnailUrl":"https:\/\/www.ine.gob.bo\/wp-content\/uploads\/2019\/07\/IPCmarzo4.png","datePublished":"2017-04-04T23:13:21+00:00","dateModified":"2019-07-29T23:16:32+00:00","description":"P\u00e1gina oficial del Instituto Nacional de Estadistica INE, informaci\u00f3n estad\u00edstica, geogr\u00e1fica y econ\u00f3mica a nivel nacional.","breadcrumb":{"@id":"https:\/\/www.ine.gob.bo\/index.php\/el-indice-de-precios-al-consumidor-registro-variacion-positiva-de-001\/#breadcrumb"},"inLanguage":"es","potentialAction":[{"@type":"ReadAction","target":["https:\/\/www.ine.gob.bo\/index.php\/el-indice-de-precios-al-consumidor-registro-variacion-positiva-de-001\/"]}]},{"@type":"ImageObject","inLanguage":"es","@id":"https:\/\/www.ine.gob.bo\/index.php\/el-indice-de-precios-al-consumidor-registro-variacion-positiva-de-001\/#primaryimage","url":"https:\/\/www.ine.gob.bo\/wp-content\/uploads\/2019\/07\/IPCmarzo4.png","contentUrl":"https:\/\/www.ine.gob.bo\/wp-content\/uploads\/2019\/07\/IPCmarzo4.png","width":739,"height":381},{"@type":"BreadcrumbList","@id":"https:\/\/www.ine.gob.bo\/index.php\/el-indice-de-precios-al-consumidor-registro-variacion-positiva-de-001\/#breadcrumb","itemListElement":[{"@type":"ListItem","position":1,"name":"Portada","item":"https:\/\/www.ine.gob.bo\/"},{"@type":"ListItem","position":2,"name":"El \u00cdndice de Precios al Consumidor registr\u00f3 variaci\u00f3n positiva de 0,01%"}]},{"@type":"WebSite","@id":"https:\/\/www.ine.gob.bo\/#website","url":"https:\/\/www.ine.gob.bo\/","name":"INE","description":"Instituto Nacional de Estad\u00edstica","publisher":{"@id":"https:\/\/www.ine.gob.bo\/#organization"},"potentialAction":[{"@type":"SearchAction","target":{"@type":"EntryPoint","urlTemplate":"https:\/\/www.ine.gob.bo\/?s={search_term_string}"},"query-input":"required name=search_term_string"}],"inLanguage":"es"},{"@type":"Organization","@id":"https:\/\/www.ine.gob.bo\/#organization","name":"Instituto Nacional de Estad\u00edstica","url":"https:\/\/www.ine.gob.bo\/","logo":{"@type":"ImageObject","inLanguage":"es","@id":"https:\/\/www.ine.gob.bo\/#\/schema\/logo\/image\/","url":"https:\/\/www.ine.gob.bo\/wp-content\/uploads\/2026\/02\/logo-ine.jpg","contentUrl":"https:\/\/www.ine.gob.bo\/wp-content\/uploads\/2026\/02\/logo-ine.jpg","width":799,"height":453,"caption":"Instituto Nacional de Estad\u00edstica"},"image":{"@id":"https:\/\/www.ine.gob.bo\/#\/schema\/logo\/image\/"},"sameAs":["https:\/\/www.facebook.com\/ineboliviaoficial","https:\/\/x.com\/INE_Bolivia","https:\/\/www.instagram.com\/ineboliviaoficial\/","https:\/\/www.youtube.com\/channel\/UCbIQXKLw414g5kWo1tAwqCg"]},{"@type":"Person","@id":"https:\/\/www.ine.gob.bo\/#\/schema\/person\/4b9ab894e9de9fb7f2078269aea371be","name":"4dmin-root","image":{"@type":"ImageObject","inLanguage":"es","@id":"https:\/\/www.ine.gob.bo\/#\/schema\/person\/image\/","url":"https:\/\/secure.gravatar.com\/avatar\/0824ec9f3a25d622e58133204574c46e0832b417c3b610112cf50ccc044cbefe?s=96&d=mm&r=g","contentUrl":"https:\/\/secure.gravatar.com\/avatar\/0824ec9f3a25d622e58133204574c46e0832b417c3b610112cf50ccc044cbefe?s=96&d=mm&r=g","caption":"4dmin-root"},"url":"https:\/\/www.ine.gob.bo\/index.php\/author\/4dmin-root\/"}]}},"rttpg_featured_image_url":{"full":["https:\/\/www.ine.gob.bo\/wp-content\/uploads\/2019\/07\/IPCmarzo4.png",739,381,false],"landscape":["https:\/\/www.ine.gob.bo\/wp-content\/uploads\/2019\/07\/IPCmarzo4.png",739,381,false],"portraits":["https:\/\/www.ine.gob.bo\/wp-content\/uploads\/2019\/07\/IPCmarzo4.png",739,381,false],"thumbnail":["https:\/\/www.ine.gob.bo\/wp-content\/uploads\/2019\/07\/IPCmarzo4-150x150.png",150,150,true],"medium":["https:\/\/www.ine.gob.bo\/wp-content\/uploads\/2019\/07\/IPCmarzo4-300x155.png",300,155,true],"large":["https:\/\/www.ine.gob.bo\/wp-content\/uploads\/2019\/07\/IPCmarzo4.png",739,381,false],"1536x1536":["https:\/\/www.ine.gob.bo\/wp-content\/uploads\/2019\/07\/IPCmarzo4.png",739,381,false],"2048x2048":["https:\/\/www.ine.gob.bo\/wp-content\/uploads\/2019\/07\/IPCmarzo4.png",739,381,false]},"rttpg_author":{"display_name":"4dmin-root","author_link":"https:\/\/www.ine.gob.bo\/index.php\/author\/4dmin-root\/"},"rttpg_comment":0,"rttpg_category":"<a href=\"https:\/\/www.ine.gob.bo\/index.php\/category\/ine-noticias\/\" rel=\"category tag\">INE noticias<\/a>","rttpg_excerpt":"La Paz, 5 de abril de 2017 (INE).-\u00a0El \u00cdndice de Precios al Consumidor (IPC) registr\u00f3 en marzo variaci\u00f3n porcentual positiva de 0,01% respecto al \u00edndice del pasado mes (menor a la registrada en 2016 con variaci\u00f3n positiva de 0,13%); variaci\u00f3n acumulada de 0,48% y variaci\u00f3n a doce meses de 3,34%. Cuadro N\u00ba 1 BOLIVIA: \u00cdNDICE&hellip;","_links":{"self":[{"href":"https:\/\/www.ine.gob.bo\/index.php\/wp-json\/wp\/v2\/posts\/41994","targetHints":{"allow":["GET"]}}],"collection":[{"href":"https:\/\/www.ine.gob.bo\/index.php\/wp-json\/wp\/v2\/posts"}],"about":[{"href":"https:\/\/www.ine.gob.bo\/index.php\/wp-json\/wp\/v2\/types\/post"}],"author":[{"embeddable":true,"href":"https:\/\/www.ine.gob.bo\/index.php\/wp-json\/wp\/v2\/users\/1"}],"replies":[{"embeddable":true,"href":"https:\/\/www.ine.gob.bo\/index.php\/wp-json\/wp\/v2\/comments?post=41994"}],"version-history":[{"count":0,"href":"https:\/\/www.ine.gob.bo\/index.php\/wp-json\/wp\/v2\/posts\/41994\/revisions"}],"wp:featuredmedia":[{"embeddable":true,"href":"https:\/\/www.ine.gob.bo\/index.php\/wp-json\/wp\/v2\/media\/41998"}],"wp:attachment":[{"href":"https:\/\/www.ine.gob.bo\/index.php\/wp-json\/wp\/v2\/media?parent=41994"}],"wp:term":[{"taxonomy":"category","embeddable":true,"href":"https:\/\/www.ine.gob.bo\/index.php\/wp-json\/wp\/v2\/categories?post=41994"},{"taxonomy":"post_tag","embeddable":true,"href":"https:\/\/www.ine.gob.bo\/index.php\/wp-json\/wp\/v2\/tags?post=41994"}],"curies":[{"name":"wp","href":"https:\/\/api.w.org\/{rel}","templated":true}]}}