{"id":41800,"date":"2016-12-30T19:39:08","date_gmt":"2016-12-30T18:39:08","guid":{"rendered":"https:\/\/www.ine.gob.bo\/?p=41800"},"modified":"2019-07-29T19:41:46","modified_gmt":"2019-07-29T17:41:46","slug":"se-incrementa-el-volumen-de-las-exportaciones-de-castana-quinua-frejol-y-semillas-habas-de-soya-principales-productos-agricolas","status":"publish","type":"post","link":"https:\/\/www.ine.gob.bo\/index.php\/se-incrementa-el-volumen-de-las-exportaciones-de-castana-quinua-frejol-y-semillas-habas-de-soya-principales-productos-agricolas\/","title":{"rendered":"Se incrementa el volumen de las exportaciones de casta\u00f1a, quinua, frejol y semillas (habas) de soya, principales productos agr\u00edcolas"},"content":{"rendered":"<p><strong>La Paz, 30 de diciembre de 2016 (INE).-<\/strong>\u00a0La casta\u00f1a registra un incremento de 6,9% de enero a noviembre de 2016, que representa un total de 24.558 toneladas respecto a similar per\u00edodo de 2015, cuando obtuvo 22.981 toneladas, inform\u00f3 el Instituto Nacional de Estad\u00edstica.<\/p>\n<p>Exportaciones de casta\u00f1a<\/p>\n<p>A pesar de la ca\u00edda de los precios internacionales de este fruto forestal, su exportaci\u00f3n en cuanto a volumen se increment\u00f3, hecho que determina una disminuci\u00f3n no significativa en el valor; en el per\u00edodo de enero a noviembre de 2016, las exportaciones de Casta\u00f1a registraron un valor de 171,1 millones de d\u00f3lares que representan una reducci\u00f3n de 8 millones con relaci\u00f3n al mismo per\u00edodo de 2015.<\/p>\n<p>Entre los pa\u00edses de destino de exportaci\u00f3n de la casta\u00f1a en 2016 se encuentra Reino Unido de Gran Breta\u00f1a, con 46 millones de d\u00f3lares que equivale a 27,1%; Alemania, con 36 millones, 21,2% y Estados Unidos, con 32 millones de d\u00f3lares, que representan 19,0%.<\/p>\n<p>Las exportaciones de quinua a noviembre de 2016 llegan a 26.485 toneladas con un incremento de 12,0% respecto al mismo per\u00edodo del a\u00f1o anterior, 23.657 toneladas. Desde 2014, el precio internacional de la quinua registr\u00f3 una disminuci\u00f3n significativa, a pesar de la reducci\u00f3n del valor de las exportaciones bolivianas, el volumen de este producto aument\u00f3.<\/p>\n<p><strong>EXPORTACIONES DE QUINUA, ENERO A NOVIEMBRE 2015-2016<\/strong><\/p>\n<p><img loading=\"lazy\" decoding=\"async\" class=\"alignnone size-full wp-image-41801\" src=\"https:\/\/www.ine.gob.bo\/wp-content\/uploads\/2019\/07\/volumen_exportaciones1.png\" alt=\"\" width=\"719\" height=\"570\" srcset=\"https:\/\/www.ine.gob.bo\/wp-content\/uploads\/2019\/07\/volumen_exportaciones1.png 719w, https:\/\/www.ine.gob.bo\/wp-content\/uploads\/2019\/07\/volumen_exportaciones1-300x238.png 300w\" sizes=\"auto, (max-width: 719px) 100vw, 719px\" \/><\/p>\n<p><strong>EXPORTACIONES DE QUINUA,<\/strong><br \/>\n<strong>SEGUN PRINCIPALES PA\u00cdSES DE DESTINO, 2016(p)<\/strong><br \/>\n<strong>(En porcentaje)<\/strong><\/p>\n<p><img loading=\"lazy\" decoding=\"async\" class=\"alignnone size-full wp-image-41802\" src=\"https:\/\/www.ine.gob.bo\/wp-content\/uploads\/2019\/07\/volumen_exportaciones2.png\" alt=\"\" width=\"654\" height=\"318\" srcset=\"https:\/\/www.ine.gob.bo\/wp-content\/uploads\/2019\/07\/volumen_exportaciones2.png 654w, https:\/\/www.ine.gob.bo\/wp-content\/uploads\/2019\/07\/volumen_exportaciones2-300x146.png 300w\" sizes=\"auto, (max-width: 654px) 100vw, 654px\" \/><\/p>\n<p>Los principales mercados de exportaci\u00f3n de este producto son: Estados Unidos por un valor de 42 millones de d\u00f3lares; Francia, de 8 millones y Pa\u00edses Bajos, de 6 millones de d\u00f3lares. Las exportaciones de los frijoles registran 34.064 toneladas en volumen de enero a noviembre del presente a\u00f1o, mostrando un incremento de 73,0% respecto a similar per\u00edodo de 2015, pero a diferencia de la casta\u00f1a y de la quinua, este producto aumenta en su valor en 91,6%.<\/p>\n<p><strong>EXPORTACIONES DE FRIJOLES, ENERO A NOVIEMBRE 2015-2016<\/strong><\/p>\n<p><img loading=\"lazy\" decoding=\"async\" class=\"alignnone size-full wp-image-41803\" src=\"https:\/\/www.ine.gob.bo\/wp-content\/uploads\/2019\/07\/volumen_exportaciones3.png\" alt=\"\" width=\"558\" height=\"311\" srcset=\"https:\/\/www.ine.gob.bo\/wp-content\/uploads\/2019\/07\/volumen_exportaciones3.png 558w, https:\/\/www.ine.gob.bo\/wp-content\/uploads\/2019\/07\/volumen_exportaciones3-300x167.png 300w\" sizes=\"auto, (max-width: 558px) 100vw, 558px\" \/><\/p>\n<p>Las Semillas (Habas) de Soya, de la misma forma que el frejol, a noviembre de 2016 aumentan en volumen y valor. De enero a noviembre de 2016, este producto agr\u00edcola aumenta de 6.457 a 86.621 toneladas exportadas y en valor de 3 millones de d\u00f3lares a 30 millones de d\u00f3lares.<\/p>\n<p>&nbsp;<\/p>\n<p><strong>EXPORTACIONES DE SEMILLAS (HABAS) DE SOYA,<\/strong><br \/>\n<strong>ENERO A NOVIEMBRE 2015 &#8211; 2016<\/strong><\/p>\n<p><img loading=\"lazy\" decoding=\"async\" class=\"alignnone size-full wp-image-41804\" src=\"https:\/\/www.ine.gob.bo\/wp-content\/uploads\/2019\/07\/volumen_exportaciones4.png\" alt=\"\" width=\"710\" height=\"349\" srcset=\"https:\/\/www.ine.gob.bo\/wp-content\/uploads\/2019\/07\/volumen_exportaciones4.png 710w, https:\/\/www.ine.gob.bo\/wp-content\/uploads\/2019\/07\/volumen_exportaciones4-300x147.png 300w\" sizes=\"auto, (max-width: 710px) 100vw, 710px\" \/><\/p>\n<blockquote><p><strong>UNIDAD DE DIFUSI\u00d3N Y COMUNICACI\u00d3N<\/strong><br \/>\n<strong>INSTITUTO NACIONAL DE ESTAD\u00cdSTICA<\/strong><\/p><\/blockquote>\n","protected":false},"excerpt":{"rendered":"<p>La Paz, 30 de diciembre de 2016 (INE).-\u00a0La casta\u00f1a registra un incremento de 6,9% de enero a noviembre de 2016, que representa un total de 24.558 toneladas respecto a similar per\u00edodo de 2015, cuando obtuvo 22.981 toneladas, inform\u00f3 el Instituto Nacional de Estad\u00edstica. Exportaciones de casta\u00f1a A pesar de la ca\u00edda de los precios internacionales&hellip;<\/p>\n","protected":false},"author":1,"featured_media":41801,"comment_status":"closed","ping_status":"open","sticky":false,"template":"","format":"standard","meta":[],"categories":[158],"tags":[],"class_list":["post-41800","post","type-post","status-publish","format-standard","has-post-thumbnail","hentry","category-ine-noticias","category-158","description-off"],"yoast_head":"<!-- This site is optimized with the Yoast SEO plugin v23.2 - https:\/\/yoast.com\/wordpress\/plugins\/seo\/ -->\n<title>Se incrementa el volumen de las exportaciones de casta\u00f1a, quinua, frejol y semillas (habas) de soya, principales productos agr\u00edcolas - INE<\/title>\n<meta name=\"description\" content=\"P\u00e1gina oficial del Instituto Nacional de Estadistica INE, informaci\u00f3n estad\u00edstica, geogr\u00e1fica y econ\u00f3mica a nivel nacional.\" \/>\n<meta name=\"robots\" content=\"index, follow, max-snippet:-1, max-image-preview:large, max-video-preview:-1\" \/>\n<link rel=\"canonical\" href=\"https:\/\/www.ine.gob.bo\/index.php\/se-incrementa-el-volumen-de-las-exportaciones-de-castana-quinua-frejol-y-semillas-habas-de-soya-principales-productos-agricolas\/\" \/>\n<meta property=\"og:locale\" content=\"es_ES\" \/>\n<meta property=\"og:type\" content=\"article\" \/>\n<meta property=\"og:title\" content=\"Se incrementa el volumen de las exportaciones de casta\u00f1a, quinua, frejol y semillas (habas) de soya, principales productos agr\u00edcolas - INE\" \/>\n<meta property=\"og:description\" content=\"P\u00e1gina oficial del Instituto Nacional de Estadistica INE, informaci\u00f3n estad\u00edstica, geogr\u00e1fica y econ\u00f3mica a nivel nacional.\" \/>\n<meta property=\"og:url\" content=\"https:\/\/www.ine.gob.bo\/index.php\/se-incrementa-el-volumen-de-las-exportaciones-de-castana-quinua-frejol-y-semillas-habas-de-soya-principales-productos-agricolas\/\" \/>\n<meta property=\"og:site_name\" content=\"INE\" \/>\n<meta property=\"article:publisher\" content=\"https:\/\/www.facebook.com\/ineboliviaoficial\" \/>\n<meta property=\"article:published_time\" content=\"2016-12-30T18:39:08+00:00\" \/>\n<meta property=\"article:modified_time\" content=\"2019-07-29T17:41:46+00:00\" \/>\n<meta property=\"og:image\" content=\"https:\/\/www.ine.gob.bo\/wp-content\/uploads\/2019\/07\/volumen_exportaciones1.png\" \/>\n\t<meta property=\"og:image:width\" content=\"719\" \/>\n\t<meta property=\"og:image:height\" content=\"570\" \/>\n\t<meta property=\"og:image:type\" content=\"image\/png\" \/>\n<meta name=\"author\" content=\"4dmin-root\" \/>\n<meta name=\"twitter:card\" content=\"summary_large_image\" \/>\n<meta name=\"twitter:creator\" content=\"@INE_Bolivia\" \/>\n<meta name=\"twitter:site\" content=\"@INE_Bolivia\" \/>\n<meta name=\"twitter:label1\" content=\"Escrito por\" \/>\n\t<meta name=\"twitter:data1\" content=\"4dmin-root\" \/>\n\t<meta name=\"twitter:label2\" content=\"Tiempo de lectura\" \/>\n\t<meta name=\"twitter:data2\" content=\"2 minutos\" \/>\n<script type=\"application\/ld+json\" class=\"yoast-schema-graph\">{\"@context\":\"https:\/\/schema.org\",\"@graph\":[{\"@type\":\"Article\",\"@id\":\"https:\/\/www.ine.gob.bo\/index.php\/se-incrementa-el-volumen-de-las-exportaciones-de-castana-quinua-frejol-y-semillas-habas-de-soya-principales-productos-agricolas\/#article\",\"isPartOf\":{\"@id\":\"https:\/\/www.ine.gob.bo\/index.php\/se-incrementa-el-volumen-de-las-exportaciones-de-castana-quinua-frejol-y-semillas-habas-de-soya-principales-productos-agricolas\/\"},\"author\":{\"name\":\"4dmin-root\",\"@id\":\"https:\/\/www.ine.gob.bo\/#\/schema\/person\/4b9ab894e9de9fb7f2078269aea371be\"},\"headline\":\"Se incrementa el volumen de las exportaciones de casta\u00f1a, quinua, frejol y semillas (habas) de soya, principales productos agr\u00edcolas\",\"datePublished\":\"2016-12-30T18:39:08+00:00\",\"dateModified\":\"2019-07-29T17:41:46+00:00\",\"mainEntityOfPage\":{\"@id\":\"https:\/\/www.ine.gob.bo\/index.php\/se-incrementa-el-volumen-de-las-exportaciones-de-castana-quinua-frejol-y-semillas-habas-de-soya-principales-productos-agricolas\/\"},\"wordCount\":407,\"publisher\":{\"@id\":\"https:\/\/www.ine.gob.bo\/#organization\"},\"image\":{\"@id\":\"https:\/\/www.ine.gob.bo\/index.php\/se-incrementa-el-volumen-de-las-exportaciones-de-castana-quinua-frejol-y-semillas-habas-de-soya-principales-productos-agricolas\/#primaryimage\"},\"thumbnailUrl\":\"https:\/\/www.ine.gob.bo\/wp-content\/uploads\/2019\/07\/volumen_exportaciones1.png\",\"articleSection\":[\"INE noticias\"],\"inLanguage\":\"es\"},{\"@type\":\"WebPage\",\"@id\":\"https:\/\/www.ine.gob.bo\/index.php\/se-incrementa-el-volumen-de-las-exportaciones-de-castana-quinua-frejol-y-semillas-habas-de-soya-principales-productos-agricolas\/\",\"url\":\"https:\/\/www.ine.gob.bo\/index.php\/se-incrementa-el-volumen-de-las-exportaciones-de-castana-quinua-frejol-y-semillas-habas-de-soya-principales-productos-agricolas\/\",\"name\":\"Se incrementa el volumen de las exportaciones de casta\u00f1a, quinua, frejol y semillas (habas) de soya, principales productos agr\u00edcolas - INE\",\"isPartOf\":{\"@id\":\"https:\/\/www.ine.gob.bo\/#website\"},\"primaryImageOfPage\":{\"@id\":\"https:\/\/www.ine.gob.bo\/index.php\/se-incrementa-el-volumen-de-las-exportaciones-de-castana-quinua-frejol-y-semillas-habas-de-soya-principales-productos-agricolas\/#primaryimage\"},\"image\":{\"@id\":\"https:\/\/www.ine.gob.bo\/index.php\/se-incrementa-el-volumen-de-las-exportaciones-de-castana-quinua-frejol-y-semillas-habas-de-soya-principales-productos-agricolas\/#primaryimage\"},\"thumbnailUrl\":\"https:\/\/www.ine.gob.bo\/wp-content\/uploads\/2019\/07\/volumen_exportaciones1.png\",\"datePublished\":\"2016-12-30T18:39:08+00:00\",\"dateModified\":\"2019-07-29T17:41:46+00:00\",\"description\":\"P\u00e1gina oficial del Instituto Nacional de Estadistica INE, informaci\u00f3n estad\u00edstica, geogr\u00e1fica y econ\u00f3mica a nivel nacional.\",\"breadcrumb\":{\"@id\":\"https:\/\/www.ine.gob.bo\/index.php\/se-incrementa-el-volumen-de-las-exportaciones-de-castana-quinua-frejol-y-semillas-habas-de-soya-principales-productos-agricolas\/#breadcrumb\"},\"inLanguage\":\"es\",\"potentialAction\":[{\"@type\":\"ReadAction\",\"target\":[\"https:\/\/www.ine.gob.bo\/index.php\/se-incrementa-el-volumen-de-las-exportaciones-de-castana-quinua-frejol-y-semillas-habas-de-soya-principales-productos-agricolas\/\"]}]},{\"@type\":\"ImageObject\",\"inLanguage\":\"es\",\"@id\":\"https:\/\/www.ine.gob.bo\/index.php\/se-incrementa-el-volumen-de-las-exportaciones-de-castana-quinua-frejol-y-semillas-habas-de-soya-principales-productos-agricolas\/#primaryimage\",\"url\":\"https:\/\/www.ine.gob.bo\/wp-content\/uploads\/2019\/07\/volumen_exportaciones1.png\",\"contentUrl\":\"https:\/\/www.ine.gob.bo\/wp-content\/uploads\/2019\/07\/volumen_exportaciones1.png\",\"width\":719,\"height\":570},{\"@type\":\"BreadcrumbList\",\"@id\":\"https:\/\/www.ine.gob.bo\/index.php\/se-incrementa-el-volumen-de-las-exportaciones-de-castana-quinua-frejol-y-semillas-habas-de-soya-principales-productos-agricolas\/#breadcrumb\",\"itemListElement\":[{\"@type\":\"ListItem\",\"position\":1,\"name\":\"Portada\",\"item\":\"https:\/\/www.ine.gob.bo\/\"},{\"@type\":\"ListItem\",\"position\":2,\"name\":\"Se incrementa el volumen de las exportaciones de casta\u00f1a, quinua, frejol y semillas (habas) de soya, principales productos agr\u00edcolas\"}]},{\"@type\":\"WebSite\",\"@id\":\"https:\/\/www.ine.gob.bo\/#website\",\"url\":\"https:\/\/www.ine.gob.bo\/\",\"name\":\"INE\",\"description\":\"Instituto Nacional de Estad\u00edstica\",\"publisher\":{\"@id\":\"https:\/\/www.ine.gob.bo\/#organization\"},\"potentialAction\":[{\"@type\":\"SearchAction\",\"target\":{\"@type\":\"EntryPoint\",\"urlTemplate\":\"https:\/\/www.ine.gob.bo\/?s={search_term_string}\"},\"query-input\":\"required name=search_term_string\"}],\"inLanguage\":\"es\"},{\"@type\":\"Organization\",\"@id\":\"https:\/\/www.ine.gob.bo\/#organization\",\"name\":\"Instituto Nacional de Estad\u00edstica\",\"url\":\"https:\/\/www.ine.gob.bo\/\",\"logo\":{\"@type\":\"ImageObject\",\"inLanguage\":\"es\",\"@id\":\"https:\/\/www.ine.gob.bo\/#\/schema\/logo\/image\/\",\"url\":\"https:\/\/www.ine.gob.bo\/wp-content\/uploads\/2026\/02\/logo-ine.jpg\",\"contentUrl\":\"https:\/\/www.ine.gob.bo\/wp-content\/uploads\/2026\/02\/logo-ine.jpg\",\"width\":799,\"height\":453,\"caption\":\"Instituto Nacional de Estad\u00edstica\"},\"image\":{\"@id\":\"https:\/\/www.ine.gob.bo\/#\/schema\/logo\/image\/\"},\"sameAs\":[\"https:\/\/www.facebook.com\/ineboliviaoficial\",\"https:\/\/x.com\/INE_Bolivia\",\"https:\/\/www.instagram.com\/ineboliviaoficial\/\",\"https:\/\/www.youtube.com\/channel\/UCbIQXKLw414g5kWo1tAwqCg\"]},{\"@type\":\"Person\",\"@id\":\"https:\/\/www.ine.gob.bo\/#\/schema\/person\/4b9ab894e9de9fb7f2078269aea371be\",\"name\":\"4dmin-root\",\"image\":{\"@type\":\"ImageObject\",\"inLanguage\":\"es\",\"@id\":\"https:\/\/www.ine.gob.bo\/#\/schema\/person\/image\/\",\"url\":\"https:\/\/secure.gravatar.com\/avatar\/0824ec9f3a25d622e58133204574c46e0832b417c3b610112cf50ccc044cbefe?s=96&d=mm&r=g\",\"contentUrl\":\"https:\/\/secure.gravatar.com\/avatar\/0824ec9f3a25d622e58133204574c46e0832b417c3b610112cf50ccc044cbefe?s=96&d=mm&r=g\",\"caption\":\"4dmin-root\"},\"url\":\"https:\/\/www.ine.gob.bo\/index.php\/author\/4dmin-root\/\"}]}<\/script>\n<!-- \/ Yoast SEO plugin. -->","yoast_head_json":{"title":"Se incrementa el volumen de las exportaciones de casta\u00f1a, quinua, frejol y semillas (habas) de soya, principales productos agr\u00edcolas - INE","description":"P\u00e1gina oficial del Instituto Nacional de Estadistica INE, informaci\u00f3n estad\u00edstica, geogr\u00e1fica y econ\u00f3mica a nivel nacional.","robots":{"index":"index","follow":"follow","max-snippet":"max-snippet:-1","max-image-preview":"max-image-preview:large","max-video-preview":"max-video-preview:-1"},"canonical":"https:\/\/www.ine.gob.bo\/index.php\/se-incrementa-el-volumen-de-las-exportaciones-de-castana-quinua-frejol-y-semillas-habas-de-soya-principales-productos-agricolas\/","og_locale":"es_ES","og_type":"article","og_title":"Se incrementa el volumen de las exportaciones de casta\u00f1a, quinua, frejol y semillas (habas) de soya, principales productos agr\u00edcolas - INE","og_description":"P\u00e1gina oficial del Instituto Nacional de Estadistica INE, informaci\u00f3n estad\u00edstica, geogr\u00e1fica y econ\u00f3mica a nivel nacional.","og_url":"https:\/\/www.ine.gob.bo\/index.php\/se-incrementa-el-volumen-de-las-exportaciones-de-castana-quinua-frejol-y-semillas-habas-de-soya-principales-productos-agricolas\/","og_site_name":"INE","article_publisher":"https:\/\/www.facebook.com\/ineboliviaoficial","article_published_time":"2016-12-30T18:39:08+00:00","article_modified_time":"2019-07-29T17:41:46+00:00","og_image":[{"width":719,"height":570,"url":"https:\/\/www.ine.gob.bo\/wp-content\/uploads\/2019\/07\/volumen_exportaciones1.png","type":"image\/png"}],"author":"4dmin-root","twitter_card":"summary_large_image","twitter_creator":"@INE_Bolivia","twitter_site":"@INE_Bolivia","twitter_misc":{"Escrito por":"4dmin-root","Tiempo de lectura":"2 minutos"},"schema":{"@context":"https:\/\/schema.org","@graph":[{"@type":"Article","@id":"https:\/\/www.ine.gob.bo\/index.php\/se-incrementa-el-volumen-de-las-exportaciones-de-castana-quinua-frejol-y-semillas-habas-de-soya-principales-productos-agricolas\/#article","isPartOf":{"@id":"https:\/\/www.ine.gob.bo\/index.php\/se-incrementa-el-volumen-de-las-exportaciones-de-castana-quinua-frejol-y-semillas-habas-de-soya-principales-productos-agricolas\/"},"author":{"name":"4dmin-root","@id":"https:\/\/www.ine.gob.bo\/#\/schema\/person\/4b9ab894e9de9fb7f2078269aea371be"},"headline":"Se incrementa el volumen de las exportaciones de casta\u00f1a, quinua, frejol y semillas (habas) de soya, principales productos agr\u00edcolas","datePublished":"2016-12-30T18:39:08+00:00","dateModified":"2019-07-29T17:41:46+00:00","mainEntityOfPage":{"@id":"https:\/\/www.ine.gob.bo\/index.php\/se-incrementa-el-volumen-de-las-exportaciones-de-castana-quinua-frejol-y-semillas-habas-de-soya-principales-productos-agricolas\/"},"wordCount":407,"publisher":{"@id":"https:\/\/www.ine.gob.bo\/#organization"},"image":{"@id":"https:\/\/www.ine.gob.bo\/index.php\/se-incrementa-el-volumen-de-las-exportaciones-de-castana-quinua-frejol-y-semillas-habas-de-soya-principales-productos-agricolas\/#primaryimage"},"thumbnailUrl":"https:\/\/www.ine.gob.bo\/wp-content\/uploads\/2019\/07\/volumen_exportaciones1.png","articleSection":["INE noticias"],"inLanguage":"es"},{"@type":"WebPage","@id":"https:\/\/www.ine.gob.bo\/index.php\/se-incrementa-el-volumen-de-las-exportaciones-de-castana-quinua-frejol-y-semillas-habas-de-soya-principales-productos-agricolas\/","url":"https:\/\/www.ine.gob.bo\/index.php\/se-incrementa-el-volumen-de-las-exportaciones-de-castana-quinua-frejol-y-semillas-habas-de-soya-principales-productos-agricolas\/","name":"Se incrementa el volumen de las exportaciones de casta\u00f1a, quinua, frejol y semillas (habas) de soya, principales productos agr\u00edcolas - INE","isPartOf":{"@id":"https:\/\/www.ine.gob.bo\/#website"},"primaryImageOfPage":{"@id":"https:\/\/www.ine.gob.bo\/index.php\/se-incrementa-el-volumen-de-las-exportaciones-de-castana-quinua-frejol-y-semillas-habas-de-soya-principales-productos-agricolas\/#primaryimage"},"image":{"@id":"https:\/\/www.ine.gob.bo\/index.php\/se-incrementa-el-volumen-de-las-exportaciones-de-castana-quinua-frejol-y-semillas-habas-de-soya-principales-productos-agricolas\/#primaryimage"},"thumbnailUrl":"https:\/\/www.ine.gob.bo\/wp-content\/uploads\/2019\/07\/volumen_exportaciones1.png","datePublished":"2016-12-30T18:39:08+00:00","dateModified":"2019-07-29T17:41:46+00:00","description":"P\u00e1gina oficial del Instituto Nacional de Estadistica INE, informaci\u00f3n estad\u00edstica, geogr\u00e1fica y econ\u00f3mica a nivel nacional.","breadcrumb":{"@id":"https:\/\/www.ine.gob.bo\/index.php\/se-incrementa-el-volumen-de-las-exportaciones-de-castana-quinua-frejol-y-semillas-habas-de-soya-principales-productos-agricolas\/#breadcrumb"},"inLanguage":"es","potentialAction":[{"@type":"ReadAction","target":["https:\/\/www.ine.gob.bo\/index.php\/se-incrementa-el-volumen-de-las-exportaciones-de-castana-quinua-frejol-y-semillas-habas-de-soya-principales-productos-agricolas\/"]}]},{"@type":"ImageObject","inLanguage":"es","@id":"https:\/\/www.ine.gob.bo\/index.php\/se-incrementa-el-volumen-de-las-exportaciones-de-castana-quinua-frejol-y-semillas-habas-de-soya-principales-productos-agricolas\/#primaryimage","url":"https:\/\/www.ine.gob.bo\/wp-content\/uploads\/2019\/07\/volumen_exportaciones1.png","contentUrl":"https:\/\/www.ine.gob.bo\/wp-content\/uploads\/2019\/07\/volumen_exportaciones1.png","width":719,"height":570},{"@type":"BreadcrumbList","@id":"https:\/\/www.ine.gob.bo\/index.php\/se-incrementa-el-volumen-de-las-exportaciones-de-castana-quinua-frejol-y-semillas-habas-de-soya-principales-productos-agricolas\/#breadcrumb","itemListElement":[{"@type":"ListItem","position":1,"name":"Portada","item":"https:\/\/www.ine.gob.bo\/"},{"@type":"ListItem","position":2,"name":"Se incrementa el volumen de las exportaciones de casta\u00f1a, quinua, frejol y semillas (habas) de soya, principales productos agr\u00edcolas"}]},{"@type":"WebSite","@id":"https:\/\/www.ine.gob.bo\/#website","url":"https:\/\/www.ine.gob.bo\/","name":"INE","description":"Instituto Nacional de Estad\u00edstica","publisher":{"@id":"https:\/\/www.ine.gob.bo\/#organization"},"potentialAction":[{"@type":"SearchAction","target":{"@type":"EntryPoint","urlTemplate":"https:\/\/www.ine.gob.bo\/?s={search_term_string}"},"query-input":"required name=search_term_string"}],"inLanguage":"es"},{"@type":"Organization","@id":"https:\/\/www.ine.gob.bo\/#organization","name":"Instituto Nacional de Estad\u00edstica","url":"https:\/\/www.ine.gob.bo\/","logo":{"@type":"ImageObject","inLanguage":"es","@id":"https:\/\/www.ine.gob.bo\/#\/schema\/logo\/image\/","url":"https:\/\/www.ine.gob.bo\/wp-content\/uploads\/2026\/02\/logo-ine.jpg","contentUrl":"https:\/\/www.ine.gob.bo\/wp-content\/uploads\/2026\/02\/logo-ine.jpg","width":799,"height":453,"caption":"Instituto Nacional de Estad\u00edstica"},"image":{"@id":"https:\/\/www.ine.gob.bo\/#\/schema\/logo\/image\/"},"sameAs":["https:\/\/www.facebook.com\/ineboliviaoficial","https:\/\/x.com\/INE_Bolivia","https:\/\/www.instagram.com\/ineboliviaoficial\/","https:\/\/www.youtube.com\/channel\/UCbIQXKLw414g5kWo1tAwqCg"]},{"@type":"Person","@id":"https:\/\/www.ine.gob.bo\/#\/schema\/person\/4b9ab894e9de9fb7f2078269aea371be","name":"4dmin-root","image":{"@type":"ImageObject","inLanguage":"es","@id":"https:\/\/www.ine.gob.bo\/#\/schema\/person\/image\/","url":"https:\/\/secure.gravatar.com\/avatar\/0824ec9f3a25d622e58133204574c46e0832b417c3b610112cf50ccc044cbefe?s=96&d=mm&r=g","contentUrl":"https:\/\/secure.gravatar.com\/avatar\/0824ec9f3a25d622e58133204574c46e0832b417c3b610112cf50ccc044cbefe?s=96&d=mm&r=g","caption":"4dmin-root"},"url":"https:\/\/www.ine.gob.bo\/index.php\/author\/4dmin-root\/"}]}},"rttpg_featured_image_url":{"full":["https:\/\/www.ine.gob.bo\/wp-content\/uploads\/2019\/07\/volumen_exportaciones1.png",719,570,false],"landscape":["https:\/\/www.ine.gob.bo\/wp-content\/uploads\/2019\/07\/volumen_exportaciones1.png",719,570,false],"portraits":["https:\/\/www.ine.gob.bo\/wp-content\/uploads\/2019\/07\/volumen_exportaciones1.png",719,570,false],"thumbnail":["https:\/\/www.ine.gob.bo\/wp-content\/uploads\/2019\/07\/volumen_exportaciones1-150x150.png",150,150,true],"medium":["https:\/\/www.ine.gob.bo\/wp-content\/uploads\/2019\/07\/volumen_exportaciones1-300x238.png",300,238,true],"large":["https:\/\/www.ine.gob.bo\/wp-content\/uploads\/2019\/07\/volumen_exportaciones1.png",719,570,false],"1536x1536":["https:\/\/www.ine.gob.bo\/wp-content\/uploads\/2019\/07\/volumen_exportaciones1.png",719,570,false],"2048x2048":["https:\/\/www.ine.gob.bo\/wp-content\/uploads\/2019\/07\/volumen_exportaciones1.png",719,570,false]},"rttpg_author":{"display_name":"4dmin-root","author_link":"https:\/\/www.ine.gob.bo\/index.php\/author\/4dmin-root\/"},"rttpg_comment":0,"rttpg_category":"<a href=\"https:\/\/www.ine.gob.bo\/index.php\/category\/ine-noticias\/\" rel=\"category tag\">INE noticias<\/a>","rttpg_excerpt":"La Paz, 30 de diciembre de 2016 (INE).-\u00a0La casta\u00f1a registra un incremento de 6,9% de enero a noviembre de 2016, que representa un total de 24.558 toneladas respecto a similar per\u00edodo de 2015, cuando obtuvo 22.981 toneladas, inform\u00f3 el Instituto Nacional de Estad\u00edstica. Exportaciones de casta\u00f1a A pesar de la ca\u00edda de los precios internacionales&hellip;","_links":{"self":[{"href":"https:\/\/www.ine.gob.bo\/index.php\/wp-json\/wp\/v2\/posts\/41800","targetHints":{"allow":["GET"]}}],"collection":[{"href":"https:\/\/www.ine.gob.bo\/index.php\/wp-json\/wp\/v2\/posts"}],"about":[{"href":"https:\/\/www.ine.gob.bo\/index.php\/wp-json\/wp\/v2\/types\/post"}],"author":[{"embeddable":true,"href":"https:\/\/www.ine.gob.bo\/index.php\/wp-json\/wp\/v2\/users\/1"}],"replies":[{"embeddable":true,"href":"https:\/\/www.ine.gob.bo\/index.php\/wp-json\/wp\/v2\/comments?post=41800"}],"version-history":[{"count":0,"href":"https:\/\/www.ine.gob.bo\/index.php\/wp-json\/wp\/v2\/posts\/41800\/revisions"}],"wp:featuredmedia":[{"embeddable":true,"href":"https:\/\/www.ine.gob.bo\/index.php\/wp-json\/wp\/v2\/media\/41801"}],"wp:attachment":[{"href":"https:\/\/www.ine.gob.bo\/index.php\/wp-json\/wp\/v2\/media?parent=41800"}],"wp:term":[{"taxonomy":"category","embeddable":true,"href":"https:\/\/www.ine.gob.bo\/index.php\/wp-json\/wp\/v2\/categories?post=41800"},{"taxonomy":"post_tag","embeddable":true,"href":"https:\/\/www.ine.gob.bo\/index.php\/wp-json\/wp\/v2\/tags?post=41800"}],"curies":[{"name":"wp","href":"https:\/\/api.w.org\/{rel}","templated":true}]}}