{"id":41766,"date":"2017-03-19T19:24:34","date_gmt":"2017-03-19T18:24:34","guid":{"rendered":"https:\/\/www.ine.gob.bo\/?p=41766"},"modified":"2019-07-29T19:26:29","modified_gmt":"2019-07-29T17:26:29","slug":"539-de-radialistas-y-camarografos-son-licenciados","status":"publish","type":"post","link":"https:\/\/www.ine.gob.bo\/index.php\/539-de-radialistas-y-camarografos-son-licenciados\/","title":{"rendered":"53,9% de radialistas y camar\u00f3grafos son licenciados"},"content":{"rendered":"<p><strong>Oruro, 19 de marzo de 2017 (INE).-\u00a0<\/strong>En conmemoraci\u00f3n al D\u00eda del Radialista, el Instituto Nacional de Estad\u00edstica informa que seg\u00fan el Censo de Poblaci\u00f3n y Vivienda 2012, 53,9% de t\u00e9cnicos en radiodifusi\u00f3n y grabaci\u00f3n audiovisual, accedi\u00f3 al nivel de instrucci\u00f3n superior de licenciatura; 12,4%, a t\u00e9cnico universitario y 20,9%, al nivel de instrucci\u00f3n secundaria concluido.<\/p>\n<p><strong>Gr\u00e1fico N\u00ba 1<\/strong><\/p>\n<p><strong>BOLIVIA: POBLACI\u00d3N DE T\u00c9CNICOS EN RADIODIFUSI\u00d3N Y GRABACI\u00d3N AUDIOVISUAL<\/strong><\/p>\n<p><strong>POR NIVEL DE INSTRUCCI\u00d3N, CENSO 2012\u00a0\u00a0<\/strong><\/p>\n<p><strong>(En porcentaje)<\/strong><\/p>\n<p><img loading=\"lazy\" decoding=\"async\" class=\"alignnone size-full wp-image-41767\" src=\"https:\/\/www.ine.gob.bo\/wp-content\/uploads\/2019\/07\/radialista1.png\" alt=\"\" width=\"647\" height=\"377\" srcset=\"https:\/\/www.ine.gob.bo\/wp-content\/uploads\/2019\/07\/radialista1.png 647w, https:\/\/www.ine.gob.bo\/wp-content\/uploads\/2019\/07\/radialista1-300x175.png 300w\" sizes=\"auto, (max-width: 647px) 100vw, 647px\" \/><\/p>\n<p>El departamento de Chuquisaca registr\u00f3 la mayor cantidad de t\u00e9cnicos en radiodifusi\u00f3n y grabaci\u00f3n audiovisual con formaci\u00f3n profesional a nivel licenciatura con 69,3%, le sigue Tarija con 67,3%, La Paz 58,9%, Potos\u00ed 58,1% y Santa Cruz es el departamento que tiene menos radialistas con grado acad\u00e9mico de licenciatura, 39,9%.<\/p>\n<p><strong>Poblaci\u00f3n<\/strong><\/p>\n<p>Seg\u00fan datos del Censo 2012, en Bolivia 11.198 personas se identificaron como t\u00e9cnicos en radiodifusi\u00f3n y grabaci\u00f3n audiovisual, donde mayor n\u00famero de varones ejerce este oficio, 69,4% frente a 30,6% de las mujeres. La Paz es el departamento que concentr\u00f3 la mayor cantidad de personas radialistas, 66,5% de hombres y 33,5% de mujeres.<\/p>\n<p>&nbsp;<\/p>\n<p><strong>Cuadro N\u00ba 1<\/strong><\/p>\n<p><strong>BOLIVIA: POBLACI\u00d3N DE T\u00c9CNICOS EN RADIODIFUSI\u00d3N Y GRABACI\u00d3N AUDIOVISUAL<\/strong><\/p>\n<p><strong>POR SEXO, SEG\u00daN DEPARTAMENTO, CENSO 2012\u00a0\u00a0<\/strong><\/p>\n<p><img loading=\"lazy\" decoding=\"async\" class=\"alignnone size-full wp-image-41768\" src=\"https:\/\/www.ine.gob.bo\/wp-content\/uploads\/2019\/07\/radialista2.png\" alt=\"\" width=\"512\" height=\"317\" srcset=\"https:\/\/www.ine.gob.bo\/wp-content\/uploads\/2019\/07\/radialista2.png 512w, https:\/\/www.ine.gob.bo\/wp-content\/uploads\/2019\/07\/radialista2-300x186.png 300w\" sizes=\"auto, (max-width: 512px) 100vw, 512px\" \/><\/p>\n<p>De la poblaci\u00f3n que se dedica a la actividad de t\u00e9cnicos en radiodifusi\u00f3n y grabaci\u00f3n audiovisual en el pa\u00eds, \u00a095,3% reside en el \u00e1rea urbana y 4,7% en el \u00e1rea rural.<\/p>\n<p>&nbsp;<\/p>\n<p>&nbsp;<\/p>\n<p><strong>Infograf\u00eda N\u00ba 1<\/strong><\/p>\n<p><strong>BOLIVIA: POBLACI\u00d3N DE T\u00c9CNICOS EN RADIODIFUSI\u00d3N Y GRABACI\u00d3N AUDIOVISUAL<\/strong><\/p>\n<p><strong>POR \u00c1REA Y NIVEL DE INSTRUCCI\u00d3N, CENSO 2012<\/strong><\/p>\n<p><img loading=\"lazy\" decoding=\"async\" class=\"alignnone size-full wp-image-41769\" src=\"https:\/\/www.ine.gob.bo\/wp-content\/uploads\/2019\/07\/radialista3.png\" alt=\"\" width=\"728\" height=\"516\" srcset=\"https:\/\/www.ine.gob.bo\/wp-content\/uploads\/2019\/07\/radialista3.png 728w, https:\/\/www.ine.gob.bo\/wp-content\/uploads\/2019\/07\/radialista3-300x213.png 300w\" sizes=\"auto, (max-width: 728px) 100vw, 728px\" \/><\/p>\n<p>Respecto al estado civil de t\u00e9cnicos en radiodifusi\u00f3n y camar\u00f3grafos, 48,4% es soltero; 34,0%, casado; 10,8%, conviviente; 3,6%, divorciado; 2,3%, separado y 0,9%, viudo.<\/p>\n<p>&nbsp;<\/p>\n<p><strong>Gr\u00e1fico N\u00ba 2<\/strong><\/p>\n<p><strong>BOLIVIA: POBLACI\u00d3N DE T\u00c8CNICOS EN RADIODIFUSI\u00d3N Y GRABACI\u00d3N AUDIOVISUAL<\/strong><\/p>\n<p><strong>POR ESTADO CIVIL Y SEXO, CENSO 2012\u00a0\u00a0<\/strong><\/p>\n<p><strong>(En porcentaje)<\/strong><\/p>\n<p><img loading=\"lazy\" decoding=\"async\" class=\"alignnone size-full wp-image-41770\" src=\"https:\/\/www.ine.gob.bo\/wp-content\/uploads\/2019\/07\/radialista4.png\" alt=\"\" width=\"852\" height=\"471\" srcset=\"https:\/\/www.ine.gob.bo\/wp-content\/uploads\/2019\/07\/radialista4.png 852w, https:\/\/www.ine.gob.bo\/wp-content\/uploads\/2019\/07\/radialista4-300x166.png 300w, https:\/\/www.ine.gob.bo\/wp-content\/uploads\/2019\/07\/radialista4-768x425.png 768w\" sizes=\"auto, (max-width: 852px) 100vw, 852px\" \/><\/p>\n<blockquote><p><strong><em>UNIDAD DE DIFUSI\u00d3N Y COMUNICACI\u00d3N<\/em><\/strong><\/p>\n<p><strong>INSTITUTO NACIONAL DE ESTAD\u00cdSTICA<\/strong><\/p><\/blockquote>\n","protected":false},"excerpt":{"rendered":"<p>Oruro, 19 de marzo de 2017 (INE).-\u00a0En conmemoraci\u00f3n al D\u00eda del Radialista, el Instituto Nacional de Estad\u00edstica informa que seg\u00fan el Censo de Poblaci\u00f3n y Vivienda 2012, 53,9% de t\u00e9cnicos en radiodifusi\u00f3n y grabaci\u00f3n audiovisual, accedi\u00f3 al nivel de instrucci\u00f3n superior de licenciatura; 12,4%, a t\u00e9cnico universitario y 20,9%, al nivel de instrucci\u00f3n secundaria concluido.&hellip;<\/p>\n","protected":false},"author":1,"featured_media":41769,"comment_status":"closed","ping_status":"open","sticky":false,"template":"","format":"standard","meta":[],"categories":[158],"tags":[],"class_list":["post-41766","post","type-post","status-publish","format-standard","has-post-thumbnail","hentry","category-ine-noticias","category-158","description-off"],"yoast_head":"<!-- This site is optimized with the Yoast SEO plugin v23.2 - https:\/\/yoast.com\/wordpress\/plugins\/seo\/ -->\n<title>53,9% de radialistas y camar\u00f3grafos son licenciados - INE<\/title>\n<meta name=\"description\" content=\"P\u00e1gina oficial del Instituto Nacional de Estadistica INE, informaci\u00f3n estad\u00edstica, geogr\u00e1fica y econ\u00f3mica a nivel nacional.\" \/>\n<meta name=\"robots\" content=\"index, follow, max-snippet:-1, max-image-preview:large, max-video-preview:-1\" \/>\n<link rel=\"canonical\" href=\"https:\/\/www.ine.gob.bo\/index.php\/539-de-radialistas-y-camarografos-son-licenciados\/\" \/>\n<meta property=\"og:locale\" content=\"es_ES\" \/>\n<meta property=\"og:type\" content=\"article\" \/>\n<meta property=\"og:title\" content=\"53,9% de radialistas y camar\u00f3grafos son licenciados - INE\" \/>\n<meta property=\"og:description\" content=\"P\u00e1gina oficial del Instituto Nacional de Estadistica INE, informaci\u00f3n estad\u00edstica, geogr\u00e1fica y econ\u00f3mica a nivel nacional.\" \/>\n<meta property=\"og:url\" content=\"https:\/\/www.ine.gob.bo\/index.php\/539-de-radialistas-y-camarografos-son-licenciados\/\" \/>\n<meta property=\"og:site_name\" content=\"INE\" \/>\n<meta property=\"article:publisher\" content=\"https:\/\/www.facebook.com\/ineboliviaoficial\" \/>\n<meta property=\"article:published_time\" content=\"2017-03-19T18:24:34+00:00\" \/>\n<meta property=\"article:modified_time\" content=\"2019-07-29T17:26:29+00:00\" \/>\n<meta property=\"og:image\" content=\"https:\/\/www.ine.gob.bo\/wp-content\/uploads\/2019\/07\/radialista3.png\" \/>\n\t<meta property=\"og:image:width\" content=\"728\" \/>\n\t<meta property=\"og:image:height\" content=\"516\" \/>\n\t<meta property=\"og:image:type\" content=\"image\/png\" \/>\n<meta name=\"author\" content=\"4dmin-root\" \/>\n<meta name=\"twitter:card\" content=\"summary_large_image\" \/>\n<meta name=\"twitter:creator\" content=\"@INE_Bolivia\" \/>\n<meta name=\"twitter:site\" content=\"@INE_Bolivia\" \/>\n<meta name=\"twitter:label1\" content=\"Escrito por\" \/>\n\t<meta name=\"twitter:data1\" content=\"4dmin-root\" \/>\n\t<meta name=\"twitter:label2\" content=\"Tiempo de lectura\" \/>\n\t<meta name=\"twitter:data2\" content=\"2 minutos\" \/>\n<script type=\"application\/ld+json\" class=\"yoast-schema-graph\">{\"@context\":\"https:\/\/schema.org\",\"@graph\":[{\"@type\":\"Article\",\"@id\":\"https:\/\/www.ine.gob.bo\/index.php\/539-de-radialistas-y-camarografos-son-licenciados\/#article\",\"isPartOf\":{\"@id\":\"https:\/\/www.ine.gob.bo\/index.php\/539-de-radialistas-y-camarografos-son-licenciados\/\"},\"author\":{\"name\":\"4dmin-root\",\"@id\":\"https:\/\/www.ine.gob.bo\/#\/schema\/person\/4b9ab894e9de9fb7f2078269aea371be\"},\"headline\":\"53,9% de radialistas y camar\u00f3grafos son licenciados\",\"datePublished\":\"2017-03-19T18:24:34+00:00\",\"dateModified\":\"2019-07-29T17:26:29+00:00\",\"mainEntityOfPage\":{\"@id\":\"https:\/\/www.ine.gob.bo\/index.php\/539-de-radialistas-y-camarografos-son-licenciados\/\"},\"wordCount\":336,\"publisher\":{\"@id\":\"https:\/\/www.ine.gob.bo\/#organization\"},\"image\":{\"@id\":\"https:\/\/www.ine.gob.bo\/index.php\/539-de-radialistas-y-camarografos-son-licenciados\/#primaryimage\"},\"thumbnailUrl\":\"https:\/\/www.ine.gob.bo\/wp-content\/uploads\/2019\/07\/radialista3.png\",\"articleSection\":[\"INE noticias\"],\"inLanguage\":\"es\"},{\"@type\":\"WebPage\",\"@id\":\"https:\/\/www.ine.gob.bo\/index.php\/539-de-radialistas-y-camarografos-son-licenciados\/\",\"url\":\"https:\/\/www.ine.gob.bo\/index.php\/539-de-radialistas-y-camarografos-son-licenciados\/\",\"name\":\"53,9% de radialistas y camar\u00f3grafos son licenciados - INE\",\"isPartOf\":{\"@id\":\"https:\/\/www.ine.gob.bo\/#website\"},\"primaryImageOfPage\":{\"@id\":\"https:\/\/www.ine.gob.bo\/index.php\/539-de-radialistas-y-camarografos-son-licenciados\/#primaryimage\"},\"image\":{\"@id\":\"https:\/\/www.ine.gob.bo\/index.php\/539-de-radialistas-y-camarografos-son-licenciados\/#primaryimage\"},\"thumbnailUrl\":\"https:\/\/www.ine.gob.bo\/wp-content\/uploads\/2019\/07\/radialista3.png\",\"datePublished\":\"2017-03-19T18:24:34+00:00\",\"dateModified\":\"2019-07-29T17:26:29+00:00\",\"description\":\"P\u00e1gina oficial del Instituto Nacional de Estadistica INE, informaci\u00f3n estad\u00edstica, geogr\u00e1fica y econ\u00f3mica a nivel nacional.\",\"breadcrumb\":{\"@id\":\"https:\/\/www.ine.gob.bo\/index.php\/539-de-radialistas-y-camarografos-son-licenciados\/#breadcrumb\"},\"inLanguage\":\"es\",\"potentialAction\":[{\"@type\":\"ReadAction\",\"target\":[\"https:\/\/www.ine.gob.bo\/index.php\/539-de-radialistas-y-camarografos-son-licenciados\/\"]}]},{\"@type\":\"ImageObject\",\"inLanguage\":\"es\",\"@id\":\"https:\/\/www.ine.gob.bo\/index.php\/539-de-radialistas-y-camarografos-son-licenciados\/#primaryimage\",\"url\":\"https:\/\/www.ine.gob.bo\/wp-content\/uploads\/2019\/07\/radialista3.png\",\"contentUrl\":\"https:\/\/www.ine.gob.bo\/wp-content\/uploads\/2019\/07\/radialista3.png\",\"width\":728,\"height\":516},{\"@type\":\"BreadcrumbList\",\"@id\":\"https:\/\/www.ine.gob.bo\/index.php\/539-de-radialistas-y-camarografos-son-licenciados\/#breadcrumb\",\"itemListElement\":[{\"@type\":\"ListItem\",\"position\":1,\"name\":\"Portada\",\"item\":\"https:\/\/www.ine.gob.bo\/\"},{\"@type\":\"ListItem\",\"position\":2,\"name\":\"53,9% de radialistas y camar\u00f3grafos son licenciados\"}]},{\"@type\":\"WebSite\",\"@id\":\"https:\/\/www.ine.gob.bo\/#website\",\"url\":\"https:\/\/www.ine.gob.bo\/\",\"name\":\"INE\",\"description\":\"Instituto Nacional de Estad\u00edstica\",\"publisher\":{\"@id\":\"https:\/\/www.ine.gob.bo\/#organization\"},\"potentialAction\":[{\"@type\":\"SearchAction\",\"target\":{\"@type\":\"EntryPoint\",\"urlTemplate\":\"https:\/\/www.ine.gob.bo\/?s={search_term_string}\"},\"query-input\":\"required name=search_term_string\"}],\"inLanguage\":\"es\"},{\"@type\":\"Organization\",\"@id\":\"https:\/\/www.ine.gob.bo\/#organization\",\"name\":\"Instituto Nacional de Estad\u00edstica\",\"url\":\"https:\/\/www.ine.gob.bo\/\",\"logo\":{\"@type\":\"ImageObject\",\"inLanguage\":\"es\",\"@id\":\"https:\/\/www.ine.gob.bo\/#\/schema\/logo\/image\/\",\"url\":\"https:\/\/www.ine.gob.bo\/wp-content\/uploads\/2026\/02\/logo-ine.jpg\",\"contentUrl\":\"https:\/\/www.ine.gob.bo\/wp-content\/uploads\/2026\/02\/logo-ine.jpg\",\"width\":799,\"height\":453,\"caption\":\"Instituto Nacional de Estad\u00edstica\"},\"image\":{\"@id\":\"https:\/\/www.ine.gob.bo\/#\/schema\/logo\/image\/\"},\"sameAs\":[\"https:\/\/www.facebook.com\/ineboliviaoficial\",\"https:\/\/x.com\/INE_Bolivia\",\"https:\/\/www.instagram.com\/ineboliviaoficial\/\",\"https:\/\/www.youtube.com\/channel\/UCbIQXKLw414g5kWo1tAwqCg\"]},{\"@type\":\"Person\",\"@id\":\"https:\/\/www.ine.gob.bo\/#\/schema\/person\/4b9ab894e9de9fb7f2078269aea371be\",\"name\":\"4dmin-root\",\"image\":{\"@type\":\"ImageObject\",\"inLanguage\":\"es\",\"@id\":\"https:\/\/www.ine.gob.bo\/#\/schema\/person\/image\/\",\"url\":\"https:\/\/secure.gravatar.com\/avatar\/0824ec9f3a25d622e58133204574c46e0832b417c3b610112cf50ccc044cbefe?s=96&d=mm&r=g\",\"contentUrl\":\"https:\/\/secure.gravatar.com\/avatar\/0824ec9f3a25d622e58133204574c46e0832b417c3b610112cf50ccc044cbefe?s=96&d=mm&r=g\",\"caption\":\"4dmin-root\"},\"url\":\"https:\/\/www.ine.gob.bo\/index.php\/author\/4dmin-root\/\"}]}<\/script>\n<!-- \/ Yoast SEO plugin. -->","yoast_head_json":{"title":"53,9% de radialistas y camar\u00f3grafos son licenciados - INE","description":"P\u00e1gina oficial del Instituto Nacional de Estadistica INE, informaci\u00f3n estad\u00edstica, geogr\u00e1fica y econ\u00f3mica a nivel nacional.","robots":{"index":"index","follow":"follow","max-snippet":"max-snippet:-1","max-image-preview":"max-image-preview:large","max-video-preview":"max-video-preview:-1"},"canonical":"https:\/\/www.ine.gob.bo\/index.php\/539-de-radialistas-y-camarografos-son-licenciados\/","og_locale":"es_ES","og_type":"article","og_title":"53,9% de radialistas y camar\u00f3grafos son licenciados - INE","og_description":"P\u00e1gina oficial del Instituto Nacional de Estadistica INE, informaci\u00f3n estad\u00edstica, geogr\u00e1fica y econ\u00f3mica a nivel nacional.","og_url":"https:\/\/www.ine.gob.bo\/index.php\/539-de-radialistas-y-camarografos-son-licenciados\/","og_site_name":"INE","article_publisher":"https:\/\/www.facebook.com\/ineboliviaoficial","article_published_time":"2017-03-19T18:24:34+00:00","article_modified_time":"2019-07-29T17:26:29+00:00","og_image":[{"width":728,"height":516,"url":"https:\/\/www.ine.gob.bo\/wp-content\/uploads\/2019\/07\/radialista3.png","type":"image\/png"}],"author":"4dmin-root","twitter_card":"summary_large_image","twitter_creator":"@INE_Bolivia","twitter_site":"@INE_Bolivia","twitter_misc":{"Escrito por":"4dmin-root","Tiempo de lectura":"2 minutos"},"schema":{"@context":"https:\/\/schema.org","@graph":[{"@type":"Article","@id":"https:\/\/www.ine.gob.bo\/index.php\/539-de-radialistas-y-camarografos-son-licenciados\/#article","isPartOf":{"@id":"https:\/\/www.ine.gob.bo\/index.php\/539-de-radialistas-y-camarografos-son-licenciados\/"},"author":{"name":"4dmin-root","@id":"https:\/\/www.ine.gob.bo\/#\/schema\/person\/4b9ab894e9de9fb7f2078269aea371be"},"headline":"53,9% de radialistas y camar\u00f3grafos son licenciados","datePublished":"2017-03-19T18:24:34+00:00","dateModified":"2019-07-29T17:26:29+00:00","mainEntityOfPage":{"@id":"https:\/\/www.ine.gob.bo\/index.php\/539-de-radialistas-y-camarografos-son-licenciados\/"},"wordCount":336,"publisher":{"@id":"https:\/\/www.ine.gob.bo\/#organization"},"image":{"@id":"https:\/\/www.ine.gob.bo\/index.php\/539-de-radialistas-y-camarografos-son-licenciados\/#primaryimage"},"thumbnailUrl":"https:\/\/www.ine.gob.bo\/wp-content\/uploads\/2019\/07\/radialista3.png","articleSection":["INE noticias"],"inLanguage":"es"},{"@type":"WebPage","@id":"https:\/\/www.ine.gob.bo\/index.php\/539-de-radialistas-y-camarografos-son-licenciados\/","url":"https:\/\/www.ine.gob.bo\/index.php\/539-de-radialistas-y-camarografos-son-licenciados\/","name":"53,9% de radialistas y camar\u00f3grafos son licenciados - INE","isPartOf":{"@id":"https:\/\/www.ine.gob.bo\/#website"},"primaryImageOfPage":{"@id":"https:\/\/www.ine.gob.bo\/index.php\/539-de-radialistas-y-camarografos-son-licenciados\/#primaryimage"},"image":{"@id":"https:\/\/www.ine.gob.bo\/index.php\/539-de-radialistas-y-camarografos-son-licenciados\/#primaryimage"},"thumbnailUrl":"https:\/\/www.ine.gob.bo\/wp-content\/uploads\/2019\/07\/radialista3.png","datePublished":"2017-03-19T18:24:34+00:00","dateModified":"2019-07-29T17:26:29+00:00","description":"P\u00e1gina oficial del Instituto Nacional de Estadistica INE, informaci\u00f3n estad\u00edstica, geogr\u00e1fica y econ\u00f3mica a nivel nacional.","breadcrumb":{"@id":"https:\/\/www.ine.gob.bo\/index.php\/539-de-radialistas-y-camarografos-son-licenciados\/#breadcrumb"},"inLanguage":"es","potentialAction":[{"@type":"ReadAction","target":["https:\/\/www.ine.gob.bo\/index.php\/539-de-radialistas-y-camarografos-son-licenciados\/"]}]},{"@type":"ImageObject","inLanguage":"es","@id":"https:\/\/www.ine.gob.bo\/index.php\/539-de-radialistas-y-camarografos-son-licenciados\/#primaryimage","url":"https:\/\/www.ine.gob.bo\/wp-content\/uploads\/2019\/07\/radialista3.png","contentUrl":"https:\/\/www.ine.gob.bo\/wp-content\/uploads\/2019\/07\/radialista3.png","width":728,"height":516},{"@type":"BreadcrumbList","@id":"https:\/\/www.ine.gob.bo\/index.php\/539-de-radialistas-y-camarografos-son-licenciados\/#breadcrumb","itemListElement":[{"@type":"ListItem","position":1,"name":"Portada","item":"https:\/\/www.ine.gob.bo\/"},{"@type":"ListItem","position":2,"name":"53,9% de radialistas y camar\u00f3grafos son licenciados"}]},{"@type":"WebSite","@id":"https:\/\/www.ine.gob.bo\/#website","url":"https:\/\/www.ine.gob.bo\/","name":"INE","description":"Instituto Nacional de Estad\u00edstica","publisher":{"@id":"https:\/\/www.ine.gob.bo\/#organization"},"potentialAction":[{"@type":"SearchAction","target":{"@type":"EntryPoint","urlTemplate":"https:\/\/www.ine.gob.bo\/?s={search_term_string}"},"query-input":"required name=search_term_string"}],"inLanguage":"es"},{"@type":"Organization","@id":"https:\/\/www.ine.gob.bo\/#organization","name":"Instituto Nacional de Estad\u00edstica","url":"https:\/\/www.ine.gob.bo\/","logo":{"@type":"ImageObject","inLanguage":"es","@id":"https:\/\/www.ine.gob.bo\/#\/schema\/logo\/image\/","url":"https:\/\/www.ine.gob.bo\/wp-content\/uploads\/2026\/02\/logo-ine.jpg","contentUrl":"https:\/\/www.ine.gob.bo\/wp-content\/uploads\/2026\/02\/logo-ine.jpg","width":799,"height":453,"caption":"Instituto Nacional de Estad\u00edstica"},"image":{"@id":"https:\/\/www.ine.gob.bo\/#\/schema\/logo\/image\/"},"sameAs":["https:\/\/www.facebook.com\/ineboliviaoficial","https:\/\/x.com\/INE_Bolivia","https:\/\/www.instagram.com\/ineboliviaoficial\/","https:\/\/www.youtube.com\/channel\/UCbIQXKLw414g5kWo1tAwqCg"]},{"@type":"Person","@id":"https:\/\/www.ine.gob.bo\/#\/schema\/person\/4b9ab894e9de9fb7f2078269aea371be","name":"4dmin-root","image":{"@type":"ImageObject","inLanguage":"es","@id":"https:\/\/www.ine.gob.bo\/#\/schema\/person\/image\/","url":"https:\/\/secure.gravatar.com\/avatar\/0824ec9f3a25d622e58133204574c46e0832b417c3b610112cf50ccc044cbefe?s=96&d=mm&r=g","contentUrl":"https:\/\/secure.gravatar.com\/avatar\/0824ec9f3a25d622e58133204574c46e0832b417c3b610112cf50ccc044cbefe?s=96&d=mm&r=g","caption":"4dmin-root"},"url":"https:\/\/www.ine.gob.bo\/index.php\/author\/4dmin-root\/"}]}},"rttpg_featured_image_url":{"full":["https:\/\/www.ine.gob.bo\/wp-content\/uploads\/2019\/07\/radialista3.png",728,516,false],"landscape":["https:\/\/www.ine.gob.bo\/wp-content\/uploads\/2019\/07\/radialista3.png",728,516,false],"portraits":["https:\/\/www.ine.gob.bo\/wp-content\/uploads\/2019\/07\/radialista3.png",728,516,false],"thumbnail":["https:\/\/www.ine.gob.bo\/wp-content\/uploads\/2019\/07\/radialista3-150x150.png",150,150,true],"medium":["https:\/\/www.ine.gob.bo\/wp-content\/uploads\/2019\/07\/radialista3-300x213.png",300,213,true],"large":["https:\/\/www.ine.gob.bo\/wp-content\/uploads\/2019\/07\/radialista3.png",728,516,false],"1536x1536":["https:\/\/www.ine.gob.bo\/wp-content\/uploads\/2019\/07\/radialista3.png",728,516,false],"2048x2048":["https:\/\/www.ine.gob.bo\/wp-content\/uploads\/2019\/07\/radialista3.png",728,516,false]},"rttpg_author":{"display_name":"4dmin-root","author_link":"https:\/\/www.ine.gob.bo\/index.php\/author\/4dmin-root\/"},"rttpg_comment":0,"rttpg_category":"<a href=\"https:\/\/www.ine.gob.bo\/index.php\/category\/ine-noticias\/\" rel=\"category tag\">INE noticias<\/a>","rttpg_excerpt":"Oruro, 19 de marzo de 2017 (INE).-\u00a0En conmemoraci\u00f3n al D\u00eda del Radialista, el Instituto Nacional de Estad\u00edstica informa que seg\u00fan el Censo de Poblaci\u00f3n y Vivienda 2012, 53,9% de t\u00e9cnicos en radiodifusi\u00f3n y grabaci\u00f3n audiovisual, accedi\u00f3 al nivel de instrucci\u00f3n superior de licenciatura; 12,4%, a t\u00e9cnico universitario y 20,9%, al nivel de instrucci\u00f3n secundaria concluido.&hellip;","_links":{"self":[{"href":"https:\/\/www.ine.gob.bo\/index.php\/wp-json\/wp\/v2\/posts\/41766","targetHints":{"allow":["GET"]}}],"collection":[{"href":"https:\/\/www.ine.gob.bo\/index.php\/wp-json\/wp\/v2\/posts"}],"about":[{"href":"https:\/\/www.ine.gob.bo\/index.php\/wp-json\/wp\/v2\/types\/post"}],"author":[{"embeddable":true,"href":"https:\/\/www.ine.gob.bo\/index.php\/wp-json\/wp\/v2\/users\/1"}],"replies":[{"embeddable":true,"href":"https:\/\/www.ine.gob.bo\/index.php\/wp-json\/wp\/v2\/comments?post=41766"}],"version-history":[{"count":0,"href":"https:\/\/www.ine.gob.bo\/index.php\/wp-json\/wp\/v2\/posts\/41766\/revisions"}],"wp:featuredmedia":[{"embeddable":true,"href":"https:\/\/www.ine.gob.bo\/index.php\/wp-json\/wp\/v2\/media\/41769"}],"wp:attachment":[{"href":"https:\/\/www.ine.gob.bo\/index.php\/wp-json\/wp\/v2\/media?parent=41766"}],"wp:term":[{"taxonomy":"category","embeddable":true,"href":"https:\/\/www.ine.gob.bo\/index.php\/wp-json\/wp\/v2\/categories?post=41766"},{"taxonomy":"post_tag","embeddable":true,"href":"https:\/\/www.ine.gob.bo\/index.php\/wp-json\/wp\/v2\/tags?post=41766"}],"curies":[{"name":"wp","href":"https:\/\/api.w.org\/{rel}","templated":true}]}}