{"id":41670,"date":"2017-06-24T18:37:26","date_gmt":"2017-06-24T16:37:26","guid":{"rendered":"https:\/\/www.ine.gob.bo\/?p=41670"},"modified":"2019-07-29T18:39:30","modified_gmt":"2019-07-29T16:39:30","slug":"el-principal-cultivo-de-verano-de-totora-es-la-papa","status":"publish","type":"post","link":"https:\/\/www.ine.gob.bo\/index.php\/el-principal-cultivo-de-verano-de-totora-es-la-papa\/","title":{"rendered":"El principal cultivo de verano de Totora es la papa"},"content":{"rendered":"<p><strong>Cochabamba, 24 de junio de 2017 (INE).-\u00a0<\/strong>El Instituto Nacional de Estad\u00edstica inform\u00f3, a prop\u00f3sito de los 141 a\u00f1os de creaci\u00f3n de Totora, que el principal cultivo de verano es la papa con un rendimiento de 5.971,3 kilogramos por hect\u00e1rea (Kg\/Ha), seguida de la papaliza con 5.451,38 kilogramos por hect\u00e1rea (Kg\/Ha), seg\u00fan datos del Censo Agropecuario 2013.<\/p>\n<p>La capital de la provincia Carrasco, Totora, conserva la riqueza arquitect\u00f3nica de la \u00e9poca colonial, conformada por viejas casas y templos religiosos, el\u00a0municipio se\u00a0vincula con la ciudad de Cochabamba a trav\u00e9s de una carretera asfaltada de 140 Km.<\/p>\n<p><strong>Gr\u00e1fico N\u00ba 1<\/strong><\/p>\n<p><strong>TOTORA: RENDIMIENTO DE LOS PRINCIPALES CULTIVOS DE VERANO,<\/strong><\/p>\n<p><strong>CENSO AGROPECUARIO 2013<\/strong><\/p>\n<p><strong>(En kilogramos por hect\u00e1rea)<\/strong><\/p>\n<p><img loading=\"lazy\" decoding=\"async\" class=\"alignnone size-full wp-image-41671\" src=\"https:\/\/www.ine.gob.bo\/wp-content\/uploads\/2019\/07\/Totora1.png\" alt=\"\" width=\"518\" height=\"324\" srcset=\"https:\/\/www.ine.gob.bo\/wp-content\/uploads\/2019\/07\/Totora1.png 518w, https:\/\/www.ine.gob.bo\/wp-content\/uploads\/2019\/07\/Totora1-300x188.png 300w\" sizes=\"auto, (max-width: 518px) 100vw, 518px\" \/><\/p>\n<p>Totora tiene como principales especies ganaderas: ovinos con 19.629 cabezas, aves de corral con 17.552 unidades, caprinos con 14.051, bovinos con 9.840 y porcinos de corral con 3.429, de acuerdo con datos del Censo Agropecuario 2013.<\/p>\n<p><strong>Gr\u00e1fico N\u00ba 2<\/strong><\/p>\n<p><strong>TOTORA: PRINCIPALES ESPECIES GANADERAS, CENSO AGROPECUARIO 2013<\/strong><\/p>\n<p><strong>(En n\u00famero)<\/strong><\/p>\n<p><img loading=\"lazy\" decoding=\"async\" class=\"alignnone size-full wp-image-41672\" src=\"https:\/\/www.ine.gob.bo\/wp-content\/uploads\/2019\/07\/Totora2.png\" alt=\"\" width=\"556\" height=\"303\" srcset=\"https:\/\/www.ine.gob.bo\/wp-content\/uploads\/2019\/07\/Totora2.png 556w, https:\/\/www.ine.gob.bo\/wp-content\/uploads\/2019\/07\/Totora2-300x163.png 300w\" sizes=\"auto, (max-width: 556px) 100vw, 556px\" \/><\/p>\n<p>El municipio de Totora tiene 4.720 Unidades de Producci\u00f3n Agropecuaria (UPA) y una superficie cultivada de verano de 8.452 hect\u00e1reas.<\/p>\n<p>Respecto a los 12 municipios que conforman la regi\u00f3n del Cono Sur, distribuidos en las provincias Campero, Arani, Carrasco, Mizque y Tiraque, ocupa el tercer lugar en la cantidad de UPA y el segundo lugar en cuanto a la superficie cultivada de verano.<\/p>\n<p><strong>Gr\u00e1fico N\u00ba 3<\/strong><\/p>\n<p><strong>REGI\u00d3N CONO SUR: UNIDADES DE PRODUCCI\u00d3N AGROPECUARIA Y SUPERFICIE CULTIVADA, CENSO AGROPECUARIO 2013<\/strong><\/p>\n<p><strong>(En n\u00famero y hect\u00e1reas)<\/strong><\/p>\n<p><img loading=\"lazy\" decoding=\"async\" class=\"alignnone size-full wp-image-41673\" src=\"https:\/\/www.ine.gob.bo\/wp-content\/uploads\/2019\/07\/Totora3.png\" alt=\"\" width=\"597\" height=\"367\" srcset=\"https:\/\/www.ine.gob.bo\/wp-content\/uploads\/2019\/07\/Totora3.png 597w, https:\/\/www.ine.gob.bo\/wp-content\/uploads\/2019\/07\/Totora3-300x184.png 300w\" sizes=\"auto, (max-width: 597px) 100vw, 597px\" \/><\/p>\n<p>Entre los censos 2001 y 2012, el municipio de Totora registr\u00f3 una tasa anual de crecimiento intercensal de 1,1%. Seg\u00fan proyecciones a 2017, Totora tiene aproximadamente una poblaci\u00f3n de 16.510 habitantes y para el 2020, su poblaci\u00f3n llegar\u00e1 a cerca de 17.372 personas.<\/p>\n<p><strong>Gr\u00e1fico N\u00ba 4<\/strong><\/p>\n<p><strong>TOTORA: PROYECCIONES DE POBLACI\u00d3N, 2017 &#8211; 2020<\/strong><\/p>\n<p><img loading=\"lazy\" decoding=\"async\" class=\"alignnone size-full wp-image-41674\" src=\"https:\/\/www.ine.gob.bo\/wp-content\/uploads\/2019\/07\/Totora4.png\" alt=\"\" width=\"502\" height=\"174\" srcset=\"https:\/\/www.ine.gob.bo\/wp-content\/uploads\/2019\/07\/Totora4.png 502w, https:\/\/www.ine.gob.bo\/wp-content\/uploads\/2019\/07\/Totora4-300x104.png 300w\" sizes=\"auto, (max-width: 502px) 100vw, 502px\" \/><\/p>\n<blockquote><p><strong><em>UNIDAD DE DIFUSI\u00d3N Y COMUNICACI\u00d3N<\/em><\/strong><\/p>\n<p><strong>INSTITUTO NACIONAL DE ESTAD\u00cdSTICA<\/strong><\/p><\/blockquote>\n","protected":false},"excerpt":{"rendered":"<p>Cochabamba, 24 de junio de 2017 (INE).-\u00a0El Instituto Nacional de Estad\u00edstica inform\u00f3, a prop\u00f3sito de los 141 a\u00f1os de creaci\u00f3n de Totora, que el principal cultivo de verano es la papa con un rendimiento de 5.971,3 kilogramos por hect\u00e1rea (Kg\/Ha), seguida de la papaliza con 5.451,38 kilogramos por hect\u00e1rea (Kg\/Ha), seg\u00fan datos del Censo Agropecuario&hellip;<\/p>\n","protected":false},"author":1,"featured_media":41673,"comment_status":"closed","ping_status":"open","sticky":false,"template":"","format":"standard","meta":[],"categories":[158],"tags":[],"class_list":["post-41670","post","type-post","status-publish","format-standard","has-post-thumbnail","hentry","category-ine-noticias","category-158","description-off"],"yoast_head":"<!-- This site is optimized with the Yoast SEO plugin v23.2 - https:\/\/yoast.com\/wordpress\/plugins\/seo\/ -->\n<title>El principal cultivo de verano de Totora es la papa - INE<\/title>\n<meta name=\"description\" content=\"P\u00e1gina oficial del Instituto Nacional de Estadistica INE, informaci\u00f3n estad\u00edstica, geogr\u00e1fica y econ\u00f3mica a nivel nacional.\" \/>\n<meta name=\"robots\" content=\"index, follow, max-snippet:-1, max-image-preview:large, max-video-preview:-1\" \/>\n<link rel=\"canonical\" href=\"https:\/\/www.ine.gob.bo\/index.php\/el-principal-cultivo-de-verano-de-totora-es-la-papa\/\" \/>\n<meta property=\"og:locale\" content=\"es_ES\" \/>\n<meta property=\"og:type\" content=\"article\" \/>\n<meta property=\"og:title\" content=\"El principal cultivo de verano de Totora es la papa - INE\" \/>\n<meta property=\"og:description\" content=\"P\u00e1gina oficial del Instituto Nacional de Estadistica INE, informaci\u00f3n estad\u00edstica, geogr\u00e1fica y econ\u00f3mica a nivel nacional.\" \/>\n<meta property=\"og:url\" content=\"https:\/\/www.ine.gob.bo\/index.php\/el-principal-cultivo-de-verano-de-totora-es-la-papa\/\" \/>\n<meta property=\"og:site_name\" content=\"INE\" \/>\n<meta property=\"article:publisher\" content=\"https:\/\/www.facebook.com\/ineboliviaoficial\" \/>\n<meta property=\"article:published_time\" content=\"2017-06-24T16:37:26+00:00\" \/>\n<meta property=\"article:modified_time\" content=\"2019-07-29T16:39:30+00:00\" \/>\n<meta property=\"og:image\" content=\"https:\/\/www.ine.gob.bo\/wp-content\/uploads\/2019\/07\/Totora3.png\" \/>\n\t<meta property=\"og:image:width\" content=\"597\" \/>\n\t<meta property=\"og:image:height\" content=\"367\" \/>\n\t<meta property=\"og:image:type\" content=\"image\/png\" \/>\n<meta name=\"author\" content=\"4dmin-root\" \/>\n<meta name=\"twitter:card\" content=\"summary_large_image\" \/>\n<meta name=\"twitter:creator\" content=\"@INE_Bolivia\" \/>\n<meta name=\"twitter:site\" content=\"@INE_Bolivia\" \/>\n<meta name=\"twitter:label1\" content=\"Escrito por\" \/>\n\t<meta name=\"twitter:data1\" content=\"4dmin-root\" \/>\n\t<meta name=\"twitter:label2\" content=\"Tiempo de lectura\" \/>\n\t<meta name=\"twitter:data2\" content=\"2 minutos\" \/>\n<script type=\"application\/ld+json\" class=\"yoast-schema-graph\">{\"@context\":\"https:\/\/schema.org\",\"@graph\":[{\"@type\":\"Article\",\"@id\":\"https:\/\/www.ine.gob.bo\/index.php\/el-principal-cultivo-de-verano-de-totora-es-la-papa\/#article\",\"isPartOf\":{\"@id\":\"https:\/\/www.ine.gob.bo\/index.php\/el-principal-cultivo-de-verano-de-totora-es-la-papa\/\"},\"author\":{\"name\":\"4dmin-root\",\"@id\":\"https:\/\/www.ine.gob.bo\/#\/schema\/person\/4b9ab894e9de9fb7f2078269aea371be\"},\"headline\":\"El principal cultivo de verano de Totora es la papa\",\"datePublished\":\"2017-06-24T16:37:26+00:00\",\"dateModified\":\"2019-07-29T16:39:30+00:00\",\"mainEntityOfPage\":{\"@id\":\"https:\/\/www.ine.gob.bo\/index.php\/el-principal-cultivo-de-verano-de-totora-es-la-papa\/\"},\"wordCount\":318,\"publisher\":{\"@id\":\"https:\/\/www.ine.gob.bo\/#organization\"},\"image\":{\"@id\":\"https:\/\/www.ine.gob.bo\/index.php\/el-principal-cultivo-de-verano-de-totora-es-la-papa\/#primaryimage\"},\"thumbnailUrl\":\"https:\/\/www.ine.gob.bo\/wp-content\/uploads\/2019\/07\/Totora3.png\",\"articleSection\":[\"INE noticias\"],\"inLanguage\":\"es\"},{\"@type\":\"WebPage\",\"@id\":\"https:\/\/www.ine.gob.bo\/index.php\/el-principal-cultivo-de-verano-de-totora-es-la-papa\/\",\"url\":\"https:\/\/www.ine.gob.bo\/index.php\/el-principal-cultivo-de-verano-de-totora-es-la-papa\/\",\"name\":\"El principal cultivo de verano de Totora es la papa - INE\",\"isPartOf\":{\"@id\":\"https:\/\/www.ine.gob.bo\/#website\"},\"primaryImageOfPage\":{\"@id\":\"https:\/\/www.ine.gob.bo\/index.php\/el-principal-cultivo-de-verano-de-totora-es-la-papa\/#primaryimage\"},\"image\":{\"@id\":\"https:\/\/www.ine.gob.bo\/index.php\/el-principal-cultivo-de-verano-de-totora-es-la-papa\/#primaryimage\"},\"thumbnailUrl\":\"https:\/\/www.ine.gob.bo\/wp-content\/uploads\/2019\/07\/Totora3.png\",\"datePublished\":\"2017-06-24T16:37:26+00:00\",\"dateModified\":\"2019-07-29T16:39:30+00:00\",\"description\":\"P\u00e1gina oficial del Instituto Nacional de Estadistica INE, informaci\u00f3n estad\u00edstica, geogr\u00e1fica y econ\u00f3mica a nivel nacional.\",\"breadcrumb\":{\"@id\":\"https:\/\/www.ine.gob.bo\/index.php\/el-principal-cultivo-de-verano-de-totora-es-la-papa\/#breadcrumb\"},\"inLanguage\":\"es\",\"potentialAction\":[{\"@type\":\"ReadAction\",\"target\":[\"https:\/\/www.ine.gob.bo\/index.php\/el-principal-cultivo-de-verano-de-totora-es-la-papa\/\"]}]},{\"@type\":\"ImageObject\",\"inLanguage\":\"es\",\"@id\":\"https:\/\/www.ine.gob.bo\/index.php\/el-principal-cultivo-de-verano-de-totora-es-la-papa\/#primaryimage\",\"url\":\"https:\/\/www.ine.gob.bo\/wp-content\/uploads\/2019\/07\/Totora3.png\",\"contentUrl\":\"https:\/\/www.ine.gob.bo\/wp-content\/uploads\/2019\/07\/Totora3.png\",\"width\":597,\"height\":367},{\"@type\":\"BreadcrumbList\",\"@id\":\"https:\/\/www.ine.gob.bo\/index.php\/el-principal-cultivo-de-verano-de-totora-es-la-papa\/#breadcrumb\",\"itemListElement\":[{\"@type\":\"ListItem\",\"position\":1,\"name\":\"Portada\",\"item\":\"https:\/\/www.ine.gob.bo\/\"},{\"@type\":\"ListItem\",\"position\":2,\"name\":\"El principal cultivo de verano de Totora es la papa\"}]},{\"@type\":\"WebSite\",\"@id\":\"https:\/\/www.ine.gob.bo\/#website\",\"url\":\"https:\/\/www.ine.gob.bo\/\",\"name\":\"INE\",\"description\":\"Instituto Nacional de Estad\u00edstica\",\"publisher\":{\"@id\":\"https:\/\/www.ine.gob.bo\/#organization\"},\"potentialAction\":[{\"@type\":\"SearchAction\",\"target\":{\"@type\":\"EntryPoint\",\"urlTemplate\":\"https:\/\/www.ine.gob.bo\/?s={search_term_string}\"},\"query-input\":\"required name=search_term_string\"}],\"inLanguage\":\"es\"},{\"@type\":\"Organization\",\"@id\":\"https:\/\/www.ine.gob.bo\/#organization\",\"name\":\"Instituto Nacional de Estad\u00edstica\",\"url\":\"https:\/\/www.ine.gob.bo\/\",\"logo\":{\"@type\":\"ImageObject\",\"inLanguage\":\"es\",\"@id\":\"https:\/\/www.ine.gob.bo\/#\/schema\/logo\/image\/\",\"url\":\"https:\/\/www.ine.gob.bo\/wp-content\/uploads\/2026\/02\/logo-ine.jpg\",\"contentUrl\":\"https:\/\/www.ine.gob.bo\/wp-content\/uploads\/2026\/02\/logo-ine.jpg\",\"width\":799,\"height\":453,\"caption\":\"Instituto Nacional de Estad\u00edstica\"},\"image\":{\"@id\":\"https:\/\/www.ine.gob.bo\/#\/schema\/logo\/image\/\"},\"sameAs\":[\"https:\/\/www.facebook.com\/ineboliviaoficial\",\"https:\/\/x.com\/INE_Bolivia\",\"https:\/\/www.instagram.com\/ineboliviaoficial\/\",\"https:\/\/www.youtube.com\/channel\/UCbIQXKLw414g5kWo1tAwqCg\"]},{\"@type\":\"Person\",\"@id\":\"https:\/\/www.ine.gob.bo\/#\/schema\/person\/4b9ab894e9de9fb7f2078269aea371be\",\"name\":\"4dmin-root\",\"image\":{\"@type\":\"ImageObject\",\"inLanguage\":\"es\",\"@id\":\"https:\/\/www.ine.gob.bo\/#\/schema\/person\/image\/\",\"url\":\"https:\/\/secure.gravatar.com\/avatar\/0824ec9f3a25d622e58133204574c46e0832b417c3b610112cf50ccc044cbefe?s=96&d=mm&r=g\",\"contentUrl\":\"https:\/\/secure.gravatar.com\/avatar\/0824ec9f3a25d622e58133204574c46e0832b417c3b610112cf50ccc044cbefe?s=96&d=mm&r=g\",\"caption\":\"4dmin-root\"},\"url\":\"https:\/\/www.ine.gob.bo\/index.php\/author\/4dmin-root\/\"}]}<\/script>\n<!-- \/ Yoast SEO plugin. -->","yoast_head_json":{"title":"El principal cultivo de verano de Totora es la papa - INE","description":"P\u00e1gina oficial del Instituto Nacional de Estadistica INE, informaci\u00f3n estad\u00edstica, geogr\u00e1fica y econ\u00f3mica a nivel nacional.","robots":{"index":"index","follow":"follow","max-snippet":"max-snippet:-1","max-image-preview":"max-image-preview:large","max-video-preview":"max-video-preview:-1"},"canonical":"https:\/\/www.ine.gob.bo\/index.php\/el-principal-cultivo-de-verano-de-totora-es-la-papa\/","og_locale":"es_ES","og_type":"article","og_title":"El principal cultivo de verano de Totora es la papa - INE","og_description":"P\u00e1gina oficial del Instituto Nacional de Estadistica INE, informaci\u00f3n estad\u00edstica, geogr\u00e1fica y econ\u00f3mica a nivel nacional.","og_url":"https:\/\/www.ine.gob.bo\/index.php\/el-principal-cultivo-de-verano-de-totora-es-la-papa\/","og_site_name":"INE","article_publisher":"https:\/\/www.facebook.com\/ineboliviaoficial","article_published_time":"2017-06-24T16:37:26+00:00","article_modified_time":"2019-07-29T16:39:30+00:00","og_image":[{"width":597,"height":367,"url":"https:\/\/www.ine.gob.bo\/wp-content\/uploads\/2019\/07\/Totora3.png","type":"image\/png"}],"author":"4dmin-root","twitter_card":"summary_large_image","twitter_creator":"@INE_Bolivia","twitter_site":"@INE_Bolivia","twitter_misc":{"Escrito por":"4dmin-root","Tiempo de lectura":"2 minutos"},"schema":{"@context":"https:\/\/schema.org","@graph":[{"@type":"Article","@id":"https:\/\/www.ine.gob.bo\/index.php\/el-principal-cultivo-de-verano-de-totora-es-la-papa\/#article","isPartOf":{"@id":"https:\/\/www.ine.gob.bo\/index.php\/el-principal-cultivo-de-verano-de-totora-es-la-papa\/"},"author":{"name":"4dmin-root","@id":"https:\/\/www.ine.gob.bo\/#\/schema\/person\/4b9ab894e9de9fb7f2078269aea371be"},"headline":"El principal cultivo de verano de Totora es la papa","datePublished":"2017-06-24T16:37:26+00:00","dateModified":"2019-07-29T16:39:30+00:00","mainEntityOfPage":{"@id":"https:\/\/www.ine.gob.bo\/index.php\/el-principal-cultivo-de-verano-de-totora-es-la-papa\/"},"wordCount":318,"publisher":{"@id":"https:\/\/www.ine.gob.bo\/#organization"},"image":{"@id":"https:\/\/www.ine.gob.bo\/index.php\/el-principal-cultivo-de-verano-de-totora-es-la-papa\/#primaryimage"},"thumbnailUrl":"https:\/\/www.ine.gob.bo\/wp-content\/uploads\/2019\/07\/Totora3.png","articleSection":["INE noticias"],"inLanguage":"es"},{"@type":"WebPage","@id":"https:\/\/www.ine.gob.bo\/index.php\/el-principal-cultivo-de-verano-de-totora-es-la-papa\/","url":"https:\/\/www.ine.gob.bo\/index.php\/el-principal-cultivo-de-verano-de-totora-es-la-papa\/","name":"El principal cultivo de verano de Totora es la papa - INE","isPartOf":{"@id":"https:\/\/www.ine.gob.bo\/#website"},"primaryImageOfPage":{"@id":"https:\/\/www.ine.gob.bo\/index.php\/el-principal-cultivo-de-verano-de-totora-es-la-papa\/#primaryimage"},"image":{"@id":"https:\/\/www.ine.gob.bo\/index.php\/el-principal-cultivo-de-verano-de-totora-es-la-papa\/#primaryimage"},"thumbnailUrl":"https:\/\/www.ine.gob.bo\/wp-content\/uploads\/2019\/07\/Totora3.png","datePublished":"2017-06-24T16:37:26+00:00","dateModified":"2019-07-29T16:39:30+00:00","description":"P\u00e1gina oficial del Instituto Nacional de Estadistica INE, informaci\u00f3n estad\u00edstica, geogr\u00e1fica y econ\u00f3mica a nivel nacional.","breadcrumb":{"@id":"https:\/\/www.ine.gob.bo\/index.php\/el-principal-cultivo-de-verano-de-totora-es-la-papa\/#breadcrumb"},"inLanguage":"es","potentialAction":[{"@type":"ReadAction","target":["https:\/\/www.ine.gob.bo\/index.php\/el-principal-cultivo-de-verano-de-totora-es-la-papa\/"]}]},{"@type":"ImageObject","inLanguage":"es","@id":"https:\/\/www.ine.gob.bo\/index.php\/el-principal-cultivo-de-verano-de-totora-es-la-papa\/#primaryimage","url":"https:\/\/www.ine.gob.bo\/wp-content\/uploads\/2019\/07\/Totora3.png","contentUrl":"https:\/\/www.ine.gob.bo\/wp-content\/uploads\/2019\/07\/Totora3.png","width":597,"height":367},{"@type":"BreadcrumbList","@id":"https:\/\/www.ine.gob.bo\/index.php\/el-principal-cultivo-de-verano-de-totora-es-la-papa\/#breadcrumb","itemListElement":[{"@type":"ListItem","position":1,"name":"Portada","item":"https:\/\/www.ine.gob.bo\/"},{"@type":"ListItem","position":2,"name":"El principal cultivo de verano de Totora es la papa"}]},{"@type":"WebSite","@id":"https:\/\/www.ine.gob.bo\/#website","url":"https:\/\/www.ine.gob.bo\/","name":"INE","description":"Instituto Nacional de Estad\u00edstica","publisher":{"@id":"https:\/\/www.ine.gob.bo\/#organization"},"potentialAction":[{"@type":"SearchAction","target":{"@type":"EntryPoint","urlTemplate":"https:\/\/www.ine.gob.bo\/?s={search_term_string}"},"query-input":"required name=search_term_string"}],"inLanguage":"es"},{"@type":"Organization","@id":"https:\/\/www.ine.gob.bo\/#organization","name":"Instituto Nacional de Estad\u00edstica","url":"https:\/\/www.ine.gob.bo\/","logo":{"@type":"ImageObject","inLanguage":"es","@id":"https:\/\/www.ine.gob.bo\/#\/schema\/logo\/image\/","url":"https:\/\/www.ine.gob.bo\/wp-content\/uploads\/2026\/02\/logo-ine.jpg","contentUrl":"https:\/\/www.ine.gob.bo\/wp-content\/uploads\/2026\/02\/logo-ine.jpg","width":799,"height":453,"caption":"Instituto Nacional de Estad\u00edstica"},"image":{"@id":"https:\/\/www.ine.gob.bo\/#\/schema\/logo\/image\/"},"sameAs":["https:\/\/www.facebook.com\/ineboliviaoficial","https:\/\/x.com\/INE_Bolivia","https:\/\/www.instagram.com\/ineboliviaoficial\/","https:\/\/www.youtube.com\/channel\/UCbIQXKLw414g5kWo1tAwqCg"]},{"@type":"Person","@id":"https:\/\/www.ine.gob.bo\/#\/schema\/person\/4b9ab894e9de9fb7f2078269aea371be","name":"4dmin-root","image":{"@type":"ImageObject","inLanguage":"es","@id":"https:\/\/www.ine.gob.bo\/#\/schema\/person\/image\/","url":"https:\/\/secure.gravatar.com\/avatar\/0824ec9f3a25d622e58133204574c46e0832b417c3b610112cf50ccc044cbefe?s=96&d=mm&r=g","contentUrl":"https:\/\/secure.gravatar.com\/avatar\/0824ec9f3a25d622e58133204574c46e0832b417c3b610112cf50ccc044cbefe?s=96&d=mm&r=g","caption":"4dmin-root"},"url":"https:\/\/www.ine.gob.bo\/index.php\/author\/4dmin-root\/"}]}},"rttpg_featured_image_url":{"full":["https:\/\/www.ine.gob.bo\/wp-content\/uploads\/2019\/07\/Totora3.png",597,367,false],"landscape":["https:\/\/www.ine.gob.bo\/wp-content\/uploads\/2019\/07\/Totora3.png",597,367,false],"portraits":["https:\/\/www.ine.gob.bo\/wp-content\/uploads\/2019\/07\/Totora3.png",597,367,false],"thumbnail":["https:\/\/www.ine.gob.bo\/wp-content\/uploads\/2019\/07\/Totora3-150x150.png",150,150,true],"medium":["https:\/\/www.ine.gob.bo\/wp-content\/uploads\/2019\/07\/Totora3-300x184.png",300,184,true],"large":["https:\/\/www.ine.gob.bo\/wp-content\/uploads\/2019\/07\/Totora3.png",597,367,false],"1536x1536":["https:\/\/www.ine.gob.bo\/wp-content\/uploads\/2019\/07\/Totora3.png",597,367,false],"2048x2048":["https:\/\/www.ine.gob.bo\/wp-content\/uploads\/2019\/07\/Totora3.png",597,367,false]},"rttpg_author":{"display_name":"4dmin-root","author_link":"https:\/\/www.ine.gob.bo\/index.php\/author\/4dmin-root\/"},"rttpg_comment":0,"rttpg_category":"<a href=\"https:\/\/www.ine.gob.bo\/index.php\/category\/ine-noticias\/\" rel=\"category tag\">INE noticias<\/a>","rttpg_excerpt":"Cochabamba, 24 de junio de 2017 (INE).-\u00a0El Instituto Nacional de Estad\u00edstica inform\u00f3, a prop\u00f3sito de los 141 a\u00f1os de creaci\u00f3n de Totora, que el principal cultivo de verano es la papa con un rendimiento de 5.971,3 kilogramos por hect\u00e1rea (Kg\/Ha), seguida de la papaliza con 5.451,38 kilogramos por hect\u00e1rea (Kg\/Ha), seg\u00fan datos del Censo Agropecuario&hellip;","_links":{"self":[{"href":"https:\/\/www.ine.gob.bo\/index.php\/wp-json\/wp\/v2\/posts\/41670","targetHints":{"allow":["GET"]}}],"collection":[{"href":"https:\/\/www.ine.gob.bo\/index.php\/wp-json\/wp\/v2\/posts"}],"about":[{"href":"https:\/\/www.ine.gob.bo\/index.php\/wp-json\/wp\/v2\/types\/post"}],"author":[{"embeddable":true,"href":"https:\/\/www.ine.gob.bo\/index.php\/wp-json\/wp\/v2\/users\/1"}],"replies":[{"embeddable":true,"href":"https:\/\/www.ine.gob.bo\/index.php\/wp-json\/wp\/v2\/comments?post=41670"}],"version-history":[{"count":0,"href":"https:\/\/www.ine.gob.bo\/index.php\/wp-json\/wp\/v2\/posts\/41670\/revisions"}],"wp:featuredmedia":[{"embeddable":true,"href":"https:\/\/www.ine.gob.bo\/index.php\/wp-json\/wp\/v2\/media\/41673"}],"wp:attachment":[{"href":"https:\/\/www.ine.gob.bo\/index.php\/wp-json\/wp\/v2\/media?parent=41670"}],"wp:term":[{"taxonomy":"category","embeddable":true,"href":"https:\/\/www.ine.gob.bo\/index.php\/wp-json\/wp\/v2\/categories?post=41670"},{"taxonomy":"post_tag","embeddable":true,"href":"https:\/\/www.ine.gob.bo\/index.php\/wp-json\/wp\/v2\/tags?post=41670"}],"curies":[{"name":"wp","href":"https:\/\/api.w.org\/{rel}","templated":true}]}}