{"id":41512,"date":"2017-07-26T21:56:37","date_gmt":"2017-07-26T19:56:37","guid":{"rendered":"https:\/\/www.ine.gob.bo\/?p=41512"},"modified":"2019-07-26T22:00:11","modified_gmt":"2019-07-26T20:00:11","slug":"la-ganaderia-es-la-principal-actividad-economica-de-santa-ana-de-yacuma","status":"publish","type":"post","link":"https:\/\/www.ine.gob.bo\/index.php\/la-ganaderia-es-la-principal-actividad-economica-de-santa-ana-de-yacuma\/","title":{"rendered":"La ganader\u00eda es la principal actividad econ\u00f3mica de Santa Ana de Yacuma"},"content":{"rendered":"<p><strong>Beni, 26 de julio de 2017 (INE).-\u00a0<\/strong>Santa Ana de Yacuma, capital de la provincia Yacuma del departamento del Beni, celebra 309 a\u00f1os de fundaci\u00f3n, conocida como una de las principales regiones ganaderas del pa\u00eds, cuenta con\u00a0418.552 cabezas de ganado bovino adem\u00e1s de 29.250 aves de corral registradas en el Censo Agropecuario 2013, inform\u00f3 el Instituto Nacional de Estad\u00edstica (INE).<\/p>\n<p><strong>Gr\u00e1fico N\u00ba 1<\/strong><\/p>\n<p><strong>SANTA ANA DE YACUMA:\u00a0<\/strong><strong>PRINCIPALES ESPECIES GANADERAS,\u00a0<\/strong><strong>CENSO AGROPECUARIO 2013<\/strong><\/p>\n<p><strong>(en n\u00famero de cabezas)<\/strong><\/p>\n<p><img loading=\"lazy\" decoding=\"async\" class=\"alignnone size-full wp-image-41513\" src=\"https:\/\/www.ine.gob.bo\/wp-content\/uploads\/2019\/07\/SantaAna1.png\" alt=\"\" width=\"767\" height=\"478\" srcset=\"https:\/\/www.ine.gob.bo\/wp-content\/uploads\/2019\/07\/SantaAna1.png 767w, https:\/\/www.ine.gob.bo\/wp-content\/uploads\/2019\/07\/SantaAna1-300x187.png 300w\" sizes=\"auto, (max-width: 767px) 100vw, 767px\" \/><\/p>\n<p>En cuanto a la producci\u00f3n agr\u00edcola de verano, el Censo Agropecuario 2013 da cuenta que el principal cultivo es el pl\u00e1tano (postre) con 27.838,0 quintales, seguido de la ca\u00f1a de az\u00facar con 17.756,5 quintales, arroz 10.709,7 quintales y yuca con una producci\u00f3n de 10.357,5 quintales.<\/p>\n<p>En el municipio existen 1.194 Unidades de Producci\u00f3n Agropecuaria (UPA), de las cuales 832 realizan actividades de pesca y 672 actividades de caza de animales silvestres.<\/p>\n<p>En Santa Ana de Yacuma se destinan 981.481,0 hect\u00e1reas para la ganader\u00eda, 224.487,5 hect\u00e1reas son de uso forestal y 23.114,0 hect\u00e1reas para uso agr\u00edcola.<\/p>\n<p>Ubicada en plena pampa moxe\u00f1a del departamento beniano, Santa Ana de Yacuma registr\u00f3 una poblaci\u00f3n total de 18.439 habitantes para el Censo 2012, en tanto que la poblaci\u00f3n empadronada de 10 a\u00f1os o m\u00e1s de edad, seg\u00fan actividad econ\u00f3mica lleg\u00f3 a 8.104 personas, de esta cifra, el 35,2% son Trabajadores agr\u00edcolas, pecuarios, forestales y pesqueros.<\/p>\n<p><strong>Gr\u00e1fico N\u00ba 2<\/strong><\/p>\n<p><strong>SANTA ANA DE YACUMA: GRUPO OCUPACIONAL, CENSO 2012<\/strong><\/p>\n<p><strong>(en porcentaje)<\/strong><\/p>\n<p><img loading=\"lazy\" decoding=\"async\" class=\"alignnone size-full wp-image-41514\" src=\"https:\/\/www.ine.gob.bo\/wp-content\/uploads\/2019\/07\/SantaAna2.png\" alt=\"\" width=\"695\" height=\"410\" srcset=\"https:\/\/www.ine.gob.bo\/wp-content\/uploads\/2019\/07\/SantaAna2.png 695w, https:\/\/www.ine.gob.bo\/wp-content\/uploads\/2019\/07\/SantaAna2-300x177.png 300w\" sizes=\"auto, (max-width: 695px) 100vw, 695px\" \/><\/p>\n<p>De las 3.712 viviendas empadronadas en el Censo 2012, el 82,7% dispone de energ\u00eda el\u00e9ctrica, el 87,6% tiene disponibilidad de ba\u00f1o en tanto que el 38,1% cuenta con alcantarillado en viviendas que disponen de ba\u00f1o.<\/p>\n<p><strong>Gr\u00e1fico N\u00ba 3<\/strong><\/p>\n<p><strong>SANTA ANA DE YACUMA: ACCESO A SERVICIOS B\u00c1SICOS, CENSO 2012<\/strong><\/p>\n<p><strong>(en porcentaje)<\/strong><\/p>\n<p><img loading=\"lazy\" decoding=\"async\" class=\"alignnone size-full wp-image-41515\" src=\"https:\/\/www.ine.gob.bo\/wp-content\/uploads\/2019\/07\/SantaAna3.png\" alt=\"\" width=\"729\" height=\"526\" srcset=\"https:\/\/www.ine.gob.bo\/wp-content\/uploads\/2019\/07\/SantaAna3.png 729w, https:\/\/www.ine.gob.bo\/wp-content\/uploads\/2019\/07\/SantaAna3-300x216.png 300w\" sizes=\"auto, (max-width: 729px) 100vw, 729px\" \/><\/p>\n<p>Santa Ana de Yacuma cuenta con una poblaci\u00f3n aproximada de 18.498 habitantes seg\u00fan proyecciones a 2017. Para el a\u00f1o 2020 contar\u00e1 con alrededor de 18.216 habitantes.<\/p>\n<p><strong>Gr\u00e1fico N\u00ba 4<\/strong><\/p>\n<p><strong>SANTA ANA DE YACUMA: PROYECCIONES DE POBLACI\u00d3N POR SEXO, 2017-2020<\/strong><\/p>\n<p><img loading=\"lazy\" decoding=\"async\" class=\"alignnone size-full wp-image-41516\" src=\"https:\/\/www.ine.gob.bo\/wp-content\/uploads\/2019\/07\/SantaAna4.png\" alt=\"\" width=\"725\" height=\"454\" srcset=\"https:\/\/www.ine.gob.bo\/wp-content\/uploads\/2019\/07\/SantaAna4.png 725w, https:\/\/www.ine.gob.bo\/wp-content\/uploads\/2019\/07\/SantaAna4-300x188.png 300w\" sizes=\"auto, (max-width: 725px) 100vw, 725px\" \/><\/p>\n<p><img loading=\"lazy\" decoding=\"async\" class=\"alignnone size-full wp-image-41517\" src=\"https:\/\/www.ine.gob.bo\/wp-content\/uploads\/2019\/07\/SantaAna5.png\" alt=\"\" width=\"780\" height=\"375\" srcset=\"https:\/\/www.ine.gob.bo\/wp-content\/uploads\/2019\/07\/SantaAna5.png 780w, https:\/\/www.ine.gob.bo\/wp-content\/uploads\/2019\/07\/SantaAna5-300x144.png 300w, https:\/\/www.ine.gob.bo\/wp-content\/uploads\/2019\/07\/SantaAna5-768x369.png 768w\" sizes=\"auto, (max-width: 780px) 100vw, 780px\" \/><\/p>\n<blockquote><p><strong><em>UNIDAD DE DIFUSI\u00d3N Y COMUNICACI\u00d3N<\/em><\/strong><\/p>\n<p><strong>INSTITUTO NACIONAL DE ESTAD\u00cdSTICA<\/strong><\/p><\/blockquote>\n","protected":false},"excerpt":{"rendered":"<p>Beni, 26 de julio de 2017 (INE).-\u00a0Santa Ana de Yacuma, capital de la provincia Yacuma del departamento del Beni, celebra 309 a\u00f1os de fundaci\u00f3n, conocida como una de las principales regiones ganaderas del pa\u00eds, cuenta con\u00a0418.552 cabezas de ganado bovino adem\u00e1s de 29.250 aves de corral registradas en el Censo Agropecuario 2013, inform\u00f3 el Instituto&hellip;<\/p>\n","protected":false},"author":1,"featured_media":41517,"comment_status":"closed","ping_status":"open","sticky":false,"template":"","format":"standard","meta":[],"categories":[158],"tags":[],"class_list":["post-41512","post","type-post","status-publish","format-standard","has-post-thumbnail","hentry","category-ine-noticias","category-158","description-off"],"yoast_head":"<!-- This site is optimized with the Yoast SEO plugin v23.2 - https:\/\/yoast.com\/wordpress\/plugins\/seo\/ -->\n<title>La ganader\u00eda es la principal actividad econ\u00f3mica de Santa Ana de Yacuma - INE<\/title>\n<meta name=\"description\" content=\"P\u00e1gina oficial del Instituto Nacional de Estadistica INE, informaci\u00f3n estad\u00edstica, geogr\u00e1fica y econ\u00f3mica a nivel nacional.\" \/>\n<meta name=\"robots\" content=\"index, follow, max-snippet:-1, max-image-preview:large, max-video-preview:-1\" \/>\n<link rel=\"canonical\" href=\"https:\/\/www.ine.gob.bo\/index.php\/la-ganaderia-es-la-principal-actividad-economica-de-santa-ana-de-yacuma\/\" \/>\n<meta property=\"og:locale\" content=\"es_ES\" \/>\n<meta property=\"og:type\" content=\"article\" \/>\n<meta property=\"og:title\" content=\"La ganader\u00eda es la principal actividad econ\u00f3mica de Santa Ana de Yacuma - INE\" \/>\n<meta property=\"og:description\" content=\"P\u00e1gina oficial del Instituto Nacional de Estadistica INE, informaci\u00f3n estad\u00edstica, geogr\u00e1fica y econ\u00f3mica a nivel nacional.\" \/>\n<meta property=\"og:url\" content=\"https:\/\/www.ine.gob.bo\/index.php\/la-ganaderia-es-la-principal-actividad-economica-de-santa-ana-de-yacuma\/\" \/>\n<meta property=\"og:site_name\" content=\"INE\" \/>\n<meta property=\"article:publisher\" content=\"https:\/\/www.facebook.com\/ineboliviaoficial\" \/>\n<meta property=\"article:published_time\" content=\"2017-07-26T19:56:37+00:00\" \/>\n<meta property=\"article:modified_time\" content=\"2019-07-26T20:00:11+00:00\" \/>\n<meta property=\"og:image\" content=\"https:\/\/www.ine.gob.bo\/wp-content\/uploads\/2019\/07\/SantaAna5.png\" \/>\n\t<meta property=\"og:image:width\" content=\"780\" \/>\n\t<meta property=\"og:image:height\" content=\"375\" \/>\n\t<meta property=\"og:image:type\" content=\"image\/png\" \/>\n<meta name=\"author\" content=\"4dmin-root\" \/>\n<meta name=\"twitter:card\" content=\"summary_large_image\" \/>\n<meta name=\"twitter:creator\" content=\"@INE_Bolivia\" \/>\n<meta name=\"twitter:site\" content=\"@INE_Bolivia\" \/>\n<meta name=\"twitter:label1\" content=\"Escrito por\" \/>\n\t<meta name=\"twitter:data1\" content=\"4dmin-root\" \/>\n\t<meta name=\"twitter:label2\" content=\"Tiempo de lectura\" \/>\n\t<meta name=\"twitter:data2\" content=\"2 minutos\" \/>\n<script type=\"application\/ld+json\" class=\"yoast-schema-graph\">{\"@context\":\"https:\/\/schema.org\",\"@graph\":[{\"@type\":\"Article\",\"@id\":\"https:\/\/www.ine.gob.bo\/index.php\/la-ganaderia-es-la-principal-actividad-economica-de-santa-ana-de-yacuma\/#article\",\"isPartOf\":{\"@id\":\"https:\/\/www.ine.gob.bo\/index.php\/la-ganaderia-es-la-principal-actividad-economica-de-santa-ana-de-yacuma\/\"},\"author\":{\"name\":\"4dmin-root\",\"@id\":\"https:\/\/www.ine.gob.bo\/#\/schema\/person\/4b9ab894e9de9fb7f2078269aea371be\"},\"headline\":\"La ganader\u00eda es la principal actividad econ\u00f3mica de Santa Ana de Yacuma\",\"datePublished\":\"2017-07-26T19:56:37+00:00\",\"dateModified\":\"2019-07-26T20:00:11+00:00\",\"mainEntityOfPage\":{\"@id\":\"https:\/\/www.ine.gob.bo\/index.php\/la-ganaderia-es-la-principal-actividad-economica-de-santa-ana-de-yacuma\/\"},\"wordCount\":358,\"publisher\":{\"@id\":\"https:\/\/www.ine.gob.bo\/#organization\"},\"image\":{\"@id\":\"https:\/\/www.ine.gob.bo\/index.php\/la-ganaderia-es-la-principal-actividad-economica-de-santa-ana-de-yacuma\/#primaryimage\"},\"thumbnailUrl\":\"https:\/\/www.ine.gob.bo\/wp-content\/uploads\/2019\/07\/SantaAna5.png\",\"articleSection\":[\"INE noticias\"],\"inLanguage\":\"es\"},{\"@type\":\"WebPage\",\"@id\":\"https:\/\/www.ine.gob.bo\/index.php\/la-ganaderia-es-la-principal-actividad-economica-de-santa-ana-de-yacuma\/\",\"url\":\"https:\/\/www.ine.gob.bo\/index.php\/la-ganaderia-es-la-principal-actividad-economica-de-santa-ana-de-yacuma\/\",\"name\":\"La ganader\u00eda es la principal actividad econ\u00f3mica de Santa Ana de Yacuma - INE\",\"isPartOf\":{\"@id\":\"https:\/\/www.ine.gob.bo\/#website\"},\"primaryImageOfPage\":{\"@id\":\"https:\/\/www.ine.gob.bo\/index.php\/la-ganaderia-es-la-principal-actividad-economica-de-santa-ana-de-yacuma\/#primaryimage\"},\"image\":{\"@id\":\"https:\/\/www.ine.gob.bo\/index.php\/la-ganaderia-es-la-principal-actividad-economica-de-santa-ana-de-yacuma\/#primaryimage\"},\"thumbnailUrl\":\"https:\/\/www.ine.gob.bo\/wp-content\/uploads\/2019\/07\/SantaAna5.png\",\"datePublished\":\"2017-07-26T19:56:37+00:00\",\"dateModified\":\"2019-07-26T20:00:11+00:00\",\"description\":\"P\u00e1gina oficial del Instituto Nacional de Estadistica INE, informaci\u00f3n estad\u00edstica, geogr\u00e1fica y econ\u00f3mica a nivel nacional.\",\"breadcrumb\":{\"@id\":\"https:\/\/www.ine.gob.bo\/index.php\/la-ganaderia-es-la-principal-actividad-economica-de-santa-ana-de-yacuma\/#breadcrumb\"},\"inLanguage\":\"es\",\"potentialAction\":[{\"@type\":\"ReadAction\",\"target\":[\"https:\/\/www.ine.gob.bo\/index.php\/la-ganaderia-es-la-principal-actividad-economica-de-santa-ana-de-yacuma\/\"]}]},{\"@type\":\"ImageObject\",\"inLanguage\":\"es\",\"@id\":\"https:\/\/www.ine.gob.bo\/index.php\/la-ganaderia-es-la-principal-actividad-economica-de-santa-ana-de-yacuma\/#primaryimage\",\"url\":\"https:\/\/www.ine.gob.bo\/wp-content\/uploads\/2019\/07\/SantaAna5.png\",\"contentUrl\":\"https:\/\/www.ine.gob.bo\/wp-content\/uploads\/2019\/07\/SantaAna5.png\",\"width\":780,\"height\":375},{\"@type\":\"BreadcrumbList\",\"@id\":\"https:\/\/www.ine.gob.bo\/index.php\/la-ganaderia-es-la-principal-actividad-economica-de-santa-ana-de-yacuma\/#breadcrumb\",\"itemListElement\":[{\"@type\":\"ListItem\",\"position\":1,\"name\":\"Portada\",\"item\":\"https:\/\/www.ine.gob.bo\/\"},{\"@type\":\"ListItem\",\"position\":2,\"name\":\"La ganader\u00eda es la principal actividad econ\u00f3mica de Santa Ana de Yacuma\"}]},{\"@type\":\"WebSite\",\"@id\":\"https:\/\/www.ine.gob.bo\/#website\",\"url\":\"https:\/\/www.ine.gob.bo\/\",\"name\":\"INE\",\"description\":\"Instituto Nacional de Estad\u00edstica\",\"publisher\":{\"@id\":\"https:\/\/www.ine.gob.bo\/#organization\"},\"potentialAction\":[{\"@type\":\"SearchAction\",\"target\":{\"@type\":\"EntryPoint\",\"urlTemplate\":\"https:\/\/www.ine.gob.bo\/?s={search_term_string}\"},\"query-input\":\"required name=search_term_string\"}],\"inLanguage\":\"es\"},{\"@type\":\"Organization\",\"@id\":\"https:\/\/www.ine.gob.bo\/#organization\",\"name\":\"Instituto Nacional de Estad\u00edstica\",\"url\":\"https:\/\/www.ine.gob.bo\/\",\"logo\":{\"@type\":\"ImageObject\",\"inLanguage\":\"es\",\"@id\":\"https:\/\/www.ine.gob.bo\/#\/schema\/logo\/image\/\",\"url\":\"https:\/\/www.ine.gob.bo\/wp-content\/uploads\/2026\/02\/logo-ine.jpg\",\"contentUrl\":\"https:\/\/www.ine.gob.bo\/wp-content\/uploads\/2026\/02\/logo-ine.jpg\",\"width\":799,\"height\":453,\"caption\":\"Instituto Nacional de Estad\u00edstica\"},\"image\":{\"@id\":\"https:\/\/www.ine.gob.bo\/#\/schema\/logo\/image\/\"},\"sameAs\":[\"https:\/\/www.facebook.com\/ineboliviaoficial\",\"https:\/\/x.com\/INE_Bolivia\",\"https:\/\/www.instagram.com\/ineboliviaoficial\/\",\"https:\/\/www.youtube.com\/channel\/UCbIQXKLw414g5kWo1tAwqCg\"]},{\"@type\":\"Person\",\"@id\":\"https:\/\/www.ine.gob.bo\/#\/schema\/person\/4b9ab894e9de9fb7f2078269aea371be\",\"name\":\"4dmin-root\",\"image\":{\"@type\":\"ImageObject\",\"inLanguage\":\"es\",\"@id\":\"https:\/\/www.ine.gob.bo\/#\/schema\/person\/image\/\",\"url\":\"https:\/\/secure.gravatar.com\/avatar\/0824ec9f3a25d622e58133204574c46e0832b417c3b610112cf50ccc044cbefe?s=96&d=mm&r=g\",\"contentUrl\":\"https:\/\/secure.gravatar.com\/avatar\/0824ec9f3a25d622e58133204574c46e0832b417c3b610112cf50ccc044cbefe?s=96&d=mm&r=g\",\"caption\":\"4dmin-root\"},\"url\":\"https:\/\/www.ine.gob.bo\/index.php\/author\/4dmin-root\/\"}]}<\/script>\n<!-- \/ Yoast SEO plugin. -->","yoast_head_json":{"title":"La ganader\u00eda es la principal actividad econ\u00f3mica de Santa Ana de Yacuma - INE","description":"P\u00e1gina oficial del Instituto Nacional de Estadistica INE, informaci\u00f3n estad\u00edstica, geogr\u00e1fica y econ\u00f3mica a nivel nacional.","robots":{"index":"index","follow":"follow","max-snippet":"max-snippet:-1","max-image-preview":"max-image-preview:large","max-video-preview":"max-video-preview:-1"},"canonical":"https:\/\/www.ine.gob.bo\/index.php\/la-ganaderia-es-la-principal-actividad-economica-de-santa-ana-de-yacuma\/","og_locale":"es_ES","og_type":"article","og_title":"La ganader\u00eda es la principal actividad econ\u00f3mica de Santa Ana de Yacuma - INE","og_description":"P\u00e1gina oficial del Instituto Nacional de Estadistica INE, informaci\u00f3n estad\u00edstica, geogr\u00e1fica y econ\u00f3mica a nivel nacional.","og_url":"https:\/\/www.ine.gob.bo\/index.php\/la-ganaderia-es-la-principal-actividad-economica-de-santa-ana-de-yacuma\/","og_site_name":"INE","article_publisher":"https:\/\/www.facebook.com\/ineboliviaoficial","article_published_time":"2017-07-26T19:56:37+00:00","article_modified_time":"2019-07-26T20:00:11+00:00","og_image":[{"width":780,"height":375,"url":"https:\/\/www.ine.gob.bo\/wp-content\/uploads\/2019\/07\/SantaAna5.png","type":"image\/png"}],"author":"4dmin-root","twitter_card":"summary_large_image","twitter_creator":"@INE_Bolivia","twitter_site":"@INE_Bolivia","twitter_misc":{"Escrito por":"4dmin-root","Tiempo de lectura":"2 minutos"},"schema":{"@context":"https:\/\/schema.org","@graph":[{"@type":"Article","@id":"https:\/\/www.ine.gob.bo\/index.php\/la-ganaderia-es-la-principal-actividad-economica-de-santa-ana-de-yacuma\/#article","isPartOf":{"@id":"https:\/\/www.ine.gob.bo\/index.php\/la-ganaderia-es-la-principal-actividad-economica-de-santa-ana-de-yacuma\/"},"author":{"name":"4dmin-root","@id":"https:\/\/www.ine.gob.bo\/#\/schema\/person\/4b9ab894e9de9fb7f2078269aea371be"},"headline":"La ganader\u00eda es la principal actividad econ\u00f3mica de Santa Ana de Yacuma","datePublished":"2017-07-26T19:56:37+00:00","dateModified":"2019-07-26T20:00:11+00:00","mainEntityOfPage":{"@id":"https:\/\/www.ine.gob.bo\/index.php\/la-ganaderia-es-la-principal-actividad-economica-de-santa-ana-de-yacuma\/"},"wordCount":358,"publisher":{"@id":"https:\/\/www.ine.gob.bo\/#organization"},"image":{"@id":"https:\/\/www.ine.gob.bo\/index.php\/la-ganaderia-es-la-principal-actividad-economica-de-santa-ana-de-yacuma\/#primaryimage"},"thumbnailUrl":"https:\/\/www.ine.gob.bo\/wp-content\/uploads\/2019\/07\/SantaAna5.png","articleSection":["INE noticias"],"inLanguage":"es"},{"@type":"WebPage","@id":"https:\/\/www.ine.gob.bo\/index.php\/la-ganaderia-es-la-principal-actividad-economica-de-santa-ana-de-yacuma\/","url":"https:\/\/www.ine.gob.bo\/index.php\/la-ganaderia-es-la-principal-actividad-economica-de-santa-ana-de-yacuma\/","name":"La ganader\u00eda es la principal actividad econ\u00f3mica de Santa Ana de Yacuma - INE","isPartOf":{"@id":"https:\/\/www.ine.gob.bo\/#website"},"primaryImageOfPage":{"@id":"https:\/\/www.ine.gob.bo\/index.php\/la-ganaderia-es-la-principal-actividad-economica-de-santa-ana-de-yacuma\/#primaryimage"},"image":{"@id":"https:\/\/www.ine.gob.bo\/index.php\/la-ganaderia-es-la-principal-actividad-economica-de-santa-ana-de-yacuma\/#primaryimage"},"thumbnailUrl":"https:\/\/www.ine.gob.bo\/wp-content\/uploads\/2019\/07\/SantaAna5.png","datePublished":"2017-07-26T19:56:37+00:00","dateModified":"2019-07-26T20:00:11+00:00","description":"P\u00e1gina oficial del Instituto Nacional de Estadistica INE, informaci\u00f3n estad\u00edstica, geogr\u00e1fica y econ\u00f3mica a nivel nacional.","breadcrumb":{"@id":"https:\/\/www.ine.gob.bo\/index.php\/la-ganaderia-es-la-principal-actividad-economica-de-santa-ana-de-yacuma\/#breadcrumb"},"inLanguage":"es","potentialAction":[{"@type":"ReadAction","target":["https:\/\/www.ine.gob.bo\/index.php\/la-ganaderia-es-la-principal-actividad-economica-de-santa-ana-de-yacuma\/"]}]},{"@type":"ImageObject","inLanguage":"es","@id":"https:\/\/www.ine.gob.bo\/index.php\/la-ganaderia-es-la-principal-actividad-economica-de-santa-ana-de-yacuma\/#primaryimage","url":"https:\/\/www.ine.gob.bo\/wp-content\/uploads\/2019\/07\/SantaAna5.png","contentUrl":"https:\/\/www.ine.gob.bo\/wp-content\/uploads\/2019\/07\/SantaAna5.png","width":780,"height":375},{"@type":"BreadcrumbList","@id":"https:\/\/www.ine.gob.bo\/index.php\/la-ganaderia-es-la-principal-actividad-economica-de-santa-ana-de-yacuma\/#breadcrumb","itemListElement":[{"@type":"ListItem","position":1,"name":"Portada","item":"https:\/\/www.ine.gob.bo\/"},{"@type":"ListItem","position":2,"name":"La ganader\u00eda es la principal actividad econ\u00f3mica de Santa Ana de Yacuma"}]},{"@type":"WebSite","@id":"https:\/\/www.ine.gob.bo\/#website","url":"https:\/\/www.ine.gob.bo\/","name":"INE","description":"Instituto Nacional de Estad\u00edstica","publisher":{"@id":"https:\/\/www.ine.gob.bo\/#organization"},"potentialAction":[{"@type":"SearchAction","target":{"@type":"EntryPoint","urlTemplate":"https:\/\/www.ine.gob.bo\/?s={search_term_string}"},"query-input":"required name=search_term_string"}],"inLanguage":"es"},{"@type":"Organization","@id":"https:\/\/www.ine.gob.bo\/#organization","name":"Instituto Nacional de Estad\u00edstica","url":"https:\/\/www.ine.gob.bo\/","logo":{"@type":"ImageObject","inLanguage":"es","@id":"https:\/\/www.ine.gob.bo\/#\/schema\/logo\/image\/","url":"https:\/\/www.ine.gob.bo\/wp-content\/uploads\/2026\/02\/logo-ine.jpg","contentUrl":"https:\/\/www.ine.gob.bo\/wp-content\/uploads\/2026\/02\/logo-ine.jpg","width":799,"height":453,"caption":"Instituto Nacional de Estad\u00edstica"},"image":{"@id":"https:\/\/www.ine.gob.bo\/#\/schema\/logo\/image\/"},"sameAs":["https:\/\/www.facebook.com\/ineboliviaoficial","https:\/\/x.com\/INE_Bolivia","https:\/\/www.instagram.com\/ineboliviaoficial\/","https:\/\/www.youtube.com\/channel\/UCbIQXKLw414g5kWo1tAwqCg"]},{"@type":"Person","@id":"https:\/\/www.ine.gob.bo\/#\/schema\/person\/4b9ab894e9de9fb7f2078269aea371be","name":"4dmin-root","image":{"@type":"ImageObject","inLanguage":"es","@id":"https:\/\/www.ine.gob.bo\/#\/schema\/person\/image\/","url":"https:\/\/secure.gravatar.com\/avatar\/0824ec9f3a25d622e58133204574c46e0832b417c3b610112cf50ccc044cbefe?s=96&d=mm&r=g","contentUrl":"https:\/\/secure.gravatar.com\/avatar\/0824ec9f3a25d622e58133204574c46e0832b417c3b610112cf50ccc044cbefe?s=96&d=mm&r=g","caption":"4dmin-root"},"url":"https:\/\/www.ine.gob.bo\/index.php\/author\/4dmin-root\/"}]}},"rttpg_featured_image_url":{"full":["https:\/\/www.ine.gob.bo\/wp-content\/uploads\/2019\/07\/SantaAna5.png",780,375,false],"landscape":["https:\/\/www.ine.gob.bo\/wp-content\/uploads\/2019\/07\/SantaAna5.png",780,375,false],"portraits":["https:\/\/www.ine.gob.bo\/wp-content\/uploads\/2019\/07\/SantaAna5.png",780,375,false],"thumbnail":["https:\/\/www.ine.gob.bo\/wp-content\/uploads\/2019\/07\/SantaAna5-150x150.png",150,150,true],"medium":["https:\/\/www.ine.gob.bo\/wp-content\/uploads\/2019\/07\/SantaAna5-300x144.png",300,144,true],"large":["https:\/\/www.ine.gob.bo\/wp-content\/uploads\/2019\/07\/SantaAna5.png",780,375,false],"1536x1536":["https:\/\/www.ine.gob.bo\/wp-content\/uploads\/2019\/07\/SantaAna5.png",780,375,false],"2048x2048":["https:\/\/www.ine.gob.bo\/wp-content\/uploads\/2019\/07\/SantaAna5.png",780,375,false]},"rttpg_author":{"display_name":"4dmin-root","author_link":"https:\/\/www.ine.gob.bo\/index.php\/author\/4dmin-root\/"},"rttpg_comment":0,"rttpg_category":"<a href=\"https:\/\/www.ine.gob.bo\/index.php\/category\/ine-noticias\/\" rel=\"category tag\">INE noticias<\/a>","rttpg_excerpt":"Beni, 26 de julio de 2017 (INE).-\u00a0Santa Ana de Yacuma, capital de la provincia Yacuma del departamento del Beni, celebra 309 a\u00f1os de fundaci\u00f3n, conocida como una de las principales regiones ganaderas del pa\u00eds, cuenta con\u00a0418.552 cabezas de ganado bovino adem\u00e1s de 29.250 aves de corral registradas en el Censo Agropecuario 2013, inform\u00f3 el Instituto&hellip;","_links":{"self":[{"href":"https:\/\/www.ine.gob.bo\/index.php\/wp-json\/wp\/v2\/posts\/41512","targetHints":{"allow":["GET"]}}],"collection":[{"href":"https:\/\/www.ine.gob.bo\/index.php\/wp-json\/wp\/v2\/posts"}],"about":[{"href":"https:\/\/www.ine.gob.bo\/index.php\/wp-json\/wp\/v2\/types\/post"}],"author":[{"embeddable":true,"href":"https:\/\/www.ine.gob.bo\/index.php\/wp-json\/wp\/v2\/users\/1"}],"replies":[{"embeddable":true,"href":"https:\/\/www.ine.gob.bo\/index.php\/wp-json\/wp\/v2\/comments?post=41512"}],"version-history":[{"count":0,"href":"https:\/\/www.ine.gob.bo\/index.php\/wp-json\/wp\/v2\/posts\/41512\/revisions"}],"wp:featuredmedia":[{"embeddable":true,"href":"https:\/\/www.ine.gob.bo\/index.php\/wp-json\/wp\/v2\/media\/41517"}],"wp:attachment":[{"href":"https:\/\/www.ine.gob.bo\/index.php\/wp-json\/wp\/v2\/media?parent=41512"}],"wp:term":[{"taxonomy":"category","embeddable":true,"href":"https:\/\/www.ine.gob.bo\/index.php\/wp-json\/wp\/v2\/categories?post=41512"},{"taxonomy":"post_tag","embeddable":true,"href":"https:\/\/www.ine.gob.bo\/index.php\/wp-json\/wp\/v2\/tags?post=41512"}],"curies":[{"name":"wp","href":"https:\/\/api.w.org\/{rel}","templated":true}]}}