{"id":41488,"date":"2017-08-15T21:38:20","date_gmt":"2017-08-15T19:38:20","guid":{"rendered":"https:\/\/www.ine.gob.bo\/?p=41488"},"modified":"2019-07-26T21:42:08","modified_gmt":"2019-07-26T19:42:08","slug":"en-chuma-lidera-crianza-de-ovinos-y-cuyes","status":"publish","type":"post","link":"https:\/\/www.ine.gob.bo\/index.php\/en-chuma-lidera-crianza-de-ovinos-y-cuyes\/","title":{"rendered":"En Chuma lidera crianza de ovinos y cuyes"},"content":{"rendered":"<p><strong>La Paz, 15 de agosto de 2017 (INE).-\u00a0<\/strong>Los pobladores del municipio de Chuma, que hoy festejan su fiesta patronal en honor a la Virgen de la Asunci\u00f3n, se dedican principalmente a la cr\u00eda de ovinos y cuyes, con cifras que llegan a 14.420 y 12.753 cabezas, respectivamente, de acuerdo con resultados del Censo Agropecuario 2013, inform\u00f3 el Instituto Nacional de Estad\u00edstica.<\/p>\n<p><strong>Gr\u00e1fico N\u00ba 1<\/strong><\/p>\n<p class=\"Prrafobsico\"><strong>MUNICIPIO CHUMA: PRINCIPALES ESPECIES GANADERAS<\/strong><strong>, CENSO AGROPECUARIO 2013<\/strong><\/p>\n<p class=\"Prrafobsico\"><strong>(En n\u00famero de cabezas)<\/strong><\/p>\n<p><img loading=\"lazy\" decoding=\"async\" class=\"alignnone size-full wp-image-41489\" src=\"https:\/\/www.ine.gob.bo\/wp-content\/uploads\/2019\/07\/Chuma_1.jpg\" alt=\"\" width=\"787\" height=\"354\" srcset=\"https:\/\/www.ine.gob.bo\/wp-content\/uploads\/2019\/07\/Chuma_1.jpg 787w, https:\/\/www.ine.gob.bo\/wp-content\/uploads\/2019\/07\/Chuma_1-300x135.jpg 300w, https:\/\/www.ine.gob.bo\/wp-content\/uploads\/2019\/07\/Chuma_1-768x345.jpg 768w\" sizes=\"auto, (max-width: 787px) 100vw, 787px\" \/><\/p>\n<p>Fuente: Instituto Nacional de Estad\u00edstica<\/p>\n<p>El municipio de Chuma, perteneciente a la provincia Mu\u00f1ecas del departamento de La Paz, guarda vestigios de la cultura preincaica \u201cMollo\u201d. Tiene como principal cultivo agr\u00edcola en verano, la papa con 23.164,8 quintales, le sigue el ma\u00edz con 17.670,7 quintales y haba verde con 10.600,5 quintales.<\/p>\n<p><strong>Cuadro N\u00ba 1<\/strong><\/p>\n<p><strong>MUNICIPIO CHUMA: PRODUCCI\u00d3N DE LOS PRINCIPALES CULTIVOS DE VERANO,<\/strong><\/p>\n<p><strong>CENSO AGROPECUARIO 2013<\/strong><\/p>\n<p><strong>(En quintales)<\/strong><\/p>\n<p><img loading=\"lazy\" decoding=\"async\" class=\"alignnone size-full wp-image-41490\" src=\"https:\/\/www.ine.gob.bo\/wp-content\/uploads\/2019\/07\/Chuma_2.jpg\" alt=\"\" width=\"830\" height=\"298\" srcset=\"https:\/\/www.ine.gob.bo\/wp-content\/uploads\/2019\/07\/Chuma_2.jpg 830w, https:\/\/www.ine.gob.bo\/wp-content\/uploads\/2019\/07\/Chuma_2-300x108.jpg 300w, https:\/\/www.ine.gob.bo\/wp-content\/uploads\/2019\/07\/Chuma_2-768x276.jpg 768w\" sizes=\"auto, (max-width: 830px) 100vw, 830px\" \/><\/p>\n<p>Fuente: Instituto Nacional de Estad\u00edstica<\/p>\n<p>En Chuma, valle interandino, 98,2% de su poblaci\u00f3n est\u00e1 inscrita en el registro civil y 79,7% cuenta con c\u00e9dula de identidad, seg\u00fan datos del Censo 2012.<\/p>\n<p><strong>Gr\u00e1fico N\u00ba 2<\/strong><\/p>\n<p class=\"Prrafobsico\"><strong>CHUMA: PORCENTAJE DE POBLACI\u00d3N INSCRITA EN EL REGISTRO CIVIL Y CON C\u00c9DULA DE IDENTIDAD,<\/strong><strong>\u00a0CENSO 2012<\/strong><\/p>\n<p class=\"Prrafobsico\"><strong>(En porcentaje)<\/strong><\/p>\n<p><img loading=\"lazy\" decoding=\"async\" class=\"alignnone size-full wp-image-41491\" src=\"https:\/\/www.ine.gob.bo\/wp-content\/uploads\/2019\/07\/Chuma_3.jpg\" alt=\"\" width=\"634\" height=\"326\" srcset=\"https:\/\/www.ine.gob.bo\/wp-content\/uploads\/2019\/07\/Chuma_3.jpg 634w, https:\/\/www.ine.gob.bo\/wp-content\/uploads\/2019\/07\/Chuma_3-300x154.jpg 300w\" sizes=\"auto, (max-width: 634px) 100vw, 634px\" \/><\/p>\n<p>Fuente: Instituto Nacional de Estad\u00edstica<\/p>\n<p>Chuma debe su nombre a la palabra aymara \u201cchuyma\u201d (coraz\u00f3n) por ser el centro del territorio aymara. Para el Censo 2012 su poblaci\u00f3n lleg\u00f3 a 11.473 habitantes: 5.518 mujeres y 5.955 hombres.<\/p>\n<p><strong>Gr\u00e1fico N\u00ba 3<\/strong><\/p>\n<p><strong>MUNICIPIO CHUMA: PROYECCIONES DE POBLACI\u00d3N, 2017 \u2013 2020<\/strong><\/p>\n<p><img loading=\"lazy\" decoding=\"async\" class=\"alignnone size-full wp-image-41492\" src=\"https:\/\/www.ine.gob.bo\/wp-content\/uploads\/2019\/07\/Chuma_4.jpg\" alt=\"\" width=\"716\" height=\"396\" srcset=\"https:\/\/www.ine.gob.bo\/wp-content\/uploads\/2019\/07\/Chuma_4.jpg 716w, https:\/\/www.ine.gob.bo\/wp-content\/uploads\/2019\/07\/Chuma_4-300x166.jpg 300w\" sizes=\"auto, (max-width: 716px) 100vw, 716px\" \/><\/p>\n<p>Fuente: Instituto Nacional de Estad\u00edstica, Revisi\u00f3n 2014<\/p>\n<p>Las proyecciones a 2017 muestran que Chuma cuenta con aproximadamente 11.357 habitantes y para el 2020 su poblaci\u00f3n llegar\u00e1 a cerca de 11.256 habitantes.<\/p>\n<p><strong>Infograf\u00eda N\u00b0 1<\/strong><\/p>\n<p><img loading=\"lazy\" decoding=\"async\" class=\"alignnone size-full wp-image-41493\" src=\"https:\/\/www.ine.gob.bo\/wp-content\/uploads\/2019\/07\/Chuma_5.jpg\" alt=\"\" width=\"597\" height=\"406\" srcset=\"https:\/\/www.ine.gob.bo\/wp-content\/uploads\/2019\/07\/Chuma_5.jpg 597w, https:\/\/www.ine.gob.bo\/wp-content\/uploads\/2019\/07\/Chuma_5-300x204.jpg 300w\" sizes=\"auto, (max-width: 597px) 100vw, 597px\" \/><\/p>\n<p>Fuente: Instituto Nacional de Estad\u00edstica, Revisi\u00f3n 2014<\/p>\n<p>&nbsp;<\/p>\n<blockquote><p><strong><em>UNIDAD DE DIFUSI\u00d3N Y COMUNICACI\u00d3N<\/em><\/strong><\/p>\n<p><strong>INSTITUTO NACIONAL DE ESTAD\u00cdSTICA<\/strong><\/p><\/blockquote>\n","protected":false},"excerpt":{"rendered":"<p>La Paz, 15 de agosto de 2017 (INE).-\u00a0Los pobladores del municipio de Chuma, que hoy festejan su fiesta patronal en honor a la Virgen de la Asunci\u00f3n, se dedican principalmente a la cr\u00eda de ovinos y cuyes, con cifras que llegan a 14.420 y 12.753 cabezas, respectivamente, de acuerdo con resultados del Censo Agropecuario 2013,&hellip;<\/p>\n","protected":false},"author":1,"featured_media":41493,"comment_status":"closed","ping_status":"open","sticky":false,"template":"","format":"standard","meta":[],"categories":[158],"tags":[],"class_list":["post-41488","post","type-post","status-publish","format-standard","has-post-thumbnail","hentry","category-ine-noticias","category-158","description-off"],"yoast_head":"<!-- This site is optimized with the Yoast SEO plugin v23.2 - https:\/\/yoast.com\/wordpress\/plugins\/seo\/ -->\n<title>En Chuma lidera crianza de ovinos y cuyes - INE<\/title>\n<meta name=\"description\" content=\"P\u00e1gina oficial del Instituto Nacional de Estadistica INE, informaci\u00f3n estad\u00edstica, geogr\u00e1fica y econ\u00f3mica a nivel nacional.\" \/>\n<meta name=\"robots\" content=\"index, follow, max-snippet:-1, max-image-preview:large, max-video-preview:-1\" \/>\n<link rel=\"canonical\" href=\"https:\/\/www.ine.gob.bo\/index.php\/en-chuma-lidera-crianza-de-ovinos-y-cuyes\/\" \/>\n<meta property=\"og:locale\" content=\"es_ES\" \/>\n<meta property=\"og:type\" content=\"article\" \/>\n<meta property=\"og:title\" content=\"En Chuma lidera crianza de ovinos y cuyes - INE\" \/>\n<meta property=\"og:description\" content=\"P\u00e1gina oficial del Instituto Nacional de Estadistica INE, informaci\u00f3n estad\u00edstica, geogr\u00e1fica y econ\u00f3mica a nivel nacional.\" \/>\n<meta property=\"og:url\" content=\"https:\/\/www.ine.gob.bo\/index.php\/en-chuma-lidera-crianza-de-ovinos-y-cuyes\/\" \/>\n<meta property=\"og:site_name\" content=\"INE\" \/>\n<meta property=\"article:publisher\" content=\"https:\/\/www.facebook.com\/ineboliviaoficial\" \/>\n<meta property=\"article:published_time\" content=\"2017-08-15T19:38:20+00:00\" \/>\n<meta property=\"article:modified_time\" content=\"2019-07-26T19:42:08+00:00\" \/>\n<meta property=\"og:image\" content=\"https:\/\/www.ine.gob.bo\/wp-content\/uploads\/2019\/07\/Chuma_5.jpg\" \/>\n\t<meta property=\"og:image:width\" content=\"597\" \/>\n\t<meta property=\"og:image:height\" content=\"406\" \/>\n\t<meta property=\"og:image:type\" content=\"image\/jpeg\" \/>\n<meta name=\"author\" content=\"4dmin-root\" \/>\n<meta name=\"twitter:card\" content=\"summary_large_image\" \/>\n<meta name=\"twitter:creator\" content=\"@INE_Bolivia\" \/>\n<meta name=\"twitter:site\" content=\"@INE_Bolivia\" \/>\n<meta name=\"twitter:label1\" content=\"Escrito por\" \/>\n\t<meta name=\"twitter:data1\" content=\"4dmin-root\" \/>\n\t<meta name=\"twitter:label2\" content=\"Tiempo de lectura\" \/>\n\t<meta name=\"twitter:data2\" content=\"1 minuto\" \/>\n<script type=\"application\/ld+json\" class=\"yoast-schema-graph\">{\"@context\":\"https:\/\/schema.org\",\"@graph\":[{\"@type\":\"Article\",\"@id\":\"https:\/\/www.ine.gob.bo\/index.php\/en-chuma-lidera-crianza-de-ovinos-y-cuyes\/#article\",\"isPartOf\":{\"@id\":\"https:\/\/www.ine.gob.bo\/index.php\/en-chuma-lidera-crianza-de-ovinos-y-cuyes\/\"},\"author\":{\"name\":\"4dmin-root\",\"@id\":\"https:\/\/www.ine.gob.bo\/#\/schema\/person\/4b9ab894e9de9fb7f2078269aea371be\"},\"headline\":\"En Chuma lidera crianza de ovinos y cuyes\",\"datePublished\":\"2017-08-15T19:38:20+00:00\",\"dateModified\":\"2019-07-26T19:42:08+00:00\",\"mainEntityOfPage\":{\"@id\":\"https:\/\/www.ine.gob.bo\/index.php\/en-chuma-lidera-crianza-de-ovinos-y-cuyes\/\"},\"wordCount\":304,\"publisher\":{\"@id\":\"https:\/\/www.ine.gob.bo\/#organization\"},\"image\":{\"@id\":\"https:\/\/www.ine.gob.bo\/index.php\/en-chuma-lidera-crianza-de-ovinos-y-cuyes\/#primaryimage\"},\"thumbnailUrl\":\"https:\/\/www.ine.gob.bo\/wp-content\/uploads\/2019\/07\/Chuma_5.jpg\",\"articleSection\":[\"INE noticias\"],\"inLanguage\":\"es\"},{\"@type\":\"WebPage\",\"@id\":\"https:\/\/www.ine.gob.bo\/index.php\/en-chuma-lidera-crianza-de-ovinos-y-cuyes\/\",\"url\":\"https:\/\/www.ine.gob.bo\/index.php\/en-chuma-lidera-crianza-de-ovinos-y-cuyes\/\",\"name\":\"En Chuma lidera crianza de ovinos y cuyes - INE\",\"isPartOf\":{\"@id\":\"https:\/\/www.ine.gob.bo\/#website\"},\"primaryImageOfPage\":{\"@id\":\"https:\/\/www.ine.gob.bo\/index.php\/en-chuma-lidera-crianza-de-ovinos-y-cuyes\/#primaryimage\"},\"image\":{\"@id\":\"https:\/\/www.ine.gob.bo\/index.php\/en-chuma-lidera-crianza-de-ovinos-y-cuyes\/#primaryimage\"},\"thumbnailUrl\":\"https:\/\/www.ine.gob.bo\/wp-content\/uploads\/2019\/07\/Chuma_5.jpg\",\"datePublished\":\"2017-08-15T19:38:20+00:00\",\"dateModified\":\"2019-07-26T19:42:08+00:00\",\"description\":\"P\u00e1gina oficial del Instituto Nacional de Estadistica INE, informaci\u00f3n estad\u00edstica, geogr\u00e1fica y econ\u00f3mica a nivel nacional.\",\"breadcrumb\":{\"@id\":\"https:\/\/www.ine.gob.bo\/index.php\/en-chuma-lidera-crianza-de-ovinos-y-cuyes\/#breadcrumb\"},\"inLanguage\":\"es\",\"potentialAction\":[{\"@type\":\"ReadAction\",\"target\":[\"https:\/\/www.ine.gob.bo\/index.php\/en-chuma-lidera-crianza-de-ovinos-y-cuyes\/\"]}]},{\"@type\":\"ImageObject\",\"inLanguage\":\"es\",\"@id\":\"https:\/\/www.ine.gob.bo\/index.php\/en-chuma-lidera-crianza-de-ovinos-y-cuyes\/#primaryimage\",\"url\":\"https:\/\/www.ine.gob.bo\/wp-content\/uploads\/2019\/07\/Chuma_5.jpg\",\"contentUrl\":\"https:\/\/www.ine.gob.bo\/wp-content\/uploads\/2019\/07\/Chuma_5.jpg\",\"width\":597,\"height\":406},{\"@type\":\"BreadcrumbList\",\"@id\":\"https:\/\/www.ine.gob.bo\/index.php\/en-chuma-lidera-crianza-de-ovinos-y-cuyes\/#breadcrumb\",\"itemListElement\":[{\"@type\":\"ListItem\",\"position\":1,\"name\":\"Portada\",\"item\":\"https:\/\/www.ine.gob.bo\/\"},{\"@type\":\"ListItem\",\"position\":2,\"name\":\"En Chuma lidera crianza de ovinos y cuyes\"}]},{\"@type\":\"WebSite\",\"@id\":\"https:\/\/www.ine.gob.bo\/#website\",\"url\":\"https:\/\/www.ine.gob.bo\/\",\"name\":\"INE\",\"description\":\"Instituto Nacional de Estad\u00edstica\",\"publisher\":{\"@id\":\"https:\/\/www.ine.gob.bo\/#organization\"},\"potentialAction\":[{\"@type\":\"SearchAction\",\"target\":{\"@type\":\"EntryPoint\",\"urlTemplate\":\"https:\/\/www.ine.gob.bo\/?s={search_term_string}\"},\"query-input\":\"required name=search_term_string\"}],\"inLanguage\":\"es\"},{\"@type\":\"Organization\",\"@id\":\"https:\/\/www.ine.gob.bo\/#organization\",\"name\":\"Instituto Nacional de Estad\u00edstica\",\"url\":\"https:\/\/www.ine.gob.bo\/\",\"logo\":{\"@type\":\"ImageObject\",\"inLanguage\":\"es\",\"@id\":\"https:\/\/www.ine.gob.bo\/#\/schema\/logo\/image\/\",\"url\":\"https:\/\/www.ine.gob.bo\/wp-content\/uploads\/2026\/02\/logo-ine.jpg\",\"contentUrl\":\"https:\/\/www.ine.gob.bo\/wp-content\/uploads\/2026\/02\/logo-ine.jpg\",\"width\":799,\"height\":453,\"caption\":\"Instituto Nacional de Estad\u00edstica\"},\"image\":{\"@id\":\"https:\/\/www.ine.gob.bo\/#\/schema\/logo\/image\/\"},\"sameAs\":[\"https:\/\/www.facebook.com\/ineboliviaoficial\",\"https:\/\/x.com\/INE_Bolivia\",\"https:\/\/www.instagram.com\/ineboliviaoficial\/\",\"https:\/\/www.youtube.com\/channel\/UCbIQXKLw414g5kWo1tAwqCg\"]},{\"@type\":\"Person\",\"@id\":\"https:\/\/www.ine.gob.bo\/#\/schema\/person\/4b9ab894e9de9fb7f2078269aea371be\",\"name\":\"4dmin-root\",\"image\":{\"@type\":\"ImageObject\",\"inLanguage\":\"es\",\"@id\":\"https:\/\/www.ine.gob.bo\/#\/schema\/person\/image\/\",\"url\":\"https:\/\/secure.gravatar.com\/avatar\/0824ec9f3a25d622e58133204574c46e0832b417c3b610112cf50ccc044cbefe?s=96&d=mm&r=g\",\"contentUrl\":\"https:\/\/secure.gravatar.com\/avatar\/0824ec9f3a25d622e58133204574c46e0832b417c3b610112cf50ccc044cbefe?s=96&d=mm&r=g\",\"caption\":\"4dmin-root\"},\"url\":\"https:\/\/www.ine.gob.bo\/index.php\/author\/4dmin-root\/\"}]}<\/script>\n<!-- \/ Yoast SEO plugin. -->","yoast_head_json":{"title":"En Chuma lidera crianza de ovinos y cuyes - INE","description":"P\u00e1gina oficial del Instituto Nacional de Estadistica INE, informaci\u00f3n estad\u00edstica, geogr\u00e1fica y econ\u00f3mica a nivel nacional.","robots":{"index":"index","follow":"follow","max-snippet":"max-snippet:-1","max-image-preview":"max-image-preview:large","max-video-preview":"max-video-preview:-1"},"canonical":"https:\/\/www.ine.gob.bo\/index.php\/en-chuma-lidera-crianza-de-ovinos-y-cuyes\/","og_locale":"es_ES","og_type":"article","og_title":"En Chuma lidera crianza de ovinos y cuyes - INE","og_description":"P\u00e1gina oficial del Instituto Nacional de Estadistica INE, informaci\u00f3n estad\u00edstica, geogr\u00e1fica y econ\u00f3mica a nivel nacional.","og_url":"https:\/\/www.ine.gob.bo\/index.php\/en-chuma-lidera-crianza-de-ovinos-y-cuyes\/","og_site_name":"INE","article_publisher":"https:\/\/www.facebook.com\/ineboliviaoficial","article_published_time":"2017-08-15T19:38:20+00:00","article_modified_time":"2019-07-26T19:42:08+00:00","og_image":[{"width":597,"height":406,"url":"https:\/\/www.ine.gob.bo\/wp-content\/uploads\/2019\/07\/Chuma_5.jpg","type":"image\/jpeg"}],"author":"4dmin-root","twitter_card":"summary_large_image","twitter_creator":"@INE_Bolivia","twitter_site":"@INE_Bolivia","twitter_misc":{"Escrito por":"4dmin-root","Tiempo de lectura":"1 minuto"},"schema":{"@context":"https:\/\/schema.org","@graph":[{"@type":"Article","@id":"https:\/\/www.ine.gob.bo\/index.php\/en-chuma-lidera-crianza-de-ovinos-y-cuyes\/#article","isPartOf":{"@id":"https:\/\/www.ine.gob.bo\/index.php\/en-chuma-lidera-crianza-de-ovinos-y-cuyes\/"},"author":{"name":"4dmin-root","@id":"https:\/\/www.ine.gob.bo\/#\/schema\/person\/4b9ab894e9de9fb7f2078269aea371be"},"headline":"En Chuma lidera crianza de ovinos y cuyes","datePublished":"2017-08-15T19:38:20+00:00","dateModified":"2019-07-26T19:42:08+00:00","mainEntityOfPage":{"@id":"https:\/\/www.ine.gob.bo\/index.php\/en-chuma-lidera-crianza-de-ovinos-y-cuyes\/"},"wordCount":304,"publisher":{"@id":"https:\/\/www.ine.gob.bo\/#organization"},"image":{"@id":"https:\/\/www.ine.gob.bo\/index.php\/en-chuma-lidera-crianza-de-ovinos-y-cuyes\/#primaryimage"},"thumbnailUrl":"https:\/\/www.ine.gob.bo\/wp-content\/uploads\/2019\/07\/Chuma_5.jpg","articleSection":["INE noticias"],"inLanguage":"es"},{"@type":"WebPage","@id":"https:\/\/www.ine.gob.bo\/index.php\/en-chuma-lidera-crianza-de-ovinos-y-cuyes\/","url":"https:\/\/www.ine.gob.bo\/index.php\/en-chuma-lidera-crianza-de-ovinos-y-cuyes\/","name":"En Chuma lidera crianza de ovinos y cuyes - INE","isPartOf":{"@id":"https:\/\/www.ine.gob.bo\/#website"},"primaryImageOfPage":{"@id":"https:\/\/www.ine.gob.bo\/index.php\/en-chuma-lidera-crianza-de-ovinos-y-cuyes\/#primaryimage"},"image":{"@id":"https:\/\/www.ine.gob.bo\/index.php\/en-chuma-lidera-crianza-de-ovinos-y-cuyes\/#primaryimage"},"thumbnailUrl":"https:\/\/www.ine.gob.bo\/wp-content\/uploads\/2019\/07\/Chuma_5.jpg","datePublished":"2017-08-15T19:38:20+00:00","dateModified":"2019-07-26T19:42:08+00:00","description":"P\u00e1gina oficial del Instituto Nacional de Estadistica INE, informaci\u00f3n estad\u00edstica, geogr\u00e1fica y econ\u00f3mica a nivel nacional.","breadcrumb":{"@id":"https:\/\/www.ine.gob.bo\/index.php\/en-chuma-lidera-crianza-de-ovinos-y-cuyes\/#breadcrumb"},"inLanguage":"es","potentialAction":[{"@type":"ReadAction","target":["https:\/\/www.ine.gob.bo\/index.php\/en-chuma-lidera-crianza-de-ovinos-y-cuyes\/"]}]},{"@type":"ImageObject","inLanguage":"es","@id":"https:\/\/www.ine.gob.bo\/index.php\/en-chuma-lidera-crianza-de-ovinos-y-cuyes\/#primaryimage","url":"https:\/\/www.ine.gob.bo\/wp-content\/uploads\/2019\/07\/Chuma_5.jpg","contentUrl":"https:\/\/www.ine.gob.bo\/wp-content\/uploads\/2019\/07\/Chuma_5.jpg","width":597,"height":406},{"@type":"BreadcrumbList","@id":"https:\/\/www.ine.gob.bo\/index.php\/en-chuma-lidera-crianza-de-ovinos-y-cuyes\/#breadcrumb","itemListElement":[{"@type":"ListItem","position":1,"name":"Portada","item":"https:\/\/www.ine.gob.bo\/"},{"@type":"ListItem","position":2,"name":"En Chuma lidera crianza de ovinos y cuyes"}]},{"@type":"WebSite","@id":"https:\/\/www.ine.gob.bo\/#website","url":"https:\/\/www.ine.gob.bo\/","name":"INE","description":"Instituto Nacional de Estad\u00edstica","publisher":{"@id":"https:\/\/www.ine.gob.bo\/#organization"},"potentialAction":[{"@type":"SearchAction","target":{"@type":"EntryPoint","urlTemplate":"https:\/\/www.ine.gob.bo\/?s={search_term_string}"},"query-input":"required name=search_term_string"}],"inLanguage":"es"},{"@type":"Organization","@id":"https:\/\/www.ine.gob.bo\/#organization","name":"Instituto Nacional de Estad\u00edstica","url":"https:\/\/www.ine.gob.bo\/","logo":{"@type":"ImageObject","inLanguage":"es","@id":"https:\/\/www.ine.gob.bo\/#\/schema\/logo\/image\/","url":"https:\/\/www.ine.gob.bo\/wp-content\/uploads\/2026\/02\/logo-ine.jpg","contentUrl":"https:\/\/www.ine.gob.bo\/wp-content\/uploads\/2026\/02\/logo-ine.jpg","width":799,"height":453,"caption":"Instituto Nacional de Estad\u00edstica"},"image":{"@id":"https:\/\/www.ine.gob.bo\/#\/schema\/logo\/image\/"},"sameAs":["https:\/\/www.facebook.com\/ineboliviaoficial","https:\/\/x.com\/INE_Bolivia","https:\/\/www.instagram.com\/ineboliviaoficial\/","https:\/\/www.youtube.com\/channel\/UCbIQXKLw414g5kWo1tAwqCg"]},{"@type":"Person","@id":"https:\/\/www.ine.gob.bo\/#\/schema\/person\/4b9ab894e9de9fb7f2078269aea371be","name":"4dmin-root","image":{"@type":"ImageObject","inLanguage":"es","@id":"https:\/\/www.ine.gob.bo\/#\/schema\/person\/image\/","url":"https:\/\/secure.gravatar.com\/avatar\/0824ec9f3a25d622e58133204574c46e0832b417c3b610112cf50ccc044cbefe?s=96&d=mm&r=g","contentUrl":"https:\/\/secure.gravatar.com\/avatar\/0824ec9f3a25d622e58133204574c46e0832b417c3b610112cf50ccc044cbefe?s=96&d=mm&r=g","caption":"4dmin-root"},"url":"https:\/\/www.ine.gob.bo\/index.php\/author\/4dmin-root\/"}]}},"rttpg_featured_image_url":{"full":["https:\/\/www.ine.gob.bo\/wp-content\/uploads\/2019\/07\/Chuma_5.jpg",597,406,false],"landscape":["https:\/\/www.ine.gob.bo\/wp-content\/uploads\/2019\/07\/Chuma_5.jpg",597,406,false],"portraits":["https:\/\/www.ine.gob.bo\/wp-content\/uploads\/2019\/07\/Chuma_5.jpg",597,406,false],"thumbnail":["https:\/\/www.ine.gob.bo\/wp-content\/uploads\/2019\/07\/Chuma_5-150x150.jpg",150,150,true],"medium":["https:\/\/www.ine.gob.bo\/wp-content\/uploads\/2019\/07\/Chuma_5-300x204.jpg",300,204,true],"large":["https:\/\/www.ine.gob.bo\/wp-content\/uploads\/2019\/07\/Chuma_5.jpg",597,406,false],"1536x1536":["https:\/\/www.ine.gob.bo\/wp-content\/uploads\/2019\/07\/Chuma_5.jpg",597,406,false],"2048x2048":["https:\/\/www.ine.gob.bo\/wp-content\/uploads\/2019\/07\/Chuma_5.jpg",597,406,false]},"rttpg_author":{"display_name":"4dmin-root","author_link":"https:\/\/www.ine.gob.bo\/index.php\/author\/4dmin-root\/"},"rttpg_comment":0,"rttpg_category":"<a href=\"https:\/\/www.ine.gob.bo\/index.php\/category\/ine-noticias\/\" rel=\"category tag\">INE noticias<\/a>","rttpg_excerpt":"La Paz, 15 de agosto de 2017 (INE).-\u00a0Los pobladores del municipio de Chuma, que hoy festejan su fiesta patronal en honor a la Virgen de la Asunci\u00f3n, se dedican principalmente a la cr\u00eda de ovinos y cuyes, con cifras que llegan a 14.420 y 12.753 cabezas, respectivamente, de acuerdo con resultados del Censo Agropecuario 2013,&hellip;","_links":{"self":[{"href":"https:\/\/www.ine.gob.bo\/index.php\/wp-json\/wp\/v2\/posts\/41488","targetHints":{"allow":["GET"]}}],"collection":[{"href":"https:\/\/www.ine.gob.bo\/index.php\/wp-json\/wp\/v2\/posts"}],"about":[{"href":"https:\/\/www.ine.gob.bo\/index.php\/wp-json\/wp\/v2\/types\/post"}],"author":[{"embeddable":true,"href":"https:\/\/www.ine.gob.bo\/index.php\/wp-json\/wp\/v2\/users\/1"}],"replies":[{"embeddable":true,"href":"https:\/\/www.ine.gob.bo\/index.php\/wp-json\/wp\/v2\/comments?post=41488"}],"version-history":[{"count":0,"href":"https:\/\/www.ine.gob.bo\/index.php\/wp-json\/wp\/v2\/posts\/41488\/revisions"}],"wp:featuredmedia":[{"embeddable":true,"href":"https:\/\/www.ine.gob.bo\/index.php\/wp-json\/wp\/v2\/media\/41493"}],"wp:attachment":[{"href":"https:\/\/www.ine.gob.bo\/index.php\/wp-json\/wp\/v2\/media?parent=41488"}],"wp:term":[{"taxonomy":"category","embeddable":true,"href":"https:\/\/www.ine.gob.bo\/index.php\/wp-json\/wp\/v2\/categories?post=41488"},{"taxonomy":"post_tag","embeddable":true,"href":"https:\/\/www.ine.gob.bo\/index.php\/wp-json\/wp\/v2\/tags?post=41488"}],"curies":[{"name":"wp","href":"https:\/\/api.w.org\/{rel}","templated":true}]}}