{"id":41441,"date":"2017-08-26T18:37:55","date_gmt":"2017-08-26T16:37:55","guid":{"rendered":"https:\/\/www.ine.gob.bo\/?p=41441"},"modified":"2019-07-26T18:42:05","modified_gmt":"2019-07-26T16:42:05","slug":"poblacion-adulta-mayor-boliviana-tiende-a-incrementarse-en-los-proximos-anos","status":"publish","type":"post","link":"https:\/\/www.ine.gob.bo\/index.php\/poblacion-adulta-mayor-boliviana-tiende-a-incrementarse-en-los-proximos-anos\/","title":{"rendered":"Poblaci\u00f3n adulta mayor boliviana tiende a incrementarse en los pr\u00f3ximos a\u00f1os"},"content":{"rendered":"<p><strong>La Paz, 26 de agosto de 2017 (INE).-<\/strong>\u00a0Los adultos mayores bolivianos pasar\u00e1n de representar8,1% del total de la poblaci\u00f3n el 2012, a 9,5% para el 2020 y a 11,5% el 2030, tendencia que refleja el inicio del proceso de envejecimiento de la poblaci\u00f3n en el Estado Plurinacional de Bolivia, inform\u00f3 el Instituto Nacional de Estad\u00edstica, al recordarse el D\u00eda de las Personas de la Tercera Edad, instituido por Decreto Supremo N\u00b0 1421 y ratificado mediante Ley 369 como D\u00eda de la Dignidad de las Personas Adultas Mayores.<\/p>\n<p>Actualmente la edad media en el pa\u00eds est\u00e1 alrededor de 27 a\u00f1os, sin embargo, la pir\u00e1mide poblacional sigue la tendencia de reducir su base, mientras que contin\u00faa el crecimiento tanto en el centro como en la parte alta, situaci\u00f3n que refleja el incremento de las personas de la tercera edad. Esta transformaci\u00f3n de la pir\u00e1mide poblacional se manifiesta tambi\u00e9n en la esperanza de vida promedio actual que llega a\u00a072,5 a\u00f1os: 69,1 a\u00f1os para hombres y 75,9 a\u00f1os para mujeres. Para el 2020 la esperanza de vida para los hombres subir\u00e1 a 70,5 a\u00f1os y 77,5 a\u00f1os para las mujeres.<\/p>\n<p><strong>Gr\u00e1fico N\u00b0 1<\/strong><\/p>\n<p><strong>BOLIVIA: PIR\u00c1MIDE POBLACIONAL POR GRUPOS DE EDAD Y SEXO, PROYECCIONES 2017 &#8211; 2030<\/strong><\/p>\n<p><img loading=\"lazy\" decoding=\"async\" class=\"alignnone size-full wp-image-41442\" src=\"https:\/\/www.ine.gob.bo\/wp-content\/uploads\/2019\/07\/Adulto_mayor1.png\" alt=\"\" width=\"588\" height=\"369\" srcset=\"https:\/\/www.ine.gob.bo\/wp-content\/uploads\/2019\/07\/Adulto_mayor1.png 588w, https:\/\/www.ine.gob.bo\/wp-content\/uploads\/2019\/07\/Adulto_mayor1-300x188.png 300w\" sizes=\"auto, (max-width: 588px) 100vw, 588px\" \/><\/p>\n<p>A junio de este a\u00f1o, la poblaci\u00f3n de 60 a\u00f1os alcanza aproximadamente a\u00a0996.415 habitantes. En el \u00e1rea urbana existen 288.690 hombres y 336.938 mujeres, en tanto que en el \u00e1rea rural se encuentran 182.573 hombres y 188.214 mujeres.<\/p>\n<p><strong>Gr\u00e1fico N\u00b0 2<\/strong><\/p>\n<p><strong>BOLIVIA: PROYECCIONES DE POBLACI\u00d3N DE 60 A\u00d1OS O M\u00c1S POR GRUPOS DE EDAD Y \u00c1REA DE RESIDENCIA, 2017<\/strong><\/p>\n<p><strong>(En n\u00famero de personas)<\/strong><\/p>\n<p><img loading=\"lazy\" decoding=\"async\" class=\"alignnone size-full wp-image-41443\" src=\"https:\/\/www.ine.gob.bo\/wp-content\/uploads\/2019\/07\/Adulto_mayor2.png\" alt=\"\" width=\"531\" height=\"285\" srcset=\"https:\/\/www.ine.gob.bo\/wp-content\/uploads\/2019\/07\/Adulto_mayor2.png 531w, https:\/\/www.ine.gob.bo\/wp-content\/uploads\/2019\/07\/Adulto_mayor2-300x161.png 300w\" sizes=\"auto, (max-width: 531px) 100vw, 531px\" \/><\/p>\n<p>El departamento de La Paz aglutina a la mayor cantidad de personas de 60 a\u00f1os o m\u00e1s con30,6%, le sigue Santa Cruz con 21,3% y Cochabamba con 18,4%.<\/p>\n<p><strong>Gr\u00e1fico N\u00b0 3<\/strong><\/p>\n<p><strong>BOLIVIA: DISTRIBUCI\u00d3N DE LA POBLACI\u00d3N DE 60 A\u00d1OS O M\u00c1S POR SEXO,<\/strong><\/p>\n<p><strong>SEG\u00daN DEPARTAMENTO, PROYECCIONES 2017<\/strong><\/p>\n<p><img loading=\"lazy\" decoding=\"async\" class=\"alignnone size-full wp-image-41444\" src=\"https:\/\/www.ine.gob.bo\/wp-content\/uploads\/2019\/07\/Adulto_mayor3.png\" alt=\"\" width=\"396\" height=\"276\" srcset=\"https:\/\/www.ine.gob.bo\/wp-content\/uploads\/2019\/07\/Adulto_mayor3.png 396w, https:\/\/www.ine.gob.bo\/wp-content\/uploads\/2019\/07\/Adulto_mayor3-300x209.png 300w\" sizes=\"auto, (max-width: 396px) 100vw, 396px\" \/><\/p>\n<p>Seg\u00fan la Encuesta Continua de Empleo (ECE),\u00a0para el segundo trimestre 2017,\u00a0la poblaci\u00f3n ocupada de 60 a 98 a\u00f1os comprende alrededor de\u00a0565.810 personas:\u00a0312.180\u00a0hombres\u00a0y 253.630 mujeres. A su vez, la poblaci\u00f3n inactiva en la misma categor\u00eda de edad, alcanza a\u00a0303.833 personas, de las cuales\u00a041,8% es\u00a0jubilado o benem\u00e9rito\u00a0y 58,2%, persona de edad avanzada.<\/p>\n<p><strong>Datos de las personas de la tercera edad, seg\u00fan Encuesta de Hogares 2016<\/strong><\/p>\n<ul>\n<li><strong>Estado civil:<\/strong>\u00a0A nivel nacional, de las personas adultas mayores,\u00a056,1% es\u00a0casado\/a;\u00a026,4%, viudo\/a, 6,3%, conviviente o vive en concubinato; 5,3%, soltero\/a; 3,5%, separado\/a y 2,4%, divorciado\/a.<\/li>\n<\/ul>\n<ul>\n<li><strong>Relaci\u00f3n de parentesco<\/strong>: 63,7% es Jefe o Jefa de hogar; 25,5%, esposo\/a o conviviente y 6,6% es padre.<\/li>\n<\/ul>\n<ul>\n<li><strong>Nivel de instrucci\u00f3n:<\/strong>\u00a041 de cada 100 adultos mayores tienen educaci\u00f3n primaria completa, 28 de cada 100 no tienen ninguna formaci\u00f3n, 17 de cada 100 alcanzaron la secundaria y 14 de cada 100 llegaron a la educaci\u00f3n superior.<\/li>\n<\/ul>\n<ul>\n<li><strong>Cobertura de salud:<\/strong> Los adultos mayores que tienen seguro de salud p\u00fablico llegan a 60,9%, los que tienen seguro de salud privado, a 1,0% y los que no tienen seguro, a 38,0%, seg\u00fan la EH 2016<\/li>\n<\/ul>\n<p><img loading=\"lazy\" decoding=\"async\" class=\"alignnone size-full wp-image-41445\" src=\"https:\/\/www.ine.gob.bo\/wp-content\/uploads\/2019\/07\/Adulto_mayor4.png\" alt=\"\" width=\"389\" height=\"427\" srcset=\"https:\/\/www.ine.gob.bo\/wp-content\/uploads\/2019\/07\/Adulto_mayor4.png 389w, https:\/\/www.ine.gob.bo\/wp-content\/uploads\/2019\/07\/Adulto_mayor4-273x300.png 273w\" sizes=\"auto, (max-width: 389px) 100vw, 389px\" \/><\/p>\n<blockquote><p><strong><em>UNIDAD DE DIFUSI\u00d3N Y COMUNICACI\u00d3N<\/em><\/strong><\/p>\n<p><strong>INSTITUTO NACIONAL DE ESTAD\u00cdSTICA<\/strong><\/p><\/blockquote>\n","protected":false},"excerpt":{"rendered":"<p>La Paz, 26 de agosto de 2017 (INE).-\u00a0Los adultos mayores bolivianos pasar\u00e1n de representar8,1% del total de la poblaci\u00f3n el 2012, a 9,5% para el 2020 y a 11,5% el 2030, tendencia que refleja el inicio del proceso de envejecimiento de la poblaci\u00f3n en el Estado Plurinacional de Bolivia, inform\u00f3 el Instituto Nacional de Estad\u00edstica,&hellip;<\/p>\n","protected":false},"author":1,"featured_media":41445,"comment_status":"closed","ping_status":"open","sticky":false,"template":"","format":"standard","meta":[],"categories":[158],"tags":[],"class_list":["post-41441","post","type-post","status-publish","format-standard","has-post-thumbnail","hentry","category-ine-noticias","category-158","description-off"],"yoast_head":"<!-- This site is optimized with the Yoast SEO plugin v23.2 - https:\/\/yoast.com\/wordpress\/plugins\/seo\/ -->\n<title>Poblaci\u00f3n adulta mayor boliviana tiende a incrementarse en los pr\u00f3ximos a\u00f1os - INE<\/title>\n<meta name=\"description\" content=\"P\u00e1gina oficial del Instituto Nacional de Estadistica INE, informaci\u00f3n estad\u00edstica, geogr\u00e1fica y econ\u00f3mica a nivel nacional.\" \/>\n<meta name=\"robots\" content=\"index, follow, max-snippet:-1, max-image-preview:large, max-video-preview:-1\" \/>\n<link rel=\"canonical\" href=\"https:\/\/www.ine.gob.bo\/index.php\/poblacion-adulta-mayor-boliviana-tiende-a-incrementarse-en-los-proximos-anos\/\" \/>\n<meta property=\"og:locale\" content=\"es_ES\" \/>\n<meta property=\"og:type\" content=\"article\" \/>\n<meta property=\"og:title\" content=\"Poblaci\u00f3n adulta mayor boliviana tiende a incrementarse en los pr\u00f3ximos a\u00f1os - INE\" \/>\n<meta property=\"og:description\" content=\"P\u00e1gina oficial del Instituto Nacional de Estadistica INE, informaci\u00f3n estad\u00edstica, geogr\u00e1fica y econ\u00f3mica a nivel nacional.\" \/>\n<meta property=\"og:url\" content=\"https:\/\/www.ine.gob.bo\/index.php\/poblacion-adulta-mayor-boliviana-tiende-a-incrementarse-en-los-proximos-anos\/\" \/>\n<meta property=\"og:site_name\" content=\"INE\" \/>\n<meta property=\"article:publisher\" content=\"https:\/\/www.facebook.com\/ineboliviaoficial\" \/>\n<meta property=\"article:published_time\" content=\"2017-08-26T16:37:55+00:00\" \/>\n<meta property=\"article:modified_time\" content=\"2019-07-26T16:42:05+00:00\" \/>\n<meta property=\"og:image\" content=\"https:\/\/www.ine.gob.bo\/wp-content\/uploads\/2019\/07\/Adulto_mayor4.png\" \/>\n\t<meta property=\"og:image:width\" content=\"389\" \/>\n\t<meta property=\"og:image:height\" content=\"427\" \/>\n\t<meta property=\"og:image:type\" content=\"image\/png\" \/>\n<meta name=\"author\" content=\"4dmin-root\" \/>\n<meta name=\"twitter:card\" content=\"summary_large_image\" \/>\n<meta name=\"twitter:creator\" content=\"@INE_Bolivia\" \/>\n<meta name=\"twitter:site\" content=\"@INE_Bolivia\" \/>\n<meta name=\"twitter:label1\" content=\"Escrito por\" \/>\n\t<meta name=\"twitter:data1\" content=\"4dmin-root\" \/>\n\t<meta name=\"twitter:label2\" content=\"Tiempo de lectura\" \/>\n\t<meta name=\"twitter:data2\" content=\"3 minutos\" \/>\n<script type=\"application\/ld+json\" class=\"yoast-schema-graph\">{\"@context\":\"https:\/\/schema.org\",\"@graph\":[{\"@type\":\"Article\",\"@id\":\"https:\/\/www.ine.gob.bo\/index.php\/poblacion-adulta-mayor-boliviana-tiende-a-incrementarse-en-los-proximos-anos\/#article\",\"isPartOf\":{\"@id\":\"https:\/\/www.ine.gob.bo\/index.php\/poblacion-adulta-mayor-boliviana-tiende-a-incrementarse-en-los-proximos-anos\/\"},\"author\":{\"name\":\"4dmin-root\",\"@id\":\"https:\/\/www.ine.gob.bo\/#\/schema\/person\/4b9ab894e9de9fb7f2078269aea371be\"},\"headline\":\"Poblaci\u00f3n adulta mayor boliviana tiende a incrementarse en los pr\u00f3ximos a\u00f1os\",\"datePublished\":\"2017-08-26T16:37:55+00:00\",\"dateModified\":\"2019-07-26T16:42:05+00:00\",\"mainEntityOfPage\":{\"@id\":\"https:\/\/www.ine.gob.bo\/index.php\/poblacion-adulta-mayor-boliviana-tiende-a-incrementarse-en-los-proximos-anos\/\"},\"wordCount\":527,\"publisher\":{\"@id\":\"https:\/\/www.ine.gob.bo\/#organization\"},\"image\":{\"@id\":\"https:\/\/www.ine.gob.bo\/index.php\/poblacion-adulta-mayor-boliviana-tiende-a-incrementarse-en-los-proximos-anos\/#primaryimage\"},\"thumbnailUrl\":\"https:\/\/www.ine.gob.bo\/wp-content\/uploads\/2019\/07\/Adulto_mayor4.png\",\"articleSection\":[\"INE noticias\"],\"inLanguage\":\"es\"},{\"@type\":\"WebPage\",\"@id\":\"https:\/\/www.ine.gob.bo\/index.php\/poblacion-adulta-mayor-boliviana-tiende-a-incrementarse-en-los-proximos-anos\/\",\"url\":\"https:\/\/www.ine.gob.bo\/index.php\/poblacion-adulta-mayor-boliviana-tiende-a-incrementarse-en-los-proximos-anos\/\",\"name\":\"Poblaci\u00f3n adulta mayor boliviana tiende a incrementarse en los pr\u00f3ximos a\u00f1os - INE\",\"isPartOf\":{\"@id\":\"https:\/\/www.ine.gob.bo\/#website\"},\"primaryImageOfPage\":{\"@id\":\"https:\/\/www.ine.gob.bo\/index.php\/poblacion-adulta-mayor-boliviana-tiende-a-incrementarse-en-los-proximos-anos\/#primaryimage\"},\"image\":{\"@id\":\"https:\/\/www.ine.gob.bo\/index.php\/poblacion-adulta-mayor-boliviana-tiende-a-incrementarse-en-los-proximos-anos\/#primaryimage\"},\"thumbnailUrl\":\"https:\/\/www.ine.gob.bo\/wp-content\/uploads\/2019\/07\/Adulto_mayor4.png\",\"datePublished\":\"2017-08-26T16:37:55+00:00\",\"dateModified\":\"2019-07-26T16:42:05+00:00\",\"description\":\"P\u00e1gina oficial del Instituto Nacional de Estadistica INE, informaci\u00f3n estad\u00edstica, geogr\u00e1fica y econ\u00f3mica a nivel nacional.\",\"breadcrumb\":{\"@id\":\"https:\/\/www.ine.gob.bo\/index.php\/poblacion-adulta-mayor-boliviana-tiende-a-incrementarse-en-los-proximos-anos\/#breadcrumb\"},\"inLanguage\":\"es\",\"potentialAction\":[{\"@type\":\"ReadAction\",\"target\":[\"https:\/\/www.ine.gob.bo\/index.php\/poblacion-adulta-mayor-boliviana-tiende-a-incrementarse-en-los-proximos-anos\/\"]}]},{\"@type\":\"ImageObject\",\"inLanguage\":\"es\",\"@id\":\"https:\/\/www.ine.gob.bo\/index.php\/poblacion-adulta-mayor-boliviana-tiende-a-incrementarse-en-los-proximos-anos\/#primaryimage\",\"url\":\"https:\/\/www.ine.gob.bo\/wp-content\/uploads\/2019\/07\/Adulto_mayor4.png\",\"contentUrl\":\"https:\/\/www.ine.gob.bo\/wp-content\/uploads\/2019\/07\/Adulto_mayor4.png\",\"width\":389,\"height\":427},{\"@type\":\"BreadcrumbList\",\"@id\":\"https:\/\/www.ine.gob.bo\/index.php\/poblacion-adulta-mayor-boliviana-tiende-a-incrementarse-en-los-proximos-anos\/#breadcrumb\",\"itemListElement\":[{\"@type\":\"ListItem\",\"position\":1,\"name\":\"Portada\",\"item\":\"https:\/\/www.ine.gob.bo\/\"},{\"@type\":\"ListItem\",\"position\":2,\"name\":\"Poblaci\u00f3n adulta mayor boliviana tiende a incrementarse en los pr\u00f3ximos a\u00f1os\"}]},{\"@type\":\"WebSite\",\"@id\":\"https:\/\/www.ine.gob.bo\/#website\",\"url\":\"https:\/\/www.ine.gob.bo\/\",\"name\":\"INE\",\"description\":\"Instituto Nacional de Estad\u00edstica\",\"publisher\":{\"@id\":\"https:\/\/www.ine.gob.bo\/#organization\"},\"potentialAction\":[{\"@type\":\"SearchAction\",\"target\":{\"@type\":\"EntryPoint\",\"urlTemplate\":\"https:\/\/www.ine.gob.bo\/?s={search_term_string}\"},\"query-input\":\"required name=search_term_string\"}],\"inLanguage\":\"es\"},{\"@type\":\"Organization\",\"@id\":\"https:\/\/www.ine.gob.bo\/#organization\",\"name\":\"Instituto Nacional de Estad\u00edstica\",\"url\":\"https:\/\/www.ine.gob.bo\/\",\"logo\":{\"@type\":\"ImageObject\",\"inLanguage\":\"es\",\"@id\":\"https:\/\/www.ine.gob.bo\/#\/schema\/logo\/image\/\",\"url\":\"https:\/\/www.ine.gob.bo\/wp-content\/uploads\/2026\/02\/logo-ine.jpg\",\"contentUrl\":\"https:\/\/www.ine.gob.bo\/wp-content\/uploads\/2026\/02\/logo-ine.jpg\",\"width\":799,\"height\":453,\"caption\":\"Instituto Nacional de Estad\u00edstica\"},\"image\":{\"@id\":\"https:\/\/www.ine.gob.bo\/#\/schema\/logo\/image\/\"},\"sameAs\":[\"https:\/\/www.facebook.com\/ineboliviaoficial\",\"https:\/\/x.com\/INE_Bolivia\",\"https:\/\/www.instagram.com\/ineboliviaoficial\/\",\"https:\/\/www.youtube.com\/channel\/UCbIQXKLw414g5kWo1tAwqCg\"]},{\"@type\":\"Person\",\"@id\":\"https:\/\/www.ine.gob.bo\/#\/schema\/person\/4b9ab894e9de9fb7f2078269aea371be\",\"name\":\"4dmin-root\",\"image\":{\"@type\":\"ImageObject\",\"inLanguage\":\"es\",\"@id\":\"https:\/\/www.ine.gob.bo\/#\/schema\/person\/image\/\",\"url\":\"https:\/\/secure.gravatar.com\/avatar\/0824ec9f3a25d622e58133204574c46e0832b417c3b610112cf50ccc044cbefe?s=96&d=mm&r=g\",\"contentUrl\":\"https:\/\/secure.gravatar.com\/avatar\/0824ec9f3a25d622e58133204574c46e0832b417c3b610112cf50ccc044cbefe?s=96&d=mm&r=g\",\"caption\":\"4dmin-root\"},\"url\":\"https:\/\/www.ine.gob.bo\/index.php\/author\/4dmin-root\/\"}]}<\/script>\n<!-- \/ Yoast SEO plugin. -->","yoast_head_json":{"title":"Poblaci\u00f3n adulta mayor boliviana tiende a incrementarse en los pr\u00f3ximos a\u00f1os - INE","description":"P\u00e1gina oficial del Instituto Nacional de Estadistica INE, informaci\u00f3n estad\u00edstica, geogr\u00e1fica y econ\u00f3mica a nivel nacional.","robots":{"index":"index","follow":"follow","max-snippet":"max-snippet:-1","max-image-preview":"max-image-preview:large","max-video-preview":"max-video-preview:-1"},"canonical":"https:\/\/www.ine.gob.bo\/index.php\/poblacion-adulta-mayor-boliviana-tiende-a-incrementarse-en-los-proximos-anos\/","og_locale":"es_ES","og_type":"article","og_title":"Poblaci\u00f3n adulta mayor boliviana tiende a incrementarse en los pr\u00f3ximos a\u00f1os - INE","og_description":"P\u00e1gina oficial del Instituto Nacional de Estadistica INE, informaci\u00f3n estad\u00edstica, geogr\u00e1fica y econ\u00f3mica a nivel nacional.","og_url":"https:\/\/www.ine.gob.bo\/index.php\/poblacion-adulta-mayor-boliviana-tiende-a-incrementarse-en-los-proximos-anos\/","og_site_name":"INE","article_publisher":"https:\/\/www.facebook.com\/ineboliviaoficial","article_published_time":"2017-08-26T16:37:55+00:00","article_modified_time":"2019-07-26T16:42:05+00:00","og_image":[{"width":389,"height":427,"url":"https:\/\/www.ine.gob.bo\/wp-content\/uploads\/2019\/07\/Adulto_mayor4.png","type":"image\/png"}],"author":"4dmin-root","twitter_card":"summary_large_image","twitter_creator":"@INE_Bolivia","twitter_site":"@INE_Bolivia","twitter_misc":{"Escrito por":"4dmin-root","Tiempo de lectura":"3 minutos"},"schema":{"@context":"https:\/\/schema.org","@graph":[{"@type":"Article","@id":"https:\/\/www.ine.gob.bo\/index.php\/poblacion-adulta-mayor-boliviana-tiende-a-incrementarse-en-los-proximos-anos\/#article","isPartOf":{"@id":"https:\/\/www.ine.gob.bo\/index.php\/poblacion-adulta-mayor-boliviana-tiende-a-incrementarse-en-los-proximos-anos\/"},"author":{"name":"4dmin-root","@id":"https:\/\/www.ine.gob.bo\/#\/schema\/person\/4b9ab894e9de9fb7f2078269aea371be"},"headline":"Poblaci\u00f3n adulta mayor boliviana tiende a incrementarse en los pr\u00f3ximos a\u00f1os","datePublished":"2017-08-26T16:37:55+00:00","dateModified":"2019-07-26T16:42:05+00:00","mainEntityOfPage":{"@id":"https:\/\/www.ine.gob.bo\/index.php\/poblacion-adulta-mayor-boliviana-tiende-a-incrementarse-en-los-proximos-anos\/"},"wordCount":527,"publisher":{"@id":"https:\/\/www.ine.gob.bo\/#organization"},"image":{"@id":"https:\/\/www.ine.gob.bo\/index.php\/poblacion-adulta-mayor-boliviana-tiende-a-incrementarse-en-los-proximos-anos\/#primaryimage"},"thumbnailUrl":"https:\/\/www.ine.gob.bo\/wp-content\/uploads\/2019\/07\/Adulto_mayor4.png","articleSection":["INE noticias"],"inLanguage":"es"},{"@type":"WebPage","@id":"https:\/\/www.ine.gob.bo\/index.php\/poblacion-adulta-mayor-boliviana-tiende-a-incrementarse-en-los-proximos-anos\/","url":"https:\/\/www.ine.gob.bo\/index.php\/poblacion-adulta-mayor-boliviana-tiende-a-incrementarse-en-los-proximos-anos\/","name":"Poblaci\u00f3n adulta mayor boliviana tiende a incrementarse en los pr\u00f3ximos a\u00f1os - INE","isPartOf":{"@id":"https:\/\/www.ine.gob.bo\/#website"},"primaryImageOfPage":{"@id":"https:\/\/www.ine.gob.bo\/index.php\/poblacion-adulta-mayor-boliviana-tiende-a-incrementarse-en-los-proximos-anos\/#primaryimage"},"image":{"@id":"https:\/\/www.ine.gob.bo\/index.php\/poblacion-adulta-mayor-boliviana-tiende-a-incrementarse-en-los-proximos-anos\/#primaryimage"},"thumbnailUrl":"https:\/\/www.ine.gob.bo\/wp-content\/uploads\/2019\/07\/Adulto_mayor4.png","datePublished":"2017-08-26T16:37:55+00:00","dateModified":"2019-07-26T16:42:05+00:00","description":"P\u00e1gina oficial del Instituto Nacional de Estadistica INE, informaci\u00f3n estad\u00edstica, geogr\u00e1fica y econ\u00f3mica a nivel nacional.","breadcrumb":{"@id":"https:\/\/www.ine.gob.bo\/index.php\/poblacion-adulta-mayor-boliviana-tiende-a-incrementarse-en-los-proximos-anos\/#breadcrumb"},"inLanguage":"es","potentialAction":[{"@type":"ReadAction","target":["https:\/\/www.ine.gob.bo\/index.php\/poblacion-adulta-mayor-boliviana-tiende-a-incrementarse-en-los-proximos-anos\/"]}]},{"@type":"ImageObject","inLanguage":"es","@id":"https:\/\/www.ine.gob.bo\/index.php\/poblacion-adulta-mayor-boliviana-tiende-a-incrementarse-en-los-proximos-anos\/#primaryimage","url":"https:\/\/www.ine.gob.bo\/wp-content\/uploads\/2019\/07\/Adulto_mayor4.png","contentUrl":"https:\/\/www.ine.gob.bo\/wp-content\/uploads\/2019\/07\/Adulto_mayor4.png","width":389,"height":427},{"@type":"BreadcrumbList","@id":"https:\/\/www.ine.gob.bo\/index.php\/poblacion-adulta-mayor-boliviana-tiende-a-incrementarse-en-los-proximos-anos\/#breadcrumb","itemListElement":[{"@type":"ListItem","position":1,"name":"Portada","item":"https:\/\/www.ine.gob.bo\/"},{"@type":"ListItem","position":2,"name":"Poblaci\u00f3n adulta mayor boliviana tiende a incrementarse en los pr\u00f3ximos a\u00f1os"}]},{"@type":"WebSite","@id":"https:\/\/www.ine.gob.bo\/#website","url":"https:\/\/www.ine.gob.bo\/","name":"INE","description":"Instituto Nacional de Estad\u00edstica","publisher":{"@id":"https:\/\/www.ine.gob.bo\/#organization"},"potentialAction":[{"@type":"SearchAction","target":{"@type":"EntryPoint","urlTemplate":"https:\/\/www.ine.gob.bo\/?s={search_term_string}"},"query-input":"required name=search_term_string"}],"inLanguage":"es"},{"@type":"Organization","@id":"https:\/\/www.ine.gob.bo\/#organization","name":"Instituto Nacional de Estad\u00edstica","url":"https:\/\/www.ine.gob.bo\/","logo":{"@type":"ImageObject","inLanguage":"es","@id":"https:\/\/www.ine.gob.bo\/#\/schema\/logo\/image\/","url":"https:\/\/www.ine.gob.bo\/wp-content\/uploads\/2026\/02\/logo-ine.jpg","contentUrl":"https:\/\/www.ine.gob.bo\/wp-content\/uploads\/2026\/02\/logo-ine.jpg","width":799,"height":453,"caption":"Instituto Nacional de Estad\u00edstica"},"image":{"@id":"https:\/\/www.ine.gob.bo\/#\/schema\/logo\/image\/"},"sameAs":["https:\/\/www.facebook.com\/ineboliviaoficial","https:\/\/x.com\/INE_Bolivia","https:\/\/www.instagram.com\/ineboliviaoficial\/","https:\/\/www.youtube.com\/channel\/UCbIQXKLw414g5kWo1tAwqCg"]},{"@type":"Person","@id":"https:\/\/www.ine.gob.bo\/#\/schema\/person\/4b9ab894e9de9fb7f2078269aea371be","name":"4dmin-root","image":{"@type":"ImageObject","inLanguage":"es","@id":"https:\/\/www.ine.gob.bo\/#\/schema\/person\/image\/","url":"https:\/\/secure.gravatar.com\/avatar\/0824ec9f3a25d622e58133204574c46e0832b417c3b610112cf50ccc044cbefe?s=96&d=mm&r=g","contentUrl":"https:\/\/secure.gravatar.com\/avatar\/0824ec9f3a25d622e58133204574c46e0832b417c3b610112cf50ccc044cbefe?s=96&d=mm&r=g","caption":"4dmin-root"},"url":"https:\/\/www.ine.gob.bo\/index.php\/author\/4dmin-root\/"}]}},"rttpg_featured_image_url":{"full":["https:\/\/www.ine.gob.bo\/wp-content\/uploads\/2019\/07\/Adulto_mayor4.png",389,427,false],"landscape":["https:\/\/www.ine.gob.bo\/wp-content\/uploads\/2019\/07\/Adulto_mayor4.png",389,427,false],"portraits":["https:\/\/www.ine.gob.bo\/wp-content\/uploads\/2019\/07\/Adulto_mayor4.png",389,427,false],"thumbnail":["https:\/\/www.ine.gob.bo\/wp-content\/uploads\/2019\/07\/Adulto_mayor4-150x150.png",150,150,true],"medium":["https:\/\/www.ine.gob.bo\/wp-content\/uploads\/2019\/07\/Adulto_mayor4-273x300.png",273,300,true],"large":["https:\/\/www.ine.gob.bo\/wp-content\/uploads\/2019\/07\/Adulto_mayor4.png",389,427,false],"1536x1536":["https:\/\/www.ine.gob.bo\/wp-content\/uploads\/2019\/07\/Adulto_mayor4.png",389,427,false],"2048x2048":["https:\/\/www.ine.gob.bo\/wp-content\/uploads\/2019\/07\/Adulto_mayor4.png",389,427,false]},"rttpg_author":{"display_name":"4dmin-root","author_link":"https:\/\/www.ine.gob.bo\/index.php\/author\/4dmin-root\/"},"rttpg_comment":0,"rttpg_category":"<a href=\"https:\/\/www.ine.gob.bo\/index.php\/category\/ine-noticias\/\" rel=\"category tag\">INE noticias<\/a>","rttpg_excerpt":"La Paz, 26 de agosto de 2017 (INE).-\u00a0Los adultos mayores bolivianos pasar\u00e1n de representar8,1% del total de la poblaci\u00f3n el 2012, a 9,5% para el 2020 y a 11,5% el 2030, tendencia que refleja el inicio del proceso de envejecimiento de la poblaci\u00f3n en el Estado Plurinacional de Bolivia, inform\u00f3 el Instituto Nacional de Estad\u00edstica,&hellip;","_links":{"self":[{"href":"https:\/\/www.ine.gob.bo\/index.php\/wp-json\/wp\/v2\/posts\/41441","targetHints":{"allow":["GET"]}}],"collection":[{"href":"https:\/\/www.ine.gob.bo\/index.php\/wp-json\/wp\/v2\/posts"}],"about":[{"href":"https:\/\/www.ine.gob.bo\/index.php\/wp-json\/wp\/v2\/types\/post"}],"author":[{"embeddable":true,"href":"https:\/\/www.ine.gob.bo\/index.php\/wp-json\/wp\/v2\/users\/1"}],"replies":[{"embeddable":true,"href":"https:\/\/www.ine.gob.bo\/index.php\/wp-json\/wp\/v2\/comments?post=41441"}],"version-history":[{"count":0,"href":"https:\/\/www.ine.gob.bo\/index.php\/wp-json\/wp\/v2\/posts\/41441\/revisions"}],"wp:featuredmedia":[{"embeddable":true,"href":"https:\/\/www.ine.gob.bo\/index.php\/wp-json\/wp\/v2\/media\/41445"}],"wp:attachment":[{"href":"https:\/\/www.ine.gob.bo\/index.php\/wp-json\/wp\/v2\/media?parent=41441"}],"wp:term":[{"taxonomy":"category","embeddable":true,"href":"https:\/\/www.ine.gob.bo\/index.php\/wp-json\/wp\/v2\/categories?post=41441"},{"taxonomy":"post_tag","embeddable":true,"href":"https:\/\/www.ine.gob.bo\/index.php\/wp-json\/wp\/v2\/tags?post=41441"}],"curies":[{"name":"wp","href":"https:\/\/api.w.org\/{rel}","templated":true}]}}