{"id":40319,"date":"2017-09-29T18:28:43","date_gmt":"2017-09-29T16:28:43","guid":{"rendered":"https:\/\/www.ine.gob.bo\/?p=40319"},"modified":"2019-07-25T18:30:52","modified_gmt":"2019-07-25T16:30:52","slug":"en-uncia-la-papa-es-el-cultivo-con-mayor-produccion","status":"publish","type":"post","link":"https:\/\/www.ine.gob.bo\/index.php\/en-uncia-la-papa-es-el-cultivo-con-mayor-produccion\/","title":{"rendered":"En Unc\u00eda la papa es el cultivo con mayor producci\u00f3n"},"content":{"rendered":"<p class=\"Default\"><strong>INE &#8211; Potos\u00ed, 29 de septiembre de 2017.-\u00a0<\/strong>Unc\u00eda, capital de la provincia Rafael Bustillo de Potos\u00ed, celebra en esta fecha la fiesta patronal del Arc\u00e1ngel San Miguel; este municipio basa su econom\u00eda en la producci\u00f3n agr\u00edcola y minera, seg\u00fan datos del Censo Agropecuario 2013, reportando una producci\u00f3n de 71.244.1 quintales de papa, adem\u00e1s se estableci\u00f3 3.041 Unidades de Producci\u00f3n Agropecuaria (UPA) y 7.522 miembros de estas UPA que tienen como principal actividad la agricultura, inform\u00f3 el Instituto Nacional de Estad\u00edstica.<\/p>\n<p><strong>Gr\u00e1fico N\u00ba 1<\/strong><\/p>\n<p><strong>MUNICIPIO UNC\u00cdA: SUPERFICIE\u00a0<sup>(1)<\/sup>\u00a0Y PRODUCCI\u00d3N DE PRINCIPALES CULTIVOS DE VERANO, CENSO AGROPECUARIO 2013<\/strong><\/p>\n<p><img loading=\"lazy\" decoding=\"async\" class=\"alignnone size-full wp-image-40320\" src=\"https:\/\/www.ine.gob.bo\/wp-content\/uploads\/2019\/07\/Uncia1.png\" alt=\"\" width=\"605\" height=\"384\" srcset=\"https:\/\/www.ine.gob.bo\/wp-content\/uploads\/2019\/07\/Uncia1.png 605w, https:\/\/www.ine.gob.bo\/wp-content\/uploads\/2019\/07\/Uncia1-300x190.png 300w\" sizes=\"auto, (max-width: 605px) 100vw, 605px\" \/><\/p>\n<p>La Era del Esta\u00f1o en Bolivia naci\u00f3 en Unc\u00eda, en 1923 contaba con un ferrocarril, cuyas rutas vinculaban Oruro y La Paz, y a las costas mar\u00edtimas de Antofagasta. Seg\u00fan datos del Censo 2012, por grupo ocupacional, de 9.749 personas ocupadas de 10 a\u00f1os o m\u00e1s de edad, 51,5% es Trabajador agr\u00edcola, pecuario, forestal y pesquero. Y por situaci\u00f3n en el empleo, 64,1% es Trabajador por cuenta propia.<\/p>\n<p><img loading=\"lazy\" decoding=\"async\" class=\"alignnone size-full wp-image-40321\" src=\"https:\/\/www.ine.gob.bo\/wp-content\/uploads\/2019\/07\/Uncia2.png\" alt=\"\" width=\"616\" height=\"280\" srcset=\"https:\/\/www.ine.gob.bo\/wp-content\/uploads\/2019\/07\/Uncia2.png 616w, https:\/\/www.ine.gob.bo\/wp-content\/uploads\/2019\/07\/Uncia2-300x136.png 300w\" sizes=\"auto, (max-width: 616px) 100vw, 616px\" \/><\/p>\n<p>Unc\u00eda distante a 230 km al norte de la capital departamental, representa un polo de desarrollo para el Norte de Potos\u00ed, su ubicaci\u00f3n estrat\u00e9gica integra a los centros poblados de la regi\u00f3n, puesto que por su territorio pasa la carretera \u201cDiagonal Jaime Mendoza\u201d que unir\u00e1 los departamentos de Chuquisaca, Potos\u00ed y Oruro.<\/p>\n<p class=\"Default\">Proyecciones a 2017 indican que Unc\u00eda cuenta con 23.819 habitantes, para el 2020 se espera una poblaci\u00f3n aproximada de 24.686 habitantes.<\/p>\n<p class=\"Default\">Su poblaci\u00f3n es quechua hablante, seg\u00fan datos del Censo 2012, de 20.100 personas empadronadas de cuatro a\u00f1os o m\u00e1s de edad, 10.913 aprendieron a hablar en quechua, 6.320 en castellano y 2.557 en aymara.<\/p>\n<p><strong>Gr\u00e1fico N\u00ba 3<\/strong><\/p>\n<p><strong>MUNICIPIO UNC\u00cdA: PROYECCIONES DE POBLACI\u00d3N POR SEXO, 2017 &#8211; 2020<\/strong><\/p>\n<p><strong>(En n\u00famero)<\/strong><\/p>\n<p><img loading=\"lazy\" decoding=\"async\" class=\"alignnone size-full wp-image-40322\" src=\"https:\/\/www.ine.gob.bo\/wp-content\/uploads\/2019\/07\/Uncia3.png\" alt=\"\" width=\"507\" height=\"303\" srcset=\"https:\/\/www.ine.gob.bo\/wp-content\/uploads\/2019\/07\/Uncia3.png 507w, https:\/\/www.ine.gob.bo\/wp-content\/uploads\/2019\/07\/Uncia3-300x179.png 300w\" sizes=\"auto, (max-width: 507px) 100vw, 507px\" \/><\/p>\n<p><img loading=\"lazy\" decoding=\"async\" class=\"alignnone size-full wp-image-40323\" src=\"https:\/\/www.ine.gob.bo\/wp-content\/uploads\/2019\/07\/Uncia4.png\" alt=\"\" width=\"428\" height=\"320\" srcset=\"https:\/\/www.ine.gob.bo\/wp-content\/uploads\/2019\/07\/Uncia4.png 428w, https:\/\/www.ine.gob.bo\/wp-content\/uploads\/2019\/07\/Uncia4-300x224.png 300w\" sizes=\"auto, (max-width: 428px) 100vw, 428px\" \/><\/p>\n<blockquote><p><strong><em>UNIDAD DE DIFUSI\u00d3N Y COMUNICACI\u00d3N<\/em><\/strong><\/p>\n<p><strong>INSTITUTO NACIONAL DE ESTAD\u00cdSTICA<\/strong><\/p><\/blockquote>\n","protected":false},"excerpt":{"rendered":"<p>INE &#8211; Potos\u00ed, 29 de septiembre de 2017.-\u00a0Unc\u00eda, capital de la provincia Rafael Bustillo de Potos\u00ed, celebra en esta fecha la fiesta patronal del Arc\u00e1ngel San Miguel; este municipio basa su econom\u00eda en la producci\u00f3n agr\u00edcola y minera, seg\u00fan datos del Censo Agropecuario 2013, reportando una producci\u00f3n de 71.244.1 quintales de papa, adem\u00e1s se estableci\u00f3&hellip;<\/p>\n","protected":false},"author":1,"featured_media":40323,"comment_status":"closed","ping_status":"open","sticky":false,"template":"","format":"standard","meta":[],"categories":[158],"tags":[],"class_list":["post-40319","post","type-post","status-publish","format-standard","has-post-thumbnail","hentry","category-ine-noticias","category-158","description-off"],"yoast_head":"<!-- This site is optimized with the Yoast SEO plugin v23.2 - https:\/\/yoast.com\/wordpress\/plugins\/seo\/ -->\n<title>En Unc\u00eda la papa es el cultivo con mayor producci\u00f3n - INE<\/title>\n<meta name=\"description\" content=\"P\u00e1gina oficial del Instituto Nacional de Estadistica INE, informaci\u00f3n estad\u00edstica, geogr\u00e1fica y econ\u00f3mica a nivel nacional.\" \/>\n<meta name=\"robots\" content=\"index, follow, max-snippet:-1, max-image-preview:large, max-video-preview:-1\" \/>\n<link rel=\"canonical\" href=\"https:\/\/www.ine.gob.bo\/index.php\/en-uncia-la-papa-es-el-cultivo-con-mayor-produccion\/\" \/>\n<meta property=\"og:locale\" content=\"es_ES\" \/>\n<meta property=\"og:type\" content=\"article\" \/>\n<meta property=\"og:title\" content=\"En Unc\u00eda la papa es el cultivo con mayor producci\u00f3n - INE\" \/>\n<meta property=\"og:description\" content=\"P\u00e1gina oficial del Instituto Nacional de Estadistica INE, informaci\u00f3n estad\u00edstica, geogr\u00e1fica y econ\u00f3mica a nivel nacional.\" \/>\n<meta property=\"og:url\" content=\"https:\/\/www.ine.gob.bo\/index.php\/en-uncia-la-papa-es-el-cultivo-con-mayor-produccion\/\" \/>\n<meta property=\"og:site_name\" content=\"INE\" \/>\n<meta property=\"article:publisher\" content=\"https:\/\/www.facebook.com\/ineboliviaoficial\" \/>\n<meta property=\"article:published_time\" content=\"2017-09-29T16:28:43+00:00\" \/>\n<meta property=\"article:modified_time\" content=\"2019-07-25T16:30:52+00:00\" \/>\n<meta property=\"og:image\" content=\"https:\/\/www.ine.gob.bo\/wp-content\/uploads\/2019\/07\/Uncia4.png\" \/>\n\t<meta property=\"og:image:width\" content=\"428\" \/>\n\t<meta property=\"og:image:height\" content=\"320\" \/>\n\t<meta property=\"og:image:type\" content=\"image\/png\" \/>\n<meta name=\"author\" content=\"4dmin-root\" \/>\n<meta name=\"twitter:card\" content=\"summary_large_image\" \/>\n<meta name=\"twitter:creator\" content=\"@INE_Bolivia\" \/>\n<meta name=\"twitter:site\" content=\"@INE_Bolivia\" \/>\n<meta name=\"twitter:label1\" content=\"Escrito por\" \/>\n\t<meta name=\"twitter:data1\" content=\"4dmin-root\" \/>\n\t<meta name=\"twitter:label2\" content=\"Tiempo de lectura\" \/>\n\t<meta name=\"twitter:data2\" content=\"2 minutos\" \/>\n<script type=\"application\/ld+json\" class=\"yoast-schema-graph\">{\"@context\":\"https:\/\/schema.org\",\"@graph\":[{\"@type\":\"Article\",\"@id\":\"https:\/\/www.ine.gob.bo\/index.php\/en-uncia-la-papa-es-el-cultivo-con-mayor-produccion\/#article\",\"isPartOf\":{\"@id\":\"https:\/\/www.ine.gob.bo\/index.php\/en-uncia-la-papa-es-el-cultivo-con-mayor-produccion\/\"},\"author\":{\"name\":\"4dmin-root\",\"@id\":\"https:\/\/www.ine.gob.bo\/#\/schema\/person\/4b9ab894e9de9fb7f2078269aea371be\"},\"headline\":\"En Unc\u00eda la papa es el cultivo con mayor producci\u00f3n\",\"datePublished\":\"2017-09-29T16:28:43+00:00\",\"dateModified\":\"2019-07-25T16:30:52+00:00\",\"mainEntityOfPage\":{\"@id\":\"https:\/\/www.ine.gob.bo\/index.php\/en-uncia-la-papa-es-el-cultivo-con-mayor-produccion\/\"},\"wordCount\":320,\"publisher\":{\"@id\":\"https:\/\/www.ine.gob.bo\/#organization\"},\"image\":{\"@id\":\"https:\/\/www.ine.gob.bo\/index.php\/en-uncia-la-papa-es-el-cultivo-con-mayor-produccion\/#primaryimage\"},\"thumbnailUrl\":\"https:\/\/www.ine.gob.bo\/wp-content\/uploads\/2019\/07\/Uncia4.png\",\"articleSection\":[\"INE noticias\"],\"inLanguage\":\"es\"},{\"@type\":\"WebPage\",\"@id\":\"https:\/\/www.ine.gob.bo\/index.php\/en-uncia-la-papa-es-el-cultivo-con-mayor-produccion\/\",\"url\":\"https:\/\/www.ine.gob.bo\/index.php\/en-uncia-la-papa-es-el-cultivo-con-mayor-produccion\/\",\"name\":\"En Unc\u00eda la papa es el cultivo con mayor producci\u00f3n - INE\",\"isPartOf\":{\"@id\":\"https:\/\/www.ine.gob.bo\/#website\"},\"primaryImageOfPage\":{\"@id\":\"https:\/\/www.ine.gob.bo\/index.php\/en-uncia-la-papa-es-el-cultivo-con-mayor-produccion\/#primaryimage\"},\"image\":{\"@id\":\"https:\/\/www.ine.gob.bo\/index.php\/en-uncia-la-papa-es-el-cultivo-con-mayor-produccion\/#primaryimage\"},\"thumbnailUrl\":\"https:\/\/www.ine.gob.bo\/wp-content\/uploads\/2019\/07\/Uncia4.png\",\"datePublished\":\"2017-09-29T16:28:43+00:00\",\"dateModified\":\"2019-07-25T16:30:52+00:00\",\"description\":\"P\u00e1gina oficial del Instituto Nacional de Estadistica INE, informaci\u00f3n estad\u00edstica, geogr\u00e1fica y econ\u00f3mica a nivel nacional.\",\"breadcrumb\":{\"@id\":\"https:\/\/www.ine.gob.bo\/index.php\/en-uncia-la-papa-es-el-cultivo-con-mayor-produccion\/#breadcrumb\"},\"inLanguage\":\"es\",\"potentialAction\":[{\"@type\":\"ReadAction\",\"target\":[\"https:\/\/www.ine.gob.bo\/index.php\/en-uncia-la-papa-es-el-cultivo-con-mayor-produccion\/\"]}]},{\"@type\":\"ImageObject\",\"inLanguage\":\"es\",\"@id\":\"https:\/\/www.ine.gob.bo\/index.php\/en-uncia-la-papa-es-el-cultivo-con-mayor-produccion\/#primaryimage\",\"url\":\"https:\/\/www.ine.gob.bo\/wp-content\/uploads\/2019\/07\/Uncia4.png\",\"contentUrl\":\"https:\/\/www.ine.gob.bo\/wp-content\/uploads\/2019\/07\/Uncia4.png\",\"width\":428,\"height\":320},{\"@type\":\"BreadcrumbList\",\"@id\":\"https:\/\/www.ine.gob.bo\/index.php\/en-uncia-la-papa-es-el-cultivo-con-mayor-produccion\/#breadcrumb\",\"itemListElement\":[{\"@type\":\"ListItem\",\"position\":1,\"name\":\"Portada\",\"item\":\"https:\/\/www.ine.gob.bo\/\"},{\"@type\":\"ListItem\",\"position\":2,\"name\":\"En Unc\u00eda la papa es el cultivo con mayor producci\u00f3n\"}]},{\"@type\":\"WebSite\",\"@id\":\"https:\/\/www.ine.gob.bo\/#website\",\"url\":\"https:\/\/www.ine.gob.bo\/\",\"name\":\"INE\",\"description\":\"Instituto Nacional de Estad\u00edstica\",\"publisher\":{\"@id\":\"https:\/\/www.ine.gob.bo\/#organization\"},\"potentialAction\":[{\"@type\":\"SearchAction\",\"target\":{\"@type\":\"EntryPoint\",\"urlTemplate\":\"https:\/\/www.ine.gob.bo\/?s={search_term_string}\"},\"query-input\":\"required name=search_term_string\"}],\"inLanguage\":\"es\"},{\"@type\":\"Organization\",\"@id\":\"https:\/\/www.ine.gob.bo\/#organization\",\"name\":\"Instituto Nacional de Estad\u00edstica\",\"url\":\"https:\/\/www.ine.gob.bo\/\",\"logo\":{\"@type\":\"ImageObject\",\"inLanguage\":\"es\",\"@id\":\"https:\/\/www.ine.gob.bo\/#\/schema\/logo\/image\/\",\"url\":\"https:\/\/www.ine.gob.bo\/wp-content\/uploads\/2026\/02\/logo-ine.jpg\",\"contentUrl\":\"https:\/\/www.ine.gob.bo\/wp-content\/uploads\/2026\/02\/logo-ine.jpg\",\"width\":799,\"height\":453,\"caption\":\"Instituto Nacional de Estad\u00edstica\"},\"image\":{\"@id\":\"https:\/\/www.ine.gob.bo\/#\/schema\/logo\/image\/\"},\"sameAs\":[\"https:\/\/www.facebook.com\/ineboliviaoficial\",\"https:\/\/x.com\/INE_Bolivia\",\"https:\/\/www.instagram.com\/ineboliviaoficial\/\",\"https:\/\/www.youtube.com\/channel\/UCbIQXKLw414g5kWo1tAwqCg\"]},{\"@type\":\"Person\",\"@id\":\"https:\/\/www.ine.gob.bo\/#\/schema\/person\/4b9ab894e9de9fb7f2078269aea371be\",\"name\":\"4dmin-root\",\"image\":{\"@type\":\"ImageObject\",\"inLanguage\":\"es\",\"@id\":\"https:\/\/www.ine.gob.bo\/#\/schema\/person\/image\/\",\"url\":\"https:\/\/secure.gravatar.com\/avatar\/0824ec9f3a25d622e58133204574c46e0832b417c3b610112cf50ccc044cbefe?s=96&d=mm&r=g\",\"contentUrl\":\"https:\/\/secure.gravatar.com\/avatar\/0824ec9f3a25d622e58133204574c46e0832b417c3b610112cf50ccc044cbefe?s=96&d=mm&r=g\",\"caption\":\"4dmin-root\"},\"url\":\"https:\/\/www.ine.gob.bo\/index.php\/author\/4dmin-root\/\"}]}<\/script>\n<!-- \/ Yoast SEO plugin. -->","yoast_head_json":{"title":"En Unc\u00eda la papa es el cultivo con mayor producci\u00f3n - INE","description":"P\u00e1gina oficial del Instituto Nacional de Estadistica INE, informaci\u00f3n estad\u00edstica, geogr\u00e1fica y econ\u00f3mica a nivel nacional.","robots":{"index":"index","follow":"follow","max-snippet":"max-snippet:-1","max-image-preview":"max-image-preview:large","max-video-preview":"max-video-preview:-1"},"canonical":"https:\/\/www.ine.gob.bo\/index.php\/en-uncia-la-papa-es-el-cultivo-con-mayor-produccion\/","og_locale":"es_ES","og_type":"article","og_title":"En Unc\u00eda la papa es el cultivo con mayor producci\u00f3n - INE","og_description":"P\u00e1gina oficial del Instituto Nacional de Estadistica INE, informaci\u00f3n estad\u00edstica, geogr\u00e1fica y econ\u00f3mica a nivel nacional.","og_url":"https:\/\/www.ine.gob.bo\/index.php\/en-uncia-la-papa-es-el-cultivo-con-mayor-produccion\/","og_site_name":"INE","article_publisher":"https:\/\/www.facebook.com\/ineboliviaoficial","article_published_time":"2017-09-29T16:28:43+00:00","article_modified_time":"2019-07-25T16:30:52+00:00","og_image":[{"width":428,"height":320,"url":"https:\/\/www.ine.gob.bo\/wp-content\/uploads\/2019\/07\/Uncia4.png","type":"image\/png"}],"author":"4dmin-root","twitter_card":"summary_large_image","twitter_creator":"@INE_Bolivia","twitter_site":"@INE_Bolivia","twitter_misc":{"Escrito por":"4dmin-root","Tiempo de lectura":"2 minutos"},"schema":{"@context":"https:\/\/schema.org","@graph":[{"@type":"Article","@id":"https:\/\/www.ine.gob.bo\/index.php\/en-uncia-la-papa-es-el-cultivo-con-mayor-produccion\/#article","isPartOf":{"@id":"https:\/\/www.ine.gob.bo\/index.php\/en-uncia-la-papa-es-el-cultivo-con-mayor-produccion\/"},"author":{"name":"4dmin-root","@id":"https:\/\/www.ine.gob.bo\/#\/schema\/person\/4b9ab894e9de9fb7f2078269aea371be"},"headline":"En Unc\u00eda la papa es el cultivo con mayor producci\u00f3n","datePublished":"2017-09-29T16:28:43+00:00","dateModified":"2019-07-25T16:30:52+00:00","mainEntityOfPage":{"@id":"https:\/\/www.ine.gob.bo\/index.php\/en-uncia-la-papa-es-el-cultivo-con-mayor-produccion\/"},"wordCount":320,"publisher":{"@id":"https:\/\/www.ine.gob.bo\/#organization"},"image":{"@id":"https:\/\/www.ine.gob.bo\/index.php\/en-uncia-la-papa-es-el-cultivo-con-mayor-produccion\/#primaryimage"},"thumbnailUrl":"https:\/\/www.ine.gob.bo\/wp-content\/uploads\/2019\/07\/Uncia4.png","articleSection":["INE noticias"],"inLanguage":"es"},{"@type":"WebPage","@id":"https:\/\/www.ine.gob.bo\/index.php\/en-uncia-la-papa-es-el-cultivo-con-mayor-produccion\/","url":"https:\/\/www.ine.gob.bo\/index.php\/en-uncia-la-papa-es-el-cultivo-con-mayor-produccion\/","name":"En Unc\u00eda la papa es el cultivo con mayor producci\u00f3n - INE","isPartOf":{"@id":"https:\/\/www.ine.gob.bo\/#website"},"primaryImageOfPage":{"@id":"https:\/\/www.ine.gob.bo\/index.php\/en-uncia-la-papa-es-el-cultivo-con-mayor-produccion\/#primaryimage"},"image":{"@id":"https:\/\/www.ine.gob.bo\/index.php\/en-uncia-la-papa-es-el-cultivo-con-mayor-produccion\/#primaryimage"},"thumbnailUrl":"https:\/\/www.ine.gob.bo\/wp-content\/uploads\/2019\/07\/Uncia4.png","datePublished":"2017-09-29T16:28:43+00:00","dateModified":"2019-07-25T16:30:52+00:00","description":"P\u00e1gina oficial del Instituto Nacional de Estadistica INE, informaci\u00f3n estad\u00edstica, geogr\u00e1fica y econ\u00f3mica a nivel nacional.","breadcrumb":{"@id":"https:\/\/www.ine.gob.bo\/index.php\/en-uncia-la-papa-es-el-cultivo-con-mayor-produccion\/#breadcrumb"},"inLanguage":"es","potentialAction":[{"@type":"ReadAction","target":["https:\/\/www.ine.gob.bo\/index.php\/en-uncia-la-papa-es-el-cultivo-con-mayor-produccion\/"]}]},{"@type":"ImageObject","inLanguage":"es","@id":"https:\/\/www.ine.gob.bo\/index.php\/en-uncia-la-papa-es-el-cultivo-con-mayor-produccion\/#primaryimage","url":"https:\/\/www.ine.gob.bo\/wp-content\/uploads\/2019\/07\/Uncia4.png","contentUrl":"https:\/\/www.ine.gob.bo\/wp-content\/uploads\/2019\/07\/Uncia4.png","width":428,"height":320},{"@type":"BreadcrumbList","@id":"https:\/\/www.ine.gob.bo\/index.php\/en-uncia-la-papa-es-el-cultivo-con-mayor-produccion\/#breadcrumb","itemListElement":[{"@type":"ListItem","position":1,"name":"Portada","item":"https:\/\/www.ine.gob.bo\/"},{"@type":"ListItem","position":2,"name":"En Unc\u00eda la papa es el cultivo con mayor producci\u00f3n"}]},{"@type":"WebSite","@id":"https:\/\/www.ine.gob.bo\/#website","url":"https:\/\/www.ine.gob.bo\/","name":"INE","description":"Instituto Nacional de Estad\u00edstica","publisher":{"@id":"https:\/\/www.ine.gob.bo\/#organization"},"potentialAction":[{"@type":"SearchAction","target":{"@type":"EntryPoint","urlTemplate":"https:\/\/www.ine.gob.bo\/?s={search_term_string}"},"query-input":"required name=search_term_string"}],"inLanguage":"es"},{"@type":"Organization","@id":"https:\/\/www.ine.gob.bo\/#organization","name":"Instituto Nacional de Estad\u00edstica","url":"https:\/\/www.ine.gob.bo\/","logo":{"@type":"ImageObject","inLanguage":"es","@id":"https:\/\/www.ine.gob.bo\/#\/schema\/logo\/image\/","url":"https:\/\/www.ine.gob.bo\/wp-content\/uploads\/2026\/02\/logo-ine.jpg","contentUrl":"https:\/\/www.ine.gob.bo\/wp-content\/uploads\/2026\/02\/logo-ine.jpg","width":799,"height":453,"caption":"Instituto Nacional de Estad\u00edstica"},"image":{"@id":"https:\/\/www.ine.gob.bo\/#\/schema\/logo\/image\/"},"sameAs":["https:\/\/www.facebook.com\/ineboliviaoficial","https:\/\/x.com\/INE_Bolivia","https:\/\/www.instagram.com\/ineboliviaoficial\/","https:\/\/www.youtube.com\/channel\/UCbIQXKLw414g5kWo1tAwqCg"]},{"@type":"Person","@id":"https:\/\/www.ine.gob.bo\/#\/schema\/person\/4b9ab894e9de9fb7f2078269aea371be","name":"4dmin-root","image":{"@type":"ImageObject","inLanguage":"es","@id":"https:\/\/www.ine.gob.bo\/#\/schema\/person\/image\/","url":"https:\/\/secure.gravatar.com\/avatar\/0824ec9f3a25d622e58133204574c46e0832b417c3b610112cf50ccc044cbefe?s=96&d=mm&r=g","contentUrl":"https:\/\/secure.gravatar.com\/avatar\/0824ec9f3a25d622e58133204574c46e0832b417c3b610112cf50ccc044cbefe?s=96&d=mm&r=g","caption":"4dmin-root"},"url":"https:\/\/www.ine.gob.bo\/index.php\/author\/4dmin-root\/"}]}},"rttpg_featured_image_url":{"full":["https:\/\/www.ine.gob.bo\/wp-content\/uploads\/2019\/07\/Uncia4.png",428,320,false],"landscape":["https:\/\/www.ine.gob.bo\/wp-content\/uploads\/2019\/07\/Uncia4.png",428,320,false],"portraits":["https:\/\/www.ine.gob.bo\/wp-content\/uploads\/2019\/07\/Uncia4.png",428,320,false],"thumbnail":["https:\/\/www.ine.gob.bo\/wp-content\/uploads\/2019\/07\/Uncia4-150x150.png",150,150,true],"medium":["https:\/\/www.ine.gob.bo\/wp-content\/uploads\/2019\/07\/Uncia4-300x224.png",300,224,true],"large":["https:\/\/www.ine.gob.bo\/wp-content\/uploads\/2019\/07\/Uncia4.png",428,320,false],"1536x1536":["https:\/\/www.ine.gob.bo\/wp-content\/uploads\/2019\/07\/Uncia4.png",428,320,false],"2048x2048":["https:\/\/www.ine.gob.bo\/wp-content\/uploads\/2019\/07\/Uncia4.png",428,320,false]},"rttpg_author":{"display_name":"4dmin-root","author_link":"https:\/\/www.ine.gob.bo\/index.php\/author\/4dmin-root\/"},"rttpg_comment":0,"rttpg_category":"<a href=\"https:\/\/www.ine.gob.bo\/index.php\/category\/ine-noticias\/\" rel=\"category tag\">INE noticias<\/a>","rttpg_excerpt":"INE &#8211; Potos\u00ed, 29 de septiembre de 2017.-\u00a0Unc\u00eda, capital de la provincia Rafael Bustillo de Potos\u00ed, celebra en esta fecha la fiesta patronal del Arc\u00e1ngel San Miguel; este municipio basa su econom\u00eda en la producci\u00f3n agr\u00edcola y minera, seg\u00fan datos del Censo Agropecuario 2013, reportando una producci\u00f3n de 71.244.1 quintales de papa, adem\u00e1s se estableci\u00f3&hellip;","_links":{"self":[{"href":"https:\/\/www.ine.gob.bo\/index.php\/wp-json\/wp\/v2\/posts\/40319","targetHints":{"allow":["GET"]}}],"collection":[{"href":"https:\/\/www.ine.gob.bo\/index.php\/wp-json\/wp\/v2\/posts"}],"about":[{"href":"https:\/\/www.ine.gob.bo\/index.php\/wp-json\/wp\/v2\/types\/post"}],"author":[{"embeddable":true,"href":"https:\/\/www.ine.gob.bo\/index.php\/wp-json\/wp\/v2\/users\/1"}],"replies":[{"embeddable":true,"href":"https:\/\/www.ine.gob.bo\/index.php\/wp-json\/wp\/v2\/comments?post=40319"}],"version-history":[{"count":0,"href":"https:\/\/www.ine.gob.bo\/index.php\/wp-json\/wp\/v2\/posts\/40319\/revisions"}],"wp:featuredmedia":[{"embeddable":true,"href":"https:\/\/www.ine.gob.bo\/index.php\/wp-json\/wp\/v2\/media\/40323"}],"wp:attachment":[{"href":"https:\/\/www.ine.gob.bo\/index.php\/wp-json\/wp\/v2\/media?parent=40319"}],"wp:term":[{"taxonomy":"category","embeddable":true,"href":"https:\/\/www.ine.gob.bo\/index.php\/wp-json\/wp\/v2\/categories?post=40319"},{"taxonomy":"post_tag","embeddable":true,"href":"https:\/\/www.ine.gob.bo\/index.php\/wp-json\/wp\/v2\/tags?post=40319"}],"curies":[{"name":"wp","href":"https:\/\/api.w.org\/{rel}","templated":true}]}}