{"id":40305,"date":"2017-10-18T16:43:19","date_gmt":"2017-10-18T20:43:19","guid":{"rendered":"https:\/\/www.ine.gob.bo\/?p=40305"},"modified":"2020-01-23T11:53:22","modified_gmt":"2020-01-23T15:53:22","slug":"ine-y-ministerio-de-salud-lanzan-resultados-de-la-encuesta-de-demografia-y-salud-2016","status":"publish","type":"post","link":"https:\/\/www.ine.gob.bo\/index.php\/ine-y-ministerio-de-salud-lanzan-resultados-de-la-encuesta-de-demografia-y-salud-2016\/","title":{"rendered":"INE y Ministerio de Salud lanzan resultados de la Encuesta de Demograf\u00eda y Salud 2016"},"content":{"rendered":"<p><strong>INE &#8211; La Paz, 18 de octubre de 2017.-\u00a0<\/strong>El Instituto Nacional de Estad\u00edstica (INE) y el Ministerio de Salud, presentan los primeros resultados de la<strong>\u00a0\u201c<em>Encuesta de Demograf\u00eda y Salud 2016 \u2013 Bolivia: Indicadores Priorizados\u201d<\/em><\/strong>, dicha encuesta es la sexta que se realiza en el pa\u00eds, la \u00faltima versi\u00f3n se realiz\u00f3 hace ocho a\u00f1os (ENDSA 2008), por lo que la informaci\u00f3n que contiene es de gran relevancia para evaluar los avances en salud que se han venido dando en los \u00faltimos a\u00f1os.<\/p>\n<p>La EDSA 2016 contiene una detallada informaci\u00f3n sobre indicadores referidos a fecundidad, embarazo, m\u00e9todos anticonceptivos, atenci\u00f3n de prenatal y de partos, cobertura de vacunaci\u00f3n en la ni\u00f1ez, mortalidad infantil, estado nutricional infantil y de la mujer, entre otras variables.<\/p>\n<p>Los datos de las \u00faltimas encuestas de Demograf\u00eda y Salud contenidas en el documento, permiten realizar un an\u00e1lisis comparativo en el tiempo sobre indicadores como la tasa espec\u00edfica de fecundidad, una de las variables demogr\u00e1ficas m\u00e1s significativas para evaluar la tendencia de crecimiento y proyecci\u00f3n de la poblaci\u00f3n. El estudio revela una reducci\u00f3n moderada de la fecundidad a lo largo de las tres encuestas previas a la EDSA 2016.<\/p>\n<p><strong>Gr\u00e1fico N\u00ba 1<\/strong><\/p>\n<p><strong>BOLIVIA: TENDENCIAS DE LAS TASAS ESPEC\u00cdFICAS DE FECUNDIDAD PARA LAS ENDSA\u00a01998, 2003, 2008 Y EDSA 2016<\/strong><\/p>\n<p><strong>(Tasas por 1000 mujeres)<\/strong><\/p>\n<p><img loading=\"lazy\" decoding=\"async\" class=\"alignnone size-full wp-image-40306\" src=\"https:\/\/www.ine.gob.bo\/wp-content\/uploads\/2019\/07\/EDSA2016.png\" alt=\"\" width=\"872\" height=\"518\" srcset=\"https:\/\/www.ine.gob.bo\/wp-content\/uploads\/2019\/07\/EDSA2016.png 872w, https:\/\/www.ine.gob.bo\/wp-content\/uploads\/2019\/07\/EDSA2016-300x178.png 300w, https:\/\/www.ine.gob.bo\/wp-content\/uploads\/2019\/07\/EDSA2016-768x456.png 768w\" sizes=\"auto, (max-width: 872px) 100vw, 872px\" \/><\/p>\n<p><strong>Vacunaci\u00f3n en la ni\u00f1ez<\/strong><\/p>\n<p>Datos de la cobertura de vacunaci\u00f3n de ni\u00f1os de 18 a 29 meses de edad en cualquier momento para prevenir la mortalidad y morbilidad en la infancia, reflejan similares porcentajes entre las dos \u00faltimas encuestas, respecto de ENDSA 2008 se destacan un incremento de 5,6 puntos porcentuales en la vacuna contra el sarampi\u00f3n y de 2,7 puntos porcentuales para el indicador \u201ctodas las vacunas\u201d<a id=\"ftnref1\" href=\"https:\/\/www.ine.gob.bo\/index.php\/prensa\/notas-de-prensa\/item\/1949-ine-y-ministerio-de-salud-lanzan-resultados-de-la-encuesta-de-demografia-y-salud-2016#ftn1\" name=\"_ftnref1\">[1]<\/a>. Sin embargo, se deber\u00e1n redoblar esfuerzos para lograr que la cobertura de vacunaci\u00f3n antipolio y pentavalente supere 90%.<\/p>\n<p><strong>Gr\u00e1fico N\u00b0 2<\/strong><\/p>\n<p><strong>BOLIVIA: COBERTURA DE VACUNACI\u00d3N EN CUALQUIER MOMENTO, NI\u00d1OS Y NI\u00d1AS DE 18 A 29 MESES, EDSA 2016<\/strong><\/p>\n<p><strong>(En porcentaje)<\/strong><\/p>\n<p><img loading=\"lazy\" decoding=\"async\" class=\"alignnone size-full wp-image-40307\" src=\"https:\/\/www.ine.gob.bo\/wp-content\/uploads\/2019\/07\/EDSA2016-2.png\" alt=\"\" width=\"804\" height=\"427\" srcset=\"https:\/\/www.ine.gob.bo\/wp-content\/uploads\/2019\/07\/EDSA2016-2.png 804w, https:\/\/www.ine.gob.bo\/wp-content\/uploads\/2019\/07\/EDSA2016-2-300x159.png 300w, https:\/\/www.ine.gob.bo\/wp-content\/uploads\/2019\/07\/EDSA2016-2-768x408.png 768w\" sizes=\"auto, (max-width: 804px) 100vw, 804px\" \/><\/p>\n<blockquote><p><strong><em>UNIDAD DE DIFUSI\u00d3N Y COMUNICACI\u00d3N<\/em><\/strong><\/p>\n<p><strong>INSTITUTO NACIONAL DE ESTAD\u00cdSTICA<br \/>\n<\/strong><\/p>\n<p><a id=\"ftn1\" href=\"https:\/\/www.ine.gob.bo\/index.php\/prensa\/notas-de-prensa\/item\/1949-ine-y-ministerio-de-salud-lanzan-resultados-de-la-encuesta-de-demografia-y-salud-2016#ftnref1\">[1]<\/a>Se refiere al\u00a0 esquema completo de vacunaci\u00f3n.<\/p><\/blockquote>\n","protected":false},"excerpt":{"rendered":"<p>INE &#8211; La Paz, 18 de octubre de 2017.-\u00a0El Instituto Nacional de Estad\u00edstica (INE) y el Ministerio de Salud, presentan los primeros resultados de la\u00a0\u201cEncuesta de Demograf\u00eda y Salud 2016 \u2013 Bolivia: Indicadores Priorizados\u201d, dicha encuesta es la sexta que se realiza en el pa\u00eds, la \u00faltima versi\u00f3n se realiz\u00f3 hace ocho a\u00f1os (ENDSA 2008),&hellip;<\/p>\n","protected":false},"author":1,"featured_media":40307,"comment_status":"closed","ping_status":"open","sticky":false,"template":"","format":"standard","meta":[],"categories":[158],"tags":[52,51],"class_list":["post-40305","post","type-post","status-publish","format-standard","has-post-thumbnail","hentry","category-ine-noticias","tag-ine-noticias","tag-salud","category-158","description-off"],"yoast_head":"<!-- This site is optimized with the Yoast SEO plugin v23.2 - https:\/\/yoast.com\/wordpress\/plugins\/seo\/ -->\n<title>INE y Ministerio de Salud lanzan resultados de la Encuesta de Demograf\u00eda y Salud 2016 - INE<\/title>\n<meta name=\"description\" content=\"P\u00e1gina oficial del Instituto Nacional de Estadistica INE, informaci\u00f3n estad\u00edstica, geogr\u00e1fica y econ\u00f3mica a nivel nacional.\" \/>\n<meta name=\"robots\" content=\"index, follow, max-snippet:-1, max-image-preview:large, max-video-preview:-1\" \/>\n<link rel=\"canonical\" href=\"https:\/\/www.ine.gob.bo\/index.php\/ine-y-ministerio-de-salud-lanzan-resultados-de-la-encuesta-de-demografia-y-salud-2016\/\" \/>\n<meta property=\"og:locale\" content=\"es_ES\" \/>\n<meta property=\"og:type\" content=\"article\" \/>\n<meta property=\"og:title\" content=\"INE y Ministerio de Salud lanzan resultados de la Encuesta de Demograf\u00eda y Salud 2016 - INE\" \/>\n<meta property=\"og:description\" content=\"P\u00e1gina oficial del Instituto Nacional de Estadistica INE, informaci\u00f3n estad\u00edstica, geogr\u00e1fica y econ\u00f3mica a nivel nacional.\" \/>\n<meta property=\"og:url\" content=\"https:\/\/www.ine.gob.bo\/index.php\/ine-y-ministerio-de-salud-lanzan-resultados-de-la-encuesta-de-demografia-y-salud-2016\/\" \/>\n<meta property=\"og:site_name\" content=\"INE\" \/>\n<meta property=\"article:publisher\" content=\"https:\/\/www.facebook.com\/ineboliviaoficial\" \/>\n<meta property=\"article:published_time\" content=\"2017-10-18T20:43:19+00:00\" \/>\n<meta property=\"article:modified_time\" content=\"2020-01-23T15:53:22+00:00\" \/>\n<meta property=\"og:image\" content=\"https:\/\/www.ine.gob.bo\/wp-content\/uploads\/2019\/07\/EDSA2016-2.png\" \/>\n\t<meta property=\"og:image:width\" content=\"804\" \/>\n\t<meta property=\"og:image:height\" content=\"427\" \/>\n\t<meta property=\"og:image:type\" content=\"image\/png\" \/>\n<meta name=\"author\" content=\"4dmin-root\" \/>\n<meta name=\"twitter:card\" content=\"summary_large_image\" \/>\n<meta name=\"twitter:creator\" content=\"@INE_Bolivia\" \/>\n<meta name=\"twitter:site\" content=\"@INE_Bolivia\" \/>\n<meta name=\"twitter:label1\" content=\"Escrito por\" \/>\n\t<meta name=\"twitter:data1\" content=\"4dmin-root\" \/>\n\t<meta name=\"twitter:label2\" content=\"Tiempo de lectura\" \/>\n\t<meta name=\"twitter:data2\" content=\"2 minutos\" \/>\n<script type=\"application\/ld+json\" class=\"yoast-schema-graph\">{\"@context\":\"https:\/\/schema.org\",\"@graph\":[{\"@type\":\"Article\",\"@id\":\"https:\/\/www.ine.gob.bo\/index.php\/ine-y-ministerio-de-salud-lanzan-resultados-de-la-encuesta-de-demografia-y-salud-2016\/#article\",\"isPartOf\":{\"@id\":\"https:\/\/www.ine.gob.bo\/index.php\/ine-y-ministerio-de-salud-lanzan-resultados-de-la-encuesta-de-demografia-y-salud-2016\/\"},\"author\":{\"name\":\"4dmin-root\",\"@id\":\"https:\/\/www.ine.gob.bo\/#\/schema\/person\/4b9ab894e9de9fb7f2078269aea371be\"},\"headline\":\"INE y Ministerio de Salud lanzan resultados de la Encuesta de Demograf\u00eda y Salud 2016\",\"datePublished\":\"2017-10-18T20:43:19+00:00\",\"dateModified\":\"2020-01-23T15:53:22+00:00\",\"mainEntityOfPage\":{\"@id\":\"https:\/\/www.ine.gob.bo\/index.php\/ine-y-ministerio-de-salud-lanzan-resultados-de-la-encuesta-de-demografia-y-salud-2016\/\"},\"wordCount\":369,\"publisher\":{\"@id\":\"https:\/\/www.ine.gob.bo\/#organization\"},\"image\":{\"@id\":\"https:\/\/www.ine.gob.bo\/index.php\/ine-y-ministerio-de-salud-lanzan-resultados-de-la-encuesta-de-demografia-y-salud-2016\/#primaryimage\"},\"thumbnailUrl\":\"https:\/\/www.ine.gob.bo\/wp-content\/uploads\/2019\/07\/EDSA2016-2.png\",\"keywords\":[\"INE Noticias\",\"salud\"],\"articleSection\":[\"INE noticias\"],\"inLanguage\":\"es\"},{\"@type\":\"WebPage\",\"@id\":\"https:\/\/www.ine.gob.bo\/index.php\/ine-y-ministerio-de-salud-lanzan-resultados-de-la-encuesta-de-demografia-y-salud-2016\/\",\"url\":\"https:\/\/www.ine.gob.bo\/index.php\/ine-y-ministerio-de-salud-lanzan-resultados-de-la-encuesta-de-demografia-y-salud-2016\/\",\"name\":\"INE y Ministerio de Salud lanzan resultados de la Encuesta de Demograf\u00eda y Salud 2016 - INE\",\"isPartOf\":{\"@id\":\"https:\/\/www.ine.gob.bo\/#website\"},\"primaryImageOfPage\":{\"@id\":\"https:\/\/www.ine.gob.bo\/index.php\/ine-y-ministerio-de-salud-lanzan-resultados-de-la-encuesta-de-demografia-y-salud-2016\/#primaryimage\"},\"image\":{\"@id\":\"https:\/\/www.ine.gob.bo\/index.php\/ine-y-ministerio-de-salud-lanzan-resultados-de-la-encuesta-de-demografia-y-salud-2016\/#primaryimage\"},\"thumbnailUrl\":\"https:\/\/www.ine.gob.bo\/wp-content\/uploads\/2019\/07\/EDSA2016-2.png\",\"datePublished\":\"2017-10-18T20:43:19+00:00\",\"dateModified\":\"2020-01-23T15:53:22+00:00\",\"description\":\"P\u00e1gina oficial del Instituto Nacional de Estadistica INE, informaci\u00f3n estad\u00edstica, geogr\u00e1fica y econ\u00f3mica a nivel nacional.\",\"breadcrumb\":{\"@id\":\"https:\/\/www.ine.gob.bo\/index.php\/ine-y-ministerio-de-salud-lanzan-resultados-de-la-encuesta-de-demografia-y-salud-2016\/#breadcrumb\"},\"inLanguage\":\"es\",\"potentialAction\":[{\"@type\":\"ReadAction\",\"target\":[\"https:\/\/www.ine.gob.bo\/index.php\/ine-y-ministerio-de-salud-lanzan-resultados-de-la-encuesta-de-demografia-y-salud-2016\/\"]}]},{\"@type\":\"ImageObject\",\"inLanguage\":\"es\",\"@id\":\"https:\/\/www.ine.gob.bo\/index.php\/ine-y-ministerio-de-salud-lanzan-resultados-de-la-encuesta-de-demografia-y-salud-2016\/#primaryimage\",\"url\":\"https:\/\/www.ine.gob.bo\/wp-content\/uploads\/2019\/07\/EDSA2016-2.png\",\"contentUrl\":\"https:\/\/www.ine.gob.bo\/wp-content\/uploads\/2019\/07\/EDSA2016-2.png\",\"width\":804,\"height\":427},{\"@type\":\"BreadcrumbList\",\"@id\":\"https:\/\/www.ine.gob.bo\/index.php\/ine-y-ministerio-de-salud-lanzan-resultados-de-la-encuesta-de-demografia-y-salud-2016\/#breadcrumb\",\"itemListElement\":[{\"@type\":\"ListItem\",\"position\":1,\"name\":\"Portada\",\"item\":\"https:\/\/www.ine.gob.bo\/\"},{\"@type\":\"ListItem\",\"position\":2,\"name\":\"INE y Ministerio de Salud lanzan resultados de la Encuesta de Demograf\u00eda y Salud 2016\"}]},{\"@type\":\"WebSite\",\"@id\":\"https:\/\/www.ine.gob.bo\/#website\",\"url\":\"https:\/\/www.ine.gob.bo\/\",\"name\":\"INE\",\"description\":\"Instituto Nacional de Estad\u00edstica\",\"publisher\":{\"@id\":\"https:\/\/www.ine.gob.bo\/#organization\"},\"potentialAction\":[{\"@type\":\"SearchAction\",\"target\":{\"@type\":\"EntryPoint\",\"urlTemplate\":\"https:\/\/www.ine.gob.bo\/?s={search_term_string}\"},\"query-input\":\"required name=search_term_string\"}],\"inLanguage\":\"es\"},{\"@type\":\"Organization\",\"@id\":\"https:\/\/www.ine.gob.bo\/#organization\",\"name\":\"Instituto Nacional de Estad\u00edstica\",\"url\":\"https:\/\/www.ine.gob.bo\/\",\"logo\":{\"@type\":\"ImageObject\",\"inLanguage\":\"es\",\"@id\":\"https:\/\/www.ine.gob.bo\/#\/schema\/logo\/image\/\",\"url\":\"https:\/\/www.ine.gob.bo\/wp-content\/uploads\/2026\/02\/logo-ine.jpg\",\"contentUrl\":\"https:\/\/www.ine.gob.bo\/wp-content\/uploads\/2026\/02\/logo-ine.jpg\",\"width\":799,\"height\":453,\"caption\":\"Instituto Nacional de Estad\u00edstica\"},\"image\":{\"@id\":\"https:\/\/www.ine.gob.bo\/#\/schema\/logo\/image\/\"},\"sameAs\":[\"https:\/\/www.facebook.com\/ineboliviaoficial\",\"https:\/\/x.com\/INE_Bolivia\",\"https:\/\/www.instagram.com\/ineboliviaoficial\/\",\"https:\/\/www.youtube.com\/channel\/UCbIQXKLw414g5kWo1tAwqCg\"]},{\"@type\":\"Person\",\"@id\":\"https:\/\/www.ine.gob.bo\/#\/schema\/person\/4b9ab894e9de9fb7f2078269aea371be\",\"name\":\"4dmin-root\",\"image\":{\"@type\":\"ImageObject\",\"inLanguage\":\"es\",\"@id\":\"https:\/\/www.ine.gob.bo\/#\/schema\/person\/image\/\",\"url\":\"https:\/\/secure.gravatar.com\/avatar\/0824ec9f3a25d622e58133204574c46e0832b417c3b610112cf50ccc044cbefe?s=96&d=mm&r=g\",\"contentUrl\":\"https:\/\/secure.gravatar.com\/avatar\/0824ec9f3a25d622e58133204574c46e0832b417c3b610112cf50ccc044cbefe?s=96&d=mm&r=g\",\"caption\":\"4dmin-root\"},\"url\":\"https:\/\/www.ine.gob.bo\/index.php\/author\/4dmin-root\/\"}]}<\/script>\n<!-- \/ Yoast SEO plugin. -->","yoast_head_json":{"title":"INE y Ministerio de Salud lanzan resultados de la Encuesta de Demograf\u00eda y Salud 2016 - INE","description":"P\u00e1gina oficial del Instituto Nacional de Estadistica INE, informaci\u00f3n estad\u00edstica, geogr\u00e1fica y econ\u00f3mica a nivel nacional.","robots":{"index":"index","follow":"follow","max-snippet":"max-snippet:-1","max-image-preview":"max-image-preview:large","max-video-preview":"max-video-preview:-1"},"canonical":"https:\/\/www.ine.gob.bo\/index.php\/ine-y-ministerio-de-salud-lanzan-resultados-de-la-encuesta-de-demografia-y-salud-2016\/","og_locale":"es_ES","og_type":"article","og_title":"INE y Ministerio de Salud lanzan resultados de la Encuesta de Demograf\u00eda y Salud 2016 - INE","og_description":"P\u00e1gina oficial del Instituto Nacional de Estadistica INE, informaci\u00f3n estad\u00edstica, geogr\u00e1fica y econ\u00f3mica a nivel nacional.","og_url":"https:\/\/www.ine.gob.bo\/index.php\/ine-y-ministerio-de-salud-lanzan-resultados-de-la-encuesta-de-demografia-y-salud-2016\/","og_site_name":"INE","article_publisher":"https:\/\/www.facebook.com\/ineboliviaoficial","article_published_time":"2017-10-18T20:43:19+00:00","article_modified_time":"2020-01-23T15:53:22+00:00","og_image":[{"width":804,"height":427,"url":"https:\/\/www.ine.gob.bo\/wp-content\/uploads\/2019\/07\/EDSA2016-2.png","type":"image\/png"}],"author":"4dmin-root","twitter_card":"summary_large_image","twitter_creator":"@INE_Bolivia","twitter_site":"@INE_Bolivia","twitter_misc":{"Escrito por":"4dmin-root","Tiempo de lectura":"2 minutos"},"schema":{"@context":"https:\/\/schema.org","@graph":[{"@type":"Article","@id":"https:\/\/www.ine.gob.bo\/index.php\/ine-y-ministerio-de-salud-lanzan-resultados-de-la-encuesta-de-demografia-y-salud-2016\/#article","isPartOf":{"@id":"https:\/\/www.ine.gob.bo\/index.php\/ine-y-ministerio-de-salud-lanzan-resultados-de-la-encuesta-de-demografia-y-salud-2016\/"},"author":{"name":"4dmin-root","@id":"https:\/\/www.ine.gob.bo\/#\/schema\/person\/4b9ab894e9de9fb7f2078269aea371be"},"headline":"INE y Ministerio de Salud lanzan resultados de la Encuesta de Demograf\u00eda y Salud 2016","datePublished":"2017-10-18T20:43:19+00:00","dateModified":"2020-01-23T15:53:22+00:00","mainEntityOfPage":{"@id":"https:\/\/www.ine.gob.bo\/index.php\/ine-y-ministerio-de-salud-lanzan-resultados-de-la-encuesta-de-demografia-y-salud-2016\/"},"wordCount":369,"publisher":{"@id":"https:\/\/www.ine.gob.bo\/#organization"},"image":{"@id":"https:\/\/www.ine.gob.bo\/index.php\/ine-y-ministerio-de-salud-lanzan-resultados-de-la-encuesta-de-demografia-y-salud-2016\/#primaryimage"},"thumbnailUrl":"https:\/\/www.ine.gob.bo\/wp-content\/uploads\/2019\/07\/EDSA2016-2.png","keywords":["INE Noticias","salud"],"articleSection":["INE noticias"],"inLanguage":"es"},{"@type":"WebPage","@id":"https:\/\/www.ine.gob.bo\/index.php\/ine-y-ministerio-de-salud-lanzan-resultados-de-la-encuesta-de-demografia-y-salud-2016\/","url":"https:\/\/www.ine.gob.bo\/index.php\/ine-y-ministerio-de-salud-lanzan-resultados-de-la-encuesta-de-demografia-y-salud-2016\/","name":"INE y Ministerio de Salud lanzan resultados de la Encuesta de Demograf\u00eda y Salud 2016 - INE","isPartOf":{"@id":"https:\/\/www.ine.gob.bo\/#website"},"primaryImageOfPage":{"@id":"https:\/\/www.ine.gob.bo\/index.php\/ine-y-ministerio-de-salud-lanzan-resultados-de-la-encuesta-de-demografia-y-salud-2016\/#primaryimage"},"image":{"@id":"https:\/\/www.ine.gob.bo\/index.php\/ine-y-ministerio-de-salud-lanzan-resultados-de-la-encuesta-de-demografia-y-salud-2016\/#primaryimage"},"thumbnailUrl":"https:\/\/www.ine.gob.bo\/wp-content\/uploads\/2019\/07\/EDSA2016-2.png","datePublished":"2017-10-18T20:43:19+00:00","dateModified":"2020-01-23T15:53:22+00:00","description":"P\u00e1gina oficial del Instituto Nacional de Estadistica INE, informaci\u00f3n estad\u00edstica, geogr\u00e1fica y econ\u00f3mica a nivel nacional.","breadcrumb":{"@id":"https:\/\/www.ine.gob.bo\/index.php\/ine-y-ministerio-de-salud-lanzan-resultados-de-la-encuesta-de-demografia-y-salud-2016\/#breadcrumb"},"inLanguage":"es","potentialAction":[{"@type":"ReadAction","target":["https:\/\/www.ine.gob.bo\/index.php\/ine-y-ministerio-de-salud-lanzan-resultados-de-la-encuesta-de-demografia-y-salud-2016\/"]}]},{"@type":"ImageObject","inLanguage":"es","@id":"https:\/\/www.ine.gob.bo\/index.php\/ine-y-ministerio-de-salud-lanzan-resultados-de-la-encuesta-de-demografia-y-salud-2016\/#primaryimage","url":"https:\/\/www.ine.gob.bo\/wp-content\/uploads\/2019\/07\/EDSA2016-2.png","contentUrl":"https:\/\/www.ine.gob.bo\/wp-content\/uploads\/2019\/07\/EDSA2016-2.png","width":804,"height":427},{"@type":"BreadcrumbList","@id":"https:\/\/www.ine.gob.bo\/index.php\/ine-y-ministerio-de-salud-lanzan-resultados-de-la-encuesta-de-demografia-y-salud-2016\/#breadcrumb","itemListElement":[{"@type":"ListItem","position":1,"name":"Portada","item":"https:\/\/www.ine.gob.bo\/"},{"@type":"ListItem","position":2,"name":"INE y Ministerio de Salud lanzan resultados de la Encuesta de Demograf\u00eda y Salud 2016"}]},{"@type":"WebSite","@id":"https:\/\/www.ine.gob.bo\/#website","url":"https:\/\/www.ine.gob.bo\/","name":"INE","description":"Instituto Nacional de Estad\u00edstica","publisher":{"@id":"https:\/\/www.ine.gob.bo\/#organization"},"potentialAction":[{"@type":"SearchAction","target":{"@type":"EntryPoint","urlTemplate":"https:\/\/www.ine.gob.bo\/?s={search_term_string}"},"query-input":"required name=search_term_string"}],"inLanguage":"es"},{"@type":"Organization","@id":"https:\/\/www.ine.gob.bo\/#organization","name":"Instituto Nacional de Estad\u00edstica","url":"https:\/\/www.ine.gob.bo\/","logo":{"@type":"ImageObject","inLanguage":"es","@id":"https:\/\/www.ine.gob.bo\/#\/schema\/logo\/image\/","url":"https:\/\/www.ine.gob.bo\/wp-content\/uploads\/2026\/02\/logo-ine.jpg","contentUrl":"https:\/\/www.ine.gob.bo\/wp-content\/uploads\/2026\/02\/logo-ine.jpg","width":799,"height":453,"caption":"Instituto Nacional de Estad\u00edstica"},"image":{"@id":"https:\/\/www.ine.gob.bo\/#\/schema\/logo\/image\/"},"sameAs":["https:\/\/www.facebook.com\/ineboliviaoficial","https:\/\/x.com\/INE_Bolivia","https:\/\/www.instagram.com\/ineboliviaoficial\/","https:\/\/www.youtube.com\/channel\/UCbIQXKLw414g5kWo1tAwqCg"]},{"@type":"Person","@id":"https:\/\/www.ine.gob.bo\/#\/schema\/person\/4b9ab894e9de9fb7f2078269aea371be","name":"4dmin-root","image":{"@type":"ImageObject","inLanguage":"es","@id":"https:\/\/www.ine.gob.bo\/#\/schema\/person\/image\/","url":"https:\/\/secure.gravatar.com\/avatar\/0824ec9f3a25d622e58133204574c46e0832b417c3b610112cf50ccc044cbefe?s=96&d=mm&r=g","contentUrl":"https:\/\/secure.gravatar.com\/avatar\/0824ec9f3a25d622e58133204574c46e0832b417c3b610112cf50ccc044cbefe?s=96&d=mm&r=g","caption":"4dmin-root"},"url":"https:\/\/www.ine.gob.bo\/index.php\/author\/4dmin-root\/"}]}},"rttpg_featured_image_url":{"full":["https:\/\/www.ine.gob.bo\/wp-content\/uploads\/2019\/07\/EDSA2016-2.png",804,427,false],"landscape":["https:\/\/www.ine.gob.bo\/wp-content\/uploads\/2019\/07\/EDSA2016-2.png",804,427,false],"portraits":["https:\/\/www.ine.gob.bo\/wp-content\/uploads\/2019\/07\/EDSA2016-2.png",804,427,false],"thumbnail":["https:\/\/www.ine.gob.bo\/wp-content\/uploads\/2019\/07\/EDSA2016-2-150x150.png",150,150,true],"medium":["https:\/\/www.ine.gob.bo\/wp-content\/uploads\/2019\/07\/EDSA2016-2-300x159.png",300,159,true],"large":["https:\/\/www.ine.gob.bo\/wp-content\/uploads\/2019\/07\/EDSA2016-2.png",804,427,false],"1536x1536":["https:\/\/www.ine.gob.bo\/wp-content\/uploads\/2019\/07\/EDSA2016-2.png",804,427,false],"2048x2048":["https:\/\/www.ine.gob.bo\/wp-content\/uploads\/2019\/07\/EDSA2016-2.png",804,427,false]},"rttpg_author":{"display_name":"4dmin-root","author_link":"https:\/\/www.ine.gob.bo\/index.php\/author\/4dmin-root\/"},"rttpg_comment":0,"rttpg_category":"<a href=\"https:\/\/www.ine.gob.bo\/index.php\/category\/ine-noticias\/\" rel=\"category tag\">INE noticias<\/a>","rttpg_excerpt":"INE &#8211; La Paz, 18 de octubre de 2017.-\u00a0El Instituto Nacional de Estad\u00edstica (INE) y el Ministerio de Salud, presentan los primeros resultados de la\u00a0\u201cEncuesta de Demograf\u00eda y Salud 2016 \u2013 Bolivia: Indicadores Priorizados\u201d, dicha encuesta es la sexta que se realiza en el pa\u00eds, la \u00faltima versi\u00f3n se realiz\u00f3 hace ocho a\u00f1os (ENDSA 2008),&hellip;","_links":{"self":[{"href":"https:\/\/www.ine.gob.bo\/index.php\/wp-json\/wp\/v2\/posts\/40305","targetHints":{"allow":["GET"]}}],"collection":[{"href":"https:\/\/www.ine.gob.bo\/index.php\/wp-json\/wp\/v2\/posts"}],"about":[{"href":"https:\/\/www.ine.gob.bo\/index.php\/wp-json\/wp\/v2\/types\/post"}],"author":[{"embeddable":true,"href":"https:\/\/www.ine.gob.bo\/index.php\/wp-json\/wp\/v2\/users\/1"}],"replies":[{"embeddable":true,"href":"https:\/\/www.ine.gob.bo\/index.php\/wp-json\/wp\/v2\/comments?post=40305"}],"version-history":[{"count":0,"href":"https:\/\/www.ine.gob.bo\/index.php\/wp-json\/wp\/v2\/posts\/40305\/revisions"}],"wp:featuredmedia":[{"embeddable":true,"href":"https:\/\/www.ine.gob.bo\/index.php\/wp-json\/wp\/v2\/media\/40307"}],"wp:attachment":[{"href":"https:\/\/www.ine.gob.bo\/index.php\/wp-json\/wp\/v2\/media?parent=40305"}],"wp:term":[{"taxonomy":"category","embeddable":true,"href":"https:\/\/www.ine.gob.bo\/index.php\/wp-json\/wp\/v2\/categories?post=40305"},{"taxonomy":"post_tag","embeddable":true,"href":"https:\/\/www.ine.gob.bo\/index.php\/wp-json\/wp\/v2\/tags?post=40305"}],"curies":[{"name":"wp","href":"https:\/\/api.w.org\/{rel}","templated":true}]}}