{"id":40271,"date":"2017-10-24T16:14:11","date_gmt":"2017-10-24T14:14:11","guid":{"rendered":"https:\/\/www.ine.gob.bo\/?p=40271"},"modified":"2019-07-25T16:15:46","modified_gmt":"2019-07-25T14:15:46","slug":"993-de-la-poblacion-de-achocalla-tiene-certificado-de-nacimiento","status":"publish","type":"post","link":"https:\/\/www.ine.gob.bo\/index.php\/993-de-la-poblacion-de-achocalla-tiene-certificado-de-nacimiento\/","title":{"rendered":"99,3% de la poblaci\u00f3n de Achocalla tiene certificado de nacimiento"},"content":{"rendered":"<p><strong>INE &#8211; La Paz, 24 de octubre de 2017.-\u00a0<\/strong>Achocalla, perteneciente a la provincia Murillo del departamento pace\u00f1o, cumple 70 a\u00f1os de creaci\u00f3n; de acuerdo con datos del Censo 2012, 99,3% de su poblaci\u00f3n est\u00e1 inscrita en el Servicio de Registro Civil, es decir cuenta con certificado de nacimiento, inform\u00f3 el Instituto Nacional de Estad\u00edstica (INE).<\/p>\n<p><strong>Infograf\u00eda N\u00ba 1<\/strong><\/p>\n<p><img loading=\"lazy\" decoding=\"async\" class=\"alignnone size-full wp-image-40272\" src=\"https:\/\/www.ine.gob.bo\/wp-content\/uploads\/2019\/07\/Achocalla1.png\" alt=\"\" width=\"560\" height=\"451\" srcset=\"https:\/\/www.ine.gob.bo\/wp-content\/uploads\/2019\/07\/Achocalla1.png 560w, https:\/\/www.ine.gob.bo\/wp-content\/uploads\/2019\/07\/Achocalla1-300x242.png 300w\" sizes=\"auto, (max-width: 560px) 100vw, 560px\" \/><\/p>\n<p>El Gobierno Aut\u00f3nomo Municipal de Achocalla est\u00e1 identificado como Ecol\u00f3gico Productivo seg\u00fan Carta Org\u00e1nica aprobada el 9 de julio de 2017.<\/p>\n<p>El principal producto agr\u00edcola de verano es la papa con 81.942,6 quintales y una superficie cultivada que llega a 777,0 hect\u00e1reas, le sigue la avena con una producci\u00f3n de 23.934,6 quintales en una superficie cultivada de 416,6 hect\u00e1reas.<\/p>\n<p><strong>Gr\u00e1fico N\u00ba 1<\/strong><\/p>\n<p><strong>MUNICIPIO ACHOCALLA:\u00a0<\/strong><strong>SUPERFICIE Y PRODUCCI\u00d3N AGR\u00cdCOLA DE LOS PRINCIPALES CULTIVOS DE VERANO,<\/strong><strong>\u00a0CENSO AGROPECUARIO 2013<\/strong><\/p>\n<p><img loading=\"lazy\" decoding=\"async\" class=\"alignnone size-full wp-image-40273\" src=\"https:\/\/www.ine.gob.bo\/wp-content\/uploads\/2019\/07\/Achocalla2.png\" alt=\"\" width=\"692\" height=\"435\" srcset=\"https:\/\/www.ine.gob.bo\/wp-content\/uploads\/2019\/07\/Achocalla2.png 692w, https:\/\/www.ine.gob.bo\/wp-content\/uploads\/2019\/07\/Achocalla2-300x189.png 300w\" sizes=\"auto, (max-width: 692px) 100vw, 692px\" \/><\/p>\n<p>El municipio de Achocalla se caracteriza por la producci\u00f3n de l\u00e1cteos para la elaboraci\u00f3n principalmente de queso, presente en la diversidad de ofertas gastron\u00f3micas.<\/p>\n<p>La poblaci\u00f3n pecuaria est\u00e1 constituida por aves de granja con 8.206 cabezas, seguida de ovinos con 7.571 cabezas y cuyes con 5.518 animales.<\/p>\n<p><strong>Gr\u00e1fico N\u00ba 2<\/strong><\/p>\n<p><strong>MUNICIPIO ACHOCALLA: ESPECIES GANADERAS, CENSO AGROPECUARIO 2013<\/strong><\/p>\n<p><img loading=\"lazy\" decoding=\"async\" class=\"alignnone size-full wp-image-40274\" src=\"https:\/\/www.ine.gob.bo\/wp-content\/uploads\/2019\/07\/Achocalla3.png\" alt=\"\" width=\"646\" height=\"360\" srcset=\"https:\/\/www.ine.gob.bo\/wp-content\/uploads\/2019\/07\/Achocalla3.png 646w, https:\/\/www.ine.gob.bo\/wp-content\/uploads\/2019\/07\/Achocalla3-300x167.png 300w\" sizes=\"auto, (max-width: 646px) 100vw, 646px\" \/><\/p>\n<p>El Censo 2012 estableci\u00f3 para el municipio de Achocalla una poblaci\u00f3n de 22.179 habitantes. Proyecciones al 2017 se\u00f1alan que esta regi\u00f3n tiene 22.750 habitantes, 11.343 hombres y 11.407 mujeres. La poblaci\u00f3n para el 2020 seg\u00fan estimaciones, alcanzar\u00e1 a cerca de 22.883 habitantes.<\/p>\n<p><strong>Gr\u00e1fico N\u00ba 3<\/strong><\/p>\n<p><strong>MUNICIPIO ACHOCALLA:\u00a0<\/strong><strong>PROYECCIONES DE POBLACI\u00d3N POR SEXO, 2017-2020<\/strong><\/p>\n<p><img loading=\"lazy\" decoding=\"async\" class=\"alignnone size-full wp-image-40275\" src=\"https:\/\/www.ine.gob.bo\/wp-content\/uploads\/2019\/07\/Achocalla4.png\" alt=\"\" width=\"645\" height=\"364\" srcset=\"https:\/\/www.ine.gob.bo\/wp-content\/uploads\/2019\/07\/Achocalla4.png 645w, https:\/\/www.ine.gob.bo\/wp-content\/uploads\/2019\/07\/Achocalla4-300x169.png 300w\" sizes=\"auto, (max-width: 645px) 100vw, 645px\" \/><\/p>\n<blockquote><p><strong><em>UNIDAD DE DIFUSI\u00d3N Y COMUNICACI\u00d3N<\/em><\/strong><\/p>\n<p><strong>INSTITUTO NACIONAL DE ESTAD\u00cdSTICA<\/strong><\/p><\/blockquote>\n","protected":false},"excerpt":{"rendered":"<p>INE &#8211; La Paz, 24 de octubre de 2017.-\u00a0Achocalla, perteneciente a la provincia Murillo del departamento pace\u00f1o, cumple 70 a\u00f1os de creaci\u00f3n; de acuerdo con datos del Censo 2012, 99,3% de su poblaci\u00f3n est\u00e1 inscrita en el Servicio de Registro Civil, es decir cuenta con certificado de nacimiento, inform\u00f3 el Instituto Nacional de Estad\u00edstica (INE).&hellip;<\/p>\n","protected":false},"author":1,"featured_media":40272,"comment_status":"closed","ping_status":"open","sticky":false,"template":"","format":"standard","meta":[],"categories":[158],"tags":[],"class_list":["post-40271","post","type-post","status-publish","format-standard","has-post-thumbnail","hentry","category-ine-noticias","category-158","description-off"],"yoast_head":"<!-- This site is optimized with the Yoast SEO plugin v23.2 - https:\/\/yoast.com\/wordpress\/plugins\/seo\/ -->\n<title>99,3% de la poblaci\u00f3n de Achocalla tiene certificado de nacimiento - INE<\/title>\n<meta name=\"description\" content=\"P\u00e1gina oficial del Instituto Nacional de Estadistica INE, informaci\u00f3n estad\u00edstica, geogr\u00e1fica y econ\u00f3mica a nivel nacional.\" \/>\n<meta name=\"robots\" content=\"index, follow, max-snippet:-1, max-image-preview:large, max-video-preview:-1\" \/>\n<link rel=\"canonical\" href=\"https:\/\/www.ine.gob.bo\/index.php\/993-de-la-poblacion-de-achocalla-tiene-certificado-de-nacimiento\/\" \/>\n<meta property=\"og:locale\" content=\"es_ES\" \/>\n<meta property=\"og:type\" content=\"article\" \/>\n<meta property=\"og:title\" content=\"99,3% de la poblaci\u00f3n de Achocalla tiene certificado de nacimiento - INE\" \/>\n<meta property=\"og:description\" content=\"P\u00e1gina oficial del Instituto Nacional de Estadistica INE, informaci\u00f3n estad\u00edstica, geogr\u00e1fica y econ\u00f3mica a nivel nacional.\" \/>\n<meta property=\"og:url\" content=\"https:\/\/www.ine.gob.bo\/index.php\/993-de-la-poblacion-de-achocalla-tiene-certificado-de-nacimiento\/\" \/>\n<meta property=\"og:site_name\" content=\"INE\" \/>\n<meta property=\"article:publisher\" content=\"https:\/\/www.facebook.com\/ineboliviaoficial\" \/>\n<meta property=\"article:published_time\" content=\"2017-10-24T14:14:11+00:00\" \/>\n<meta property=\"article:modified_time\" content=\"2019-07-25T14:15:46+00:00\" \/>\n<meta property=\"og:image\" content=\"https:\/\/www.ine.gob.bo\/wp-content\/uploads\/2019\/07\/Achocalla1.png\" \/>\n\t<meta property=\"og:image:width\" content=\"560\" \/>\n\t<meta property=\"og:image:height\" content=\"451\" \/>\n\t<meta property=\"og:image:type\" content=\"image\/png\" \/>\n<meta name=\"author\" content=\"4dmin-root\" \/>\n<meta name=\"twitter:card\" content=\"summary_large_image\" \/>\n<meta name=\"twitter:creator\" content=\"@INE_Bolivia\" \/>\n<meta name=\"twitter:site\" content=\"@INE_Bolivia\" \/>\n<meta name=\"twitter:label1\" content=\"Escrito por\" \/>\n\t<meta name=\"twitter:data1\" content=\"4dmin-root\" \/>\n\t<meta name=\"twitter:label2\" content=\"Tiempo de lectura\" \/>\n\t<meta name=\"twitter:data2\" content=\"1 minuto\" \/>\n<script type=\"application\/ld+json\" class=\"yoast-schema-graph\">{\"@context\":\"https:\/\/schema.org\",\"@graph\":[{\"@type\":\"Article\",\"@id\":\"https:\/\/www.ine.gob.bo\/index.php\/993-de-la-poblacion-de-achocalla-tiene-certificado-de-nacimiento\/#article\",\"isPartOf\":{\"@id\":\"https:\/\/www.ine.gob.bo\/index.php\/993-de-la-poblacion-de-achocalla-tiene-certificado-de-nacimiento\/\"},\"author\":{\"name\":\"4dmin-root\",\"@id\":\"https:\/\/www.ine.gob.bo\/#\/schema\/person\/4b9ab894e9de9fb7f2078269aea371be\"},\"headline\":\"99,3% de la poblaci\u00f3n de Achocalla tiene certificado de nacimiento\",\"datePublished\":\"2017-10-24T14:14:11+00:00\",\"dateModified\":\"2019-07-25T14:15:46+00:00\",\"mainEntityOfPage\":{\"@id\":\"https:\/\/www.ine.gob.bo\/index.php\/993-de-la-poblacion-de-achocalla-tiene-certificado-de-nacimiento\/\"},\"wordCount\":271,\"publisher\":{\"@id\":\"https:\/\/www.ine.gob.bo\/#organization\"},\"image\":{\"@id\":\"https:\/\/www.ine.gob.bo\/index.php\/993-de-la-poblacion-de-achocalla-tiene-certificado-de-nacimiento\/#primaryimage\"},\"thumbnailUrl\":\"https:\/\/www.ine.gob.bo\/wp-content\/uploads\/2019\/07\/Achocalla1.png\",\"articleSection\":[\"INE noticias\"],\"inLanguage\":\"es\"},{\"@type\":\"WebPage\",\"@id\":\"https:\/\/www.ine.gob.bo\/index.php\/993-de-la-poblacion-de-achocalla-tiene-certificado-de-nacimiento\/\",\"url\":\"https:\/\/www.ine.gob.bo\/index.php\/993-de-la-poblacion-de-achocalla-tiene-certificado-de-nacimiento\/\",\"name\":\"99,3% de la poblaci\u00f3n de Achocalla tiene certificado de nacimiento - INE\",\"isPartOf\":{\"@id\":\"https:\/\/www.ine.gob.bo\/#website\"},\"primaryImageOfPage\":{\"@id\":\"https:\/\/www.ine.gob.bo\/index.php\/993-de-la-poblacion-de-achocalla-tiene-certificado-de-nacimiento\/#primaryimage\"},\"image\":{\"@id\":\"https:\/\/www.ine.gob.bo\/index.php\/993-de-la-poblacion-de-achocalla-tiene-certificado-de-nacimiento\/#primaryimage\"},\"thumbnailUrl\":\"https:\/\/www.ine.gob.bo\/wp-content\/uploads\/2019\/07\/Achocalla1.png\",\"datePublished\":\"2017-10-24T14:14:11+00:00\",\"dateModified\":\"2019-07-25T14:15:46+00:00\",\"description\":\"P\u00e1gina oficial del Instituto Nacional de Estadistica INE, informaci\u00f3n estad\u00edstica, geogr\u00e1fica y econ\u00f3mica a nivel nacional.\",\"breadcrumb\":{\"@id\":\"https:\/\/www.ine.gob.bo\/index.php\/993-de-la-poblacion-de-achocalla-tiene-certificado-de-nacimiento\/#breadcrumb\"},\"inLanguage\":\"es\",\"potentialAction\":[{\"@type\":\"ReadAction\",\"target\":[\"https:\/\/www.ine.gob.bo\/index.php\/993-de-la-poblacion-de-achocalla-tiene-certificado-de-nacimiento\/\"]}]},{\"@type\":\"ImageObject\",\"inLanguage\":\"es\",\"@id\":\"https:\/\/www.ine.gob.bo\/index.php\/993-de-la-poblacion-de-achocalla-tiene-certificado-de-nacimiento\/#primaryimage\",\"url\":\"https:\/\/www.ine.gob.bo\/wp-content\/uploads\/2019\/07\/Achocalla1.png\",\"contentUrl\":\"https:\/\/www.ine.gob.bo\/wp-content\/uploads\/2019\/07\/Achocalla1.png\",\"width\":560,\"height\":451},{\"@type\":\"BreadcrumbList\",\"@id\":\"https:\/\/www.ine.gob.bo\/index.php\/993-de-la-poblacion-de-achocalla-tiene-certificado-de-nacimiento\/#breadcrumb\",\"itemListElement\":[{\"@type\":\"ListItem\",\"position\":1,\"name\":\"Portada\",\"item\":\"https:\/\/www.ine.gob.bo\/\"},{\"@type\":\"ListItem\",\"position\":2,\"name\":\"99,3% de la poblaci\u00f3n de Achocalla tiene certificado de nacimiento\"}]},{\"@type\":\"WebSite\",\"@id\":\"https:\/\/www.ine.gob.bo\/#website\",\"url\":\"https:\/\/www.ine.gob.bo\/\",\"name\":\"INE\",\"description\":\"Instituto Nacional de Estad\u00edstica\",\"publisher\":{\"@id\":\"https:\/\/www.ine.gob.bo\/#organization\"},\"potentialAction\":[{\"@type\":\"SearchAction\",\"target\":{\"@type\":\"EntryPoint\",\"urlTemplate\":\"https:\/\/www.ine.gob.bo\/?s={search_term_string}\"},\"query-input\":\"required name=search_term_string\"}],\"inLanguage\":\"es\"},{\"@type\":\"Organization\",\"@id\":\"https:\/\/www.ine.gob.bo\/#organization\",\"name\":\"Instituto Nacional de Estad\u00edstica\",\"url\":\"https:\/\/www.ine.gob.bo\/\",\"logo\":{\"@type\":\"ImageObject\",\"inLanguage\":\"es\",\"@id\":\"https:\/\/www.ine.gob.bo\/#\/schema\/logo\/image\/\",\"url\":\"https:\/\/www.ine.gob.bo\/wp-content\/uploads\/2026\/02\/logo-ine.jpg\",\"contentUrl\":\"https:\/\/www.ine.gob.bo\/wp-content\/uploads\/2026\/02\/logo-ine.jpg\",\"width\":799,\"height\":453,\"caption\":\"Instituto Nacional de Estad\u00edstica\"},\"image\":{\"@id\":\"https:\/\/www.ine.gob.bo\/#\/schema\/logo\/image\/\"},\"sameAs\":[\"https:\/\/www.facebook.com\/ineboliviaoficial\",\"https:\/\/x.com\/INE_Bolivia\",\"https:\/\/www.instagram.com\/ineboliviaoficial\/\",\"https:\/\/www.youtube.com\/channel\/UCbIQXKLw414g5kWo1tAwqCg\"]},{\"@type\":\"Person\",\"@id\":\"https:\/\/www.ine.gob.bo\/#\/schema\/person\/4b9ab894e9de9fb7f2078269aea371be\",\"name\":\"4dmin-root\",\"image\":{\"@type\":\"ImageObject\",\"inLanguage\":\"es\",\"@id\":\"https:\/\/www.ine.gob.bo\/#\/schema\/person\/image\/\",\"url\":\"https:\/\/secure.gravatar.com\/avatar\/0824ec9f3a25d622e58133204574c46e0832b417c3b610112cf50ccc044cbefe?s=96&d=mm&r=g\",\"contentUrl\":\"https:\/\/secure.gravatar.com\/avatar\/0824ec9f3a25d622e58133204574c46e0832b417c3b610112cf50ccc044cbefe?s=96&d=mm&r=g\",\"caption\":\"4dmin-root\"},\"url\":\"https:\/\/www.ine.gob.bo\/index.php\/author\/4dmin-root\/\"}]}<\/script>\n<!-- \/ Yoast SEO plugin. -->","yoast_head_json":{"title":"99,3% de la poblaci\u00f3n de Achocalla tiene certificado de nacimiento - INE","description":"P\u00e1gina oficial del Instituto Nacional de Estadistica INE, informaci\u00f3n estad\u00edstica, geogr\u00e1fica y econ\u00f3mica a nivel nacional.","robots":{"index":"index","follow":"follow","max-snippet":"max-snippet:-1","max-image-preview":"max-image-preview:large","max-video-preview":"max-video-preview:-1"},"canonical":"https:\/\/www.ine.gob.bo\/index.php\/993-de-la-poblacion-de-achocalla-tiene-certificado-de-nacimiento\/","og_locale":"es_ES","og_type":"article","og_title":"99,3% de la poblaci\u00f3n de Achocalla tiene certificado de nacimiento - INE","og_description":"P\u00e1gina oficial del Instituto Nacional de Estadistica INE, informaci\u00f3n estad\u00edstica, geogr\u00e1fica y econ\u00f3mica a nivel nacional.","og_url":"https:\/\/www.ine.gob.bo\/index.php\/993-de-la-poblacion-de-achocalla-tiene-certificado-de-nacimiento\/","og_site_name":"INE","article_publisher":"https:\/\/www.facebook.com\/ineboliviaoficial","article_published_time":"2017-10-24T14:14:11+00:00","article_modified_time":"2019-07-25T14:15:46+00:00","og_image":[{"width":560,"height":451,"url":"https:\/\/www.ine.gob.bo\/wp-content\/uploads\/2019\/07\/Achocalla1.png","type":"image\/png"}],"author":"4dmin-root","twitter_card":"summary_large_image","twitter_creator":"@INE_Bolivia","twitter_site":"@INE_Bolivia","twitter_misc":{"Escrito por":"4dmin-root","Tiempo de lectura":"1 minuto"},"schema":{"@context":"https:\/\/schema.org","@graph":[{"@type":"Article","@id":"https:\/\/www.ine.gob.bo\/index.php\/993-de-la-poblacion-de-achocalla-tiene-certificado-de-nacimiento\/#article","isPartOf":{"@id":"https:\/\/www.ine.gob.bo\/index.php\/993-de-la-poblacion-de-achocalla-tiene-certificado-de-nacimiento\/"},"author":{"name":"4dmin-root","@id":"https:\/\/www.ine.gob.bo\/#\/schema\/person\/4b9ab894e9de9fb7f2078269aea371be"},"headline":"99,3% de la poblaci\u00f3n de Achocalla tiene certificado de nacimiento","datePublished":"2017-10-24T14:14:11+00:00","dateModified":"2019-07-25T14:15:46+00:00","mainEntityOfPage":{"@id":"https:\/\/www.ine.gob.bo\/index.php\/993-de-la-poblacion-de-achocalla-tiene-certificado-de-nacimiento\/"},"wordCount":271,"publisher":{"@id":"https:\/\/www.ine.gob.bo\/#organization"},"image":{"@id":"https:\/\/www.ine.gob.bo\/index.php\/993-de-la-poblacion-de-achocalla-tiene-certificado-de-nacimiento\/#primaryimage"},"thumbnailUrl":"https:\/\/www.ine.gob.bo\/wp-content\/uploads\/2019\/07\/Achocalla1.png","articleSection":["INE noticias"],"inLanguage":"es"},{"@type":"WebPage","@id":"https:\/\/www.ine.gob.bo\/index.php\/993-de-la-poblacion-de-achocalla-tiene-certificado-de-nacimiento\/","url":"https:\/\/www.ine.gob.bo\/index.php\/993-de-la-poblacion-de-achocalla-tiene-certificado-de-nacimiento\/","name":"99,3% de la poblaci\u00f3n de Achocalla tiene certificado de nacimiento - INE","isPartOf":{"@id":"https:\/\/www.ine.gob.bo\/#website"},"primaryImageOfPage":{"@id":"https:\/\/www.ine.gob.bo\/index.php\/993-de-la-poblacion-de-achocalla-tiene-certificado-de-nacimiento\/#primaryimage"},"image":{"@id":"https:\/\/www.ine.gob.bo\/index.php\/993-de-la-poblacion-de-achocalla-tiene-certificado-de-nacimiento\/#primaryimage"},"thumbnailUrl":"https:\/\/www.ine.gob.bo\/wp-content\/uploads\/2019\/07\/Achocalla1.png","datePublished":"2017-10-24T14:14:11+00:00","dateModified":"2019-07-25T14:15:46+00:00","description":"P\u00e1gina oficial del Instituto Nacional de Estadistica INE, informaci\u00f3n estad\u00edstica, geogr\u00e1fica y econ\u00f3mica a nivel nacional.","breadcrumb":{"@id":"https:\/\/www.ine.gob.bo\/index.php\/993-de-la-poblacion-de-achocalla-tiene-certificado-de-nacimiento\/#breadcrumb"},"inLanguage":"es","potentialAction":[{"@type":"ReadAction","target":["https:\/\/www.ine.gob.bo\/index.php\/993-de-la-poblacion-de-achocalla-tiene-certificado-de-nacimiento\/"]}]},{"@type":"ImageObject","inLanguage":"es","@id":"https:\/\/www.ine.gob.bo\/index.php\/993-de-la-poblacion-de-achocalla-tiene-certificado-de-nacimiento\/#primaryimage","url":"https:\/\/www.ine.gob.bo\/wp-content\/uploads\/2019\/07\/Achocalla1.png","contentUrl":"https:\/\/www.ine.gob.bo\/wp-content\/uploads\/2019\/07\/Achocalla1.png","width":560,"height":451},{"@type":"BreadcrumbList","@id":"https:\/\/www.ine.gob.bo\/index.php\/993-de-la-poblacion-de-achocalla-tiene-certificado-de-nacimiento\/#breadcrumb","itemListElement":[{"@type":"ListItem","position":1,"name":"Portada","item":"https:\/\/www.ine.gob.bo\/"},{"@type":"ListItem","position":2,"name":"99,3% de la poblaci\u00f3n de Achocalla tiene certificado de nacimiento"}]},{"@type":"WebSite","@id":"https:\/\/www.ine.gob.bo\/#website","url":"https:\/\/www.ine.gob.bo\/","name":"INE","description":"Instituto Nacional de Estad\u00edstica","publisher":{"@id":"https:\/\/www.ine.gob.bo\/#organization"},"potentialAction":[{"@type":"SearchAction","target":{"@type":"EntryPoint","urlTemplate":"https:\/\/www.ine.gob.bo\/?s={search_term_string}"},"query-input":"required name=search_term_string"}],"inLanguage":"es"},{"@type":"Organization","@id":"https:\/\/www.ine.gob.bo\/#organization","name":"Instituto Nacional de Estad\u00edstica","url":"https:\/\/www.ine.gob.bo\/","logo":{"@type":"ImageObject","inLanguage":"es","@id":"https:\/\/www.ine.gob.bo\/#\/schema\/logo\/image\/","url":"https:\/\/www.ine.gob.bo\/wp-content\/uploads\/2026\/02\/logo-ine.jpg","contentUrl":"https:\/\/www.ine.gob.bo\/wp-content\/uploads\/2026\/02\/logo-ine.jpg","width":799,"height":453,"caption":"Instituto Nacional de Estad\u00edstica"},"image":{"@id":"https:\/\/www.ine.gob.bo\/#\/schema\/logo\/image\/"},"sameAs":["https:\/\/www.facebook.com\/ineboliviaoficial","https:\/\/x.com\/INE_Bolivia","https:\/\/www.instagram.com\/ineboliviaoficial\/","https:\/\/www.youtube.com\/channel\/UCbIQXKLw414g5kWo1tAwqCg"]},{"@type":"Person","@id":"https:\/\/www.ine.gob.bo\/#\/schema\/person\/4b9ab894e9de9fb7f2078269aea371be","name":"4dmin-root","image":{"@type":"ImageObject","inLanguage":"es","@id":"https:\/\/www.ine.gob.bo\/#\/schema\/person\/image\/","url":"https:\/\/secure.gravatar.com\/avatar\/0824ec9f3a25d622e58133204574c46e0832b417c3b610112cf50ccc044cbefe?s=96&d=mm&r=g","contentUrl":"https:\/\/secure.gravatar.com\/avatar\/0824ec9f3a25d622e58133204574c46e0832b417c3b610112cf50ccc044cbefe?s=96&d=mm&r=g","caption":"4dmin-root"},"url":"https:\/\/www.ine.gob.bo\/index.php\/author\/4dmin-root\/"}]}},"rttpg_featured_image_url":{"full":["https:\/\/www.ine.gob.bo\/wp-content\/uploads\/2019\/07\/Achocalla1.png",560,451,false],"landscape":["https:\/\/www.ine.gob.bo\/wp-content\/uploads\/2019\/07\/Achocalla1.png",560,451,false],"portraits":["https:\/\/www.ine.gob.bo\/wp-content\/uploads\/2019\/07\/Achocalla1.png",560,451,false],"thumbnail":["https:\/\/www.ine.gob.bo\/wp-content\/uploads\/2019\/07\/Achocalla1-150x150.png",150,150,true],"medium":["https:\/\/www.ine.gob.bo\/wp-content\/uploads\/2019\/07\/Achocalla1-300x242.png",300,242,true],"large":["https:\/\/www.ine.gob.bo\/wp-content\/uploads\/2019\/07\/Achocalla1.png",560,451,false],"1536x1536":["https:\/\/www.ine.gob.bo\/wp-content\/uploads\/2019\/07\/Achocalla1.png",560,451,false],"2048x2048":["https:\/\/www.ine.gob.bo\/wp-content\/uploads\/2019\/07\/Achocalla1.png",560,451,false]},"rttpg_author":{"display_name":"4dmin-root","author_link":"https:\/\/www.ine.gob.bo\/index.php\/author\/4dmin-root\/"},"rttpg_comment":0,"rttpg_category":"<a href=\"https:\/\/www.ine.gob.bo\/index.php\/category\/ine-noticias\/\" rel=\"category tag\">INE noticias<\/a>","rttpg_excerpt":"INE &#8211; La Paz, 24 de octubre de 2017.-\u00a0Achocalla, perteneciente a la provincia Murillo del departamento pace\u00f1o, cumple 70 a\u00f1os de creaci\u00f3n; de acuerdo con datos del Censo 2012, 99,3% de su poblaci\u00f3n est\u00e1 inscrita en el Servicio de Registro Civil, es decir cuenta con certificado de nacimiento, inform\u00f3 el Instituto Nacional de Estad\u00edstica (INE).&hellip;","_links":{"self":[{"href":"https:\/\/www.ine.gob.bo\/index.php\/wp-json\/wp\/v2\/posts\/40271","targetHints":{"allow":["GET"]}}],"collection":[{"href":"https:\/\/www.ine.gob.bo\/index.php\/wp-json\/wp\/v2\/posts"}],"about":[{"href":"https:\/\/www.ine.gob.bo\/index.php\/wp-json\/wp\/v2\/types\/post"}],"author":[{"embeddable":true,"href":"https:\/\/www.ine.gob.bo\/index.php\/wp-json\/wp\/v2\/users\/1"}],"replies":[{"embeddable":true,"href":"https:\/\/www.ine.gob.bo\/index.php\/wp-json\/wp\/v2\/comments?post=40271"}],"version-history":[{"count":0,"href":"https:\/\/www.ine.gob.bo\/index.php\/wp-json\/wp\/v2\/posts\/40271\/revisions"}],"wp:featuredmedia":[{"embeddable":true,"href":"https:\/\/www.ine.gob.bo\/index.php\/wp-json\/wp\/v2\/media\/40272"}],"wp:attachment":[{"href":"https:\/\/www.ine.gob.bo\/index.php\/wp-json\/wp\/v2\/media?parent=40271"}],"wp:term":[{"taxonomy":"category","embeddable":true,"href":"https:\/\/www.ine.gob.bo\/index.php\/wp-json\/wp\/v2\/categories?post=40271"},{"taxonomy":"post_tag","embeddable":true,"href":"https:\/\/www.ine.gob.bo\/index.php\/wp-json\/wp\/v2\/tags?post=40271"}],"curies":[{"name":"wp","href":"https:\/\/api.w.org\/{rel}","templated":true}]}}