{"id":39874,"date":"2017-12-20T17:39:21","date_gmt":"2017-12-20T16:39:21","guid":{"rendered":"https:\/\/www.ine.gob.bo\/?p=39874"},"modified":"2019-07-24T17:43:18","modified_gmt":"2019-07-24T15:43:18","slug":"culpina-principal-productor-de-papa-en-chuquisaca","status":"publish","type":"post","link":"https:\/\/www.ine.gob.bo\/index.php\/culpina-principal-productor-de-papa-en-chuquisaca\/","title":{"rendered":"Culpina, principal productor de papa en Chuquisaca"},"content":{"rendered":"<p><strong>INE &#8211; Sucre, 20 de diciembre de 2017.-\u00a0<\/strong>A prop\u00f3sito de celebrarse 57 a\u00f1os de fundaci\u00f3n del municipio de Culpina de la\u00a0provincia Sud Cinti,\u00a0el Instituto Nacional de Estad\u00edstica (INE) inform\u00f3 que este municipio es el mayor productor de papa del departamento de Chuquisaca con una producci\u00f3n de\u00a0156.149,9\u00a0quintales en una superficie de\u00a01.682,0\u00a0hect\u00e1reas, seg\u00fan datos del Censo Agropecuario 2013.<\/p>\n<p><strong>Gr\u00e1fico N\u00ba 1<\/strong><\/p>\n<p><strong>CHUQUISACA: PRINCIPALES MUNICIPIOS PRODUCTORES DE PAPA,<\/strong><\/p>\n<p><strong>CENSO AGROPECUARIO 2013<\/strong><\/p>\n<p><img loading=\"lazy\" decoding=\"async\" class=\"alignnone size-full wp-image-39876\" src=\"https:\/\/www.ine.gob.bo\/wp-content\/uploads\/2019\/07\/Culpina1.png\" alt=\"\" width=\"606\" height=\"344\" srcset=\"https:\/\/www.ine.gob.bo\/wp-content\/uploads\/2019\/07\/Culpina1.png 606w, https:\/\/www.ine.gob.bo\/wp-content\/uploads\/2019\/07\/Culpina1-300x170.png 300w\" sizes=\"auto, (max-width: 606px) 100vw, 606px\" \/><\/p>\n<p>El municipio de Culpina, ubicado a 370 km aproximadamente de la ciudad capital Sucre y a 199 km de Tarija, fuefundado el 20 de diciembre de 1960.\u00a0En esta regi\u00f3n, el ma\u00edz es el cultivo con mayor superficie\u00a02.584,4 hect\u00e1reas y una producci\u00f3n de 65.082,3 quintales.<\/p>\n<p><strong>Gr\u00e1fico N\u00ba 2<\/strong><\/p>\n<p><strong>MUNICIPIO CULPINA: SUPERFICIE<sup>(1)<\/sup>\u00a0Y PRODUCCI\u00d3N DE LOS PRINCIPALES CULTIVOS,<\/strong><\/p>\n<p><strong>CENSO AGROPECUARIO 2013<\/strong><\/p>\n<p><img loading=\"lazy\" decoding=\"async\" class=\"alignnone size-full wp-image-39877\" src=\"https:\/\/www.ine.gob.bo\/wp-content\/uploads\/2019\/07\/Culpina2.png\" alt=\"\" width=\"603\" height=\"319\" srcset=\"https:\/\/www.ine.gob.bo\/wp-content\/uploads\/2019\/07\/Culpina2.png 603w, https:\/\/www.ine.gob.bo\/wp-content\/uploads\/2019\/07\/Culpina2-300x159.png 300w\" sizes=\"auto, (max-width: 603px) 100vw, 603px\" \/><\/p>\n<p>Culpina cuenta con 3.631 Unidades de Producci\u00f3n Agropecuaria (UPA), adem\u00e1s tiene una superficie cultivada en verano de\u00a07.810,0\u00a0hect\u00e1reas y una superficie con riego de\u00a03.437,9hect\u00e1reas.\u00a0La actividad principal registrada en las UPA, es la agricultura con\u00a08.011\u00a0miembros.<\/p>\n<p>Con relaci\u00f3n a la producci\u00f3n pecuaria, el ganado caprino llega a\u00a052.758 cabezas, seguido del ganado ovino con\u00a048.741\u00a0cabezas, seg\u00fan el Censo Agropecuario 2013.<\/p>\n<p><strong>Gr\u00e1fico N\u00ba 3<\/strong><\/p>\n<p><strong>MUNICIPIO CULPINA: PRINCIPALES ESPECIES GANADERAS, CENSO AGROPECUARIO 2013<\/strong><\/p>\n<p><strong>(En n\u00famero de cabezas)<\/strong><\/p>\n<p><img loading=\"lazy\" decoding=\"async\" class=\"alignnone size-full wp-image-39878\" src=\"https:\/\/www.ine.gob.bo\/wp-content\/uploads\/2019\/07\/Culpina3.png\" alt=\"\" width=\"598\" height=\"314\" srcset=\"https:\/\/www.ine.gob.bo\/wp-content\/uploads\/2019\/07\/Culpina3.png 598w, https:\/\/www.ine.gob.bo\/wp-content\/uploads\/2019\/07\/Culpina3-300x158.png 300w\" sizes=\"auto, (max-width: 598px) 100vw, 598px\" \/><\/p>\n<p>Datos demogr\u00e1ficos establecen que para el Censo 2012 se empadronaron\u00a017.731 habitantes en Culpina. Seg\u00fan proyecciones a 2017, su poblaci\u00f3n llega a 18.583 habitantes que lo sit\u00faa como el cuarto municipio m\u00e1s poblado de Chuquisaca. Se estima que para el 2020 tendr\u00e1 una poblaci\u00f3n aproximada de 9.207 hombres y 9.594 mujeres.<\/p>\n<p><strong>Infograf\u00eda \u00a0N\u00ba 1<\/strong><\/p>\n<p><img loading=\"lazy\" decoding=\"async\" class=\"alignnone size-full wp-image-39879\" src=\"https:\/\/www.ine.gob.bo\/wp-content\/uploads\/2019\/07\/Culpina4.png\" alt=\"\" width=\"599\" height=\"423\" srcset=\"https:\/\/www.ine.gob.bo\/wp-content\/uploads\/2019\/07\/Culpina4.png 599w, https:\/\/www.ine.gob.bo\/wp-content\/uploads\/2019\/07\/Culpina4-300x212.png 300w\" sizes=\"auto, (max-width: 599px) 100vw, 599px\" \/><\/p>\n","protected":false},"excerpt":{"rendered":"<p>INE &#8211; Sucre, 20 de diciembre de 2017.-\u00a0A prop\u00f3sito de celebrarse 57 a\u00f1os de fundaci\u00f3n del municipio de Culpina de la\u00a0provincia Sud Cinti,\u00a0el Instituto Nacional de Estad\u00edstica (INE) inform\u00f3 que este municipio es el mayor productor de papa del departamento de Chuquisaca con una producci\u00f3n de\u00a0156.149,9\u00a0quintales en una superficie de\u00a01.682,0\u00a0hect\u00e1reas, seg\u00fan datos del Censo Agropecuario&hellip;<\/p>\n","protected":false},"author":1,"featured_media":39879,"comment_status":"closed","ping_status":"open","sticky":false,"template":"","format":"standard","meta":[],"categories":[158],"tags":[],"class_list":["post-39874","post","type-post","status-publish","format-standard","has-post-thumbnail","hentry","category-ine-noticias","category-158","description-off"],"yoast_head":"<!-- This site is optimized with the Yoast SEO plugin v23.2 - https:\/\/yoast.com\/wordpress\/plugins\/seo\/ -->\n<title>Culpina, principal productor de papa en Chuquisaca - INE<\/title>\n<meta name=\"description\" content=\"P\u00e1gina oficial del Instituto Nacional de Estadistica INE, informaci\u00f3n estad\u00edstica, geogr\u00e1fica y econ\u00f3mica a nivel nacional.\" \/>\n<meta name=\"robots\" content=\"index, follow, max-snippet:-1, max-image-preview:large, max-video-preview:-1\" \/>\n<link rel=\"canonical\" href=\"https:\/\/www.ine.gob.bo\/index.php\/culpina-principal-productor-de-papa-en-chuquisaca\/\" \/>\n<meta property=\"og:locale\" content=\"es_ES\" \/>\n<meta property=\"og:type\" content=\"article\" \/>\n<meta property=\"og:title\" content=\"Culpina, principal productor de papa en Chuquisaca - INE\" \/>\n<meta property=\"og:description\" content=\"P\u00e1gina oficial del Instituto Nacional de Estadistica INE, informaci\u00f3n estad\u00edstica, geogr\u00e1fica y econ\u00f3mica a nivel nacional.\" \/>\n<meta property=\"og:url\" content=\"https:\/\/www.ine.gob.bo\/index.php\/culpina-principal-productor-de-papa-en-chuquisaca\/\" \/>\n<meta property=\"og:site_name\" content=\"INE\" \/>\n<meta property=\"article:publisher\" content=\"https:\/\/www.facebook.com\/ineboliviaoficial\" \/>\n<meta property=\"article:published_time\" content=\"2017-12-20T16:39:21+00:00\" \/>\n<meta property=\"article:modified_time\" content=\"2019-07-24T15:43:18+00:00\" \/>\n<meta property=\"og:image\" content=\"https:\/\/www.ine.gob.bo\/wp-content\/uploads\/2019\/07\/Culpina4.png\" \/>\n\t<meta property=\"og:image:width\" content=\"599\" \/>\n\t<meta property=\"og:image:height\" content=\"423\" \/>\n\t<meta property=\"og:image:type\" content=\"image\/png\" \/>\n<meta name=\"author\" content=\"4dmin-root\" \/>\n<meta name=\"twitter:card\" content=\"summary_large_image\" \/>\n<meta name=\"twitter:creator\" content=\"@INE_Bolivia\" \/>\n<meta name=\"twitter:site\" content=\"@INE_Bolivia\" \/>\n<meta name=\"twitter:label1\" content=\"Escrito por\" \/>\n\t<meta name=\"twitter:data1\" content=\"4dmin-root\" \/>\n\t<meta name=\"twitter:label2\" content=\"Tiempo de lectura\" \/>\n\t<meta name=\"twitter:data2\" content=\"1 minuto\" \/>\n<script type=\"application\/ld+json\" class=\"yoast-schema-graph\">{\"@context\":\"https:\/\/schema.org\",\"@graph\":[{\"@type\":\"Article\",\"@id\":\"https:\/\/www.ine.gob.bo\/index.php\/culpina-principal-productor-de-papa-en-chuquisaca\/#article\",\"isPartOf\":{\"@id\":\"https:\/\/www.ine.gob.bo\/index.php\/culpina-principal-productor-de-papa-en-chuquisaca\/\"},\"author\":{\"name\":\"4dmin-root\",\"@id\":\"https:\/\/www.ine.gob.bo\/#\/schema\/person\/4b9ab894e9de9fb7f2078269aea371be\"},\"headline\":\"Culpina, principal productor de papa en Chuquisaca\",\"datePublished\":\"2017-12-20T16:39:21+00:00\",\"dateModified\":\"2019-07-24T15:43:18+00:00\",\"mainEntityOfPage\":{\"@id\":\"https:\/\/www.ine.gob.bo\/index.php\/culpina-principal-productor-de-papa-en-chuquisaca\/\"},\"wordCount\":275,\"publisher\":{\"@id\":\"https:\/\/www.ine.gob.bo\/#organization\"},\"image\":{\"@id\":\"https:\/\/www.ine.gob.bo\/index.php\/culpina-principal-productor-de-papa-en-chuquisaca\/#primaryimage\"},\"thumbnailUrl\":\"https:\/\/www.ine.gob.bo\/wp-content\/uploads\/2019\/07\/Culpina4.png\",\"articleSection\":[\"INE noticias\"],\"inLanguage\":\"es\"},{\"@type\":\"WebPage\",\"@id\":\"https:\/\/www.ine.gob.bo\/index.php\/culpina-principal-productor-de-papa-en-chuquisaca\/\",\"url\":\"https:\/\/www.ine.gob.bo\/index.php\/culpina-principal-productor-de-papa-en-chuquisaca\/\",\"name\":\"Culpina, principal productor de papa en Chuquisaca - INE\",\"isPartOf\":{\"@id\":\"https:\/\/www.ine.gob.bo\/#website\"},\"primaryImageOfPage\":{\"@id\":\"https:\/\/www.ine.gob.bo\/index.php\/culpina-principal-productor-de-papa-en-chuquisaca\/#primaryimage\"},\"image\":{\"@id\":\"https:\/\/www.ine.gob.bo\/index.php\/culpina-principal-productor-de-papa-en-chuquisaca\/#primaryimage\"},\"thumbnailUrl\":\"https:\/\/www.ine.gob.bo\/wp-content\/uploads\/2019\/07\/Culpina4.png\",\"datePublished\":\"2017-12-20T16:39:21+00:00\",\"dateModified\":\"2019-07-24T15:43:18+00:00\",\"description\":\"P\u00e1gina oficial del Instituto Nacional de Estadistica INE, informaci\u00f3n estad\u00edstica, geogr\u00e1fica y econ\u00f3mica a nivel nacional.\",\"breadcrumb\":{\"@id\":\"https:\/\/www.ine.gob.bo\/index.php\/culpina-principal-productor-de-papa-en-chuquisaca\/#breadcrumb\"},\"inLanguage\":\"es\",\"potentialAction\":[{\"@type\":\"ReadAction\",\"target\":[\"https:\/\/www.ine.gob.bo\/index.php\/culpina-principal-productor-de-papa-en-chuquisaca\/\"]}]},{\"@type\":\"ImageObject\",\"inLanguage\":\"es\",\"@id\":\"https:\/\/www.ine.gob.bo\/index.php\/culpina-principal-productor-de-papa-en-chuquisaca\/#primaryimage\",\"url\":\"https:\/\/www.ine.gob.bo\/wp-content\/uploads\/2019\/07\/Culpina4.png\",\"contentUrl\":\"https:\/\/www.ine.gob.bo\/wp-content\/uploads\/2019\/07\/Culpina4.png\",\"width\":599,\"height\":423},{\"@type\":\"BreadcrumbList\",\"@id\":\"https:\/\/www.ine.gob.bo\/index.php\/culpina-principal-productor-de-papa-en-chuquisaca\/#breadcrumb\",\"itemListElement\":[{\"@type\":\"ListItem\",\"position\":1,\"name\":\"Portada\",\"item\":\"https:\/\/www.ine.gob.bo\/\"},{\"@type\":\"ListItem\",\"position\":2,\"name\":\"Culpina, principal productor de papa en Chuquisaca\"}]},{\"@type\":\"WebSite\",\"@id\":\"https:\/\/www.ine.gob.bo\/#website\",\"url\":\"https:\/\/www.ine.gob.bo\/\",\"name\":\"INE\",\"description\":\"Instituto Nacional de Estad\u00edstica\",\"publisher\":{\"@id\":\"https:\/\/www.ine.gob.bo\/#organization\"},\"potentialAction\":[{\"@type\":\"SearchAction\",\"target\":{\"@type\":\"EntryPoint\",\"urlTemplate\":\"https:\/\/www.ine.gob.bo\/?s={search_term_string}\"},\"query-input\":\"required name=search_term_string\"}],\"inLanguage\":\"es\"},{\"@type\":\"Organization\",\"@id\":\"https:\/\/www.ine.gob.bo\/#organization\",\"name\":\"Instituto Nacional de Estad\u00edstica\",\"url\":\"https:\/\/www.ine.gob.bo\/\",\"logo\":{\"@type\":\"ImageObject\",\"inLanguage\":\"es\",\"@id\":\"https:\/\/www.ine.gob.bo\/#\/schema\/logo\/image\/\",\"url\":\"https:\/\/www.ine.gob.bo\/wp-content\/uploads\/2026\/02\/logo-ine.jpg\",\"contentUrl\":\"https:\/\/www.ine.gob.bo\/wp-content\/uploads\/2026\/02\/logo-ine.jpg\",\"width\":799,\"height\":453,\"caption\":\"Instituto Nacional de Estad\u00edstica\"},\"image\":{\"@id\":\"https:\/\/www.ine.gob.bo\/#\/schema\/logo\/image\/\"},\"sameAs\":[\"https:\/\/www.facebook.com\/ineboliviaoficial\",\"https:\/\/x.com\/INE_Bolivia\",\"https:\/\/www.instagram.com\/ineboliviaoficial\/\",\"https:\/\/www.youtube.com\/channel\/UCbIQXKLw414g5kWo1tAwqCg\"]},{\"@type\":\"Person\",\"@id\":\"https:\/\/www.ine.gob.bo\/#\/schema\/person\/4b9ab894e9de9fb7f2078269aea371be\",\"name\":\"4dmin-root\",\"image\":{\"@type\":\"ImageObject\",\"inLanguage\":\"es\",\"@id\":\"https:\/\/www.ine.gob.bo\/#\/schema\/person\/image\/\",\"url\":\"https:\/\/secure.gravatar.com\/avatar\/0824ec9f3a25d622e58133204574c46e0832b417c3b610112cf50ccc044cbefe?s=96&d=mm&r=g\",\"contentUrl\":\"https:\/\/secure.gravatar.com\/avatar\/0824ec9f3a25d622e58133204574c46e0832b417c3b610112cf50ccc044cbefe?s=96&d=mm&r=g\",\"caption\":\"4dmin-root\"},\"url\":\"https:\/\/www.ine.gob.bo\/index.php\/author\/4dmin-root\/\"}]}<\/script>\n<!-- \/ Yoast SEO plugin. -->","yoast_head_json":{"title":"Culpina, principal productor de papa en Chuquisaca - INE","description":"P\u00e1gina oficial del Instituto Nacional de Estadistica INE, informaci\u00f3n estad\u00edstica, geogr\u00e1fica y econ\u00f3mica a nivel nacional.","robots":{"index":"index","follow":"follow","max-snippet":"max-snippet:-1","max-image-preview":"max-image-preview:large","max-video-preview":"max-video-preview:-1"},"canonical":"https:\/\/www.ine.gob.bo\/index.php\/culpina-principal-productor-de-papa-en-chuquisaca\/","og_locale":"es_ES","og_type":"article","og_title":"Culpina, principal productor de papa en Chuquisaca - INE","og_description":"P\u00e1gina oficial del Instituto Nacional de Estadistica INE, informaci\u00f3n estad\u00edstica, geogr\u00e1fica y econ\u00f3mica a nivel nacional.","og_url":"https:\/\/www.ine.gob.bo\/index.php\/culpina-principal-productor-de-papa-en-chuquisaca\/","og_site_name":"INE","article_publisher":"https:\/\/www.facebook.com\/ineboliviaoficial","article_published_time":"2017-12-20T16:39:21+00:00","article_modified_time":"2019-07-24T15:43:18+00:00","og_image":[{"width":599,"height":423,"url":"https:\/\/www.ine.gob.bo\/wp-content\/uploads\/2019\/07\/Culpina4.png","type":"image\/png"}],"author":"4dmin-root","twitter_card":"summary_large_image","twitter_creator":"@INE_Bolivia","twitter_site":"@INE_Bolivia","twitter_misc":{"Escrito por":"4dmin-root","Tiempo de lectura":"1 minuto"},"schema":{"@context":"https:\/\/schema.org","@graph":[{"@type":"Article","@id":"https:\/\/www.ine.gob.bo\/index.php\/culpina-principal-productor-de-papa-en-chuquisaca\/#article","isPartOf":{"@id":"https:\/\/www.ine.gob.bo\/index.php\/culpina-principal-productor-de-papa-en-chuquisaca\/"},"author":{"name":"4dmin-root","@id":"https:\/\/www.ine.gob.bo\/#\/schema\/person\/4b9ab894e9de9fb7f2078269aea371be"},"headline":"Culpina, principal productor de papa en Chuquisaca","datePublished":"2017-12-20T16:39:21+00:00","dateModified":"2019-07-24T15:43:18+00:00","mainEntityOfPage":{"@id":"https:\/\/www.ine.gob.bo\/index.php\/culpina-principal-productor-de-papa-en-chuquisaca\/"},"wordCount":275,"publisher":{"@id":"https:\/\/www.ine.gob.bo\/#organization"},"image":{"@id":"https:\/\/www.ine.gob.bo\/index.php\/culpina-principal-productor-de-papa-en-chuquisaca\/#primaryimage"},"thumbnailUrl":"https:\/\/www.ine.gob.bo\/wp-content\/uploads\/2019\/07\/Culpina4.png","articleSection":["INE noticias"],"inLanguage":"es"},{"@type":"WebPage","@id":"https:\/\/www.ine.gob.bo\/index.php\/culpina-principal-productor-de-papa-en-chuquisaca\/","url":"https:\/\/www.ine.gob.bo\/index.php\/culpina-principal-productor-de-papa-en-chuquisaca\/","name":"Culpina, principal productor de papa en Chuquisaca - INE","isPartOf":{"@id":"https:\/\/www.ine.gob.bo\/#website"},"primaryImageOfPage":{"@id":"https:\/\/www.ine.gob.bo\/index.php\/culpina-principal-productor-de-papa-en-chuquisaca\/#primaryimage"},"image":{"@id":"https:\/\/www.ine.gob.bo\/index.php\/culpina-principal-productor-de-papa-en-chuquisaca\/#primaryimage"},"thumbnailUrl":"https:\/\/www.ine.gob.bo\/wp-content\/uploads\/2019\/07\/Culpina4.png","datePublished":"2017-12-20T16:39:21+00:00","dateModified":"2019-07-24T15:43:18+00:00","description":"P\u00e1gina oficial del Instituto Nacional de Estadistica INE, informaci\u00f3n estad\u00edstica, geogr\u00e1fica y econ\u00f3mica a nivel nacional.","breadcrumb":{"@id":"https:\/\/www.ine.gob.bo\/index.php\/culpina-principal-productor-de-papa-en-chuquisaca\/#breadcrumb"},"inLanguage":"es","potentialAction":[{"@type":"ReadAction","target":["https:\/\/www.ine.gob.bo\/index.php\/culpina-principal-productor-de-papa-en-chuquisaca\/"]}]},{"@type":"ImageObject","inLanguage":"es","@id":"https:\/\/www.ine.gob.bo\/index.php\/culpina-principal-productor-de-papa-en-chuquisaca\/#primaryimage","url":"https:\/\/www.ine.gob.bo\/wp-content\/uploads\/2019\/07\/Culpina4.png","contentUrl":"https:\/\/www.ine.gob.bo\/wp-content\/uploads\/2019\/07\/Culpina4.png","width":599,"height":423},{"@type":"BreadcrumbList","@id":"https:\/\/www.ine.gob.bo\/index.php\/culpina-principal-productor-de-papa-en-chuquisaca\/#breadcrumb","itemListElement":[{"@type":"ListItem","position":1,"name":"Portada","item":"https:\/\/www.ine.gob.bo\/"},{"@type":"ListItem","position":2,"name":"Culpina, principal productor de papa en Chuquisaca"}]},{"@type":"WebSite","@id":"https:\/\/www.ine.gob.bo\/#website","url":"https:\/\/www.ine.gob.bo\/","name":"INE","description":"Instituto Nacional de Estad\u00edstica","publisher":{"@id":"https:\/\/www.ine.gob.bo\/#organization"},"potentialAction":[{"@type":"SearchAction","target":{"@type":"EntryPoint","urlTemplate":"https:\/\/www.ine.gob.bo\/?s={search_term_string}"},"query-input":"required name=search_term_string"}],"inLanguage":"es"},{"@type":"Organization","@id":"https:\/\/www.ine.gob.bo\/#organization","name":"Instituto Nacional de Estad\u00edstica","url":"https:\/\/www.ine.gob.bo\/","logo":{"@type":"ImageObject","inLanguage":"es","@id":"https:\/\/www.ine.gob.bo\/#\/schema\/logo\/image\/","url":"https:\/\/www.ine.gob.bo\/wp-content\/uploads\/2026\/02\/logo-ine.jpg","contentUrl":"https:\/\/www.ine.gob.bo\/wp-content\/uploads\/2026\/02\/logo-ine.jpg","width":799,"height":453,"caption":"Instituto Nacional de Estad\u00edstica"},"image":{"@id":"https:\/\/www.ine.gob.bo\/#\/schema\/logo\/image\/"},"sameAs":["https:\/\/www.facebook.com\/ineboliviaoficial","https:\/\/x.com\/INE_Bolivia","https:\/\/www.instagram.com\/ineboliviaoficial\/","https:\/\/www.youtube.com\/channel\/UCbIQXKLw414g5kWo1tAwqCg"]},{"@type":"Person","@id":"https:\/\/www.ine.gob.bo\/#\/schema\/person\/4b9ab894e9de9fb7f2078269aea371be","name":"4dmin-root","image":{"@type":"ImageObject","inLanguage":"es","@id":"https:\/\/www.ine.gob.bo\/#\/schema\/person\/image\/","url":"https:\/\/secure.gravatar.com\/avatar\/0824ec9f3a25d622e58133204574c46e0832b417c3b610112cf50ccc044cbefe?s=96&d=mm&r=g","contentUrl":"https:\/\/secure.gravatar.com\/avatar\/0824ec9f3a25d622e58133204574c46e0832b417c3b610112cf50ccc044cbefe?s=96&d=mm&r=g","caption":"4dmin-root"},"url":"https:\/\/www.ine.gob.bo\/index.php\/author\/4dmin-root\/"}]}},"rttpg_featured_image_url":{"full":["https:\/\/www.ine.gob.bo\/wp-content\/uploads\/2019\/07\/Culpina4.png",599,423,false],"landscape":["https:\/\/www.ine.gob.bo\/wp-content\/uploads\/2019\/07\/Culpina4.png",599,423,false],"portraits":["https:\/\/www.ine.gob.bo\/wp-content\/uploads\/2019\/07\/Culpina4.png",599,423,false],"thumbnail":["https:\/\/www.ine.gob.bo\/wp-content\/uploads\/2019\/07\/Culpina4-150x150.png",150,150,true],"medium":["https:\/\/www.ine.gob.bo\/wp-content\/uploads\/2019\/07\/Culpina4-300x212.png",300,212,true],"large":["https:\/\/www.ine.gob.bo\/wp-content\/uploads\/2019\/07\/Culpina4.png",599,423,false],"1536x1536":["https:\/\/www.ine.gob.bo\/wp-content\/uploads\/2019\/07\/Culpina4.png",599,423,false],"2048x2048":["https:\/\/www.ine.gob.bo\/wp-content\/uploads\/2019\/07\/Culpina4.png",599,423,false]},"rttpg_author":{"display_name":"4dmin-root","author_link":"https:\/\/www.ine.gob.bo\/index.php\/author\/4dmin-root\/"},"rttpg_comment":0,"rttpg_category":"<a href=\"https:\/\/www.ine.gob.bo\/index.php\/category\/ine-noticias\/\" rel=\"category tag\">INE noticias<\/a>","rttpg_excerpt":"INE &#8211; Sucre, 20 de diciembre de 2017.-\u00a0A prop\u00f3sito de celebrarse 57 a\u00f1os de fundaci\u00f3n del municipio de Culpina de la\u00a0provincia Sud Cinti,\u00a0el Instituto Nacional de Estad\u00edstica (INE) inform\u00f3 que este municipio es el mayor productor de papa del departamento de Chuquisaca con una producci\u00f3n de\u00a0156.149,9\u00a0quintales en una superficie de\u00a01.682,0\u00a0hect\u00e1reas, seg\u00fan datos del Censo Agropecuario&hellip;","_links":{"self":[{"href":"https:\/\/www.ine.gob.bo\/index.php\/wp-json\/wp\/v2\/posts\/39874","targetHints":{"allow":["GET"]}}],"collection":[{"href":"https:\/\/www.ine.gob.bo\/index.php\/wp-json\/wp\/v2\/posts"}],"about":[{"href":"https:\/\/www.ine.gob.bo\/index.php\/wp-json\/wp\/v2\/types\/post"}],"author":[{"embeddable":true,"href":"https:\/\/www.ine.gob.bo\/index.php\/wp-json\/wp\/v2\/users\/1"}],"replies":[{"embeddable":true,"href":"https:\/\/www.ine.gob.bo\/index.php\/wp-json\/wp\/v2\/comments?post=39874"}],"version-history":[{"count":0,"href":"https:\/\/www.ine.gob.bo\/index.php\/wp-json\/wp\/v2\/posts\/39874\/revisions"}],"wp:featuredmedia":[{"embeddable":true,"href":"https:\/\/www.ine.gob.bo\/index.php\/wp-json\/wp\/v2\/media\/39879"}],"wp:attachment":[{"href":"https:\/\/www.ine.gob.bo\/index.php\/wp-json\/wp\/v2\/media?parent=39874"}],"wp:term":[{"taxonomy":"category","embeddable":true,"href":"https:\/\/www.ine.gob.bo\/index.php\/wp-json\/wp\/v2\/categories?post=39874"},{"taxonomy":"post_tag","embeddable":true,"href":"https:\/\/www.ine.gob.bo\/index.php\/wp-json\/wp\/v2\/tags?post=39874"}],"curies":[{"name":"wp","href":"https:\/\/api.w.org\/{rel}","templated":true}]}}