{"id":39344,"date":"2018-01-23T21:55:40","date_gmt":"2018-01-23T20:55:40","guid":{"rendered":"https:\/\/www.ine.gob.bo\/?p=39344"},"modified":"2019-07-15T22:00:12","modified_gmt":"2019-07-15T20:00:12","slug":"tapacari-lidera-en-la-produccion-de-cebada-en-grano-de-cochabamba","status":"publish","type":"post","link":"https:\/\/www.ine.gob.bo\/index.php\/tapacari-lidera-en-la-produccion-de-cebada-en-grano-de-cochabamba\/","title":{"rendered":"Tapacar\u00ed lidera en la producci\u00f3n de cebada en grano de Cochabamba"},"content":{"rendered":"<p><strong>Cochabamba, 23 de enero de 2018 (INE).- \u00a0<\/strong>El Instituto Nacional de Estad\u00edstica (INE) inform\u00f3 a prop\u00f3sito de recordarse un aniversario m\u00e1s de la creaci\u00f3n del municipio Tapacar\u00ed, capital de la provincia del mismo nombre, que es el mayor productor de cebada en grano del departamento de Cochabamba con 19.971,2 quintales y una superficie de 745,6 hect\u00e1reas seg\u00fan datos del Censo Agropecuario 2013.<\/p>\n<p><strong>Gr\u00e1fico N\u00ba 1<\/strong><\/p>\n<p><strong>DEPARTAMENTO DE COCHABAMBA: PRINCIPALES MUNICIPIOS PRODUCTORES DE CEBADA EN GRANO<\/strong><\/p>\n<p><img loading=\"lazy\" decoding=\"async\" class=\"alignnone size-full wp-image-39345\" src=\"https:\/\/www.ine.gob.bo\/wp-content\/uploads\/2019\/07\/Tapacari1.png\" alt=\"\" width=\"574\" height=\"353\" srcset=\"https:\/\/www.ine.gob.bo\/wp-content\/uploads\/2019\/07\/Tapacari1.png 574w, https:\/\/www.ine.gob.bo\/wp-content\/uploads\/2019\/07\/Tapacari1-300x184.png 300w\" sizes=\"auto, (max-width: 574px) 100vw, 574px\" \/><\/p>\n<p>Tapacar\u00ed est\u00e1 ubicado al suroeste del departamento de Cochabamba, sus principales cultivos agr\u00edcolas son la papa con 1.759,6 hect\u00e1reas cultivadas y el trigo con 987,2 hect\u00e1reas.<\/p>\n<p><strong>Gr\u00e1fico N\u00ba 2<\/strong><\/p>\n<p><strong>MUNICIPIO TAPACAR\u00cd: PRODUCCI\u00d3N DE LOS PRINCIPALES CULTIVOS, CENSO AGROPECUARIO 2013<\/strong><\/p>\n<p><img loading=\"lazy\" decoding=\"async\" class=\"alignnone size-full wp-image-39346\" src=\"https:\/\/www.ine.gob.bo\/wp-content\/uploads\/2019\/07\/Tapacari2.png\" alt=\"\" width=\"611\" height=\"312\" srcset=\"https:\/\/www.ine.gob.bo\/wp-content\/uploads\/2019\/07\/Tapacari2.png 611w, https:\/\/www.ine.gob.bo\/wp-content\/uploads\/2019\/07\/Tapacari2-300x153.png 300w\" sizes=\"auto, (max-width: 611px) 100vw, 611px\" \/><\/p>\n<p>Tapacar\u00ed tiene diversos pisos ecol\u00f3gicos y climas. Entre sus principales especies ganaderas figura el ganado ovino con 99.102 cabezas, caprino 14.581 cabezas y llamas 10.906 cabezas. Cabe destacar que Tapacar\u00ed posee el mayor n\u00famero de cabezas de ganado ovino, adem\u00e1s de mulas y asnos en todo el departamento de Cochabamba.<\/p>\n<p><strong>Gr\u00e1fico N\u00ba 3<\/strong><\/p>\n<p><strong>MUNICIPIO TAPACAR\u00cd: PRINCIPALES ESPECIES GANADERAS, CENSO AGROPECUARIO 2013<\/strong><\/p>\n<p><strong>(En n\u00famero de cabezas)<\/strong><\/p>\n<p><img loading=\"lazy\" decoding=\"async\" class=\"alignnone size-full wp-image-39347\" src=\"https:\/\/www.ine.gob.bo\/wp-content\/uploads\/2019\/07\/Tapacari3.png\" alt=\"\" width=\"523\" height=\"342\" srcset=\"https:\/\/www.ine.gob.bo\/wp-content\/uploads\/2019\/07\/Tapacari3.png 523w, https:\/\/www.ine.gob.bo\/wp-content\/uploads\/2019\/07\/Tapacari3-300x196.png 300w\" sizes=\"auto, (max-width: 523px) 100vw, 523px\" \/><\/p>\n<p>Seg\u00fan el Censo 2012, Tapacar\u00ed contaba con una poblaci\u00f3n de 24.625 habitantes; 12.506 hombres y 12.119 mujeres. Proyecciones 2018 establecen una poblaci\u00f3n de 25.787 habitantes y para al a\u00f1o 2020 se proyectan 25.852 habitantes.<\/p>\n<p><strong>Gr\u00e1fico N\u00ba 3<\/strong><\/p>\n<p><strong>MUNICIPIO TAPACAR\u00cd: POBLACI\u00d3N CENSO 2012 Y PROYECCIONES DE POBLACI\u00d3N 2018 \u2013 2020<\/strong><\/p>\n<p><strong>(En n\u00famero de habitantes)<\/strong><\/p>\n<p><img loading=\"lazy\" decoding=\"async\" class=\"alignnone size-full wp-image-39348\" src=\"https:\/\/www.ine.gob.bo\/wp-content\/uploads\/2019\/07\/Tapacari4.png\" alt=\"\" width=\"492\" height=\"301\" srcset=\"https:\/\/www.ine.gob.bo\/wp-content\/uploads\/2019\/07\/Tapacari4.png 492w, https:\/\/www.ine.gob.bo\/wp-content\/uploads\/2019\/07\/Tapacari4-300x184.png 300w\" sizes=\"auto, (max-width: 492px) 100vw, 492px\" \/><\/p>\n<blockquote><p><strong><em>UNIDAD DE DIFUSI\u00d3N Y COMUNICACI\u00d3N<\/em><\/strong><\/p>\n<p><strong>INSTITUTO NACIONAL DE ESTAD\u00cdSTICA<\/strong><\/p>\n<p>&nbsp;<\/p><\/blockquote>\n","protected":false},"excerpt":{"rendered":"<p>Cochabamba, 23 de enero de 2018 (INE).- \u00a0El Instituto Nacional de Estad\u00edstica (INE) inform\u00f3 a prop\u00f3sito de recordarse un aniversario m\u00e1s de la creaci\u00f3n del municipio Tapacar\u00ed, capital de la provincia del mismo nombre, que es el mayor productor de cebada en grano del departamento de Cochabamba con 19.971,2 quintales y una superficie de 745,6&hellip;<\/p>\n","protected":false},"author":1,"featured_media":39348,"comment_status":"closed","ping_status":"open","sticky":false,"template":"","format":"standard","meta":[],"categories":[158],"tags":[],"class_list":["post-39344","post","type-post","status-publish","format-standard","has-post-thumbnail","hentry","category-ine-noticias","category-158","description-off"],"yoast_head":"<!-- This site is optimized with the Yoast SEO plugin v23.2 - https:\/\/yoast.com\/wordpress\/plugins\/seo\/ -->\n<title>Tapacar\u00ed lidera en la producci\u00f3n de cebada en grano de Cochabamba - INE<\/title>\n<meta name=\"description\" content=\"P\u00e1gina oficial del Instituto Nacional de Estadistica INE, informaci\u00f3n estad\u00edstica, geogr\u00e1fica y econ\u00f3mica a nivel nacional.\" \/>\n<meta name=\"robots\" content=\"index, follow, max-snippet:-1, max-image-preview:large, max-video-preview:-1\" \/>\n<link rel=\"canonical\" href=\"https:\/\/www.ine.gob.bo\/index.php\/tapacari-lidera-en-la-produccion-de-cebada-en-grano-de-cochabamba\/\" \/>\n<meta property=\"og:locale\" content=\"es_ES\" \/>\n<meta property=\"og:type\" content=\"article\" \/>\n<meta property=\"og:title\" content=\"Tapacar\u00ed lidera en la producci\u00f3n de cebada en grano de Cochabamba - INE\" \/>\n<meta property=\"og:description\" content=\"P\u00e1gina oficial del Instituto Nacional de Estadistica INE, informaci\u00f3n estad\u00edstica, geogr\u00e1fica y econ\u00f3mica a nivel nacional.\" \/>\n<meta property=\"og:url\" content=\"https:\/\/www.ine.gob.bo\/index.php\/tapacari-lidera-en-la-produccion-de-cebada-en-grano-de-cochabamba\/\" \/>\n<meta property=\"og:site_name\" content=\"INE\" \/>\n<meta property=\"article:publisher\" content=\"https:\/\/www.facebook.com\/ineboliviaoficial\" \/>\n<meta property=\"article:published_time\" content=\"2018-01-23T20:55:40+00:00\" \/>\n<meta property=\"article:modified_time\" content=\"2019-07-15T20:00:12+00:00\" \/>\n<meta property=\"og:image\" content=\"https:\/\/www.ine.gob.bo\/wp-content\/uploads\/2019\/07\/Tapacari4.png\" \/>\n\t<meta property=\"og:image:width\" content=\"492\" \/>\n\t<meta property=\"og:image:height\" content=\"301\" \/>\n\t<meta property=\"og:image:type\" content=\"image\/png\" \/>\n<meta name=\"author\" content=\"4dmin-root\" \/>\n<meta name=\"twitter:card\" content=\"summary_large_image\" \/>\n<meta name=\"twitter:creator\" content=\"@INE_Bolivia\" \/>\n<meta name=\"twitter:site\" content=\"@INE_Bolivia\" \/>\n<meta name=\"twitter:label1\" content=\"Escrito por\" \/>\n\t<meta name=\"twitter:data1\" content=\"4dmin-root\" \/>\n\t<meta name=\"twitter:label2\" content=\"Tiempo de lectura\" \/>\n\t<meta name=\"twitter:data2\" content=\"1 minuto\" \/>\n<script type=\"application\/ld+json\" class=\"yoast-schema-graph\">{\"@context\":\"https:\/\/schema.org\",\"@graph\":[{\"@type\":\"Article\",\"@id\":\"https:\/\/www.ine.gob.bo\/index.php\/tapacari-lidera-en-la-produccion-de-cebada-en-grano-de-cochabamba\/#article\",\"isPartOf\":{\"@id\":\"https:\/\/www.ine.gob.bo\/index.php\/tapacari-lidera-en-la-produccion-de-cebada-en-grano-de-cochabamba\/\"},\"author\":{\"name\":\"4dmin-root\",\"@id\":\"https:\/\/www.ine.gob.bo\/#\/schema\/person\/4b9ab894e9de9fb7f2078269aea371be\"},\"headline\":\"Tapacar\u00ed lidera en la producci\u00f3n de cebada en grano de Cochabamba\",\"datePublished\":\"2018-01-23T20:55:40+00:00\",\"dateModified\":\"2019-07-15T20:00:12+00:00\",\"mainEntityOfPage\":{\"@id\":\"https:\/\/www.ine.gob.bo\/index.php\/tapacari-lidera-en-la-produccion-de-cebada-en-grano-de-cochabamba\/\"},\"wordCount\":255,\"publisher\":{\"@id\":\"https:\/\/www.ine.gob.bo\/#organization\"},\"image\":{\"@id\":\"https:\/\/www.ine.gob.bo\/index.php\/tapacari-lidera-en-la-produccion-de-cebada-en-grano-de-cochabamba\/#primaryimage\"},\"thumbnailUrl\":\"https:\/\/www.ine.gob.bo\/wp-content\/uploads\/2019\/07\/Tapacari4.png\",\"articleSection\":[\"INE noticias\"],\"inLanguage\":\"es\"},{\"@type\":\"WebPage\",\"@id\":\"https:\/\/www.ine.gob.bo\/index.php\/tapacari-lidera-en-la-produccion-de-cebada-en-grano-de-cochabamba\/\",\"url\":\"https:\/\/www.ine.gob.bo\/index.php\/tapacari-lidera-en-la-produccion-de-cebada-en-grano-de-cochabamba\/\",\"name\":\"Tapacar\u00ed lidera en la producci\u00f3n de cebada en grano de Cochabamba - INE\",\"isPartOf\":{\"@id\":\"https:\/\/www.ine.gob.bo\/#website\"},\"primaryImageOfPage\":{\"@id\":\"https:\/\/www.ine.gob.bo\/index.php\/tapacari-lidera-en-la-produccion-de-cebada-en-grano-de-cochabamba\/#primaryimage\"},\"image\":{\"@id\":\"https:\/\/www.ine.gob.bo\/index.php\/tapacari-lidera-en-la-produccion-de-cebada-en-grano-de-cochabamba\/#primaryimage\"},\"thumbnailUrl\":\"https:\/\/www.ine.gob.bo\/wp-content\/uploads\/2019\/07\/Tapacari4.png\",\"datePublished\":\"2018-01-23T20:55:40+00:00\",\"dateModified\":\"2019-07-15T20:00:12+00:00\",\"description\":\"P\u00e1gina oficial del Instituto Nacional de Estadistica INE, informaci\u00f3n estad\u00edstica, geogr\u00e1fica y econ\u00f3mica a nivel nacional.\",\"breadcrumb\":{\"@id\":\"https:\/\/www.ine.gob.bo\/index.php\/tapacari-lidera-en-la-produccion-de-cebada-en-grano-de-cochabamba\/#breadcrumb\"},\"inLanguage\":\"es\",\"potentialAction\":[{\"@type\":\"ReadAction\",\"target\":[\"https:\/\/www.ine.gob.bo\/index.php\/tapacari-lidera-en-la-produccion-de-cebada-en-grano-de-cochabamba\/\"]}]},{\"@type\":\"ImageObject\",\"inLanguage\":\"es\",\"@id\":\"https:\/\/www.ine.gob.bo\/index.php\/tapacari-lidera-en-la-produccion-de-cebada-en-grano-de-cochabamba\/#primaryimage\",\"url\":\"https:\/\/www.ine.gob.bo\/wp-content\/uploads\/2019\/07\/Tapacari4.png\",\"contentUrl\":\"https:\/\/www.ine.gob.bo\/wp-content\/uploads\/2019\/07\/Tapacari4.png\",\"width\":492,\"height\":301},{\"@type\":\"BreadcrumbList\",\"@id\":\"https:\/\/www.ine.gob.bo\/index.php\/tapacari-lidera-en-la-produccion-de-cebada-en-grano-de-cochabamba\/#breadcrumb\",\"itemListElement\":[{\"@type\":\"ListItem\",\"position\":1,\"name\":\"Portada\",\"item\":\"https:\/\/www.ine.gob.bo\/\"},{\"@type\":\"ListItem\",\"position\":2,\"name\":\"Tapacar\u00ed lidera en la producci\u00f3n de cebada en grano de Cochabamba\"}]},{\"@type\":\"WebSite\",\"@id\":\"https:\/\/www.ine.gob.bo\/#website\",\"url\":\"https:\/\/www.ine.gob.bo\/\",\"name\":\"INE\",\"description\":\"Instituto Nacional de Estad\u00edstica\",\"publisher\":{\"@id\":\"https:\/\/www.ine.gob.bo\/#organization\"},\"potentialAction\":[{\"@type\":\"SearchAction\",\"target\":{\"@type\":\"EntryPoint\",\"urlTemplate\":\"https:\/\/www.ine.gob.bo\/?s={search_term_string}\"},\"query-input\":\"required name=search_term_string\"}],\"inLanguage\":\"es\"},{\"@type\":\"Organization\",\"@id\":\"https:\/\/www.ine.gob.bo\/#organization\",\"name\":\"Instituto Nacional de Estad\u00edstica\",\"url\":\"https:\/\/www.ine.gob.bo\/\",\"logo\":{\"@type\":\"ImageObject\",\"inLanguage\":\"es\",\"@id\":\"https:\/\/www.ine.gob.bo\/#\/schema\/logo\/image\/\",\"url\":\"https:\/\/www.ine.gob.bo\/wp-content\/uploads\/2026\/02\/logo-ine.jpg\",\"contentUrl\":\"https:\/\/www.ine.gob.bo\/wp-content\/uploads\/2026\/02\/logo-ine.jpg\",\"width\":799,\"height\":453,\"caption\":\"Instituto Nacional de Estad\u00edstica\"},\"image\":{\"@id\":\"https:\/\/www.ine.gob.bo\/#\/schema\/logo\/image\/\"},\"sameAs\":[\"https:\/\/www.facebook.com\/ineboliviaoficial\",\"https:\/\/x.com\/INE_Bolivia\",\"https:\/\/www.instagram.com\/ineboliviaoficial\/\",\"https:\/\/www.youtube.com\/channel\/UCbIQXKLw414g5kWo1tAwqCg\"]},{\"@type\":\"Person\",\"@id\":\"https:\/\/www.ine.gob.bo\/#\/schema\/person\/4b9ab894e9de9fb7f2078269aea371be\",\"name\":\"4dmin-root\",\"image\":{\"@type\":\"ImageObject\",\"inLanguage\":\"es\",\"@id\":\"https:\/\/www.ine.gob.bo\/#\/schema\/person\/image\/\",\"url\":\"https:\/\/secure.gravatar.com\/avatar\/0824ec9f3a25d622e58133204574c46e0832b417c3b610112cf50ccc044cbefe?s=96&d=mm&r=g\",\"contentUrl\":\"https:\/\/secure.gravatar.com\/avatar\/0824ec9f3a25d622e58133204574c46e0832b417c3b610112cf50ccc044cbefe?s=96&d=mm&r=g\",\"caption\":\"4dmin-root\"},\"url\":\"https:\/\/www.ine.gob.bo\/index.php\/author\/4dmin-root\/\"}]}<\/script>\n<!-- \/ Yoast SEO plugin. -->","yoast_head_json":{"title":"Tapacar\u00ed lidera en la producci\u00f3n de cebada en grano de Cochabamba - INE","description":"P\u00e1gina oficial del Instituto Nacional de Estadistica INE, informaci\u00f3n estad\u00edstica, geogr\u00e1fica y econ\u00f3mica a nivel nacional.","robots":{"index":"index","follow":"follow","max-snippet":"max-snippet:-1","max-image-preview":"max-image-preview:large","max-video-preview":"max-video-preview:-1"},"canonical":"https:\/\/www.ine.gob.bo\/index.php\/tapacari-lidera-en-la-produccion-de-cebada-en-grano-de-cochabamba\/","og_locale":"es_ES","og_type":"article","og_title":"Tapacar\u00ed lidera en la producci\u00f3n de cebada en grano de Cochabamba - INE","og_description":"P\u00e1gina oficial del Instituto Nacional de Estadistica INE, informaci\u00f3n estad\u00edstica, geogr\u00e1fica y econ\u00f3mica a nivel nacional.","og_url":"https:\/\/www.ine.gob.bo\/index.php\/tapacari-lidera-en-la-produccion-de-cebada-en-grano-de-cochabamba\/","og_site_name":"INE","article_publisher":"https:\/\/www.facebook.com\/ineboliviaoficial","article_published_time":"2018-01-23T20:55:40+00:00","article_modified_time":"2019-07-15T20:00:12+00:00","og_image":[{"width":492,"height":301,"url":"https:\/\/www.ine.gob.bo\/wp-content\/uploads\/2019\/07\/Tapacari4.png","type":"image\/png"}],"author":"4dmin-root","twitter_card":"summary_large_image","twitter_creator":"@INE_Bolivia","twitter_site":"@INE_Bolivia","twitter_misc":{"Escrito por":"4dmin-root","Tiempo de lectura":"1 minuto"},"schema":{"@context":"https:\/\/schema.org","@graph":[{"@type":"Article","@id":"https:\/\/www.ine.gob.bo\/index.php\/tapacari-lidera-en-la-produccion-de-cebada-en-grano-de-cochabamba\/#article","isPartOf":{"@id":"https:\/\/www.ine.gob.bo\/index.php\/tapacari-lidera-en-la-produccion-de-cebada-en-grano-de-cochabamba\/"},"author":{"name":"4dmin-root","@id":"https:\/\/www.ine.gob.bo\/#\/schema\/person\/4b9ab894e9de9fb7f2078269aea371be"},"headline":"Tapacar\u00ed lidera en la producci\u00f3n de cebada en grano de Cochabamba","datePublished":"2018-01-23T20:55:40+00:00","dateModified":"2019-07-15T20:00:12+00:00","mainEntityOfPage":{"@id":"https:\/\/www.ine.gob.bo\/index.php\/tapacari-lidera-en-la-produccion-de-cebada-en-grano-de-cochabamba\/"},"wordCount":255,"publisher":{"@id":"https:\/\/www.ine.gob.bo\/#organization"},"image":{"@id":"https:\/\/www.ine.gob.bo\/index.php\/tapacari-lidera-en-la-produccion-de-cebada-en-grano-de-cochabamba\/#primaryimage"},"thumbnailUrl":"https:\/\/www.ine.gob.bo\/wp-content\/uploads\/2019\/07\/Tapacari4.png","articleSection":["INE noticias"],"inLanguage":"es"},{"@type":"WebPage","@id":"https:\/\/www.ine.gob.bo\/index.php\/tapacari-lidera-en-la-produccion-de-cebada-en-grano-de-cochabamba\/","url":"https:\/\/www.ine.gob.bo\/index.php\/tapacari-lidera-en-la-produccion-de-cebada-en-grano-de-cochabamba\/","name":"Tapacar\u00ed lidera en la producci\u00f3n de cebada en grano de Cochabamba - INE","isPartOf":{"@id":"https:\/\/www.ine.gob.bo\/#website"},"primaryImageOfPage":{"@id":"https:\/\/www.ine.gob.bo\/index.php\/tapacari-lidera-en-la-produccion-de-cebada-en-grano-de-cochabamba\/#primaryimage"},"image":{"@id":"https:\/\/www.ine.gob.bo\/index.php\/tapacari-lidera-en-la-produccion-de-cebada-en-grano-de-cochabamba\/#primaryimage"},"thumbnailUrl":"https:\/\/www.ine.gob.bo\/wp-content\/uploads\/2019\/07\/Tapacari4.png","datePublished":"2018-01-23T20:55:40+00:00","dateModified":"2019-07-15T20:00:12+00:00","description":"P\u00e1gina oficial del Instituto Nacional de Estadistica INE, informaci\u00f3n estad\u00edstica, geogr\u00e1fica y econ\u00f3mica a nivel nacional.","breadcrumb":{"@id":"https:\/\/www.ine.gob.bo\/index.php\/tapacari-lidera-en-la-produccion-de-cebada-en-grano-de-cochabamba\/#breadcrumb"},"inLanguage":"es","potentialAction":[{"@type":"ReadAction","target":["https:\/\/www.ine.gob.bo\/index.php\/tapacari-lidera-en-la-produccion-de-cebada-en-grano-de-cochabamba\/"]}]},{"@type":"ImageObject","inLanguage":"es","@id":"https:\/\/www.ine.gob.bo\/index.php\/tapacari-lidera-en-la-produccion-de-cebada-en-grano-de-cochabamba\/#primaryimage","url":"https:\/\/www.ine.gob.bo\/wp-content\/uploads\/2019\/07\/Tapacari4.png","contentUrl":"https:\/\/www.ine.gob.bo\/wp-content\/uploads\/2019\/07\/Tapacari4.png","width":492,"height":301},{"@type":"BreadcrumbList","@id":"https:\/\/www.ine.gob.bo\/index.php\/tapacari-lidera-en-la-produccion-de-cebada-en-grano-de-cochabamba\/#breadcrumb","itemListElement":[{"@type":"ListItem","position":1,"name":"Portada","item":"https:\/\/www.ine.gob.bo\/"},{"@type":"ListItem","position":2,"name":"Tapacar\u00ed lidera en la producci\u00f3n de cebada en grano de Cochabamba"}]},{"@type":"WebSite","@id":"https:\/\/www.ine.gob.bo\/#website","url":"https:\/\/www.ine.gob.bo\/","name":"INE","description":"Instituto Nacional de Estad\u00edstica","publisher":{"@id":"https:\/\/www.ine.gob.bo\/#organization"},"potentialAction":[{"@type":"SearchAction","target":{"@type":"EntryPoint","urlTemplate":"https:\/\/www.ine.gob.bo\/?s={search_term_string}"},"query-input":"required name=search_term_string"}],"inLanguage":"es"},{"@type":"Organization","@id":"https:\/\/www.ine.gob.bo\/#organization","name":"Instituto Nacional de Estad\u00edstica","url":"https:\/\/www.ine.gob.bo\/","logo":{"@type":"ImageObject","inLanguage":"es","@id":"https:\/\/www.ine.gob.bo\/#\/schema\/logo\/image\/","url":"https:\/\/www.ine.gob.bo\/wp-content\/uploads\/2026\/02\/logo-ine.jpg","contentUrl":"https:\/\/www.ine.gob.bo\/wp-content\/uploads\/2026\/02\/logo-ine.jpg","width":799,"height":453,"caption":"Instituto Nacional de Estad\u00edstica"},"image":{"@id":"https:\/\/www.ine.gob.bo\/#\/schema\/logo\/image\/"},"sameAs":["https:\/\/www.facebook.com\/ineboliviaoficial","https:\/\/x.com\/INE_Bolivia","https:\/\/www.instagram.com\/ineboliviaoficial\/","https:\/\/www.youtube.com\/channel\/UCbIQXKLw414g5kWo1tAwqCg"]},{"@type":"Person","@id":"https:\/\/www.ine.gob.bo\/#\/schema\/person\/4b9ab894e9de9fb7f2078269aea371be","name":"4dmin-root","image":{"@type":"ImageObject","inLanguage":"es","@id":"https:\/\/www.ine.gob.bo\/#\/schema\/person\/image\/","url":"https:\/\/secure.gravatar.com\/avatar\/0824ec9f3a25d622e58133204574c46e0832b417c3b610112cf50ccc044cbefe?s=96&d=mm&r=g","contentUrl":"https:\/\/secure.gravatar.com\/avatar\/0824ec9f3a25d622e58133204574c46e0832b417c3b610112cf50ccc044cbefe?s=96&d=mm&r=g","caption":"4dmin-root"},"url":"https:\/\/www.ine.gob.bo\/index.php\/author\/4dmin-root\/"}]}},"rttpg_featured_image_url":{"full":["https:\/\/www.ine.gob.bo\/wp-content\/uploads\/2019\/07\/Tapacari4.png",492,301,false],"landscape":["https:\/\/www.ine.gob.bo\/wp-content\/uploads\/2019\/07\/Tapacari4.png",492,301,false],"portraits":["https:\/\/www.ine.gob.bo\/wp-content\/uploads\/2019\/07\/Tapacari4.png",492,301,false],"thumbnail":["https:\/\/www.ine.gob.bo\/wp-content\/uploads\/2019\/07\/Tapacari4-150x150.png",150,150,true],"medium":["https:\/\/www.ine.gob.bo\/wp-content\/uploads\/2019\/07\/Tapacari4-300x184.png",300,184,true],"large":["https:\/\/www.ine.gob.bo\/wp-content\/uploads\/2019\/07\/Tapacari4.png",492,301,false],"1536x1536":["https:\/\/www.ine.gob.bo\/wp-content\/uploads\/2019\/07\/Tapacari4.png",492,301,false],"2048x2048":["https:\/\/www.ine.gob.bo\/wp-content\/uploads\/2019\/07\/Tapacari4.png",492,301,false]},"rttpg_author":{"display_name":"4dmin-root","author_link":"https:\/\/www.ine.gob.bo\/index.php\/author\/4dmin-root\/"},"rttpg_comment":0,"rttpg_category":"<a href=\"https:\/\/www.ine.gob.bo\/index.php\/category\/ine-noticias\/\" rel=\"category tag\">INE noticias<\/a>","rttpg_excerpt":"Cochabamba, 23 de enero de 2018 (INE).- \u00a0El Instituto Nacional de Estad\u00edstica (INE) inform\u00f3 a prop\u00f3sito de recordarse un aniversario m\u00e1s de la creaci\u00f3n del municipio Tapacar\u00ed, capital de la provincia del mismo nombre, que es el mayor productor de cebada en grano del departamento de Cochabamba con 19.971,2 quintales y una superficie de 745,6&hellip;","_links":{"self":[{"href":"https:\/\/www.ine.gob.bo\/index.php\/wp-json\/wp\/v2\/posts\/39344","targetHints":{"allow":["GET"]}}],"collection":[{"href":"https:\/\/www.ine.gob.bo\/index.php\/wp-json\/wp\/v2\/posts"}],"about":[{"href":"https:\/\/www.ine.gob.bo\/index.php\/wp-json\/wp\/v2\/types\/post"}],"author":[{"embeddable":true,"href":"https:\/\/www.ine.gob.bo\/index.php\/wp-json\/wp\/v2\/users\/1"}],"replies":[{"embeddable":true,"href":"https:\/\/www.ine.gob.bo\/index.php\/wp-json\/wp\/v2\/comments?post=39344"}],"version-history":[{"count":0,"href":"https:\/\/www.ine.gob.bo\/index.php\/wp-json\/wp\/v2\/posts\/39344\/revisions"}],"wp:featuredmedia":[{"embeddable":true,"href":"https:\/\/www.ine.gob.bo\/index.php\/wp-json\/wp\/v2\/media\/39348"}],"wp:attachment":[{"href":"https:\/\/www.ine.gob.bo\/index.php\/wp-json\/wp\/v2\/media?parent=39344"}],"wp:term":[{"taxonomy":"category","embeddable":true,"href":"https:\/\/www.ine.gob.bo\/index.php\/wp-json\/wp\/v2\/categories?post=39344"},{"taxonomy":"post_tag","embeddable":true,"href":"https:\/\/www.ine.gob.bo\/index.php\/wp-json\/wp\/v2\/tags?post=39344"}],"curies":[{"name":"wp","href":"https:\/\/api.w.org\/{rel}","templated":true}]}}