{"id":39177,"date":"2018-04-04T16:50:44","date_gmt":"2018-04-04T14:50:44","guid":{"rendered":"https:\/\/www.ine.gob.bo\/?p=39177"},"modified":"2019-07-15T16:55:10","modified_gmt":"2019-07-15T14:55:10","slug":"el-indice-de-precios-al-consumidor-registro-variacion-negativa-de-013","status":"publish","type":"post","link":"https:\/\/www.ine.gob.bo\/index.php\/el-indice-de-precios-al-consumidor-registro-variacion-negativa-de-013\/","title":{"rendered":"El \u00cdndice de Precios al Consumidor registr\u00f3 variaci\u00f3n negativa de 0,13%"},"content":{"rendered":"<p class=\"TextoNP\"><strong>INE &#8211; La Paz, 4 de abril de 2018.-<\/strong>\u00a0El \u00cdndice de Precios al Consumidor (IPC) registr\u00f3 en marzo variaci\u00f3n porcentual negativa de 0,13% respecto al \u00edndice del pasado mes (menor a la registrada en 2017 con variaci\u00f3n positiva de 0,01%), variaci\u00f3n acumulada 0,50% y variaci\u00f3n a doce meses de 2,73%.<\/p>\n<p><strong>Cuadro N\u00ba 1<\/strong><\/p>\n<p><strong>BOLIVIA: \u00cdNDICE DE PRECIOS AL CONSUMIDOR, VARIACI\u00d3N PORCENTUAL MENSUAL, ACUMULADA Y A DOCE MESES, 2017 Y 2018<\/strong><\/p>\n<p><strong>(Base 2016)<\/strong><\/p>\n<p><img loading=\"lazy\" decoding=\"async\" class=\"alignnone size-full wp-image-39178\" src=\"https:\/\/www.ine.gob.bo\/wp-content\/uploads\/2019\/07\/IPC_1-4.png\" alt=\"\" width=\"987\" height=\"464\" srcset=\"https:\/\/www.ine.gob.bo\/wp-content\/uploads\/2019\/07\/IPC_1-4.png 987w, https:\/\/www.ine.gob.bo\/wp-content\/uploads\/2019\/07\/IPC_1-4-300x141.png 300w, https:\/\/www.ine.gob.bo\/wp-content\/uploads\/2019\/07\/IPC_1-4-768x361.png 768w\" sizes=\"auto, (max-width: 987px) 100vw, 987px\" \/><\/p>\n<p><strong>Gr\u00e1fico N\u00ba 1<\/strong><\/p>\n<p><strong>BOLIVIA: VARIACI\u00d3N PORCENTUAL MENSUAL DEL IPC, 2017 Y 2018<\/strong><\/p>\n<p><img loading=\"lazy\" decoding=\"async\" class=\"alignnone size-full wp-image-39179\" src=\"https:\/\/www.ine.gob.bo\/wp-content\/uploads\/2019\/07\/IPC_2-4.png\" alt=\"\" width=\"945\" height=\"640\" srcset=\"https:\/\/www.ine.gob.bo\/wp-content\/uploads\/2019\/07\/IPC_2-4.png 945w, https:\/\/www.ine.gob.bo\/wp-content\/uploads\/2019\/07\/IPC_2-4-300x203.png 300w, https:\/\/www.ine.gob.bo\/wp-content\/uploads\/2019\/07\/IPC_2-4-768x520.png 768w\" sizes=\"auto, (max-width: 945px) 100vw, 945px\" \/><\/p>\n<p>La variaci\u00f3n negativa de 0,13% se explica principalmente por la variaci\u00f3n porcentual negativa en las siguientes ciudades y conurbaciones: Oruro 0,33%, Regi\u00f3n Metropolitana Kanata 0,28%, Conurbaci\u00f3n La Paz 0,22%, Potos\u00ed 0,19%, Sucre 0,05% y Conurbaci\u00f3n Santa Cruz 0,02%. Por el contrario, las ciudades que presentaron incremento de precios fueron: Cobija 1,17%, Trinidad 0,15% y Tarija 0,01%.<\/p>\n<p>&nbsp;<\/p>\n<p><strong>Gr\u00e1fico N\u00ba 2<\/strong><\/p>\n<p><strong>BOLIVIA: VARIACI\u00d3N PORCENTUAL MENSUAL DEL \u00cdNDICE DE PRECIOS<\/strong><\/p>\n<p><strong>AL CONSUMIDOR POR CIUDAD, MARZO DE 2018<\/strong><\/p>\n<p><img loading=\"lazy\" decoding=\"async\" class=\"alignnone size-full wp-image-39180\" src=\"https:\/\/www.ine.gob.bo\/wp-content\/uploads\/2019\/07\/IPC_3-4.png\" alt=\"\" width=\"709\" height=\"648\" srcset=\"https:\/\/www.ine.gob.bo\/wp-content\/uploads\/2019\/07\/IPC_3-4.png 709w, https:\/\/www.ine.gob.bo\/wp-content\/uploads\/2019\/07\/IPC_3-4-300x274.png 300w\" sizes=\"auto, (max-width: 709px) 100vw, 709px\" \/><\/p>\n<p>La variaci\u00f3n negativa se debi\u00f3 principalmente al decremento de los precios de las divisiones Prendas de Vestir y Calzados 0,46% e incidencia negativa de 0,03%,\u00a0Alimentos y Bebidas no Alcoh\u00f3licas\u00a00,44% e incidencia negativa de 0,12% y Transporte 0,25% e incidencia negativa de 0,02%.<\/p>\n<p><strong>Gr\u00e1fico N\u00ba 3<\/strong><\/p>\n<p><strong>BOLIVIA: VARIACI\u00d3N PORCENTUAL DEL IPC POR DIVISI\u00d3N, MARZO DE 2018<\/strong><\/p>\n<p><strong>(<\/strong><strong>Base 2016)<\/strong><\/p>\n<p><img loading=\"lazy\" decoding=\"async\" class=\"alignnone size-full wp-image-39181\" src=\"https:\/\/www.ine.gob.bo\/wp-content\/uploads\/2019\/07\/IPC_4-3.png\" alt=\"\" width=\"847\" height=\"581\" srcset=\"https:\/\/www.ine.gob.bo\/wp-content\/uploads\/2019\/07\/IPC_4-3.png 847w, https:\/\/www.ine.gob.bo\/wp-content\/uploads\/2019\/07\/IPC_4-3-300x206.png 300w, https:\/\/www.ine.gob.bo\/wp-content\/uploads\/2019\/07\/IPC_4-3-768x527.png 768w\" sizes=\"auto, (max-width: 847px) 100vw, 847px\" \/><\/p>\n<p class=\"SubttuloNP\">Los precios del tomate, queso y almuerzo en local presentaron mayor incidencia positiva en el mes de marzo. En cambio, los principales productos que registraron mayor incidencia negativa son: carne de pollo, papa y zanahoria.<\/p>\n<p class=\"TextoNP\"><strong>Cuadro N\u00ba 2<\/strong><\/p>\n<p class=\"TextoNP\"><strong>BOLIVIA: PRODUCTOS CON MAYOR INCIDENCIA POSITIVA Y NEGATIVA, MARZO DE 2018<\/strong><\/p>\n<p class=\"TextoNP\"><strong>(En porcentaje)<\/strong><\/p>\n<p><img loading=\"lazy\" decoding=\"async\" class=\"alignnone size-full wp-image-39182\" src=\"https:\/\/www.ine.gob.bo\/wp-content\/uploads\/2019\/07\/IPC_5-2.png\" alt=\"\" width=\"849\" height=\"393\" srcset=\"https:\/\/www.ine.gob.bo\/wp-content\/uploads\/2019\/07\/IPC_5-2.png 849w, https:\/\/www.ine.gob.bo\/wp-content\/uploads\/2019\/07\/IPC_5-2-300x139.png 300w, https:\/\/www.ine.gob.bo\/wp-content\/uploads\/2019\/07\/IPC_5-2-768x356.png 768w\" sizes=\"auto, (max-width: 849px) 100vw, 849px\" \/><\/p>\n<blockquote><p><strong><em>UNIDAD DE DIFUSI\u00d3N Y COMUNICACI\u00d3N<\/em><\/strong><\/p>\n<p><strong>INSTITUTO NACIONAL DE ESTAD\u00cdSTICA<\/strong><\/p><\/blockquote>\n","protected":false},"excerpt":{"rendered":"<p>INE &#8211; La Paz, 4 de abril de 2018.-\u00a0El \u00cdndice de Precios al Consumidor (IPC) registr\u00f3 en marzo variaci\u00f3n porcentual negativa de 0,13% respecto al \u00edndice del pasado mes (menor a la registrada en 2017 con variaci\u00f3n positiva de 0,01%), variaci\u00f3n acumulada 0,50% y variaci\u00f3n a doce meses de 2,73%. Cuadro N\u00ba 1 BOLIVIA: \u00cdNDICE&hellip;<\/p>\n","protected":false},"author":1,"featured_media":39181,"comment_status":"closed","ping_status":"open","sticky":false,"template":"","format":"standard","meta":[],"categories":[158],"tags":[],"class_list":["post-39177","post","type-post","status-publish","format-standard","has-post-thumbnail","hentry","category-ine-noticias","category-158","description-off"],"yoast_head":"<!-- This site is optimized with the Yoast SEO plugin v23.2 - https:\/\/yoast.com\/wordpress\/plugins\/seo\/ -->\n<title>El \u00cdndice de Precios al Consumidor registr\u00f3 variaci\u00f3n negativa de 0,13% - INE<\/title>\n<meta name=\"description\" content=\"P\u00e1gina oficial del Instituto Nacional de Estadistica INE, informaci\u00f3n estad\u00edstica, geogr\u00e1fica y econ\u00f3mica a nivel nacional.\" \/>\n<meta name=\"robots\" content=\"index, follow, max-snippet:-1, max-image-preview:large, max-video-preview:-1\" \/>\n<link rel=\"canonical\" href=\"https:\/\/www.ine.gob.bo\/index.php\/el-indice-de-precios-al-consumidor-registro-variacion-negativa-de-013\/\" \/>\n<meta property=\"og:locale\" content=\"es_ES\" \/>\n<meta property=\"og:type\" content=\"article\" \/>\n<meta property=\"og:title\" content=\"El \u00cdndice de Precios al Consumidor registr\u00f3 variaci\u00f3n negativa de 0,13% - INE\" \/>\n<meta property=\"og:description\" content=\"P\u00e1gina oficial del Instituto Nacional de Estadistica INE, informaci\u00f3n estad\u00edstica, geogr\u00e1fica y econ\u00f3mica a nivel nacional.\" \/>\n<meta property=\"og:url\" content=\"https:\/\/www.ine.gob.bo\/index.php\/el-indice-de-precios-al-consumidor-registro-variacion-negativa-de-013\/\" \/>\n<meta property=\"og:site_name\" content=\"INE\" \/>\n<meta property=\"article:publisher\" content=\"https:\/\/www.facebook.com\/ineboliviaoficial\" \/>\n<meta property=\"article:published_time\" content=\"2018-04-04T14:50:44+00:00\" \/>\n<meta property=\"article:modified_time\" content=\"2019-07-15T14:55:10+00:00\" \/>\n<meta property=\"og:image\" content=\"https:\/\/www.ine.gob.bo\/wp-content\/uploads\/2019\/07\/IPC_4-3.png\" \/>\n\t<meta property=\"og:image:width\" content=\"847\" \/>\n\t<meta property=\"og:image:height\" content=\"581\" \/>\n\t<meta property=\"og:image:type\" content=\"image\/png\" \/>\n<meta name=\"author\" content=\"4dmin-root\" \/>\n<meta name=\"twitter:card\" content=\"summary_large_image\" \/>\n<meta name=\"twitter:creator\" content=\"@INE_Bolivia\" \/>\n<meta name=\"twitter:site\" content=\"@INE_Bolivia\" \/>\n<meta name=\"twitter:label1\" content=\"Escrito por\" \/>\n\t<meta name=\"twitter:data1\" content=\"4dmin-root\" \/>\n\t<meta name=\"twitter:label2\" content=\"Tiempo de lectura\" \/>\n\t<meta name=\"twitter:data2\" content=\"1 minuto\" \/>\n<script type=\"application\/ld+json\" class=\"yoast-schema-graph\">{\"@context\":\"https:\/\/schema.org\",\"@graph\":[{\"@type\":\"Article\",\"@id\":\"https:\/\/www.ine.gob.bo\/index.php\/el-indice-de-precios-al-consumidor-registro-variacion-negativa-de-013\/#article\",\"isPartOf\":{\"@id\":\"https:\/\/www.ine.gob.bo\/index.php\/el-indice-de-precios-al-consumidor-registro-variacion-negativa-de-013\/\"},\"author\":{\"name\":\"4dmin-root\",\"@id\":\"https:\/\/www.ine.gob.bo\/#\/schema\/person\/4b9ab894e9de9fb7f2078269aea371be\"},\"headline\":\"El \u00cdndice de Precios al Consumidor registr\u00f3 variaci\u00f3n negativa de 0,13%\",\"datePublished\":\"2018-04-04T14:50:44+00:00\",\"dateModified\":\"2019-07-15T14:55:10+00:00\",\"mainEntityOfPage\":{\"@id\":\"https:\/\/www.ine.gob.bo\/index.php\/el-indice-de-precios-al-consumidor-registro-variacion-negativa-de-013\/\"},\"wordCount\":276,\"publisher\":{\"@id\":\"https:\/\/www.ine.gob.bo\/#organization\"},\"image\":{\"@id\":\"https:\/\/www.ine.gob.bo\/index.php\/el-indice-de-precios-al-consumidor-registro-variacion-negativa-de-013\/#primaryimage\"},\"thumbnailUrl\":\"https:\/\/www.ine.gob.bo\/wp-content\/uploads\/2019\/07\/IPC_4-3.png\",\"articleSection\":[\"INE noticias\"],\"inLanguage\":\"es\"},{\"@type\":\"WebPage\",\"@id\":\"https:\/\/www.ine.gob.bo\/index.php\/el-indice-de-precios-al-consumidor-registro-variacion-negativa-de-013\/\",\"url\":\"https:\/\/www.ine.gob.bo\/index.php\/el-indice-de-precios-al-consumidor-registro-variacion-negativa-de-013\/\",\"name\":\"El \u00cdndice de Precios al Consumidor registr\u00f3 variaci\u00f3n negativa de 0,13% - INE\",\"isPartOf\":{\"@id\":\"https:\/\/www.ine.gob.bo\/#website\"},\"primaryImageOfPage\":{\"@id\":\"https:\/\/www.ine.gob.bo\/index.php\/el-indice-de-precios-al-consumidor-registro-variacion-negativa-de-013\/#primaryimage\"},\"image\":{\"@id\":\"https:\/\/www.ine.gob.bo\/index.php\/el-indice-de-precios-al-consumidor-registro-variacion-negativa-de-013\/#primaryimage\"},\"thumbnailUrl\":\"https:\/\/www.ine.gob.bo\/wp-content\/uploads\/2019\/07\/IPC_4-3.png\",\"datePublished\":\"2018-04-04T14:50:44+00:00\",\"dateModified\":\"2019-07-15T14:55:10+00:00\",\"description\":\"P\u00e1gina oficial del Instituto Nacional de Estadistica INE, informaci\u00f3n estad\u00edstica, geogr\u00e1fica y econ\u00f3mica a nivel nacional.\",\"breadcrumb\":{\"@id\":\"https:\/\/www.ine.gob.bo\/index.php\/el-indice-de-precios-al-consumidor-registro-variacion-negativa-de-013\/#breadcrumb\"},\"inLanguage\":\"es\",\"potentialAction\":[{\"@type\":\"ReadAction\",\"target\":[\"https:\/\/www.ine.gob.bo\/index.php\/el-indice-de-precios-al-consumidor-registro-variacion-negativa-de-013\/\"]}]},{\"@type\":\"ImageObject\",\"inLanguage\":\"es\",\"@id\":\"https:\/\/www.ine.gob.bo\/index.php\/el-indice-de-precios-al-consumidor-registro-variacion-negativa-de-013\/#primaryimage\",\"url\":\"https:\/\/www.ine.gob.bo\/wp-content\/uploads\/2019\/07\/IPC_4-3.png\",\"contentUrl\":\"https:\/\/www.ine.gob.bo\/wp-content\/uploads\/2019\/07\/IPC_4-3.png\",\"width\":847,\"height\":581},{\"@type\":\"BreadcrumbList\",\"@id\":\"https:\/\/www.ine.gob.bo\/index.php\/el-indice-de-precios-al-consumidor-registro-variacion-negativa-de-013\/#breadcrumb\",\"itemListElement\":[{\"@type\":\"ListItem\",\"position\":1,\"name\":\"Portada\",\"item\":\"https:\/\/www.ine.gob.bo\/\"},{\"@type\":\"ListItem\",\"position\":2,\"name\":\"El \u00cdndice de Precios al Consumidor registr\u00f3 variaci\u00f3n negativa de 0,13%\"}]},{\"@type\":\"WebSite\",\"@id\":\"https:\/\/www.ine.gob.bo\/#website\",\"url\":\"https:\/\/www.ine.gob.bo\/\",\"name\":\"INE\",\"description\":\"Instituto Nacional de Estad\u00edstica\",\"publisher\":{\"@id\":\"https:\/\/www.ine.gob.bo\/#organization\"},\"potentialAction\":[{\"@type\":\"SearchAction\",\"target\":{\"@type\":\"EntryPoint\",\"urlTemplate\":\"https:\/\/www.ine.gob.bo\/?s={search_term_string}\"},\"query-input\":\"required name=search_term_string\"}],\"inLanguage\":\"es\"},{\"@type\":\"Organization\",\"@id\":\"https:\/\/www.ine.gob.bo\/#organization\",\"name\":\"Instituto Nacional de Estad\u00edstica\",\"url\":\"https:\/\/www.ine.gob.bo\/\",\"logo\":{\"@type\":\"ImageObject\",\"inLanguage\":\"es\",\"@id\":\"https:\/\/www.ine.gob.bo\/#\/schema\/logo\/image\/\",\"url\":\"https:\/\/www.ine.gob.bo\/wp-content\/uploads\/2026\/02\/logo-ine.jpg\",\"contentUrl\":\"https:\/\/www.ine.gob.bo\/wp-content\/uploads\/2026\/02\/logo-ine.jpg\",\"width\":799,\"height\":453,\"caption\":\"Instituto Nacional de Estad\u00edstica\"},\"image\":{\"@id\":\"https:\/\/www.ine.gob.bo\/#\/schema\/logo\/image\/\"},\"sameAs\":[\"https:\/\/www.facebook.com\/ineboliviaoficial\",\"https:\/\/x.com\/INE_Bolivia\",\"https:\/\/www.instagram.com\/ineboliviaoficial\/\",\"https:\/\/www.youtube.com\/channel\/UCbIQXKLw414g5kWo1tAwqCg\"]},{\"@type\":\"Person\",\"@id\":\"https:\/\/www.ine.gob.bo\/#\/schema\/person\/4b9ab894e9de9fb7f2078269aea371be\",\"name\":\"4dmin-root\",\"image\":{\"@type\":\"ImageObject\",\"inLanguage\":\"es\",\"@id\":\"https:\/\/www.ine.gob.bo\/#\/schema\/person\/image\/\",\"url\":\"https:\/\/secure.gravatar.com\/avatar\/0824ec9f3a25d622e58133204574c46e0832b417c3b610112cf50ccc044cbefe?s=96&d=mm&r=g\",\"contentUrl\":\"https:\/\/secure.gravatar.com\/avatar\/0824ec9f3a25d622e58133204574c46e0832b417c3b610112cf50ccc044cbefe?s=96&d=mm&r=g\",\"caption\":\"4dmin-root\"},\"url\":\"https:\/\/www.ine.gob.bo\/index.php\/author\/4dmin-root\/\"}]}<\/script>\n<!-- \/ Yoast SEO plugin. -->","yoast_head_json":{"title":"El \u00cdndice de Precios al Consumidor registr\u00f3 variaci\u00f3n negativa de 0,13% - INE","description":"P\u00e1gina oficial del Instituto Nacional de Estadistica INE, informaci\u00f3n estad\u00edstica, geogr\u00e1fica y econ\u00f3mica a nivel nacional.","robots":{"index":"index","follow":"follow","max-snippet":"max-snippet:-1","max-image-preview":"max-image-preview:large","max-video-preview":"max-video-preview:-1"},"canonical":"https:\/\/www.ine.gob.bo\/index.php\/el-indice-de-precios-al-consumidor-registro-variacion-negativa-de-013\/","og_locale":"es_ES","og_type":"article","og_title":"El \u00cdndice de Precios al Consumidor registr\u00f3 variaci\u00f3n negativa de 0,13% - INE","og_description":"P\u00e1gina oficial del Instituto Nacional de Estadistica INE, informaci\u00f3n estad\u00edstica, geogr\u00e1fica y econ\u00f3mica a nivel nacional.","og_url":"https:\/\/www.ine.gob.bo\/index.php\/el-indice-de-precios-al-consumidor-registro-variacion-negativa-de-013\/","og_site_name":"INE","article_publisher":"https:\/\/www.facebook.com\/ineboliviaoficial","article_published_time":"2018-04-04T14:50:44+00:00","article_modified_time":"2019-07-15T14:55:10+00:00","og_image":[{"width":847,"height":581,"url":"https:\/\/www.ine.gob.bo\/wp-content\/uploads\/2019\/07\/IPC_4-3.png","type":"image\/png"}],"author":"4dmin-root","twitter_card":"summary_large_image","twitter_creator":"@INE_Bolivia","twitter_site":"@INE_Bolivia","twitter_misc":{"Escrito por":"4dmin-root","Tiempo de lectura":"1 minuto"},"schema":{"@context":"https:\/\/schema.org","@graph":[{"@type":"Article","@id":"https:\/\/www.ine.gob.bo\/index.php\/el-indice-de-precios-al-consumidor-registro-variacion-negativa-de-013\/#article","isPartOf":{"@id":"https:\/\/www.ine.gob.bo\/index.php\/el-indice-de-precios-al-consumidor-registro-variacion-negativa-de-013\/"},"author":{"name":"4dmin-root","@id":"https:\/\/www.ine.gob.bo\/#\/schema\/person\/4b9ab894e9de9fb7f2078269aea371be"},"headline":"El \u00cdndice de Precios al Consumidor registr\u00f3 variaci\u00f3n negativa de 0,13%","datePublished":"2018-04-04T14:50:44+00:00","dateModified":"2019-07-15T14:55:10+00:00","mainEntityOfPage":{"@id":"https:\/\/www.ine.gob.bo\/index.php\/el-indice-de-precios-al-consumidor-registro-variacion-negativa-de-013\/"},"wordCount":276,"publisher":{"@id":"https:\/\/www.ine.gob.bo\/#organization"},"image":{"@id":"https:\/\/www.ine.gob.bo\/index.php\/el-indice-de-precios-al-consumidor-registro-variacion-negativa-de-013\/#primaryimage"},"thumbnailUrl":"https:\/\/www.ine.gob.bo\/wp-content\/uploads\/2019\/07\/IPC_4-3.png","articleSection":["INE noticias"],"inLanguage":"es"},{"@type":"WebPage","@id":"https:\/\/www.ine.gob.bo\/index.php\/el-indice-de-precios-al-consumidor-registro-variacion-negativa-de-013\/","url":"https:\/\/www.ine.gob.bo\/index.php\/el-indice-de-precios-al-consumidor-registro-variacion-negativa-de-013\/","name":"El \u00cdndice de Precios al Consumidor registr\u00f3 variaci\u00f3n negativa de 0,13% - INE","isPartOf":{"@id":"https:\/\/www.ine.gob.bo\/#website"},"primaryImageOfPage":{"@id":"https:\/\/www.ine.gob.bo\/index.php\/el-indice-de-precios-al-consumidor-registro-variacion-negativa-de-013\/#primaryimage"},"image":{"@id":"https:\/\/www.ine.gob.bo\/index.php\/el-indice-de-precios-al-consumidor-registro-variacion-negativa-de-013\/#primaryimage"},"thumbnailUrl":"https:\/\/www.ine.gob.bo\/wp-content\/uploads\/2019\/07\/IPC_4-3.png","datePublished":"2018-04-04T14:50:44+00:00","dateModified":"2019-07-15T14:55:10+00:00","description":"P\u00e1gina oficial del Instituto Nacional de Estadistica INE, informaci\u00f3n estad\u00edstica, geogr\u00e1fica y econ\u00f3mica a nivel nacional.","breadcrumb":{"@id":"https:\/\/www.ine.gob.bo\/index.php\/el-indice-de-precios-al-consumidor-registro-variacion-negativa-de-013\/#breadcrumb"},"inLanguage":"es","potentialAction":[{"@type":"ReadAction","target":["https:\/\/www.ine.gob.bo\/index.php\/el-indice-de-precios-al-consumidor-registro-variacion-negativa-de-013\/"]}]},{"@type":"ImageObject","inLanguage":"es","@id":"https:\/\/www.ine.gob.bo\/index.php\/el-indice-de-precios-al-consumidor-registro-variacion-negativa-de-013\/#primaryimage","url":"https:\/\/www.ine.gob.bo\/wp-content\/uploads\/2019\/07\/IPC_4-3.png","contentUrl":"https:\/\/www.ine.gob.bo\/wp-content\/uploads\/2019\/07\/IPC_4-3.png","width":847,"height":581},{"@type":"BreadcrumbList","@id":"https:\/\/www.ine.gob.bo\/index.php\/el-indice-de-precios-al-consumidor-registro-variacion-negativa-de-013\/#breadcrumb","itemListElement":[{"@type":"ListItem","position":1,"name":"Portada","item":"https:\/\/www.ine.gob.bo\/"},{"@type":"ListItem","position":2,"name":"El \u00cdndice de Precios al Consumidor registr\u00f3 variaci\u00f3n negativa de 0,13%"}]},{"@type":"WebSite","@id":"https:\/\/www.ine.gob.bo\/#website","url":"https:\/\/www.ine.gob.bo\/","name":"INE","description":"Instituto Nacional de Estad\u00edstica","publisher":{"@id":"https:\/\/www.ine.gob.bo\/#organization"},"potentialAction":[{"@type":"SearchAction","target":{"@type":"EntryPoint","urlTemplate":"https:\/\/www.ine.gob.bo\/?s={search_term_string}"},"query-input":"required name=search_term_string"}],"inLanguage":"es"},{"@type":"Organization","@id":"https:\/\/www.ine.gob.bo\/#organization","name":"Instituto Nacional de Estad\u00edstica","url":"https:\/\/www.ine.gob.bo\/","logo":{"@type":"ImageObject","inLanguage":"es","@id":"https:\/\/www.ine.gob.bo\/#\/schema\/logo\/image\/","url":"https:\/\/www.ine.gob.bo\/wp-content\/uploads\/2026\/02\/logo-ine.jpg","contentUrl":"https:\/\/www.ine.gob.bo\/wp-content\/uploads\/2026\/02\/logo-ine.jpg","width":799,"height":453,"caption":"Instituto Nacional de Estad\u00edstica"},"image":{"@id":"https:\/\/www.ine.gob.bo\/#\/schema\/logo\/image\/"},"sameAs":["https:\/\/www.facebook.com\/ineboliviaoficial","https:\/\/x.com\/INE_Bolivia","https:\/\/www.instagram.com\/ineboliviaoficial\/","https:\/\/www.youtube.com\/channel\/UCbIQXKLw414g5kWo1tAwqCg"]},{"@type":"Person","@id":"https:\/\/www.ine.gob.bo\/#\/schema\/person\/4b9ab894e9de9fb7f2078269aea371be","name":"4dmin-root","image":{"@type":"ImageObject","inLanguage":"es","@id":"https:\/\/www.ine.gob.bo\/#\/schema\/person\/image\/","url":"https:\/\/secure.gravatar.com\/avatar\/0824ec9f3a25d622e58133204574c46e0832b417c3b610112cf50ccc044cbefe?s=96&d=mm&r=g","contentUrl":"https:\/\/secure.gravatar.com\/avatar\/0824ec9f3a25d622e58133204574c46e0832b417c3b610112cf50ccc044cbefe?s=96&d=mm&r=g","caption":"4dmin-root"},"url":"https:\/\/www.ine.gob.bo\/index.php\/author\/4dmin-root\/"}]}},"rttpg_featured_image_url":{"full":["https:\/\/www.ine.gob.bo\/wp-content\/uploads\/2019\/07\/IPC_4-3.png",847,581,false],"landscape":["https:\/\/www.ine.gob.bo\/wp-content\/uploads\/2019\/07\/IPC_4-3.png",847,581,false],"portraits":["https:\/\/www.ine.gob.bo\/wp-content\/uploads\/2019\/07\/IPC_4-3.png",847,581,false],"thumbnail":["https:\/\/www.ine.gob.bo\/wp-content\/uploads\/2019\/07\/IPC_4-3-150x150.png",150,150,true],"medium":["https:\/\/www.ine.gob.bo\/wp-content\/uploads\/2019\/07\/IPC_4-3-300x206.png",300,206,true],"large":["https:\/\/www.ine.gob.bo\/wp-content\/uploads\/2019\/07\/IPC_4-3.png",847,581,false],"1536x1536":["https:\/\/www.ine.gob.bo\/wp-content\/uploads\/2019\/07\/IPC_4-3.png",847,581,false],"2048x2048":["https:\/\/www.ine.gob.bo\/wp-content\/uploads\/2019\/07\/IPC_4-3.png",847,581,false]},"rttpg_author":{"display_name":"4dmin-root","author_link":"https:\/\/www.ine.gob.bo\/index.php\/author\/4dmin-root\/"},"rttpg_comment":0,"rttpg_category":"<a href=\"https:\/\/www.ine.gob.bo\/index.php\/category\/ine-noticias\/\" rel=\"category tag\">INE noticias<\/a>","rttpg_excerpt":"INE &#8211; La Paz, 4 de abril de 2018.-\u00a0El \u00cdndice de Precios al Consumidor (IPC) registr\u00f3 en marzo variaci\u00f3n porcentual negativa de 0,13% respecto al \u00edndice del pasado mes (menor a la registrada en 2017 con variaci\u00f3n positiva de 0,01%), variaci\u00f3n acumulada 0,50% y variaci\u00f3n a doce meses de 2,73%. Cuadro N\u00ba 1 BOLIVIA: \u00cdNDICE&hellip;","_links":{"self":[{"href":"https:\/\/www.ine.gob.bo\/index.php\/wp-json\/wp\/v2\/posts\/39177","targetHints":{"allow":["GET"]}}],"collection":[{"href":"https:\/\/www.ine.gob.bo\/index.php\/wp-json\/wp\/v2\/posts"}],"about":[{"href":"https:\/\/www.ine.gob.bo\/index.php\/wp-json\/wp\/v2\/types\/post"}],"author":[{"embeddable":true,"href":"https:\/\/www.ine.gob.bo\/index.php\/wp-json\/wp\/v2\/users\/1"}],"replies":[{"embeddable":true,"href":"https:\/\/www.ine.gob.bo\/index.php\/wp-json\/wp\/v2\/comments?post=39177"}],"version-history":[{"count":0,"href":"https:\/\/www.ine.gob.bo\/index.php\/wp-json\/wp\/v2\/posts\/39177\/revisions"}],"wp:featuredmedia":[{"embeddable":true,"href":"https:\/\/www.ine.gob.bo\/index.php\/wp-json\/wp\/v2\/media\/39181"}],"wp:attachment":[{"href":"https:\/\/www.ine.gob.bo\/index.php\/wp-json\/wp\/v2\/media?parent=39177"}],"wp:term":[{"taxonomy":"category","embeddable":true,"href":"https:\/\/www.ine.gob.bo\/index.php\/wp-json\/wp\/v2\/categories?post=39177"},{"taxonomy":"post_tag","embeddable":true,"href":"https:\/\/www.ine.gob.bo\/index.php\/wp-json\/wp\/v2\/tags?post=39177"}],"curies":[{"name":"wp","href":"https:\/\/api.w.org\/{rel}","templated":true}]}}