{"id":39138,"date":"2018-04-10T00:19:47","date_gmt":"2018-04-09T22:19:47","guid":{"rendered":"https:\/\/www.ine.gob.bo\/?p=39138"},"modified":"2019-07-14T00:22:57","modified_gmt":"2019-07-13T22:22:57","slug":"encuesta-de-hogares-pobreza-en-bolivia-baja-durante-el-2017","status":"publish","type":"post","link":"https:\/\/www.ine.gob.bo\/index.php\/encuesta-de-hogares-pobreza-en-bolivia-baja-durante-el-2017\/","title":{"rendered":"Encuesta de Hogares: Pobreza en Bolivia baja durante el 2017"},"content":{"rendered":"<p><strong>INE &#8211; La Paz, 10 de abril de 2018.-\u00a0<\/strong>El Instituto Nacional de Estad\u00edstica (INE) difunde anualmente el indicador de pobreza con informaci\u00f3n obtenida de las encuestas de Hogares (EH). Desde el 2006 de acuerdo con los resultados de las EH, la pobreza en el pa\u00eds se redujo de 59,9% a 36,4%, siendo este \u00faltimo dato su nivel m\u00e1s bajo hist\u00f3ricamente. Entre 2016 y 2017, la pobreza en el \u00e1rea rural registr\u00f3 una baja de 1,8 puntos porcentuales, mientras que en el \u00e1rea urbana disminuy\u00f3 en 3,4 puntos porcentuales.<\/p>\n<p><strong>Gr\u00e1fico N\u00b0 1<\/strong><\/p>\n<p><strong>BOLIVIA: INCIDENCIA DE POBREZA, SEG\u00daN \u00c1REA, 2006 \u2013 2017<\/strong><\/p>\n<p><img loading=\"lazy\" decoding=\"async\" class=\"alignnone size-large wp-image-39139\" src=\"https:\/\/www.ine.gob.bo\/wp-content\/uploads\/2019\/07\/EH_1_corregida-1024x550.png\" alt=\"\" width=\"1024\" height=\"550\" srcset=\"https:\/\/www.ine.gob.bo\/wp-content\/uploads\/2019\/07\/EH_1_corregida-1024x550.png 1024w, https:\/\/www.ine.gob.bo\/wp-content\/uploads\/2019\/07\/EH_1_corregida-300x161.png 300w, https:\/\/www.ine.gob.bo\/wp-content\/uploads\/2019\/07\/EH_1_corregida-768x413.png 768w, https:\/\/www.ine.gob.bo\/wp-content\/uploads\/2019\/07\/EH_1_corregida.png 1027w\" sizes=\"auto, (max-width: 1024px) 100vw, 1024px\" \/><\/p>\n<p>En cuanto a la pobreza extrema, durante el 2017 se evidenci\u00f3 una mejora comparada con los datos reportados para el 2016. La pobreza extrema a nivel nacional present\u00f3 una baja de 1,2 puntos porcentuales, llegando a 17,1% para el 2017. En tanto, la pobreza extrema en el \u00e1rea rural entre 2016 y 2017 present\u00f3 una ca\u00edda de 2,0 puntos porcentuales, alcanzando un nivel de 34,6%; a su vez, la pobreza en el \u00e1rea urbana evidenci\u00f3 una disminuci\u00f3n de 0,7 puntos porcentuales.<\/p>\n<p>&nbsp;<\/p>\n<p><strong>Gr\u00e1fico N\u00b0 2<\/strong><\/p>\n<p><strong>BOLIVIA: INCIDENCIA DE POBREZA EXTREMA, SEG\u00daN \u00c1REA, 2006 &#8211; 2017<\/strong><\/p>\n<p><img loading=\"lazy\" decoding=\"async\" class=\"alignnone size-large wp-image-39140\" src=\"https:\/\/www.ine.gob.bo\/wp-content\/uploads\/2019\/07\/EH_2-1024x462.png\" alt=\"\" width=\"1024\" height=\"462\" srcset=\"https:\/\/www.ine.gob.bo\/wp-content\/uploads\/2019\/07\/EH_2-1024x462.png 1024w, https:\/\/www.ine.gob.bo\/wp-content\/uploads\/2019\/07\/EH_2-300x135.png 300w, https:\/\/www.ine.gob.bo\/wp-content\/uploads\/2019\/07\/EH_2-768x347.png 768w, https:\/\/www.ine.gob.bo\/wp-content\/uploads\/2019\/07\/EH_2.png 1090w\" sizes=\"auto, (max-width: 1024px) 100vw, 1024px\" \/><\/p>\n<p>La Encuesta de Hogares (EH), ejecutada anualmente por el INE, permite medir\u00a0oportunamente los indicadores de pobreza de la poblaci\u00f3n boliviana, as\u00ed como el acceso a la vivienda, los servicios b\u00e1sicos, la educaci\u00f3n, entre otros. Mediante la EH, el INE obtiene\u00a0estad\u00edsticas e indicadores socioecon\u00f3micos y demogr\u00e1ficos de la poblaci\u00f3n que son necesarias para la formulaci\u00f3n, evaluaci\u00f3n, monitoreo y seguimiento de pol\u00edticas enmarcadas dentro del Plan de Desarrollo Econ\u00f3mico y Social (PDES) 2016 \u2013 2020.<\/p>\n<p>&nbsp;<\/p>\n<p>La EH 2017 cont\u00f3 con una muestra de 11.136 viviendas, en los nueve departamentos del pa\u00eds, con una cobertura geogr\u00e1fica nacional, departamental y urbana &#8211; rural. El personal de operativo de campo estuvo conformado por 268 personas, entre encuestadores y supervisores de campo. La recolecci\u00f3n de informaci\u00f3n se realiz\u00f3 mediante dispositivos m\u00f3viles (tabletas) que aseguran la calidad y oportunidad de la informaci\u00f3n. La boleta electr\u00f3nica contempl\u00f3 las secciones de\u00a0caracter\u00edsticas demogr\u00e1ficas, salud, educaci\u00f3n, condici\u00f3n de actividad, caracter\u00edsticas ocupacionales, ingresos laborales y no laborales, seguridad alimentaria, entre otras.<\/p>\n<p>&nbsp;<\/p>\n<p>La Base de Datos de los resultados de la EH 2017, se encuentra disponible en el portal web:\u00a0<a href=\"http:\/\/www.ine.gob.bo\/\">www.ine.gob.bo<\/a><\/p>\n<p><img loading=\"lazy\" decoding=\"async\" class=\"alignnone size-full wp-image-39141\" src=\"https:\/\/www.ine.gob.bo\/wp-content\/uploads\/2019\/07\/EH_3.png\" alt=\"\" width=\"692\" height=\"419\" srcset=\"https:\/\/www.ine.gob.bo\/wp-content\/uploads\/2019\/07\/EH_3.png 692w, https:\/\/www.ine.gob.bo\/wp-content\/uploads\/2019\/07\/EH_3-300x182.png 300w\" sizes=\"auto, (max-width: 692px) 100vw, 692px\" \/><\/p>\n<blockquote><p><strong><em>UNIDAD DE DIFUSI\u00d3N Y COMUNICACI\u00d3N<\/em><\/strong><\/p>\n<p><strong>INSTITUTO NACIONAL DE ESTAD\u00cdSTICA<\/strong><\/p><\/blockquote>\n","protected":false},"excerpt":{"rendered":"<p>INE &#8211; La Paz, 10 de abril de 2018.-\u00a0El Instituto Nacional de Estad\u00edstica (INE) difunde anualmente el indicador de pobreza con informaci\u00f3n obtenida de las encuestas de Hogares (EH). Desde el 2006 de acuerdo con los resultados de las EH, la pobreza en el pa\u00eds se redujo de 59,9% a 36,4%, siendo este \u00faltimo dato&hellip;<\/p>\n","protected":false},"author":1,"featured_media":39141,"comment_status":"closed","ping_status":"open","sticky":false,"template":"","format":"standard","meta":[],"categories":[158],"tags":[],"class_list":["post-39138","post","type-post","status-publish","format-standard","has-post-thumbnail","hentry","category-ine-noticias","category-158","description-off"],"yoast_head":"<!-- This site is optimized with the Yoast SEO plugin v23.2 - https:\/\/yoast.com\/wordpress\/plugins\/seo\/ -->\n<title>Encuesta de Hogares: Pobreza en Bolivia baja durante el 2017 - INE<\/title>\n<meta name=\"description\" content=\"P\u00e1gina oficial del Instituto Nacional de Estadistica INE, informaci\u00f3n estad\u00edstica, geogr\u00e1fica y econ\u00f3mica a nivel nacional.\" \/>\n<meta name=\"robots\" content=\"index, follow, max-snippet:-1, max-image-preview:large, max-video-preview:-1\" \/>\n<link rel=\"canonical\" href=\"https:\/\/www.ine.gob.bo\/index.php\/encuesta-de-hogares-pobreza-en-bolivia-baja-durante-el-2017\/\" \/>\n<meta property=\"og:locale\" content=\"es_ES\" \/>\n<meta property=\"og:type\" content=\"article\" \/>\n<meta property=\"og:title\" content=\"Encuesta de Hogares: Pobreza en Bolivia baja durante el 2017 - INE\" \/>\n<meta property=\"og:description\" content=\"P\u00e1gina oficial del Instituto Nacional de Estadistica INE, informaci\u00f3n estad\u00edstica, geogr\u00e1fica y econ\u00f3mica a nivel nacional.\" \/>\n<meta property=\"og:url\" content=\"https:\/\/www.ine.gob.bo\/index.php\/encuesta-de-hogares-pobreza-en-bolivia-baja-durante-el-2017\/\" \/>\n<meta property=\"og:site_name\" content=\"INE\" \/>\n<meta property=\"article:publisher\" content=\"https:\/\/www.facebook.com\/ineboliviaoficial\" \/>\n<meta property=\"article:published_time\" content=\"2018-04-09T22:19:47+00:00\" \/>\n<meta property=\"article:modified_time\" content=\"2019-07-13T22:22:57+00:00\" \/>\n<meta property=\"og:image\" content=\"https:\/\/www.ine.gob.bo\/wp-content\/uploads\/2019\/07\/EH_3.png\" \/>\n\t<meta property=\"og:image:width\" content=\"692\" \/>\n\t<meta property=\"og:image:height\" content=\"419\" \/>\n\t<meta property=\"og:image:type\" content=\"image\/png\" \/>\n<meta name=\"author\" content=\"4dmin-root\" \/>\n<meta name=\"twitter:card\" content=\"summary_large_image\" \/>\n<meta name=\"twitter:creator\" content=\"@INE_Bolivia\" \/>\n<meta name=\"twitter:site\" content=\"@INE_Bolivia\" \/>\n<meta name=\"twitter:label1\" content=\"Escrito por\" \/>\n\t<meta name=\"twitter:data1\" content=\"4dmin-root\" \/>\n\t<meta name=\"twitter:label2\" content=\"Tiempo de lectura\" \/>\n\t<meta name=\"twitter:data2\" content=\"2 minutos\" \/>\n<script type=\"application\/ld+json\" class=\"yoast-schema-graph\">{\"@context\":\"https:\/\/schema.org\",\"@graph\":[{\"@type\":\"Article\",\"@id\":\"https:\/\/www.ine.gob.bo\/index.php\/encuesta-de-hogares-pobreza-en-bolivia-baja-durante-el-2017\/#article\",\"isPartOf\":{\"@id\":\"https:\/\/www.ine.gob.bo\/index.php\/encuesta-de-hogares-pobreza-en-bolivia-baja-durante-el-2017\/\"},\"author\":{\"name\":\"4dmin-root\",\"@id\":\"https:\/\/www.ine.gob.bo\/#\/schema\/person\/4b9ab894e9de9fb7f2078269aea371be\"},\"headline\":\"Encuesta de Hogares: Pobreza en Bolivia baja durante el 2017\",\"datePublished\":\"2018-04-09T22:19:47+00:00\",\"dateModified\":\"2019-07-13T22:22:57+00:00\",\"mainEntityOfPage\":{\"@id\":\"https:\/\/www.ine.gob.bo\/index.php\/encuesta-de-hogares-pobreza-en-bolivia-baja-durante-el-2017\/\"},\"wordCount\":405,\"publisher\":{\"@id\":\"https:\/\/www.ine.gob.bo\/#organization\"},\"image\":{\"@id\":\"https:\/\/www.ine.gob.bo\/index.php\/encuesta-de-hogares-pobreza-en-bolivia-baja-durante-el-2017\/#primaryimage\"},\"thumbnailUrl\":\"https:\/\/www.ine.gob.bo\/wp-content\/uploads\/2019\/07\/EH_3.png\",\"articleSection\":[\"INE noticias\"],\"inLanguage\":\"es\"},{\"@type\":\"WebPage\",\"@id\":\"https:\/\/www.ine.gob.bo\/index.php\/encuesta-de-hogares-pobreza-en-bolivia-baja-durante-el-2017\/\",\"url\":\"https:\/\/www.ine.gob.bo\/index.php\/encuesta-de-hogares-pobreza-en-bolivia-baja-durante-el-2017\/\",\"name\":\"Encuesta de Hogares: Pobreza en Bolivia baja durante el 2017 - INE\",\"isPartOf\":{\"@id\":\"https:\/\/www.ine.gob.bo\/#website\"},\"primaryImageOfPage\":{\"@id\":\"https:\/\/www.ine.gob.bo\/index.php\/encuesta-de-hogares-pobreza-en-bolivia-baja-durante-el-2017\/#primaryimage\"},\"image\":{\"@id\":\"https:\/\/www.ine.gob.bo\/index.php\/encuesta-de-hogares-pobreza-en-bolivia-baja-durante-el-2017\/#primaryimage\"},\"thumbnailUrl\":\"https:\/\/www.ine.gob.bo\/wp-content\/uploads\/2019\/07\/EH_3.png\",\"datePublished\":\"2018-04-09T22:19:47+00:00\",\"dateModified\":\"2019-07-13T22:22:57+00:00\",\"description\":\"P\u00e1gina oficial del Instituto Nacional de Estadistica INE, informaci\u00f3n estad\u00edstica, geogr\u00e1fica y econ\u00f3mica a nivel nacional.\",\"breadcrumb\":{\"@id\":\"https:\/\/www.ine.gob.bo\/index.php\/encuesta-de-hogares-pobreza-en-bolivia-baja-durante-el-2017\/#breadcrumb\"},\"inLanguage\":\"es\",\"potentialAction\":[{\"@type\":\"ReadAction\",\"target\":[\"https:\/\/www.ine.gob.bo\/index.php\/encuesta-de-hogares-pobreza-en-bolivia-baja-durante-el-2017\/\"]}]},{\"@type\":\"ImageObject\",\"inLanguage\":\"es\",\"@id\":\"https:\/\/www.ine.gob.bo\/index.php\/encuesta-de-hogares-pobreza-en-bolivia-baja-durante-el-2017\/#primaryimage\",\"url\":\"https:\/\/www.ine.gob.bo\/wp-content\/uploads\/2019\/07\/EH_3.png\",\"contentUrl\":\"https:\/\/www.ine.gob.bo\/wp-content\/uploads\/2019\/07\/EH_3.png\",\"width\":692,\"height\":419},{\"@type\":\"BreadcrumbList\",\"@id\":\"https:\/\/www.ine.gob.bo\/index.php\/encuesta-de-hogares-pobreza-en-bolivia-baja-durante-el-2017\/#breadcrumb\",\"itemListElement\":[{\"@type\":\"ListItem\",\"position\":1,\"name\":\"Portada\",\"item\":\"https:\/\/www.ine.gob.bo\/\"},{\"@type\":\"ListItem\",\"position\":2,\"name\":\"Encuesta de Hogares: Pobreza en Bolivia baja durante el 2017\"}]},{\"@type\":\"WebSite\",\"@id\":\"https:\/\/www.ine.gob.bo\/#website\",\"url\":\"https:\/\/www.ine.gob.bo\/\",\"name\":\"INE\",\"description\":\"Instituto Nacional de Estad\u00edstica\",\"publisher\":{\"@id\":\"https:\/\/www.ine.gob.bo\/#organization\"},\"potentialAction\":[{\"@type\":\"SearchAction\",\"target\":{\"@type\":\"EntryPoint\",\"urlTemplate\":\"https:\/\/www.ine.gob.bo\/?s={search_term_string}\"},\"query-input\":\"required name=search_term_string\"}],\"inLanguage\":\"es\"},{\"@type\":\"Organization\",\"@id\":\"https:\/\/www.ine.gob.bo\/#organization\",\"name\":\"Instituto Nacional de Estad\u00edstica\",\"url\":\"https:\/\/www.ine.gob.bo\/\",\"logo\":{\"@type\":\"ImageObject\",\"inLanguage\":\"es\",\"@id\":\"https:\/\/www.ine.gob.bo\/#\/schema\/logo\/image\/\",\"url\":\"https:\/\/www.ine.gob.bo\/wp-content\/uploads\/2026\/02\/logo-ine.jpg\",\"contentUrl\":\"https:\/\/www.ine.gob.bo\/wp-content\/uploads\/2026\/02\/logo-ine.jpg\",\"width\":799,\"height\":453,\"caption\":\"Instituto Nacional de Estad\u00edstica\"},\"image\":{\"@id\":\"https:\/\/www.ine.gob.bo\/#\/schema\/logo\/image\/\"},\"sameAs\":[\"https:\/\/www.facebook.com\/ineboliviaoficial\",\"https:\/\/x.com\/INE_Bolivia\",\"https:\/\/www.instagram.com\/ineboliviaoficial\/\",\"https:\/\/www.youtube.com\/channel\/UCbIQXKLw414g5kWo1tAwqCg\"]},{\"@type\":\"Person\",\"@id\":\"https:\/\/www.ine.gob.bo\/#\/schema\/person\/4b9ab894e9de9fb7f2078269aea371be\",\"name\":\"4dmin-root\",\"image\":{\"@type\":\"ImageObject\",\"inLanguage\":\"es\",\"@id\":\"https:\/\/www.ine.gob.bo\/#\/schema\/person\/image\/\",\"url\":\"https:\/\/secure.gravatar.com\/avatar\/0824ec9f3a25d622e58133204574c46e0832b417c3b610112cf50ccc044cbefe?s=96&d=mm&r=g\",\"contentUrl\":\"https:\/\/secure.gravatar.com\/avatar\/0824ec9f3a25d622e58133204574c46e0832b417c3b610112cf50ccc044cbefe?s=96&d=mm&r=g\",\"caption\":\"4dmin-root\"},\"url\":\"https:\/\/www.ine.gob.bo\/index.php\/author\/4dmin-root\/\"}]}<\/script>\n<!-- \/ Yoast SEO plugin. -->","yoast_head_json":{"title":"Encuesta de Hogares: Pobreza en Bolivia baja durante el 2017 - INE","description":"P\u00e1gina oficial del Instituto Nacional de Estadistica INE, informaci\u00f3n estad\u00edstica, geogr\u00e1fica y econ\u00f3mica a nivel nacional.","robots":{"index":"index","follow":"follow","max-snippet":"max-snippet:-1","max-image-preview":"max-image-preview:large","max-video-preview":"max-video-preview:-1"},"canonical":"https:\/\/www.ine.gob.bo\/index.php\/encuesta-de-hogares-pobreza-en-bolivia-baja-durante-el-2017\/","og_locale":"es_ES","og_type":"article","og_title":"Encuesta de Hogares: Pobreza en Bolivia baja durante el 2017 - INE","og_description":"P\u00e1gina oficial del Instituto Nacional de Estadistica INE, informaci\u00f3n estad\u00edstica, geogr\u00e1fica y econ\u00f3mica a nivel nacional.","og_url":"https:\/\/www.ine.gob.bo\/index.php\/encuesta-de-hogares-pobreza-en-bolivia-baja-durante-el-2017\/","og_site_name":"INE","article_publisher":"https:\/\/www.facebook.com\/ineboliviaoficial","article_published_time":"2018-04-09T22:19:47+00:00","article_modified_time":"2019-07-13T22:22:57+00:00","og_image":[{"width":692,"height":419,"url":"https:\/\/www.ine.gob.bo\/wp-content\/uploads\/2019\/07\/EH_3.png","type":"image\/png"}],"author":"4dmin-root","twitter_card":"summary_large_image","twitter_creator":"@INE_Bolivia","twitter_site":"@INE_Bolivia","twitter_misc":{"Escrito por":"4dmin-root","Tiempo de lectura":"2 minutos"},"schema":{"@context":"https:\/\/schema.org","@graph":[{"@type":"Article","@id":"https:\/\/www.ine.gob.bo\/index.php\/encuesta-de-hogares-pobreza-en-bolivia-baja-durante-el-2017\/#article","isPartOf":{"@id":"https:\/\/www.ine.gob.bo\/index.php\/encuesta-de-hogares-pobreza-en-bolivia-baja-durante-el-2017\/"},"author":{"name":"4dmin-root","@id":"https:\/\/www.ine.gob.bo\/#\/schema\/person\/4b9ab894e9de9fb7f2078269aea371be"},"headline":"Encuesta de Hogares: Pobreza en Bolivia baja durante el 2017","datePublished":"2018-04-09T22:19:47+00:00","dateModified":"2019-07-13T22:22:57+00:00","mainEntityOfPage":{"@id":"https:\/\/www.ine.gob.bo\/index.php\/encuesta-de-hogares-pobreza-en-bolivia-baja-durante-el-2017\/"},"wordCount":405,"publisher":{"@id":"https:\/\/www.ine.gob.bo\/#organization"},"image":{"@id":"https:\/\/www.ine.gob.bo\/index.php\/encuesta-de-hogares-pobreza-en-bolivia-baja-durante-el-2017\/#primaryimage"},"thumbnailUrl":"https:\/\/www.ine.gob.bo\/wp-content\/uploads\/2019\/07\/EH_3.png","articleSection":["INE noticias"],"inLanguage":"es"},{"@type":"WebPage","@id":"https:\/\/www.ine.gob.bo\/index.php\/encuesta-de-hogares-pobreza-en-bolivia-baja-durante-el-2017\/","url":"https:\/\/www.ine.gob.bo\/index.php\/encuesta-de-hogares-pobreza-en-bolivia-baja-durante-el-2017\/","name":"Encuesta de Hogares: Pobreza en Bolivia baja durante el 2017 - INE","isPartOf":{"@id":"https:\/\/www.ine.gob.bo\/#website"},"primaryImageOfPage":{"@id":"https:\/\/www.ine.gob.bo\/index.php\/encuesta-de-hogares-pobreza-en-bolivia-baja-durante-el-2017\/#primaryimage"},"image":{"@id":"https:\/\/www.ine.gob.bo\/index.php\/encuesta-de-hogares-pobreza-en-bolivia-baja-durante-el-2017\/#primaryimage"},"thumbnailUrl":"https:\/\/www.ine.gob.bo\/wp-content\/uploads\/2019\/07\/EH_3.png","datePublished":"2018-04-09T22:19:47+00:00","dateModified":"2019-07-13T22:22:57+00:00","description":"P\u00e1gina oficial del Instituto Nacional de Estadistica INE, informaci\u00f3n estad\u00edstica, geogr\u00e1fica y econ\u00f3mica a nivel nacional.","breadcrumb":{"@id":"https:\/\/www.ine.gob.bo\/index.php\/encuesta-de-hogares-pobreza-en-bolivia-baja-durante-el-2017\/#breadcrumb"},"inLanguage":"es","potentialAction":[{"@type":"ReadAction","target":["https:\/\/www.ine.gob.bo\/index.php\/encuesta-de-hogares-pobreza-en-bolivia-baja-durante-el-2017\/"]}]},{"@type":"ImageObject","inLanguage":"es","@id":"https:\/\/www.ine.gob.bo\/index.php\/encuesta-de-hogares-pobreza-en-bolivia-baja-durante-el-2017\/#primaryimage","url":"https:\/\/www.ine.gob.bo\/wp-content\/uploads\/2019\/07\/EH_3.png","contentUrl":"https:\/\/www.ine.gob.bo\/wp-content\/uploads\/2019\/07\/EH_3.png","width":692,"height":419},{"@type":"BreadcrumbList","@id":"https:\/\/www.ine.gob.bo\/index.php\/encuesta-de-hogares-pobreza-en-bolivia-baja-durante-el-2017\/#breadcrumb","itemListElement":[{"@type":"ListItem","position":1,"name":"Portada","item":"https:\/\/www.ine.gob.bo\/"},{"@type":"ListItem","position":2,"name":"Encuesta de Hogares: Pobreza en Bolivia baja durante el 2017"}]},{"@type":"WebSite","@id":"https:\/\/www.ine.gob.bo\/#website","url":"https:\/\/www.ine.gob.bo\/","name":"INE","description":"Instituto Nacional de Estad\u00edstica","publisher":{"@id":"https:\/\/www.ine.gob.bo\/#organization"},"potentialAction":[{"@type":"SearchAction","target":{"@type":"EntryPoint","urlTemplate":"https:\/\/www.ine.gob.bo\/?s={search_term_string}"},"query-input":"required name=search_term_string"}],"inLanguage":"es"},{"@type":"Organization","@id":"https:\/\/www.ine.gob.bo\/#organization","name":"Instituto Nacional de Estad\u00edstica","url":"https:\/\/www.ine.gob.bo\/","logo":{"@type":"ImageObject","inLanguage":"es","@id":"https:\/\/www.ine.gob.bo\/#\/schema\/logo\/image\/","url":"https:\/\/www.ine.gob.bo\/wp-content\/uploads\/2026\/02\/logo-ine.jpg","contentUrl":"https:\/\/www.ine.gob.bo\/wp-content\/uploads\/2026\/02\/logo-ine.jpg","width":799,"height":453,"caption":"Instituto Nacional de Estad\u00edstica"},"image":{"@id":"https:\/\/www.ine.gob.bo\/#\/schema\/logo\/image\/"},"sameAs":["https:\/\/www.facebook.com\/ineboliviaoficial","https:\/\/x.com\/INE_Bolivia","https:\/\/www.instagram.com\/ineboliviaoficial\/","https:\/\/www.youtube.com\/channel\/UCbIQXKLw414g5kWo1tAwqCg"]},{"@type":"Person","@id":"https:\/\/www.ine.gob.bo\/#\/schema\/person\/4b9ab894e9de9fb7f2078269aea371be","name":"4dmin-root","image":{"@type":"ImageObject","inLanguage":"es","@id":"https:\/\/www.ine.gob.bo\/#\/schema\/person\/image\/","url":"https:\/\/secure.gravatar.com\/avatar\/0824ec9f3a25d622e58133204574c46e0832b417c3b610112cf50ccc044cbefe?s=96&d=mm&r=g","contentUrl":"https:\/\/secure.gravatar.com\/avatar\/0824ec9f3a25d622e58133204574c46e0832b417c3b610112cf50ccc044cbefe?s=96&d=mm&r=g","caption":"4dmin-root"},"url":"https:\/\/www.ine.gob.bo\/index.php\/author\/4dmin-root\/"}]}},"rttpg_featured_image_url":{"full":["https:\/\/www.ine.gob.bo\/wp-content\/uploads\/2019\/07\/EH_3.png",692,419,false],"landscape":["https:\/\/www.ine.gob.bo\/wp-content\/uploads\/2019\/07\/EH_3.png",692,419,false],"portraits":["https:\/\/www.ine.gob.bo\/wp-content\/uploads\/2019\/07\/EH_3.png",692,419,false],"thumbnail":["https:\/\/www.ine.gob.bo\/wp-content\/uploads\/2019\/07\/EH_3-150x150.png",150,150,true],"medium":["https:\/\/www.ine.gob.bo\/wp-content\/uploads\/2019\/07\/EH_3-300x182.png",300,182,true],"large":["https:\/\/www.ine.gob.bo\/wp-content\/uploads\/2019\/07\/EH_3.png",692,419,false],"1536x1536":["https:\/\/www.ine.gob.bo\/wp-content\/uploads\/2019\/07\/EH_3.png",692,419,false],"2048x2048":["https:\/\/www.ine.gob.bo\/wp-content\/uploads\/2019\/07\/EH_3.png",692,419,false]},"rttpg_author":{"display_name":"4dmin-root","author_link":"https:\/\/www.ine.gob.bo\/index.php\/author\/4dmin-root\/"},"rttpg_comment":0,"rttpg_category":"<a href=\"https:\/\/www.ine.gob.bo\/index.php\/category\/ine-noticias\/\" rel=\"category tag\">INE noticias<\/a>","rttpg_excerpt":"INE &#8211; La Paz, 10 de abril de 2018.-\u00a0El Instituto Nacional de Estad\u00edstica (INE) difunde anualmente el indicador de pobreza con informaci\u00f3n obtenida de las encuestas de Hogares (EH). Desde el 2006 de acuerdo con los resultados de las EH, la pobreza en el pa\u00eds se redujo de 59,9% a 36,4%, siendo este \u00faltimo dato&hellip;","_links":{"self":[{"href":"https:\/\/www.ine.gob.bo\/index.php\/wp-json\/wp\/v2\/posts\/39138","targetHints":{"allow":["GET"]}}],"collection":[{"href":"https:\/\/www.ine.gob.bo\/index.php\/wp-json\/wp\/v2\/posts"}],"about":[{"href":"https:\/\/www.ine.gob.bo\/index.php\/wp-json\/wp\/v2\/types\/post"}],"author":[{"embeddable":true,"href":"https:\/\/www.ine.gob.bo\/index.php\/wp-json\/wp\/v2\/users\/1"}],"replies":[{"embeddable":true,"href":"https:\/\/www.ine.gob.bo\/index.php\/wp-json\/wp\/v2\/comments?post=39138"}],"version-history":[{"count":0,"href":"https:\/\/www.ine.gob.bo\/index.php\/wp-json\/wp\/v2\/posts\/39138\/revisions"}],"wp:featuredmedia":[{"embeddable":true,"href":"https:\/\/www.ine.gob.bo\/index.php\/wp-json\/wp\/v2\/media\/39141"}],"wp:attachment":[{"href":"https:\/\/www.ine.gob.bo\/index.php\/wp-json\/wp\/v2\/media?parent=39138"}],"wp:term":[{"taxonomy":"category","embeddable":true,"href":"https:\/\/www.ine.gob.bo\/index.php\/wp-json\/wp\/v2\/categories?post=39138"},{"taxonomy":"post_tag","embeddable":true,"href":"https:\/\/www.ine.gob.bo\/index.php\/wp-json\/wp\/v2\/tags?post=39138"}],"curies":[{"name":"wp","href":"https:\/\/api.w.org\/{rel}","templated":true}]}}