{"id":38977,"date":"2018-06-14T01:59:14","date_gmt":"2018-06-13T23:59:14","guid":{"rendered":"https:\/\/www.ine.gob.bo\/?p=38977"},"modified":"2019-07-07T02:03:40","modified_gmt":"2019-07-07T00:03:40","slug":"se-incrementa-consumo-de-micronutrientes-entre-mujeres","status":"publish","type":"post","link":"https:\/\/www.ine.gob.bo\/index.php\/se-incrementa-consumo-de-micronutrientes-entre-mujeres\/","title":{"rendered":"Se incrementa consumo de micronutrientes entre mujeres"},"content":{"rendered":"<p><strong>INE &#8211; Santa Cruz, 14 de junio de 2018<\/strong>.- Seg\u00fan la Encuesta de Demograf\u00eda y Salud (EDSA) 2016, el porcentaje de mujeres que consumi\u00f3 micronutrientes, alimentos ricos en vitamina A y en hierro, es mayor al registrado en la Encuesta de Demograf\u00eda y Salud (ENDSA) 2008, mientras que la cobertura de suplementaci\u00f3n con vitamina A, despu\u00e9s del parto ha mejorado, inform\u00f3 el Instituto Nacional de Estad\u00edstica (INE).<\/p>\n<p>El consumo de alimentos ricos en vitamina A subi\u00f3 en tres puntos porcentuales (de 95,2% a 98,2%) y el consumo de alimentos ricos en hierro se increment\u00f3 en 8,8 puntos porcentuales (de 89,3% a 98,1%). Adem\u00e1s el porcentaje de mujeres que recibieron dosis de vitamina A despu\u00e9s del parto subi\u00f3 de 42,5% a 54,9%. El departamento de Pando presenta la mayor cobertura.<\/p>\n<p>Con relaci\u00f3n a la cobertura de suplementaci\u00f3n con 90 tabletas o m\u00e1s que contienen preparados con hierro (sulfato ferroso o similares), el porcentaje llega a 29,1%. Santa Cruz registra la mejor cobertura con 43,8%.<\/p>\n<p>As\u00ed tambi\u00e9n, al compararse los porcentajes totales de mujeres que consumieron tabletas con hierro en el \u00faltimo embarazo, el mayor porcentaje 35,5%, corresponde a las mujeres que consumieron menos de 60 tabletas.<\/p>\n<p>Cabe se\u00f1alar que la cobertura de suplementaci\u00f3n con esquema completo de hierro, presenta bajos porcentajes para combatir la anemia ferrop\u00e9nica (insuficiente cantidad de hierro en el cuerpo) en las mujeres.<\/p>\n<p>Gr\u00e1fico N\u00b0 1<\/p>\n<p>BOLIVIA: PORCENTAJE DE MUJERES DE 15 A 49 A\u00d1OS CON UN HIJO \/HIJA VIVO MENOR DE 3 A\u00d1OS DE EDAD VIVIENDO CON ELLA, QUE RECIBI\u00d3 ALIMENTOS RICOS EN VITAMINA A Y RICOS EN HIERRO DURANTE EL D\u00cdA O LA NOCHE ANTERIOR A LA ENTREVISTA, 2016<\/p>\n<p><img loading=\"lazy\" decoding=\"async\" class=\"alignnone size-full wp-image-38978\" src=\"https:\/\/www.ine.gob.bo\/wp-content\/uploads\/2019\/07\/Micro1.png\" alt=\"\" width=\"905\" height=\"502\" srcset=\"https:\/\/www.ine.gob.bo\/wp-content\/uploads\/2019\/07\/Micro1.png 905w, https:\/\/www.ine.gob.bo\/wp-content\/uploads\/2019\/07\/Micro1-300x166.png 300w, https:\/\/www.ine.gob.bo\/wp-content\/uploads\/2019\/07\/Micro1-768x426.png 768w\" sizes=\"auto, (max-width: 905px) 100vw, 905px\" \/><\/p>\n<p><strong>Cuadro N\u00b0 1<\/strong><\/p>\n<p><strong>BOLIVIA: PORCENTAJE DE MUJERES DE 15 A 49 A\u00d1OS QUE TUVIERON UN NACIMIENTO EN LOS \u00daLTIMOS CINCO A\u00d1OS, QUE RECIBI\u00d3 UNA DOSIS DE VITAMINA A DESPU\u00c9S DEL \u00daLTIMO NACIMIENTO Y QUE TOM\u00d3 HIERRO POR N\u00daMERO DE TABLETAS, SEG\u00daN DEPARTAMENTO, 2016<\/strong><\/p>\n<p><img loading=\"lazy\" decoding=\"async\" class=\"alignnone size-full wp-image-38979\" src=\"https:\/\/www.ine.gob.bo\/wp-content\/uploads\/2019\/07\/Micro2.png\" alt=\"\" width=\"959\" height=\"376\" srcset=\"https:\/\/www.ine.gob.bo\/wp-content\/uploads\/2019\/07\/Micro2.png 959w, https:\/\/www.ine.gob.bo\/wp-content\/uploads\/2019\/07\/Micro2-300x118.png 300w, https:\/\/www.ine.gob.bo\/wp-content\/uploads\/2019\/07\/Micro2-768x301.png 768w\" sizes=\"auto, (max-width: 959px) 100vw, 959px\" \/><\/p>\n<p>La falta de micronutrientes en la alimentaci\u00f3n de las mujeres, es causa de desnutrici\u00f3n y, por ende, de mayor probabilidad de tener hijos con peso y talla baja, lo que se conoce como transmisi\u00f3n intergeneracional de la desnutrici\u00f3n.<\/p>\n<p>Cabe se\u00f1alar que los requerimientos nutricionales de una mujer aumentan durante el embarazo, ya que su organismo precisa satisfacer tanto sus propias necesidades org\u00e1nicas como las del ser en gestaci\u00f3n. La mujer embarazada requiere mayor aporte cal\u00f3rico, mayor ingesta de prote\u00ednas y de micronutrientes, particularmente, de hierro. El requerimiento de este \u00faltimo es mayor en el segundo y tercer trimestre del embarazo.<\/p>\n<p>El riesgo de anemia y de otras deficiencias de micronutrientes, aumenta durante el embarazo. Las gestantes adolescentes, las mujeres mayores, las de bajo peso y las obesas, tienen mayores riesgos de sufrir deficiencias o trastornos nutricionales durante la gestaci\u00f3n.<\/p>\n<p>Por ello, el esquema de suplementaci\u00f3n con hierro debe comenzar en forma rutinaria lo m\u00e1s pronto posible, as\u00ed como el aumento en el consumo de alimentos ricos en hierro, \u00e1cido f\u00f3lico y vitamina A.<\/p>\n<p>&nbsp;<\/p>\n<blockquote><p><strong><em>UNIDAD DE DIFUSI\u00d3N Y COMUNICACI\u00d3N<\/em><\/strong><\/p>\n<p><strong>INSTITUTO NACIONAL DE ESTAD\u00cdSTICA<\/strong><\/p><\/blockquote>\n","protected":false},"excerpt":{"rendered":"<p>INE &#8211; Santa Cruz, 14 de junio de 2018.- Seg\u00fan la Encuesta de Demograf\u00eda y Salud (EDSA) 2016, el porcentaje de mujeres que consumi\u00f3 micronutrientes, alimentos ricos en vitamina A y en hierro, es mayor al registrado en la Encuesta de Demograf\u00eda y Salud (ENDSA) 2008, mientras que la cobertura de suplementaci\u00f3n con vitamina A,&hellip;<\/p>\n","protected":false},"author":1,"featured_media":38978,"comment_status":"closed","ping_status":"open","sticky":false,"template":"","format":"standard","meta":[],"categories":[158],"tags":[],"class_list":["post-38977","post","type-post","status-publish","format-standard","has-post-thumbnail","hentry","category-ine-noticias","category-158","description-off"],"yoast_head":"<!-- This site is optimized with the Yoast SEO plugin v23.2 - https:\/\/yoast.com\/wordpress\/plugins\/seo\/ -->\n<title>Se incrementa consumo de micronutrientes entre mujeres - INE<\/title>\n<meta name=\"description\" content=\"P\u00e1gina oficial del Instituto Nacional de Estadistica INE, informaci\u00f3n estad\u00edstica, geogr\u00e1fica y econ\u00f3mica a nivel nacional.\" \/>\n<meta name=\"robots\" content=\"index, follow, max-snippet:-1, max-image-preview:large, max-video-preview:-1\" \/>\n<link rel=\"canonical\" href=\"https:\/\/www.ine.gob.bo\/index.php\/se-incrementa-consumo-de-micronutrientes-entre-mujeres\/\" \/>\n<meta property=\"og:locale\" content=\"es_ES\" \/>\n<meta property=\"og:type\" content=\"article\" \/>\n<meta property=\"og:title\" content=\"Se incrementa consumo de micronutrientes entre mujeres - INE\" \/>\n<meta property=\"og:description\" content=\"P\u00e1gina oficial del Instituto Nacional de Estadistica INE, informaci\u00f3n estad\u00edstica, geogr\u00e1fica y econ\u00f3mica a nivel nacional.\" \/>\n<meta property=\"og:url\" content=\"https:\/\/www.ine.gob.bo\/index.php\/se-incrementa-consumo-de-micronutrientes-entre-mujeres\/\" \/>\n<meta property=\"og:site_name\" content=\"INE\" \/>\n<meta property=\"article:publisher\" content=\"https:\/\/www.facebook.com\/ineboliviaoficial\" \/>\n<meta property=\"article:published_time\" content=\"2018-06-13T23:59:14+00:00\" \/>\n<meta property=\"article:modified_time\" content=\"2019-07-07T00:03:40+00:00\" \/>\n<meta property=\"og:image\" content=\"https:\/\/www.ine.gob.bo\/wp-content\/uploads\/2019\/07\/Micro1.png\" \/>\n\t<meta property=\"og:image:width\" content=\"905\" \/>\n\t<meta property=\"og:image:height\" content=\"502\" \/>\n\t<meta property=\"og:image:type\" content=\"image\/png\" \/>\n<meta name=\"author\" content=\"4dmin-root\" \/>\n<meta name=\"twitter:card\" content=\"summary_large_image\" \/>\n<meta name=\"twitter:creator\" content=\"@INE_Bolivia\" \/>\n<meta name=\"twitter:site\" content=\"@INE_Bolivia\" \/>\n<meta name=\"twitter:label1\" content=\"Escrito por\" \/>\n\t<meta name=\"twitter:data1\" content=\"4dmin-root\" \/>\n\t<meta name=\"twitter:label2\" content=\"Tiempo de lectura\" \/>\n\t<meta name=\"twitter:data2\" content=\"3 minutos\" \/>\n<script type=\"application\/ld+json\" class=\"yoast-schema-graph\">{\"@context\":\"https:\/\/schema.org\",\"@graph\":[{\"@type\":\"Article\",\"@id\":\"https:\/\/www.ine.gob.bo\/index.php\/se-incrementa-consumo-de-micronutrientes-entre-mujeres\/#article\",\"isPartOf\":{\"@id\":\"https:\/\/www.ine.gob.bo\/index.php\/se-incrementa-consumo-de-micronutrientes-entre-mujeres\/\"},\"author\":{\"name\":\"4dmin-root\",\"@id\":\"https:\/\/www.ine.gob.bo\/#\/schema\/person\/4b9ab894e9de9fb7f2078269aea371be\"},\"headline\":\"Se incrementa consumo de micronutrientes entre mujeres\",\"datePublished\":\"2018-06-13T23:59:14+00:00\",\"dateModified\":\"2019-07-07T00:03:40+00:00\",\"mainEntityOfPage\":{\"@id\":\"https:\/\/www.ine.gob.bo\/index.php\/se-incrementa-consumo-de-micronutrientes-entre-mujeres\/\"},\"wordCount\":522,\"publisher\":{\"@id\":\"https:\/\/www.ine.gob.bo\/#organization\"},\"image\":{\"@id\":\"https:\/\/www.ine.gob.bo\/index.php\/se-incrementa-consumo-de-micronutrientes-entre-mujeres\/#primaryimage\"},\"thumbnailUrl\":\"https:\/\/www.ine.gob.bo\/wp-content\/uploads\/2019\/07\/Micro1.png\",\"articleSection\":[\"INE noticias\"],\"inLanguage\":\"es\"},{\"@type\":\"WebPage\",\"@id\":\"https:\/\/www.ine.gob.bo\/index.php\/se-incrementa-consumo-de-micronutrientes-entre-mujeres\/\",\"url\":\"https:\/\/www.ine.gob.bo\/index.php\/se-incrementa-consumo-de-micronutrientes-entre-mujeres\/\",\"name\":\"Se incrementa consumo de micronutrientes entre mujeres - INE\",\"isPartOf\":{\"@id\":\"https:\/\/www.ine.gob.bo\/#website\"},\"primaryImageOfPage\":{\"@id\":\"https:\/\/www.ine.gob.bo\/index.php\/se-incrementa-consumo-de-micronutrientes-entre-mujeres\/#primaryimage\"},\"image\":{\"@id\":\"https:\/\/www.ine.gob.bo\/index.php\/se-incrementa-consumo-de-micronutrientes-entre-mujeres\/#primaryimage\"},\"thumbnailUrl\":\"https:\/\/www.ine.gob.bo\/wp-content\/uploads\/2019\/07\/Micro1.png\",\"datePublished\":\"2018-06-13T23:59:14+00:00\",\"dateModified\":\"2019-07-07T00:03:40+00:00\",\"description\":\"P\u00e1gina oficial del Instituto Nacional de Estadistica INE, informaci\u00f3n estad\u00edstica, geogr\u00e1fica y econ\u00f3mica a nivel nacional.\",\"breadcrumb\":{\"@id\":\"https:\/\/www.ine.gob.bo\/index.php\/se-incrementa-consumo-de-micronutrientes-entre-mujeres\/#breadcrumb\"},\"inLanguage\":\"es\",\"potentialAction\":[{\"@type\":\"ReadAction\",\"target\":[\"https:\/\/www.ine.gob.bo\/index.php\/se-incrementa-consumo-de-micronutrientes-entre-mujeres\/\"]}]},{\"@type\":\"ImageObject\",\"inLanguage\":\"es\",\"@id\":\"https:\/\/www.ine.gob.bo\/index.php\/se-incrementa-consumo-de-micronutrientes-entre-mujeres\/#primaryimage\",\"url\":\"https:\/\/www.ine.gob.bo\/wp-content\/uploads\/2019\/07\/Micro1.png\",\"contentUrl\":\"https:\/\/www.ine.gob.bo\/wp-content\/uploads\/2019\/07\/Micro1.png\",\"width\":905,\"height\":502},{\"@type\":\"BreadcrumbList\",\"@id\":\"https:\/\/www.ine.gob.bo\/index.php\/se-incrementa-consumo-de-micronutrientes-entre-mujeres\/#breadcrumb\",\"itemListElement\":[{\"@type\":\"ListItem\",\"position\":1,\"name\":\"Portada\",\"item\":\"https:\/\/www.ine.gob.bo\/\"},{\"@type\":\"ListItem\",\"position\":2,\"name\":\"Se incrementa consumo de micronutrientes entre mujeres\"}]},{\"@type\":\"WebSite\",\"@id\":\"https:\/\/www.ine.gob.bo\/#website\",\"url\":\"https:\/\/www.ine.gob.bo\/\",\"name\":\"INE\",\"description\":\"Instituto Nacional de Estad\u00edstica\",\"publisher\":{\"@id\":\"https:\/\/www.ine.gob.bo\/#organization\"},\"potentialAction\":[{\"@type\":\"SearchAction\",\"target\":{\"@type\":\"EntryPoint\",\"urlTemplate\":\"https:\/\/www.ine.gob.bo\/?s={search_term_string}\"},\"query-input\":\"required name=search_term_string\"}],\"inLanguage\":\"es\"},{\"@type\":\"Organization\",\"@id\":\"https:\/\/www.ine.gob.bo\/#organization\",\"name\":\"Instituto Nacional de Estad\u00edstica\",\"url\":\"https:\/\/www.ine.gob.bo\/\",\"logo\":{\"@type\":\"ImageObject\",\"inLanguage\":\"es\",\"@id\":\"https:\/\/www.ine.gob.bo\/#\/schema\/logo\/image\/\",\"url\":\"https:\/\/www.ine.gob.bo\/wp-content\/uploads\/2026\/02\/logo-ine.jpg\",\"contentUrl\":\"https:\/\/www.ine.gob.bo\/wp-content\/uploads\/2026\/02\/logo-ine.jpg\",\"width\":799,\"height\":453,\"caption\":\"Instituto Nacional de Estad\u00edstica\"},\"image\":{\"@id\":\"https:\/\/www.ine.gob.bo\/#\/schema\/logo\/image\/\"},\"sameAs\":[\"https:\/\/www.facebook.com\/ineboliviaoficial\",\"https:\/\/x.com\/INE_Bolivia\",\"https:\/\/www.instagram.com\/ineboliviaoficial\/\",\"https:\/\/www.youtube.com\/channel\/UCbIQXKLw414g5kWo1tAwqCg\"]},{\"@type\":\"Person\",\"@id\":\"https:\/\/www.ine.gob.bo\/#\/schema\/person\/4b9ab894e9de9fb7f2078269aea371be\",\"name\":\"4dmin-root\",\"image\":{\"@type\":\"ImageObject\",\"inLanguage\":\"es\",\"@id\":\"https:\/\/www.ine.gob.bo\/#\/schema\/person\/image\/\",\"url\":\"https:\/\/secure.gravatar.com\/avatar\/0824ec9f3a25d622e58133204574c46e0832b417c3b610112cf50ccc044cbefe?s=96&d=mm&r=g\",\"contentUrl\":\"https:\/\/secure.gravatar.com\/avatar\/0824ec9f3a25d622e58133204574c46e0832b417c3b610112cf50ccc044cbefe?s=96&d=mm&r=g\",\"caption\":\"4dmin-root\"},\"url\":\"https:\/\/www.ine.gob.bo\/index.php\/author\/4dmin-root\/\"}]}<\/script>\n<!-- \/ Yoast SEO plugin. -->","yoast_head_json":{"title":"Se incrementa consumo de micronutrientes entre mujeres - INE","description":"P\u00e1gina oficial del Instituto Nacional de Estadistica INE, informaci\u00f3n estad\u00edstica, geogr\u00e1fica y econ\u00f3mica a nivel nacional.","robots":{"index":"index","follow":"follow","max-snippet":"max-snippet:-1","max-image-preview":"max-image-preview:large","max-video-preview":"max-video-preview:-1"},"canonical":"https:\/\/www.ine.gob.bo\/index.php\/se-incrementa-consumo-de-micronutrientes-entre-mujeres\/","og_locale":"es_ES","og_type":"article","og_title":"Se incrementa consumo de micronutrientes entre mujeres - INE","og_description":"P\u00e1gina oficial del Instituto Nacional de Estadistica INE, informaci\u00f3n estad\u00edstica, geogr\u00e1fica y econ\u00f3mica a nivel nacional.","og_url":"https:\/\/www.ine.gob.bo\/index.php\/se-incrementa-consumo-de-micronutrientes-entre-mujeres\/","og_site_name":"INE","article_publisher":"https:\/\/www.facebook.com\/ineboliviaoficial","article_published_time":"2018-06-13T23:59:14+00:00","article_modified_time":"2019-07-07T00:03:40+00:00","og_image":[{"width":905,"height":502,"url":"https:\/\/www.ine.gob.bo\/wp-content\/uploads\/2019\/07\/Micro1.png","type":"image\/png"}],"author":"4dmin-root","twitter_card":"summary_large_image","twitter_creator":"@INE_Bolivia","twitter_site":"@INE_Bolivia","twitter_misc":{"Escrito por":"4dmin-root","Tiempo de lectura":"3 minutos"},"schema":{"@context":"https:\/\/schema.org","@graph":[{"@type":"Article","@id":"https:\/\/www.ine.gob.bo\/index.php\/se-incrementa-consumo-de-micronutrientes-entre-mujeres\/#article","isPartOf":{"@id":"https:\/\/www.ine.gob.bo\/index.php\/se-incrementa-consumo-de-micronutrientes-entre-mujeres\/"},"author":{"name":"4dmin-root","@id":"https:\/\/www.ine.gob.bo\/#\/schema\/person\/4b9ab894e9de9fb7f2078269aea371be"},"headline":"Se incrementa consumo de micronutrientes entre mujeres","datePublished":"2018-06-13T23:59:14+00:00","dateModified":"2019-07-07T00:03:40+00:00","mainEntityOfPage":{"@id":"https:\/\/www.ine.gob.bo\/index.php\/se-incrementa-consumo-de-micronutrientes-entre-mujeres\/"},"wordCount":522,"publisher":{"@id":"https:\/\/www.ine.gob.bo\/#organization"},"image":{"@id":"https:\/\/www.ine.gob.bo\/index.php\/se-incrementa-consumo-de-micronutrientes-entre-mujeres\/#primaryimage"},"thumbnailUrl":"https:\/\/www.ine.gob.bo\/wp-content\/uploads\/2019\/07\/Micro1.png","articleSection":["INE noticias"],"inLanguage":"es"},{"@type":"WebPage","@id":"https:\/\/www.ine.gob.bo\/index.php\/se-incrementa-consumo-de-micronutrientes-entre-mujeres\/","url":"https:\/\/www.ine.gob.bo\/index.php\/se-incrementa-consumo-de-micronutrientes-entre-mujeres\/","name":"Se incrementa consumo de micronutrientes entre mujeres - INE","isPartOf":{"@id":"https:\/\/www.ine.gob.bo\/#website"},"primaryImageOfPage":{"@id":"https:\/\/www.ine.gob.bo\/index.php\/se-incrementa-consumo-de-micronutrientes-entre-mujeres\/#primaryimage"},"image":{"@id":"https:\/\/www.ine.gob.bo\/index.php\/se-incrementa-consumo-de-micronutrientes-entre-mujeres\/#primaryimage"},"thumbnailUrl":"https:\/\/www.ine.gob.bo\/wp-content\/uploads\/2019\/07\/Micro1.png","datePublished":"2018-06-13T23:59:14+00:00","dateModified":"2019-07-07T00:03:40+00:00","description":"P\u00e1gina oficial del Instituto Nacional de Estadistica INE, informaci\u00f3n estad\u00edstica, geogr\u00e1fica y econ\u00f3mica a nivel nacional.","breadcrumb":{"@id":"https:\/\/www.ine.gob.bo\/index.php\/se-incrementa-consumo-de-micronutrientes-entre-mujeres\/#breadcrumb"},"inLanguage":"es","potentialAction":[{"@type":"ReadAction","target":["https:\/\/www.ine.gob.bo\/index.php\/se-incrementa-consumo-de-micronutrientes-entre-mujeres\/"]}]},{"@type":"ImageObject","inLanguage":"es","@id":"https:\/\/www.ine.gob.bo\/index.php\/se-incrementa-consumo-de-micronutrientes-entre-mujeres\/#primaryimage","url":"https:\/\/www.ine.gob.bo\/wp-content\/uploads\/2019\/07\/Micro1.png","contentUrl":"https:\/\/www.ine.gob.bo\/wp-content\/uploads\/2019\/07\/Micro1.png","width":905,"height":502},{"@type":"BreadcrumbList","@id":"https:\/\/www.ine.gob.bo\/index.php\/se-incrementa-consumo-de-micronutrientes-entre-mujeres\/#breadcrumb","itemListElement":[{"@type":"ListItem","position":1,"name":"Portada","item":"https:\/\/www.ine.gob.bo\/"},{"@type":"ListItem","position":2,"name":"Se incrementa consumo de micronutrientes entre mujeres"}]},{"@type":"WebSite","@id":"https:\/\/www.ine.gob.bo\/#website","url":"https:\/\/www.ine.gob.bo\/","name":"INE","description":"Instituto Nacional de Estad\u00edstica","publisher":{"@id":"https:\/\/www.ine.gob.bo\/#organization"},"potentialAction":[{"@type":"SearchAction","target":{"@type":"EntryPoint","urlTemplate":"https:\/\/www.ine.gob.bo\/?s={search_term_string}"},"query-input":"required name=search_term_string"}],"inLanguage":"es"},{"@type":"Organization","@id":"https:\/\/www.ine.gob.bo\/#organization","name":"Instituto Nacional de Estad\u00edstica","url":"https:\/\/www.ine.gob.bo\/","logo":{"@type":"ImageObject","inLanguage":"es","@id":"https:\/\/www.ine.gob.bo\/#\/schema\/logo\/image\/","url":"https:\/\/www.ine.gob.bo\/wp-content\/uploads\/2026\/02\/logo-ine.jpg","contentUrl":"https:\/\/www.ine.gob.bo\/wp-content\/uploads\/2026\/02\/logo-ine.jpg","width":799,"height":453,"caption":"Instituto Nacional de Estad\u00edstica"},"image":{"@id":"https:\/\/www.ine.gob.bo\/#\/schema\/logo\/image\/"},"sameAs":["https:\/\/www.facebook.com\/ineboliviaoficial","https:\/\/x.com\/INE_Bolivia","https:\/\/www.instagram.com\/ineboliviaoficial\/","https:\/\/www.youtube.com\/channel\/UCbIQXKLw414g5kWo1tAwqCg"]},{"@type":"Person","@id":"https:\/\/www.ine.gob.bo\/#\/schema\/person\/4b9ab894e9de9fb7f2078269aea371be","name":"4dmin-root","image":{"@type":"ImageObject","inLanguage":"es","@id":"https:\/\/www.ine.gob.bo\/#\/schema\/person\/image\/","url":"https:\/\/secure.gravatar.com\/avatar\/0824ec9f3a25d622e58133204574c46e0832b417c3b610112cf50ccc044cbefe?s=96&d=mm&r=g","contentUrl":"https:\/\/secure.gravatar.com\/avatar\/0824ec9f3a25d622e58133204574c46e0832b417c3b610112cf50ccc044cbefe?s=96&d=mm&r=g","caption":"4dmin-root"},"url":"https:\/\/www.ine.gob.bo\/index.php\/author\/4dmin-root\/"}]}},"rttpg_featured_image_url":{"full":["https:\/\/www.ine.gob.bo\/wp-content\/uploads\/2019\/07\/Micro1.png",905,502,false],"landscape":["https:\/\/www.ine.gob.bo\/wp-content\/uploads\/2019\/07\/Micro1.png",905,502,false],"portraits":["https:\/\/www.ine.gob.bo\/wp-content\/uploads\/2019\/07\/Micro1.png",905,502,false],"thumbnail":["https:\/\/www.ine.gob.bo\/wp-content\/uploads\/2019\/07\/Micro1-150x150.png",150,150,true],"medium":["https:\/\/www.ine.gob.bo\/wp-content\/uploads\/2019\/07\/Micro1-300x166.png",300,166,true],"large":["https:\/\/www.ine.gob.bo\/wp-content\/uploads\/2019\/07\/Micro1.png",905,502,false],"1536x1536":["https:\/\/www.ine.gob.bo\/wp-content\/uploads\/2019\/07\/Micro1.png",905,502,false],"2048x2048":["https:\/\/www.ine.gob.bo\/wp-content\/uploads\/2019\/07\/Micro1.png",905,502,false]},"rttpg_author":{"display_name":"4dmin-root","author_link":"https:\/\/www.ine.gob.bo\/index.php\/author\/4dmin-root\/"},"rttpg_comment":0,"rttpg_category":"<a href=\"https:\/\/www.ine.gob.bo\/index.php\/category\/ine-noticias\/\" rel=\"category tag\">INE noticias<\/a>","rttpg_excerpt":"INE &#8211; Santa Cruz, 14 de junio de 2018.- Seg\u00fan la Encuesta de Demograf\u00eda y Salud (EDSA) 2016, el porcentaje de mujeres que consumi\u00f3 micronutrientes, alimentos ricos en vitamina A y en hierro, es mayor al registrado en la Encuesta de Demograf\u00eda y Salud (ENDSA) 2008, mientras que la cobertura de suplementaci\u00f3n con vitamina A,&hellip;","_links":{"self":[{"href":"https:\/\/www.ine.gob.bo\/index.php\/wp-json\/wp\/v2\/posts\/38977","targetHints":{"allow":["GET"]}}],"collection":[{"href":"https:\/\/www.ine.gob.bo\/index.php\/wp-json\/wp\/v2\/posts"}],"about":[{"href":"https:\/\/www.ine.gob.bo\/index.php\/wp-json\/wp\/v2\/types\/post"}],"author":[{"embeddable":true,"href":"https:\/\/www.ine.gob.bo\/index.php\/wp-json\/wp\/v2\/users\/1"}],"replies":[{"embeddable":true,"href":"https:\/\/www.ine.gob.bo\/index.php\/wp-json\/wp\/v2\/comments?post=38977"}],"version-history":[{"count":0,"href":"https:\/\/www.ine.gob.bo\/index.php\/wp-json\/wp\/v2\/posts\/38977\/revisions"}],"wp:featuredmedia":[{"embeddable":true,"href":"https:\/\/www.ine.gob.bo\/index.php\/wp-json\/wp\/v2\/media\/38978"}],"wp:attachment":[{"href":"https:\/\/www.ine.gob.bo\/index.php\/wp-json\/wp\/v2\/media?parent=38977"}],"wp:term":[{"taxonomy":"category","embeddable":true,"href":"https:\/\/www.ine.gob.bo\/index.php\/wp-json\/wp\/v2\/categories?post=38977"},{"taxonomy":"post_tag","embeddable":true,"href":"https:\/\/www.ine.gob.bo\/index.php\/wp-json\/wp\/v2\/tags?post=38977"}],"curies":[{"name":"wp","href":"https:\/\/api.w.org\/{rel}","templated":true}]}}