{"id":38961,"date":"2018-06-21T00:36:04","date_gmt":"2018-06-20T22:36:04","guid":{"rendered":"https:\/\/www.ine.gob.bo\/?p=38961"},"modified":"2019-07-07T00:45:32","modified_gmt":"2019-07-06T22:45:32","slug":"cultivos-ancestrales-superan-las-200-mil-hectareas-cultivadas","status":"publish","type":"post","link":"https:\/\/www.ine.gob.bo\/index.php\/cultivos-ancestrales-superan-las-200-mil-hectareas-cultivadas\/","title":{"rendered":"Cultivos ancestrales superan las 200 mil hect\u00e1reas cultivadas"},"content":{"rendered":"<p><strong>INE &#8211; La Paz, 21 de junio de 2018.-\u00a0<\/strong>Al celebrarse el A\u00f1o Nuevo Andino Amaz\u00f3nico conocido como\u00a0el Willkakuti en la zona Andina y Yasitata Guas\u00fa en las tierras bajas de Bolivia, se inicia un nuevo ciclo de renovaci\u00f3n de la naturaleza y de la vida, as\u00ed como un nuevo ciclo agr\u00edcola para los pueblos andinos, cuyos cultivos ancestrales como la papa, la quinua, papalisa y ca\u00f1ahua ocupan una superficie cultivada de 297.595,7 hect\u00e1reas, seg\u00fan la campa\u00f1a agr\u00edcola 2016-2017, inform\u00f3 el Instituto Nacional de Estad\u00edstica (INE).<\/p>\n<p>Datos estad\u00edsticos establecen que la papa se ha mantenido como el cultivo ancestral m\u00e1s extenso a lo largo de m\u00e1s de tres d\u00e9cadas, entre los a\u00f1os agr\u00edcolas 1983-1984 y 2016-2017, registra un incremento de 48.716,4 hect\u00e1reas, le sigue el cultivo de la quinua con un incremento de 89.951,8 hect\u00e1reas en el mismo per\u00edodo de tiempo.<\/p>\n<p>&nbsp;<\/p>\n<p><strong>Gr\u00e1fico N\u00ba 1<\/strong><\/p>\n<p><strong>BOLIVIA: SUPERFICIE Y PRODUCCI\u00d3N DE PAPA Y QUINUA,<\/strong><\/p>\n<p><strong>A\u00d1O AGR\u00cdCOLA 1983 \u2013 1984 Y 2016-2017<\/strong><\/p>\n<p><img loading=\"lazy\" decoding=\"async\" class=\"alignnone size-full wp-image-38966\" src=\"https:\/\/www.ine.gob.bo\/wp-content\/uploads\/2018\/06\/Anio_Nuevo_Aymara_1.png\" alt=\"\" width=\"518\" height=\"226\" srcset=\"https:\/\/www.ine.gob.bo\/wp-content\/uploads\/2018\/06\/Anio_Nuevo_Aymara_1.png 518w, https:\/\/www.ine.gob.bo\/wp-content\/uploads\/2018\/06\/Anio_Nuevo_Aymara_1-300x131.png 300w\" sizes=\"auto, (max-width: 518px) 100vw, 518px\" \/><\/p>\n<p>Fuente: Instituto Nacional de Estad\u00edstica &#8211; Ministerio de Desarrollo Rural y Tierras<\/p>\n<p>(p) Preliminar<\/p>\n<p>&nbsp;<\/p>\n<p>En cuanto a la producci\u00f3n de papalisa, se reporta un incremento de 4.034.9 a 11.009,6 toneladas m\u00e9tricas entre los a\u00f1os agr\u00edcolas 1983 \u2013 1984 y 2016-2017. Mientras que la superficie que abarca los cultivos de ca\u00f1ahua, sube de 564,8 a 1.176,5 hect\u00e1reas en el mismo per\u00edodo.<\/p>\n<p><strong>Gr\u00e1fico N\u00ba 2<\/strong><\/p>\n<p><strong>BOLIVIA: SUPERFICIE Y PRODUCCI\u00d3N DE PAPALISA Y CA\u00d1AHUA,<\/strong><\/p>\n<p><strong>A\u00d1O AGR\u00cdCOLA 1983 \u2013 1984 Y 2016-2017<\/strong><\/p>\n<p><img loading=\"lazy\" decoding=\"async\" class=\"alignnone size-full wp-image-38967\" src=\"https:\/\/www.ine.gob.bo\/wp-content\/uploads\/2018\/06\/Anio_Nuevo_Aymara_2.png\" alt=\"\" width=\"474\" height=\"264\" srcset=\"https:\/\/www.ine.gob.bo\/wp-content\/uploads\/2018\/06\/Anio_Nuevo_Aymara_2.png 474w, https:\/\/www.ine.gob.bo\/wp-content\/uploads\/2018\/06\/Anio_Nuevo_Aymara_2-300x167.png 300w\" sizes=\"auto, (max-width: 474px) 100vw, 474px\" \/><\/p>\n<p>Fuente: Instituto Nacional de Estad\u00edstica &#8211; Ministerio de Desarrollo Rural y Tierras<\/p>\n<p>(p) Preliminar<\/p>\n<p>&nbsp;<\/p>\n<p>El\u00a0<em>Willkakuti<\/em>\u00a0que en aimara significa el retorno del sol, es el evento astron\u00f3mico m\u00e1s notable de los pueblos andinos en correspondencia con el solsticio de invierno, cuando el d\u00eda es m\u00e1s corto y la noche m\u00e1s larga. En el Estado Plurinacional de Bolivia, el Gobierno nacional declar\u00f3 mediante Decreto Supremo N\u00b0 173 de 2009, feriado inamovible al 21 de junio de cada a\u00f1o para recuperar y fortalecer las costumbres ancestrales.<\/p>\n<p>El decreto gubernamental tambi\u00e9n establece lugares sagrados para celebrar este evento en Tiahuanaco, Konko, Wankane, Chiripa, Charazani, Copacabana, Pasto Grande, Yaco, la ciudad de El Alto, la Plaza del Hombre Americano en la ciudad de La Paz y la zona de \u00c1nimas; Inkallajta en Cochabamba; Pampa Aullagas y Cerro Koricancha en Oruro; Samaipata en Santa Cruz; y San Lucas en Chuquisaca.<\/p>\n<p>En Tiahuanaco, el Willkakuti es una ceremonia de gran significado para el pueblo aymara. La regi\u00f3n cuenta con una poblaci\u00f3n de 12.653 habitantes, seg\u00fan proyecciones 2018.<\/p>\n<p>Seg\u00fan el Censo Agropecuario 2013, su principal cultivo es la alfalfa con una superficie cultivada de 1.485,4 hect\u00e1reas y una producci\u00f3n de 68.149,8 quintales. Adem\u00e1s cuenta con 21.384 cabezas de ganado ovino y 20.032 cabezas de ganado vacuno.<\/p>\n<p><strong>Gr\u00e1fico N\u00ba 3<\/strong><\/p>\n<p><strong>TIAHUANACU: SUPERFICIE Y PRODUCCI\u00d3N DE LOS PRINCIPALES CULTIVOS,<\/strong><\/p>\n<p><strong>INVIERNO 2012 Y VERANO 2012 &#8211; 2013<\/strong><\/p>\n<p><img loading=\"lazy\" decoding=\"async\" class=\"alignnone size-full wp-image-38969\" src=\"https:\/\/www.ine.gob.bo\/wp-content\/uploads\/2018\/06\/Anio_Nuevo_Aymara_3.png\" alt=\"\" width=\"519\" height=\"313\" srcset=\"https:\/\/www.ine.gob.bo\/wp-content\/uploads\/2018\/06\/Anio_Nuevo_Aymara_3.png 519w, https:\/\/www.ine.gob.bo\/wp-content\/uploads\/2018\/06\/Anio_Nuevo_Aymara_3-300x181.png 300w\" sizes=\"auto, (max-width: 519px) 100vw, 519px\" \/><\/p>\n<p>Fuente: Instituto Nacional de Estad\u00edstica \u2013 Censo Agropecuario 2013<\/p>\n<p>En Samaipata, la celebraci\u00f3n de la Yasitata Guas\u00fa, conocida como la estrella del alba que brilla m\u00e1s, es una ceremonia ancestral del pueblo guaran\u00ed, ligada a la producci\u00f3n agr\u00edcola. En esta regi\u00f3n la poblaci\u00f3n llega a 11.612 habitantes, seg\u00fan proyecciones a 2018.<\/p>\n<p>El municipio ubicado en los valles cruce\u00f1os, destaca por su producci\u00f3n de ma\u00edz con 1.427,5 hect\u00e1reas y una producci\u00f3n de 35.390,1 quintales de acuerdo con el Censo Agropecuario 2013. As\u00ed tambi\u00e9n la principal actividad pecuaria es la avicultura con 822.060 aves de granja.<\/p>\n<p><strong>Gr\u00e1fico N\u00ba 3<\/strong><\/p>\n<p><strong>SAMAIPATA: SUPERFICIE Y PRODUCCI\u00d3N DE LOS PRINCIPALES CULTIVOS,<\/strong><\/p>\n<p><strong>INVIERNO 2012 Y VERANO 2012 &#8211; 2013<\/strong><\/p>\n<p><img loading=\"lazy\" decoding=\"async\" class=\"alignnone size-full wp-image-38970\" src=\"https:\/\/www.ine.gob.bo\/wp-content\/uploads\/2018\/06\/Anio_Nuevo_Aymara_4.png\" alt=\"\" width=\"528\" height=\"302\" srcset=\"https:\/\/www.ine.gob.bo\/wp-content\/uploads\/2018\/06\/Anio_Nuevo_Aymara_4.png 528w, https:\/\/www.ine.gob.bo\/wp-content\/uploads\/2018\/06\/Anio_Nuevo_Aymara_4-300x172.png 300w\" sizes=\"auto, (max-width: 528px) 100vw, 528px\" \/><\/p>\n<p>Fuente: Instituto Nacional de Estad\u00edstica \u2013 Censo Agropecuario 2013<\/p>\n<p>&nbsp;<\/p>\n<blockquote><p><strong><em>UNIDAD DE DIFUSI\u00d3N Y COMUNICACI\u00d3N<\/em><\/strong><\/p>\n<p><strong>INSTITUTO NACIONAL DE ESTAD\u00cdSTICA<\/strong><\/p><\/blockquote>\n","protected":false},"excerpt":{"rendered":"<p>INE &#8211; La Paz, 21 de junio de 2018.-\u00a0Al celebrarse el A\u00f1o Nuevo Andino Amaz\u00f3nico conocido como\u00a0el Willkakuti en la zona Andina y Yasitata Guas\u00fa en las tierras bajas de Bolivia, se inicia un nuevo ciclo de renovaci\u00f3n de la naturaleza y de la vida, as\u00ed como un nuevo ciclo agr\u00edcola para los pueblos andinos,&hellip;<\/p>\n","protected":false},"author":1,"featured_media":38970,"comment_status":"closed","ping_status":"open","sticky":false,"template":"","format":"standard","meta":[],"categories":[158],"tags":[],"class_list":["post-38961","post","type-post","status-publish","format-standard","has-post-thumbnail","hentry","category-ine-noticias","category-158","description-off"],"yoast_head":"<!-- This site is optimized with the Yoast SEO plugin v23.2 - https:\/\/yoast.com\/wordpress\/plugins\/seo\/ -->\n<title>Cultivos ancestrales superan las 200 mil hect\u00e1reas cultivadas - INE<\/title>\n<meta name=\"description\" content=\"P\u00e1gina oficial del Instituto Nacional de Estadistica INE, informaci\u00f3n estad\u00edstica, geogr\u00e1fica y econ\u00f3mica a nivel nacional.\" \/>\n<meta name=\"robots\" content=\"index, follow, max-snippet:-1, max-image-preview:large, max-video-preview:-1\" \/>\n<link rel=\"canonical\" href=\"https:\/\/www.ine.gob.bo\/index.php\/cultivos-ancestrales-superan-las-200-mil-hectareas-cultivadas\/\" \/>\n<meta property=\"og:locale\" content=\"es_ES\" \/>\n<meta property=\"og:type\" content=\"article\" \/>\n<meta property=\"og:title\" content=\"Cultivos ancestrales superan las 200 mil hect\u00e1reas cultivadas - INE\" \/>\n<meta property=\"og:description\" content=\"P\u00e1gina oficial del Instituto Nacional de Estadistica INE, informaci\u00f3n estad\u00edstica, geogr\u00e1fica y econ\u00f3mica a nivel nacional.\" \/>\n<meta property=\"og:url\" content=\"https:\/\/www.ine.gob.bo\/index.php\/cultivos-ancestrales-superan-las-200-mil-hectareas-cultivadas\/\" \/>\n<meta property=\"og:site_name\" content=\"INE\" \/>\n<meta property=\"article:publisher\" content=\"https:\/\/www.facebook.com\/ineboliviaoficial\" \/>\n<meta property=\"article:published_time\" content=\"2018-06-20T22:36:04+00:00\" \/>\n<meta property=\"article:modified_time\" content=\"2019-07-06T22:45:32+00:00\" \/>\n<meta property=\"og:image\" content=\"https:\/\/www.ine.gob.bo\/wp-content\/uploads\/2018\/06\/Anio_Nuevo_Aymara_4.png\" \/>\n\t<meta property=\"og:image:width\" content=\"528\" \/>\n\t<meta property=\"og:image:height\" content=\"302\" \/>\n\t<meta property=\"og:image:type\" content=\"image\/png\" \/>\n<meta name=\"author\" content=\"4dmin-root\" \/>\n<meta name=\"twitter:card\" content=\"summary_large_image\" \/>\n<meta name=\"twitter:creator\" content=\"@INE_Bolivia\" \/>\n<meta name=\"twitter:site\" content=\"@INE_Bolivia\" \/>\n<meta name=\"twitter:label1\" content=\"Escrito por\" \/>\n\t<meta name=\"twitter:data1\" content=\"4dmin-root\" \/>\n\t<meta name=\"twitter:label2\" content=\"Tiempo de lectura\" \/>\n\t<meta name=\"twitter:data2\" content=\"3 minutos\" \/>\n<script type=\"application\/ld+json\" class=\"yoast-schema-graph\">{\"@context\":\"https:\/\/schema.org\",\"@graph\":[{\"@type\":\"Article\",\"@id\":\"https:\/\/www.ine.gob.bo\/index.php\/cultivos-ancestrales-superan-las-200-mil-hectareas-cultivadas\/#article\",\"isPartOf\":{\"@id\":\"https:\/\/www.ine.gob.bo\/index.php\/cultivos-ancestrales-superan-las-200-mil-hectareas-cultivadas\/\"},\"author\":{\"name\":\"4dmin-root\",\"@id\":\"https:\/\/www.ine.gob.bo\/#\/schema\/person\/4b9ab894e9de9fb7f2078269aea371be\"},\"headline\":\"Cultivos ancestrales superan las 200 mil hect\u00e1reas cultivadas\",\"datePublished\":\"2018-06-20T22:36:04+00:00\",\"dateModified\":\"2019-07-06T22:45:32+00:00\",\"mainEntityOfPage\":{\"@id\":\"https:\/\/www.ine.gob.bo\/index.php\/cultivos-ancestrales-superan-las-200-mil-hectareas-cultivadas\/\"},\"wordCount\":634,\"publisher\":{\"@id\":\"https:\/\/www.ine.gob.bo\/#organization\"},\"image\":{\"@id\":\"https:\/\/www.ine.gob.bo\/index.php\/cultivos-ancestrales-superan-las-200-mil-hectareas-cultivadas\/#primaryimage\"},\"thumbnailUrl\":\"https:\/\/www.ine.gob.bo\/wp-content\/uploads\/2018\/06\/Anio_Nuevo_Aymara_4.png\",\"articleSection\":[\"INE noticias\"],\"inLanguage\":\"es\"},{\"@type\":\"WebPage\",\"@id\":\"https:\/\/www.ine.gob.bo\/index.php\/cultivos-ancestrales-superan-las-200-mil-hectareas-cultivadas\/\",\"url\":\"https:\/\/www.ine.gob.bo\/index.php\/cultivos-ancestrales-superan-las-200-mil-hectareas-cultivadas\/\",\"name\":\"Cultivos ancestrales superan las 200 mil hect\u00e1reas cultivadas - INE\",\"isPartOf\":{\"@id\":\"https:\/\/www.ine.gob.bo\/#website\"},\"primaryImageOfPage\":{\"@id\":\"https:\/\/www.ine.gob.bo\/index.php\/cultivos-ancestrales-superan-las-200-mil-hectareas-cultivadas\/#primaryimage\"},\"image\":{\"@id\":\"https:\/\/www.ine.gob.bo\/index.php\/cultivos-ancestrales-superan-las-200-mil-hectareas-cultivadas\/#primaryimage\"},\"thumbnailUrl\":\"https:\/\/www.ine.gob.bo\/wp-content\/uploads\/2018\/06\/Anio_Nuevo_Aymara_4.png\",\"datePublished\":\"2018-06-20T22:36:04+00:00\",\"dateModified\":\"2019-07-06T22:45:32+00:00\",\"description\":\"P\u00e1gina oficial del Instituto Nacional de Estadistica INE, informaci\u00f3n estad\u00edstica, geogr\u00e1fica y econ\u00f3mica a nivel nacional.\",\"breadcrumb\":{\"@id\":\"https:\/\/www.ine.gob.bo\/index.php\/cultivos-ancestrales-superan-las-200-mil-hectareas-cultivadas\/#breadcrumb\"},\"inLanguage\":\"es\",\"potentialAction\":[{\"@type\":\"ReadAction\",\"target\":[\"https:\/\/www.ine.gob.bo\/index.php\/cultivos-ancestrales-superan-las-200-mil-hectareas-cultivadas\/\"]}]},{\"@type\":\"ImageObject\",\"inLanguage\":\"es\",\"@id\":\"https:\/\/www.ine.gob.bo\/index.php\/cultivos-ancestrales-superan-las-200-mil-hectareas-cultivadas\/#primaryimage\",\"url\":\"https:\/\/www.ine.gob.bo\/wp-content\/uploads\/2018\/06\/Anio_Nuevo_Aymara_4.png\",\"contentUrl\":\"https:\/\/www.ine.gob.bo\/wp-content\/uploads\/2018\/06\/Anio_Nuevo_Aymara_4.png\",\"width\":528,\"height\":302},{\"@type\":\"BreadcrumbList\",\"@id\":\"https:\/\/www.ine.gob.bo\/index.php\/cultivos-ancestrales-superan-las-200-mil-hectareas-cultivadas\/#breadcrumb\",\"itemListElement\":[{\"@type\":\"ListItem\",\"position\":1,\"name\":\"Portada\",\"item\":\"https:\/\/www.ine.gob.bo\/\"},{\"@type\":\"ListItem\",\"position\":2,\"name\":\"Cultivos ancestrales superan las 200 mil hect\u00e1reas cultivadas\"}]},{\"@type\":\"WebSite\",\"@id\":\"https:\/\/www.ine.gob.bo\/#website\",\"url\":\"https:\/\/www.ine.gob.bo\/\",\"name\":\"INE\",\"description\":\"Instituto Nacional de Estad\u00edstica\",\"publisher\":{\"@id\":\"https:\/\/www.ine.gob.bo\/#organization\"},\"potentialAction\":[{\"@type\":\"SearchAction\",\"target\":{\"@type\":\"EntryPoint\",\"urlTemplate\":\"https:\/\/www.ine.gob.bo\/?s={search_term_string}\"},\"query-input\":\"required name=search_term_string\"}],\"inLanguage\":\"es\"},{\"@type\":\"Organization\",\"@id\":\"https:\/\/www.ine.gob.bo\/#organization\",\"name\":\"Instituto Nacional de Estad\u00edstica\",\"url\":\"https:\/\/www.ine.gob.bo\/\",\"logo\":{\"@type\":\"ImageObject\",\"inLanguage\":\"es\",\"@id\":\"https:\/\/www.ine.gob.bo\/#\/schema\/logo\/image\/\",\"url\":\"https:\/\/www.ine.gob.bo\/wp-content\/uploads\/2026\/02\/logo-ine.jpg\",\"contentUrl\":\"https:\/\/www.ine.gob.bo\/wp-content\/uploads\/2026\/02\/logo-ine.jpg\",\"width\":799,\"height\":453,\"caption\":\"Instituto Nacional de Estad\u00edstica\"},\"image\":{\"@id\":\"https:\/\/www.ine.gob.bo\/#\/schema\/logo\/image\/\"},\"sameAs\":[\"https:\/\/www.facebook.com\/ineboliviaoficial\",\"https:\/\/x.com\/INE_Bolivia\",\"https:\/\/www.instagram.com\/ineboliviaoficial\/\",\"https:\/\/www.youtube.com\/channel\/UCbIQXKLw414g5kWo1tAwqCg\"]},{\"@type\":\"Person\",\"@id\":\"https:\/\/www.ine.gob.bo\/#\/schema\/person\/4b9ab894e9de9fb7f2078269aea371be\",\"name\":\"4dmin-root\",\"image\":{\"@type\":\"ImageObject\",\"inLanguage\":\"es\",\"@id\":\"https:\/\/www.ine.gob.bo\/#\/schema\/person\/image\/\",\"url\":\"https:\/\/secure.gravatar.com\/avatar\/0824ec9f3a25d622e58133204574c46e0832b417c3b610112cf50ccc044cbefe?s=96&d=mm&r=g\",\"contentUrl\":\"https:\/\/secure.gravatar.com\/avatar\/0824ec9f3a25d622e58133204574c46e0832b417c3b610112cf50ccc044cbefe?s=96&d=mm&r=g\",\"caption\":\"4dmin-root\"},\"url\":\"https:\/\/www.ine.gob.bo\/index.php\/author\/4dmin-root\/\"}]}<\/script>\n<!-- \/ Yoast SEO plugin. -->","yoast_head_json":{"title":"Cultivos ancestrales superan las 200 mil hect\u00e1reas cultivadas - INE","description":"P\u00e1gina oficial del Instituto Nacional de Estadistica INE, informaci\u00f3n estad\u00edstica, geogr\u00e1fica y econ\u00f3mica a nivel nacional.","robots":{"index":"index","follow":"follow","max-snippet":"max-snippet:-1","max-image-preview":"max-image-preview:large","max-video-preview":"max-video-preview:-1"},"canonical":"https:\/\/www.ine.gob.bo\/index.php\/cultivos-ancestrales-superan-las-200-mil-hectareas-cultivadas\/","og_locale":"es_ES","og_type":"article","og_title":"Cultivos ancestrales superan las 200 mil hect\u00e1reas cultivadas - INE","og_description":"P\u00e1gina oficial del Instituto Nacional de Estadistica INE, informaci\u00f3n estad\u00edstica, geogr\u00e1fica y econ\u00f3mica a nivel nacional.","og_url":"https:\/\/www.ine.gob.bo\/index.php\/cultivos-ancestrales-superan-las-200-mil-hectareas-cultivadas\/","og_site_name":"INE","article_publisher":"https:\/\/www.facebook.com\/ineboliviaoficial","article_published_time":"2018-06-20T22:36:04+00:00","article_modified_time":"2019-07-06T22:45:32+00:00","og_image":[{"width":528,"height":302,"url":"https:\/\/www.ine.gob.bo\/wp-content\/uploads\/2018\/06\/Anio_Nuevo_Aymara_4.png","type":"image\/png"}],"author":"4dmin-root","twitter_card":"summary_large_image","twitter_creator":"@INE_Bolivia","twitter_site":"@INE_Bolivia","twitter_misc":{"Escrito por":"4dmin-root","Tiempo de lectura":"3 minutos"},"schema":{"@context":"https:\/\/schema.org","@graph":[{"@type":"Article","@id":"https:\/\/www.ine.gob.bo\/index.php\/cultivos-ancestrales-superan-las-200-mil-hectareas-cultivadas\/#article","isPartOf":{"@id":"https:\/\/www.ine.gob.bo\/index.php\/cultivos-ancestrales-superan-las-200-mil-hectareas-cultivadas\/"},"author":{"name":"4dmin-root","@id":"https:\/\/www.ine.gob.bo\/#\/schema\/person\/4b9ab894e9de9fb7f2078269aea371be"},"headline":"Cultivos ancestrales superan las 200 mil hect\u00e1reas cultivadas","datePublished":"2018-06-20T22:36:04+00:00","dateModified":"2019-07-06T22:45:32+00:00","mainEntityOfPage":{"@id":"https:\/\/www.ine.gob.bo\/index.php\/cultivos-ancestrales-superan-las-200-mil-hectareas-cultivadas\/"},"wordCount":634,"publisher":{"@id":"https:\/\/www.ine.gob.bo\/#organization"},"image":{"@id":"https:\/\/www.ine.gob.bo\/index.php\/cultivos-ancestrales-superan-las-200-mil-hectareas-cultivadas\/#primaryimage"},"thumbnailUrl":"https:\/\/www.ine.gob.bo\/wp-content\/uploads\/2018\/06\/Anio_Nuevo_Aymara_4.png","articleSection":["INE noticias"],"inLanguage":"es"},{"@type":"WebPage","@id":"https:\/\/www.ine.gob.bo\/index.php\/cultivos-ancestrales-superan-las-200-mil-hectareas-cultivadas\/","url":"https:\/\/www.ine.gob.bo\/index.php\/cultivos-ancestrales-superan-las-200-mil-hectareas-cultivadas\/","name":"Cultivos ancestrales superan las 200 mil hect\u00e1reas cultivadas - INE","isPartOf":{"@id":"https:\/\/www.ine.gob.bo\/#website"},"primaryImageOfPage":{"@id":"https:\/\/www.ine.gob.bo\/index.php\/cultivos-ancestrales-superan-las-200-mil-hectareas-cultivadas\/#primaryimage"},"image":{"@id":"https:\/\/www.ine.gob.bo\/index.php\/cultivos-ancestrales-superan-las-200-mil-hectareas-cultivadas\/#primaryimage"},"thumbnailUrl":"https:\/\/www.ine.gob.bo\/wp-content\/uploads\/2018\/06\/Anio_Nuevo_Aymara_4.png","datePublished":"2018-06-20T22:36:04+00:00","dateModified":"2019-07-06T22:45:32+00:00","description":"P\u00e1gina oficial del Instituto Nacional de Estadistica INE, informaci\u00f3n estad\u00edstica, geogr\u00e1fica y econ\u00f3mica a nivel nacional.","breadcrumb":{"@id":"https:\/\/www.ine.gob.bo\/index.php\/cultivos-ancestrales-superan-las-200-mil-hectareas-cultivadas\/#breadcrumb"},"inLanguage":"es","potentialAction":[{"@type":"ReadAction","target":["https:\/\/www.ine.gob.bo\/index.php\/cultivos-ancestrales-superan-las-200-mil-hectareas-cultivadas\/"]}]},{"@type":"ImageObject","inLanguage":"es","@id":"https:\/\/www.ine.gob.bo\/index.php\/cultivos-ancestrales-superan-las-200-mil-hectareas-cultivadas\/#primaryimage","url":"https:\/\/www.ine.gob.bo\/wp-content\/uploads\/2018\/06\/Anio_Nuevo_Aymara_4.png","contentUrl":"https:\/\/www.ine.gob.bo\/wp-content\/uploads\/2018\/06\/Anio_Nuevo_Aymara_4.png","width":528,"height":302},{"@type":"BreadcrumbList","@id":"https:\/\/www.ine.gob.bo\/index.php\/cultivos-ancestrales-superan-las-200-mil-hectareas-cultivadas\/#breadcrumb","itemListElement":[{"@type":"ListItem","position":1,"name":"Portada","item":"https:\/\/www.ine.gob.bo\/"},{"@type":"ListItem","position":2,"name":"Cultivos ancestrales superan las 200 mil hect\u00e1reas cultivadas"}]},{"@type":"WebSite","@id":"https:\/\/www.ine.gob.bo\/#website","url":"https:\/\/www.ine.gob.bo\/","name":"INE","description":"Instituto Nacional de Estad\u00edstica","publisher":{"@id":"https:\/\/www.ine.gob.bo\/#organization"},"potentialAction":[{"@type":"SearchAction","target":{"@type":"EntryPoint","urlTemplate":"https:\/\/www.ine.gob.bo\/?s={search_term_string}"},"query-input":"required name=search_term_string"}],"inLanguage":"es"},{"@type":"Organization","@id":"https:\/\/www.ine.gob.bo\/#organization","name":"Instituto Nacional de Estad\u00edstica","url":"https:\/\/www.ine.gob.bo\/","logo":{"@type":"ImageObject","inLanguage":"es","@id":"https:\/\/www.ine.gob.bo\/#\/schema\/logo\/image\/","url":"https:\/\/www.ine.gob.bo\/wp-content\/uploads\/2026\/02\/logo-ine.jpg","contentUrl":"https:\/\/www.ine.gob.bo\/wp-content\/uploads\/2026\/02\/logo-ine.jpg","width":799,"height":453,"caption":"Instituto Nacional de Estad\u00edstica"},"image":{"@id":"https:\/\/www.ine.gob.bo\/#\/schema\/logo\/image\/"},"sameAs":["https:\/\/www.facebook.com\/ineboliviaoficial","https:\/\/x.com\/INE_Bolivia","https:\/\/www.instagram.com\/ineboliviaoficial\/","https:\/\/www.youtube.com\/channel\/UCbIQXKLw414g5kWo1tAwqCg"]},{"@type":"Person","@id":"https:\/\/www.ine.gob.bo\/#\/schema\/person\/4b9ab894e9de9fb7f2078269aea371be","name":"4dmin-root","image":{"@type":"ImageObject","inLanguage":"es","@id":"https:\/\/www.ine.gob.bo\/#\/schema\/person\/image\/","url":"https:\/\/secure.gravatar.com\/avatar\/0824ec9f3a25d622e58133204574c46e0832b417c3b610112cf50ccc044cbefe?s=96&d=mm&r=g","contentUrl":"https:\/\/secure.gravatar.com\/avatar\/0824ec9f3a25d622e58133204574c46e0832b417c3b610112cf50ccc044cbefe?s=96&d=mm&r=g","caption":"4dmin-root"},"url":"https:\/\/www.ine.gob.bo\/index.php\/author\/4dmin-root\/"}]}},"rttpg_featured_image_url":{"full":["https:\/\/www.ine.gob.bo\/wp-content\/uploads\/2018\/06\/Anio_Nuevo_Aymara_4.png",528,302,false],"landscape":["https:\/\/www.ine.gob.bo\/wp-content\/uploads\/2018\/06\/Anio_Nuevo_Aymara_4.png",528,302,false],"portraits":["https:\/\/www.ine.gob.bo\/wp-content\/uploads\/2018\/06\/Anio_Nuevo_Aymara_4.png",528,302,false],"thumbnail":["https:\/\/www.ine.gob.bo\/wp-content\/uploads\/2018\/06\/Anio_Nuevo_Aymara_4-150x150.png",150,150,true],"medium":["https:\/\/www.ine.gob.bo\/wp-content\/uploads\/2018\/06\/Anio_Nuevo_Aymara_4-300x172.png",300,172,true],"large":["https:\/\/www.ine.gob.bo\/wp-content\/uploads\/2018\/06\/Anio_Nuevo_Aymara_4.png",528,302,false],"1536x1536":["https:\/\/www.ine.gob.bo\/wp-content\/uploads\/2018\/06\/Anio_Nuevo_Aymara_4.png",528,302,false],"2048x2048":["https:\/\/www.ine.gob.bo\/wp-content\/uploads\/2018\/06\/Anio_Nuevo_Aymara_4.png",528,302,false]},"rttpg_author":{"display_name":"4dmin-root","author_link":"https:\/\/www.ine.gob.bo\/index.php\/author\/4dmin-root\/"},"rttpg_comment":0,"rttpg_category":"<a href=\"https:\/\/www.ine.gob.bo\/index.php\/category\/ine-noticias\/\" rel=\"category tag\">INE noticias<\/a>","rttpg_excerpt":"INE &#8211; La Paz, 21 de junio de 2018.-\u00a0Al celebrarse el A\u00f1o Nuevo Andino Amaz\u00f3nico conocido como\u00a0el Willkakuti en la zona Andina y Yasitata Guas\u00fa en las tierras bajas de Bolivia, se inicia un nuevo ciclo de renovaci\u00f3n de la naturaleza y de la vida, as\u00ed como un nuevo ciclo agr\u00edcola para los pueblos andinos,&hellip;","_links":{"self":[{"href":"https:\/\/www.ine.gob.bo\/index.php\/wp-json\/wp\/v2\/posts\/38961","targetHints":{"allow":["GET"]}}],"collection":[{"href":"https:\/\/www.ine.gob.bo\/index.php\/wp-json\/wp\/v2\/posts"}],"about":[{"href":"https:\/\/www.ine.gob.bo\/index.php\/wp-json\/wp\/v2\/types\/post"}],"author":[{"embeddable":true,"href":"https:\/\/www.ine.gob.bo\/index.php\/wp-json\/wp\/v2\/users\/1"}],"replies":[{"embeddable":true,"href":"https:\/\/www.ine.gob.bo\/index.php\/wp-json\/wp\/v2\/comments?post=38961"}],"version-history":[{"count":0,"href":"https:\/\/www.ine.gob.bo\/index.php\/wp-json\/wp\/v2\/posts\/38961\/revisions"}],"wp:featuredmedia":[{"embeddable":true,"href":"https:\/\/www.ine.gob.bo\/index.php\/wp-json\/wp\/v2\/media\/38970"}],"wp:attachment":[{"href":"https:\/\/www.ine.gob.bo\/index.php\/wp-json\/wp\/v2\/media?parent=38961"}],"wp:term":[{"taxonomy":"category","embeddable":true,"href":"https:\/\/www.ine.gob.bo\/index.php\/wp-json\/wp\/v2\/categories?post=38961"},{"taxonomy":"post_tag","embeddable":true,"href":"https:\/\/www.ine.gob.bo\/index.php\/wp-json\/wp\/v2\/tags?post=38961"}],"curies":[{"name":"wp","href":"https:\/\/api.w.org\/{rel}","templated":true}]}}