{"id":38792,"date":"2018-08-05T18:28:22","date_gmt":"2018-08-05T16:28:22","guid":{"rendered":"https:\/\/www.ine.gob.bo\/?p=38792"},"modified":"2019-07-05T18:30:36","modified_gmt":"2019-07-05T16:30:36","slug":"la-confederacion-de-empresarios-privados-de-bolivia-cepb-publico-un-articulo-que-pone-en-duda-las-estadisticas-del-crecimiento-economico-boliviano-al-respecto-el-instituto-nacional-de-estadistica","status":"publish","type":"post","link":"https:\/\/www.ine.gob.bo\/index.php\/la-confederacion-de-empresarios-privados-de-bolivia-cepb-publico-un-articulo-que-pone-en-duda-las-estadisticas-del-crecimiento-economico-boliviano-al-respecto-el-instituto-nacional-de-estadistica\/","title":{"rendered":"La Confederaci\u00f3n de Empresarios Privados de Bolivia (CEPB) public\u00f3 un art\u00edculo que pone en duda las estad\u00edsticas del crecimiento econ\u00f3mico boliviano. Al respecto, el Instituto Nacional de Estad\u00edstica (INE) aclara:"},"content":{"rendered":"<p>NE \u2013 La Paz, 5 de agosto de 2018.- La Confederaci\u00f3n de Empresarios Privados de Bolivia public\u00f3 una nota de prensa que pone en duda las estad\u00edsticas del crecimiento econ\u00f3mico boliviano. Al respecto, el Instituto Nacional de Estad\u00edstica (INE) desea esclarecer a la opini\u00f3n p\u00fablica los cuestionamientos realizados por la CEPB.<\/p>\n<p>El crecimiento del PIB, que en el cuarto trimestre de 2017 lleg\u00f3 a 5.23%, es similar al promedio de crecimiento de los \u00faltimos 12 a\u00f1os (5.25%). Por tanto, se rechaza que esta cifra sea considerada como &#8220;extremadamente elevada&#8221;.<\/p>\n<p>La mayor tasa de crecimiento reportada en el cuarto trimestre del 2017, en comparaci\u00f3n al 2016, se debi\u00f3 a una recuperaci\u00f3n de la actividad en los sectores extractivos de miner\u00eda, hidrocarburos y agropecuaria. El resto de sectores mantuvo el mismo dinamismo respecto a 2016.<\/p>\n<p>Como es de conocimiento p\u00fablico, a partir del segundo trimestre de 2016, y con mayor intensidad en el tercer y cuarto trimestre de ese a\u00f1o, el sector agropecuario se vio afectado por la mayor sequ\u00eda de los \u00faltimos 25 a\u00f1os. Esto deriv\u00f3 en un menor crecimiento del sector, que lleg\u00f3 a 3.13% en el a\u00f1o y 5.94% en el \u00faltimo trimestre.<\/p>\n<p>En el segundo semestre de 2017 no se reportaron efectos climatol\u00f3gicos adversos. Al contrario, se registraron precipitaciones pluviales que permitieron mantener un buen desempe\u00f1o agr\u00edcola. Como resultado se observ\u00f3 mayores rendimientos en los cultivos y de la superficie cultivada, que lleg\u00f3 a 3.5 millones de hect\u00e1reas por encima del registro de 2016.<\/p>\n<p>Los subsectores de productos agr\u00edcolas industriales y no industriales crecieron a tasas de 9.9% y 8.7% respectivamente en el a\u00f1o 2017, y llegaron al 4.9% y 10.0% en el cuarto trimestre de ese a\u00f1o. En el primer caso destacan la mayor producci\u00f3n de soya y az\u00facar. En el segundo, la producci\u00f3n de arroz, ma\u00edz y trigo. La mayor tasa de crecimiento del sector agropecuario en el segundo semestre de 2017 responde a condiciones climatol\u00f3gicas favorables y a la menor producci\u00f3n que se registr\u00f3 un a\u00f1o antes. Otra actividad que se recuper\u00f3 en el cuarto trimestre de 2017 fue la miner\u00eda. En este rubro se registr\u00f3 un crecimiento de 9.76%, luego de dos a\u00f1os de estancamiento en un periodo similar de tiempo, de -2.25% y 0.6% en 2015 y 2016 respectivamente. Esta expansi\u00f3n estuvo a la par de la recuperaci\u00f3n de la cotizaci\u00f3n de los precios internacionales. Los minerales que m\u00e1s crecieron fueron el esta\u00f1o (5.58%), el plomo (38.3%) y el zinc (11.56%).<\/p>\n<p>El sector de hidrocarburos present\u00f3 un crecimiento positivo en el cuarto trimestre de 2017, de 2.76%, comparado con variaciones negativas en 2016 y 2015 de -6.27% y -0.17% respectivamente. Las ca\u00eddas en esos a\u00f1os se debieron a menores nominaciones de gas natural provenientes de Brasil. En el cuarto trimestre de 2017 las nominaciones de Brasil subieron levemente en 2.1% mientras que las de Argentina lo hicieron en cerca de 10.7% para similar periodo.<\/p>\n<p>Excluyendo a estos tres sectores, el crecimiento econ\u00f3mico del cuarto trimestre de 2017 alcanz\u00f3 a 4.90%, levemente superior a la tasa de 4.41% de 2016 y muy cerca del promedio de crecimiento global de 5%, registrado los \u00faltimos 12 a\u00f1os. Este aspecto adem\u00e1s desmiente la supuesta desaceleraci\u00f3n de la econom\u00eda a la que se hace referencia.<\/p>\n<p>Respecto al primer trimestre de 2018, el Producto Interno Bruto de Bolivia creci\u00f3 en 4. 44%, superior al 3.3% registrado en el mismo per\u00edodo de 2017. Los vol\u00famenes de exportaci\u00f3n de gas a Brasil y Argentina se incrementaron en 13.6% y 5.3% respectivamente y en 0.7% m\u00e1s en el mercado interno, siendo una de las razones del mayor crecimiento econ\u00f3mico en el primer trimestre del a\u00f1o, pero no la \u00fanica. La actividad agropecuaria tuvo una variaci\u00f3n positiva de 6.54% gracias al impulso de los productos agr\u00edcolas no industriales [M1]que present\u00f3 un incremento de 8.98% seguido de productos pecuarios en 6.78% mientras que los productos agr\u00edcolas industriales crecieron 3.4%. No obstante, las inundaciones registradas a principios de a\u00f1o, que en muchos casos retrasaron la cosecha, reflejar\u00e1n su efecto en el crecimiento en el segundo trimestre del a\u00f1o.<\/p>\n<p>La construcci\u00f3n, el sector industrial, manufacturas y otros sectores productivos tambi\u00e9n se perfilan con similares o mayores tasas de crecimiento econ\u00f3mico en el segundo trimestre.<\/p>\n<p>En cuanto a la sub actividad de otras industrias, esta engloba la producci\u00f3n de refinados de petr\u00f3leo donde la mayor producci\u00f3n de gas favoreci\u00f3 la obtenci\u00f3n de l\u00edquidos para su refinaci\u00f3n que creci\u00f3 en 11.7%. El subsector de productos qu\u00edmicos tambi\u00e9n alcanz\u00f3 una tasa de crecimiento de 11.7% y los productos de minerales no met\u00e1licos llegaron al 1.6%.<\/p>\n<p>Finalmente, las estad\u00edsticas econ\u00f3micas provienen de la informaci\u00f3n que el mismo sector privado proporciona al INE, por tanto, resulta irresponsable pretender cuestionar los datos de la econom\u00eda nacional.<\/p>\n<blockquote><p>UNIDAD DE DIFUSI\u00d3N Y COMUNICACI\u00d3N<\/p>\n<p>INSTITUTO NACIONAL DE ESTAD\u00cdSTICA<\/p><\/blockquote>\n","protected":false},"excerpt":{"rendered":"<p>NE \u2013 La Paz, 5 de agosto de 2018.- La Confederaci\u00f3n de Empresarios Privados de Bolivia public\u00f3 una nota de prensa que pone en duda las estad\u00edsticas del crecimiento econ\u00f3mico boliviano. Al respecto, el Instituto Nacional de Estad\u00edstica (INE) desea esclarecer a la opini\u00f3n p\u00fablica los cuestionamientos realizados por la CEPB. El crecimiento del PIB,&hellip;<\/p>\n","protected":false},"author":1,"featured_media":37833,"comment_status":"closed","ping_status":"open","sticky":false,"template":"","format":"standard","meta":[],"categories":[158],"tags":[],"class_list":["post-38792","post","type-post","status-publish","format-standard","has-post-thumbnail","hentry","category-ine-noticias","category-158","description-off"],"yoast_head":"<!-- This site is optimized with the Yoast SEO plugin v23.2 - https:\/\/yoast.com\/wordpress\/plugins\/seo\/ -->\n<title>La Confederaci\u00f3n de Empresarios Privados de Bolivia (CEPB) public\u00f3 un art\u00edculo que pone en duda las estad\u00edsticas del crecimiento econ\u00f3mico boliviano. Al respecto, el Instituto Nacional de Estad\u00edstica (INE) aclara: - INE<\/title>\n<meta name=\"description\" content=\"P\u00e1gina oficial del Instituto Nacional de Estadistica INE, informaci\u00f3n estad\u00edstica, geogr\u00e1fica y econ\u00f3mica a nivel nacional.\" \/>\n<meta name=\"robots\" content=\"index, follow, max-snippet:-1, max-image-preview:large, max-video-preview:-1\" \/>\n<link rel=\"canonical\" href=\"https:\/\/www.ine.gob.bo\/index.php\/la-confederacion-de-empresarios-privados-de-bolivia-cepb-publico-un-articulo-que-pone-en-duda-las-estadisticas-del-crecimiento-economico-boliviano-al-respecto-el-instituto-nacional-de-estadistica\/\" \/>\n<meta property=\"og:locale\" content=\"es_ES\" \/>\n<meta property=\"og:type\" content=\"article\" \/>\n<meta property=\"og:title\" content=\"La Confederaci\u00f3n de Empresarios Privados de Bolivia (CEPB) public\u00f3 un art\u00edculo que pone en duda las estad\u00edsticas del crecimiento econ\u00f3mico boliviano. Al respecto, el Instituto Nacional de Estad\u00edstica (INE) aclara: - INE\" \/>\n<meta property=\"og:description\" content=\"P\u00e1gina oficial del Instituto Nacional de Estadistica INE, informaci\u00f3n estad\u00edstica, geogr\u00e1fica y econ\u00f3mica a nivel nacional.\" \/>\n<meta property=\"og:url\" content=\"https:\/\/www.ine.gob.bo\/index.php\/la-confederacion-de-empresarios-privados-de-bolivia-cepb-publico-un-articulo-que-pone-en-duda-las-estadisticas-del-crecimiento-economico-boliviano-al-respecto-el-instituto-nacional-de-estadistica\/\" \/>\n<meta property=\"og:site_name\" content=\"INE\" \/>\n<meta property=\"article:publisher\" content=\"https:\/\/www.facebook.com\/ineboliviaoficial\" \/>\n<meta property=\"article:published_time\" content=\"2018-08-05T16:28:22+00:00\" \/>\n<meta property=\"article:modified_time\" content=\"2019-07-05T16:30:36+00:00\" \/>\n<meta property=\"og:image\" content=\"https:\/\/www.ine.gob.bo\/wp-content\/uploads\/2019\/06\/logo-ine-footer.jpg\" \/>\n\t<meta property=\"og:image:width\" content=\"526\" \/>\n\t<meta property=\"og:image:height\" content=\"200\" \/>\n\t<meta property=\"og:image:type\" content=\"image\/jpeg\" \/>\n<meta name=\"author\" content=\"4dmin-root\" \/>\n<meta name=\"twitter:card\" content=\"summary_large_image\" \/>\n<meta name=\"twitter:creator\" content=\"@INE_Bolivia\" \/>\n<meta name=\"twitter:site\" content=\"@INE_Bolivia\" \/>\n<meta name=\"twitter:label1\" content=\"Escrito por\" \/>\n\t<meta name=\"twitter:data1\" content=\"4dmin-root\" \/>\n\t<meta name=\"twitter:label2\" content=\"Tiempo de lectura\" \/>\n\t<meta name=\"twitter:data2\" content=\"4 minutos\" \/>\n<script type=\"application\/ld+json\" class=\"yoast-schema-graph\">{\"@context\":\"https:\/\/schema.org\",\"@graph\":[{\"@type\":\"Article\",\"@id\":\"https:\/\/www.ine.gob.bo\/index.php\/la-confederacion-de-empresarios-privados-de-bolivia-cepb-publico-un-articulo-que-pone-en-duda-las-estadisticas-del-crecimiento-economico-boliviano-al-respecto-el-instituto-nacional-de-estadistica\/#article\",\"isPartOf\":{\"@id\":\"https:\/\/www.ine.gob.bo\/index.php\/la-confederacion-de-empresarios-privados-de-bolivia-cepb-publico-un-articulo-que-pone-en-duda-las-estadisticas-del-crecimiento-economico-boliviano-al-respecto-el-instituto-nacional-de-estadistica\/\"},\"author\":{\"name\":\"4dmin-root\",\"@id\":\"https:\/\/www.ine.gob.bo\/#\/schema\/person\/4b9ab894e9de9fb7f2078269aea371be\"},\"headline\":\"La Confederaci\u00f3n de Empresarios Privados de Bolivia (CEPB) public\u00f3 un art\u00edculo que pone en duda las estad\u00edsticas del crecimiento econ\u00f3mico boliviano. Al respecto, el Instituto Nacional de Estad\u00edstica (INE) aclara:\",\"datePublished\":\"2018-08-05T16:28:22+00:00\",\"dateModified\":\"2019-07-05T16:30:36+00:00\",\"mainEntityOfPage\":{\"@id\":\"https:\/\/www.ine.gob.bo\/index.php\/la-confederacion-de-empresarios-privados-de-bolivia-cepb-publico-un-articulo-que-pone-en-duda-las-estadisticas-del-crecimiento-economico-boliviano-al-respecto-el-instituto-nacional-de-estadistica\/\"},\"wordCount\":845,\"publisher\":{\"@id\":\"https:\/\/www.ine.gob.bo\/#organization\"},\"image\":{\"@id\":\"https:\/\/www.ine.gob.bo\/index.php\/la-confederacion-de-empresarios-privados-de-bolivia-cepb-publico-un-articulo-que-pone-en-duda-las-estadisticas-del-crecimiento-economico-boliviano-al-respecto-el-instituto-nacional-de-estadistica\/#primaryimage\"},\"thumbnailUrl\":\"https:\/\/www.ine.gob.bo\/wp-content\/uploads\/2019\/06\/logo-ine-footer.jpg\",\"articleSection\":[\"INE noticias\"],\"inLanguage\":\"es\"},{\"@type\":\"WebPage\",\"@id\":\"https:\/\/www.ine.gob.bo\/index.php\/la-confederacion-de-empresarios-privados-de-bolivia-cepb-publico-un-articulo-que-pone-en-duda-las-estadisticas-del-crecimiento-economico-boliviano-al-respecto-el-instituto-nacional-de-estadistica\/\",\"url\":\"https:\/\/www.ine.gob.bo\/index.php\/la-confederacion-de-empresarios-privados-de-bolivia-cepb-publico-un-articulo-que-pone-en-duda-las-estadisticas-del-crecimiento-economico-boliviano-al-respecto-el-instituto-nacional-de-estadistica\/\",\"name\":\"La Confederaci\u00f3n de Empresarios Privados de Bolivia (CEPB) public\u00f3 un art\u00edculo que pone en duda las estad\u00edsticas del crecimiento econ\u00f3mico boliviano. Al respecto, el Instituto Nacional de Estad\u00edstica (INE) aclara: - INE\",\"isPartOf\":{\"@id\":\"https:\/\/www.ine.gob.bo\/#website\"},\"primaryImageOfPage\":{\"@id\":\"https:\/\/www.ine.gob.bo\/index.php\/la-confederacion-de-empresarios-privados-de-bolivia-cepb-publico-un-articulo-que-pone-en-duda-las-estadisticas-del-crecimiento-economico-boliviano-al-respecto-el-instituto-nacional-de-estadistica\/#primaryimage\"},\"image\":{\"@id\":\"https:\/\/www.ine.gob.bo\/index.php\/la-confederacion-de-empresarios-privados-de-bolivia-cepb-publico-un-articulo-que-pone-en-duda-las-estadisticas-del-crecimiento-economico-boliviano-al-respecto-el-instituto-nacional-de-estadistica\/#primaryimage\"},\"thumbnailUrl\":\"https:\/\/www.ine.gob.bo\/wp-content\/uploads\/2019\/06\/logo-ine-footer.jpg\",\"datePublished\":\"2018-08-05T16:28:22+00:00\",\"dateModified\":\"2019-07-05T16:30:36+00:00\",\"description\":\"P\u00e1gina oficial del Instituto Nacional de Estadistica INE, informaci\u00f3n estad\u00edstica, geogr\u00e1fica y econ\u00f3mica a nivel nacional.\",\"breadcrumb\":{\"@id\":\"https:\/\/www.ine.gob.bo\/index.php\/la-confederacion-de-empresarios-privados-de-bolivia-cepb-publico-un-articulo-que-pone-en-duda-las-estadisticas-del-crecimiento-economico-boliviano-al-respecto-el-instituto-nacional-de-estadistica\/#breadcrumb\"},\"inLanguage\":\"es\",\"potentialAction\":[{\"@type\":\"ReadAction\",\"target\":[\"https:\/\/www.ine.gob.bo\/index.php\/la-confederacion-de-empresarios-privados-de-bolivia-cepb-publico-un-articulo-que-pone-en-duda-las-estadisticas-del-crecimiento-economico-boliviano-al-respecto-el-instituto-nacional-de-estadistica\/\"]}]},{\"@type\":\"ImageObject\",\"inLanguage\":\"es\",\"@id\":\"https:\/\/www.ine.gob.bo\/index.php\/la-confederacion-de-empresarios-privados-de-bolivia-cepb-publico-un-articulo-que-pone-en-duda-las-estadisticas-del-crecimiento-economico-boliviano-al-respecto-el-instituto-nacional-de-estadistica\/#primaryimage\",\"url\":\"https:\/\/www.ine.gob.bo\/wp-content\/uploads\/2019\/06\/logo-ine-footer.jpg\",\"contentUrl\":\"https:\/\/www.ine.gob.bo\/wp-content\/uploads\/2019\/06\/logo-ine-footer.jpg\",\"width\":526,\"height\":200},{\"@type\":\"BreadcrumbList\",\"@id\":\"https:\/\/www.ine.gob.bo\/index.php\/la-confederacion-de-empresarios-privados-de-bolivia-cepb-publico-un-articulo-que-pone-en-duda-las-estadisticas-del-crecimiento-economico-boliviano-al-respecto-el-instituto-nacional-de-estadistica\/#breadcrumb\",\"itemListElement\":[{\"@type\":\"ListItem\",\"position\":1,\"name\":\"Portada\",\"item\":\"https:\/\/www.ine.gob.bo\/\"},{\"@type\":\"ListItem\",\"position\":2,\"name\":\"La Confederaci\u00f3n de Empresarios Privados de Bolivia (CEPB) public\u00f3 un art\u00edculo que pone en duda las estad\u00edsticas del crecimiento econ\u00f3mico boliviano. Al respecto, el Instituto Nacional de Estad\u00edstica (INE) aclara:\"}]},{\"@type\":\"WebSite\",\"@id\":\"https:\/\/www.ine.gob.bo\/#website\",\"url\":\"https:\/\/www.ine.gob.bo\/\",\"name\":\"INE\",\"description\":\"Instituto Nacional de Estad\u00edstica\",\"publisher\":{\"@id\":\"https:\/\/www.ine.gob.bo\/#organization\"},\"potentialAction\":[{\"@type\":\"SearchAction\",\"target\":{\"@type\":\"EntryPoint\",\"urlTemplate\":\"https:\/\/www.ine.gob.bo\/?s={search_term_string}\"},\"query-input\":\"required name=search_term_string\"}],\"inLanguage\":\"es\"},{\"@type\":\"Organization\",\"@id\":\"https:\/\/www.ine.gob.bo\/#organization\",\"name\":\"Instituto Nacional de Estad\u00edstica\",\"url\":\"https:\/\/www.ine.gob.bo\/\",\"logo\":{\"@type\":\"ImageObject\",\"inLanguage\":\"es\",\"@id\":\"https:\/\/www.ine.gob.bo\/#\/schema\/logo\/image\/\",\"url\":\"https:\/\/www.ine.gob.bo\/wp-content\/uploads\/2026\/02\/logo-ine.jpg\",\"contentUrl\":\"https:\/\/www.ine.gob.bo\/wp-content\/uploads\/2026\/02\/logo-ine.jpg\",\"width\":799,\"height\":453,\"caption\":\"Instituto Nacional de Estad\u00edstica\"},\"image\":{\"@id\":\"https:\/\/www.ine.gob.bo\/#\/schema\/logo\/image\/\"},\"sameAs\":[\"https:\/\/www.facebook.com\/ineboliviaoficial\",\"https:\/\/x.com\/INE_Bolivia\",\"https:\/\/www.instagram.com\/ineboliviaoficial\/\",\"https:\/\/www.youtube.com\/channel\/UCbIQXKLw414g5kWo1tAwqCg\"]},{\"@type\":\"Person\",\"@id\":\"https:\/\/www.ine.gob.bo\/#\/schema\/person\/4b9ab894e9de9fb7f2078269aea371be\",\"name\":\"4dmin-root\",\"image\":{\"@type\":\"ImageObject\",\"inLanguage\":\"es\",\"@id\":\"https:\/\/www.ine.gob.bo\/#\/schema\/person\/image\/\",\"url\":\"https:\/\/secure.gravatar.com\/avatar\/0824ec9f3a25d622e58133204574c46e0832b417c3b610112cf50ccc044cbefe?s=96&d=mm&r=g\",\"contentUrl\":\"https:\/\/secure.gravatar.com\/avatar\/0824ec9f3a25d622e58133204574c46e0832b417c3b610112cf50ccc044cbefe?s=96&d=mm&r=g\",\"caption\":\"4dmin-root\"},\"url\":\"https:\/\/www.ine.gob.bo\/index.php\/author\/4dmin-root\/\"}]}<\/script>\n<!-- \/ Yoast SEO plugin. -->","yoast_head_json":{"title":"La Confederaci\u00f3n de Empresarios Privados de Bolivia (CEPB) public\u00f3 un art\u00edculo que pone en duda las estad\u00edsticas del crecimiento econ\u00f3mico boliviano. Al respecto, el Instituto Nacional de Estad\u00edstica (INE) aclara: - INE","description":"P\u00e1gina oficial del Instituto Nacional de Estadistica INE, informaci\u00f3n estad\u00edstica, geogr\u00e1fica y econ\u00f3mica a nivel nacional.","robots":{"index":"index","follow":"follow","max-snippet":"max-snippet:-1","max-image-preview":"max-image-preview:large","max-video-preview":"max-video-preview:-1"},"canonical":"https:\/\/www.ine.gob.bo\/index.php\/la-confederacion-de-empresarios-privados-de-bolivia-cepb-publico-un-articulo-que-pone-en-duda-las-estadisticas-del-crecimiento-economico-boliviano-al-respecto-el-instituto-nacional-de-estadistica\/","og_locale":"es_ES","og_type":"article","og_title":"La Confederaci\u00f3n de Empresarios Privados de Bolivia (CEPB) public\u00f3 un art\u00edculo que pone en duda las estad\u00edsticas del crecimiento econ\u00f3mico boliviano. Al respecto, el Instituto Nacional de Estad\u00edstica (INE) aclara: - INE","og_description":"P\u00e1gina oficial del Instituto Nacional de Estadistica INE, informaci\u00f3n estad\u00edstica, geogr\u00e1fica y econ\u00f3mica a nivel nacional.","og_url":"https:\/\/www.ine.gob.bo\/index.php\/la-confederacion-de-empresarios-privados-de-bolivia-cepb-publico-un-articulo-que-pone-en-duda-las-estadisticas-del-crecimiento-economico-boliviano-al-respecto-el-instituto-nacional-de-estadistica\/","og_site_name":"INE","article_publisher":"https:\/\/www.facebook.com\/ineboliviaoficial","article_published_time":"2018-08-05T16:28:22+00:00","article_modified_time":"2019-07-05T16:30:36+00:00","og_image":[{"width":526,"height":200,"url":"https:\/\/www.ine.gob.bo\/wp-content\/uploads\/2019\/06\/logo-ine-footer.jpg","type":"image\/jpeg"}],"author":"4dmin-root","twitter_card":"summary_large_image","twitter_creator":"@INE_Bolivia","twitter_site":"@INE_Bolivia","twitter_misc":{"Escrito por":"4dmin-root","Tiempo de lectura":"4 minutos"},"schema":{"@context":"https:\/\/schema.org","@graph":[{"@type":"Article","@id":"https:\/\/www.ine.gob.bo\/index.php\/la-confederacion-de-empresarios-privados-de-bolivia-cepb-publico-un-articulo-que-pone-en-duda-las-estadisticas-del-crecimiento-economico-boliviano-al-respecto-el-instituto-nacional-de-estadistica\/#article","isPartOf":{"@id":"https:\/\/www.ine.gob.bo\/index.php\/la-confederacion-de-empresarios-privados-de-bolivia-cepb-publico-un-articulo-que-pone-en-duda-las-estadisticas-del-crecimiento-economico-boliviano-al-respecto-el-instituto-nacional-de-estadistica\/"},"author":{"name":"4dmin-root","@id":"https:\/\/www.ine.gob.bo\/#\/schema\/person\/4b9ab894e9de9fb7f2078269aea371be"},"headline":"La Confederaci\u00f3n de Empresarios Privados de Bolivia (CEPB) public\u00f3 un art\u00edculo que pone en duda las estad\u00edsticas del crecimiento econ\u00f3mico boliviano. Al respecto, el Instituto Nacional de Estad\u00edstica (INE) aclara:","datePublished":"2018-08-05T16:28:22+00:00","dateModified":"2019-07-05T16:30:36+00:00","mainEntityOfPage":{"@id":"https:\/\/www.ine.gob.bo\/index.php\/la-confederacion-de-empresarios-privados-de-bolivia-cepb-publico-un-articulo-que-pone-en-duda-las-estadisticas-del-crecimiento-economico-boliviano-al-respecto-el-instituto-nacional-de-estadistica\/"},"wordCount":845,"publisher":{"@id":"https:\/\/www.ine.gob.bo\/#organization"},"image":{"@id":"https:\/\/www.ine.gob.bo\/index.php\/la-confederacion-de-empresarios-privados-de-bolivia-cepb-publico-un-articulo-que-pone-en-duda-las-estadisticas-del-crecimiento-economico-boliviano-al-respecto-el-instituto-nacional-de-estadistica\/#primaryimage"},"thumbnailUrl":"https:\/\/www.ine.gob.bo\/wp-content\/uploads\/2019\/06\/logo-ine-footer.jpg","articleSection":["INE noticias"],"inLanguage":"es"},{"@type":"WebPage","@id":"https:\/\/www.ine.gob.bo\/index.php\/la-confederacion-de-empresarios-privados-de-bolivia-cepb-publico-un-articulo-que-pone-en-duda-las-estadisticas-del-crecimiento-economico-boliviano-al-respecto-el-instituto-nacional-de-estadistica\/","url":"https:\/\/www.ine.gob.bo\/index.php\/la-confederacion-de-empresarios-privados-de-bolivia-cepb-publico-un-articulo-que-pone-en-duda-las-estadisticas-del-crecimiento-economico-boliviano-al-respecto-el-instituto-nacional-de-estadistica\/","name":"La Confederaci\u00f3n de Empresarios Privados de Bolivia (CEPB) public\u00f3 un art\u00edculo que pone en duda las estad\u00edsticas del crecimiento econ\u00f3mico boliviano. Al respecto, el Instituto Nacional de Estad\u00edstica (INE) aclara: - INE","isPartOf":{"@id":"https:\/\/www.ine.gob.bo\/#website"},"primaryImageOfPage":{"@id":"https:\/\/www.ine.gob.bo\/index.php\/la-confederacion-de-empresarios-privados-de-bolivia-cepb-publico-un-articulo-que-pone-en-duda-las-estadisticas-del-crecimiento-economico-boliviano-al-respecto-el-instituto-nacional-de-estadistica\/#primaryimage"},"image":{"@id":"https:\/\/www.ine.gob.bo\/index.php\/la-confederacion-de-empresarios-privados-de-bolivia-cepb-publico-un-articulo-que-pone-en-duda-las-estadisticas-del-crecimiento-economico-boliviano-al-respecto-el-instituto-nacional-de-estadistica\/#primaryimage"},"thumbnailUrl":"https:\/\/www.ine.gob.bo\/wp-content\/uploads\/2019\/06\/logo-ine-footer.jpg","datePublished":"2018-08-05T16:28:22+00:00","dateModified":"2019-07-05T16:30:36+00:00","description":"P\u00e1gina oficial del Instituto Nacional de Estadistica INE, informaci\u00f3n estad\u00edstica, geogr\u00e1fica y econ\u00f3mica a nivel nacional.","breadcrumb":{"@id":"https:\/\/www.ine.gob.bo\/index.php\/la-confederacion-de-empresarios-privados-de-bolivia-cepb-publico-un-articulo-que-pone-en-duda-las-estadisticas-del-crecimiento-economico-boliviano-al-respecto-el-instituto-nacional-de-estadistica\/#breadcrumb"},"inLanguage":"es","potentialAction":[{"@type":"ReadAction","target":["https:\/\/www.ine.gob.bo\/index.php\/la-confederacion-de-empresarios-privados-de-bolivia-cepb-publico-un-articulo-que-pone-en-duda-las-estadisticas-del-crecimiento-economico-boliviano-al-respecto-el-instituto-nacional-de-estadistica\/"]}]},{"@type":"ImageObject","inLanguage":"es","@id":"https:\/\/www.ine.gob.bo\/index.php\/la-confederacion-de-empresarios-privados-de-bolivia-cepb-publico-un-articulo-que-pone-en-duda-las-estadisticas-del-crecimiento-economico-boliviano-al-respecto-el-instituto-nacional-de-estadistica\/#primaryimage","url":"https:\/\/www.ine.gob.bo\/wp-content\/uploads\/2019\/06\/logo-ine-footer.jpg","contentUrl":"https:\/\/www.ine.gob.bo\/wp-content\/uploads\/2019\/06\/logo-ine-footer.jpg","width":526,"height":200},{"@type":"BreadcrumbList","@id":"https:\/\/www.ine.gob.bo\/index.php\/la-confederacion-de-empresarios-privados-de-bolivia-cepb-publico-un-articulo-que-pone-en-duda-las-estadisticas-del-crecimiento-economico-boliviano-al-respecto-el-instituto-nacional-de-estadistica\/#breadcrumb","itemListElement":[{"@type":"ListItem","position":1,"name":"Portada","item":"https:\/\/www.ine.gob.bo\/"},{"@type":"ListItem","position":2,"name":"La Confederaci\u00f3n de Empresarios Privados de Bolivia (CEPB) public\u00f3 un art\u00edculo que pone en duda las estad\u00edsticas del crecimiento econ\u00f3mico boliviano. Al respecto, el Instituto Nacional de Estad\u00edstica (INE) aclara:"}]},{"@type":"WebSite","@id":"https:\/\/www.ine.gob.bo\/#website","url":"https:\/\/www.ine.gob.bo\/","name":"INE","description":"Instituto Nacional de Estad\u00edstica","publisher":{"@id":"https:\/\/www.ine.gob.bo\/#organization"},"potentialAction":[{"@type":"SearchAction","target":{"@type":"EntryPoint","urlTemplate":"https:\/\/www.ine.gob.bo\/?s={search_term_string}"},"query-input":"required name=search_term_string"}],"inLanguage":"es"},{"@type":"Organization","@id":"https:\/\/www.ine.gob.bo\/#organization","name":"Instituto Nacional de Estad\u00edstica","url":"https:\/\/www.ine.gob.bo\/","logo":{"@type":"ImageObject","inLanguage":"es","@id":"https:\/\/www.ine.gob.bo\/#\/schema\/logo\/image\/","url":"https:\/\/www.ine.gob.bo\/wp-content\/uploads\/2026\/02\/logo-ine.jpg","contentUrl":"https:\/\/www.ine.gob.bo\/wp-content\/uploads\/2026\/02\/logo-ine.jpg","width":799,"height":453,"caption":"Instituto Nacional de Estad\u00edstica"},"image":{"@id":"https:\/\/www.ine.gob.bo\/#\/schema\/logo\/image\/"},"sameAs":["https:\/\/www.facebook.com\/ineboliviaoficial","https:\/\/x.com\/INE_Bolivia","https:\/\/www.instagram.com\/ineboliviaoficial\/","https:\/\/www.youtube.com\/channel\/UCbIQXKLw414g5kWo1tAwqCg"]},{"@type":"Person","@id":"https:\/\/www.ine.gob.bo\/#\/schema\/person\/4b9ab894e9de9fb7f2078269aea371be","name":"4dmin-root","image":{"@type":"ImageObject","inLanguage":"es","@id":"https:\/\/www.ine.gob.bo\/#\/schema\/person\/image\/","url":"https:\/\/secure.gravatar.com\/avatar\/0824ec9f3a25d622e58133204574c46e0832b417c3b610112cf50ccc044cbefe?s=96&d=mm&r=g","contentUrl":"https:\/\/secure.gravatar.com\/avatar\/0824ec9f3a25d622e58133204574c46e0832b417c3b610112cf50ccc044cbefe?s=96&d=mm&r=g","caption":"4dmin-root"},"url":"https:\/\/www.ine.gob.bo\/index.php\/author\/4dmin-root\/"}]}},"rttpg_featured_image_url":{"full":["https:\/\/www.ine.gob.bo\/wp-content\/uploads\/2019\/06\/logo-ine-footer.jpg",526,200,false],"landscape":["https:\/\/www.ine.gob.bo\/wp-content\/uploads\/2019\/06\/logo-ine-footer.jpg",526,200,false],"portraits":["https:\/\/www.ine.gob.bo\/wp-content\/uploads\/2019\/06\/logo-ine-footer.jpg",526,200,false],"thumbnail":["https:\/\/www.ine.gob.bo\/wp-content\/uploads\/2019\/06\/logo-ine-footer-150x150.jpg",150,150,true],"medium":["https:\/\/www.ine.gob.bo\/wp-content\/uploads\/2019\/06\/logo-ine-footer-300x114.jpg",300,114,true],"large":["https:\/\/www.ine.gob.bo\/wp-content\/uploads\/2019\/06\/logo-ine-footer.jpg",526,200,false],"1536x1536":["https:\/\/www.ine.gob.bo\/wp-content\/uploads\/2019\/06\/logo-ine-footer.jpg",526,200,false],"2048x2048":["https:\/\/www.ine.gob.bo\/wp-content\/uploads\/2019\/06\/logo-ine-footer.jpg",526,200,false]},"rttpg_author":{"display_name":"4dmin-root","author_link":"https:\/\/www.ine.gob.bo\/index.php\/author\/4dmin-root\/"},"rttpg_comment":0,"rttpg_category":"<a href=\"https:\/\/www.ine.gob.bo\/index.php\/category\/ine-noticias\/\" rel=\"category tag\">INE noticias<\/a>","rttpg_excerpt":"NE \u2013 La Paz, 5 de agosto de 2018.- La Confederaci\u00f3n de Empresarios Privados de Bolivia public\u00f3 una nota de prensa que pone en duda las estad\u00edsticas del crecimiento econ\u00f3mico boliviano. Al respecto, el Instituto Nacional de Estad\u00edstica (INE) desea esclarecer a la opini\u00f3n p\u00fablica los cuestionamientos realizados por la CEPB. El crecimiento del PIB,&hellip;","_links":{"self":[{"href":"https:\/\/www.ine.gob.bo\/index.php\/wp-json\/wp\/v2\/posts\/38792","targetHints":{"allow":["GET"]}}],"collection":[{"href":"https:\/\/www.ine.gob.bo\/index.php\/wp-json\/wp\/v2\/posts"}],"about":[{"href":"https:\/\/www.ine.gob.bo\/index.php\/wp-json\/wp\/v2\/types\/post"}],"author":[{"embeddable":true,"href":"https:\/\/www.ine.gob.bo\/index.php\/wp-json\/wp\/v2\/users\/1"}],"replies":[{"embeddable":true,"href":"https:\/\/www.ine.gob.bo\/index.php\/wp-json\/wp\/v2\/comments?post=38792"}],"version-history":[{"count":0,"href":"https:\/\/www.ine.gob.bo\/index.php\/wp-json\/wp\/v2\/posts\/38792\/revisions"}],"wp:featuredmedia":[{"embeddable":true,"href":"https:\/\/www.ine.gob.bo\/index.php\/wp-json\/wp\/v2\/media\/37833"}],"wp:attachment":[{"href":"https:\/\/www.ine.gob.bo\/index.php\/wp-json\/wp\/v2\/media?parent=38792"}],"wp:term":[{"taxonomy":"category","embeddable":true,"href":"https:\/\/www.ine.gob.bo\/index.php\/wp-json\/wp\/v2\/categories?post=38792"},{"taxonomy":"post_tag","embeddable":true,"href":"https:\/\/www.ine.gob.bo\/index.php\/wp-json\/wp\/v2\/tags?post=38792"}],"curies":[{"name":"wp","href":"https:\/\/api.w.org\/{rel}","templated":true}]}}