{"id":38581,"date":"2018-10-17T23:26:53","date_gmt":"2018-10-17T21:26:53","guid":{"rendered":"https:\/\/www.ine.gob.bo\/?p=38581"},"modified":"2019-07-01T23:28:23","modified_gmt":"2019-07-01T21:28:23","slug":"el-ine-ratifica-dato-de-crecimiento-en-bolivia-y-descalifica-ensayo-de-una-fundacion","status":"publish","type":"post","link":"https:\/\/www.ine.gob.bo\/index.php\/el-ine-ratifica-dato-de-crecimiento-en-bolivia-y-descalifica-ensayo-de-una-fundacion\/","title":{"rendered":"El INE ratifica dato de crecimiento en Bolivia y descalifica ensayo de una fundaci\u00f3n"},"content":{"rendered":"<p><strong>La Paz, 17 de octubre de 2018 (INE).-<\/strong>&nbsp;Respecto a un ensayo publicado por el Instituto de Asistencia Social Econ\u00f3mica y Tecnol\u00f3gica &#8211; INASET, donde se pone en duda las cifras del Instituto Nacional de Estad\u00edstica \u2013 INE, el Director General Ejecutivo, Santiago Farjat Basc\u00f3n, neg\u00f3 rotundamente cualquier manipulaci\u00f3n de los datos.<\/p>\n<p>La autoridad descalific\u00f3 el an\u00e1lisis del ensayo titulado \u201c\u00bfEs veraz el 4,61% de crecimiento del PIB?\u201d, porque demuestra un total desconocimiento de Enrique Velazco Reckling respecto al sector Agropecuario.<\/p>\n<p>\u201cNo es correcto emplear una tasa promedio para aplicarla a un per\u00edodo espec\u00edfico de tiempo, debido a que el crecimiento del sector es fluctuante, porque depende de factores externos, como los fen\u00f3menos climatol\u00f3gicos\u201d, indic\u00f3.<\/p>\n<p>Explic\u00f3 que al utilizar un promedio, el autor excluye efectos climatol\u00f3gicos que impactaron positiva y negativamente en la producci\u00f3n agropecuaria, en distintos per\u00edodos.<\/p>\n<p>En ese sentido, 2016 no fue un buen a\u00f1o; pero en 2017 existi\u00f3 una recuperaci\u00f3n evidente del sector que explica el crecimiento interanual de 7.6%.<\/p>\n<p><strong>En 2016<\/strong>&nbsp;las campa\u00f1as agr\u00edcolas comenzaron con plagas como la bacteriosis en el arroz, gusanos en los tub\u00e9rculos, mortandad ganadera, langostas entre otras, y finalizaron con una sequ\u00eda, que fue calificada por el sector Agropecuario como \u201cla m\u00e1s fuerte en 25 a\u00f1os\u201d. Todo lo anterior, result\u00f3 en un crecimiento del sector Agropecuario de 3.1% y, en espec\u00edfico, para el sector de productos agr\u00edcolas No Industriales en un decrecimiento del 1.9%.<\/p>\n<p>Sin embargo, en&nbsp;<strong>2017 fue un a\u00f1o de recuperaci\u00f3n de la sequ\u00eda<\/strong>&nbsp;y de adaptaci\u00f3n al cambio clim\u00e1tico, que permiti\u00f3 mejorar t\u00e9cnicas agropecuarias y buena producci\u00f3n, principalmente de los productos agr\u00edcolas No Industriales, Industriales y pecuarios. La inversi\u00f3n p\u00fablica, seguida de iniciativas privadas en proyectos de riego, mejoramiento gen\u00e9tico en semillas y pecuaria, logr\u00f3 revertir de gran manera los efectos adversos de 2016, que se pudieron evidenciar en los bajos precios de los productos de la canasta b\u00e1sica de bienes y servicios en 2017.<\/p>\n<p>\u201cNo es de sorprenderse que la recuperaci\u00f3n observada en dicho periodo refleje crecimientos de 7.6% del sector Agropecuario y de 8.7% en los productos agr\u00edcolas no industriales\u201d, remarc\u00f3.<\/p>\n<p>A\u00f1adi\u00f3 que \u201cel c\u00e1lculo del PIB trimestral y anual, no considera \u00fanicamente el sector No Industrial. Para el c\u00e1lculo del PIB se consideran todas las actividades que contemplan al sector Agropecuario (Agricultura No Industrial, Industrial, sector pecuario, silvicultura, entre otros)\u201d. Por lo tanto, se incorporaron todos los productos por cada actividad y sector econ\u00f3mico de Bolivia.<\/p>\n<p>No es correcto basar un ensayo, en solo un subsector (No Industrial), esto refleja nuevamente el desconocimiento por parte del autor respecto a la metodolog\u00eda del c\u00e1lculo del PIB.<\/p>\n<p>Sumado a lo anterior, el autor menciona que el PIB agr\u00edcola No Industrial representa 40% del PIB sectorial y que los dem\u00e1s subsectores no crecen a tasas superiores a las de los a\u00f1os previos. Al respecto es preciso aclarar que el crecimiento del sector Agropecuario no ha sido impulsado \u00fanicamente por el sector agr\u00edcola No Industrial. Durante 2017 los productos agr\u00edcolas Industriales crecieron en 9.9%, debido al crecimiento de los cultivos de ca\u00f1a de az\u00facar (10.06%), al cultivo de girasol (18,35%) y al buen a\u00f1o en el cultivo de soya (5.56%). Adem\u00e1s, en el primer semestre del 2018, para el caso espec\u00edfico de la ca\u00f1a de az\u00facar se evidenciaron crecimientos por encima del 26%, debido principalmente a la producci\u00f3n de biocombustible.<\/p>\n<p>Finalmente, el autor menciona que la \u00fanica explicaci\u00f3n al crecimiento del sector agr\u00edcola No Industrial, ser\u00eda el aumento de los precios de estos productos. Sin embargo, esta aseveraci\u00f3n es err\u00f3nea, ya que la buena producci\u00f3n registrada a lo largo de los \u00faltimos a\u00f1os, es precisamente la que ha permitido mantener los precios de los productos estables y en muchos casos los precios bajaron. Asimismo, reflejo de esta situaci\u00f3n son los datos de comercio exterior que muestran una reducci\u00f3n evidente en la importaci\u00f3n de productos agr\u00edcolas No Industriales, confirmando el buen desempe\u00f1o del sector.<\/p>\n<p>En ese sentido, Farjat lament\u00f3 el an\u00e1lisis simplista y poco objetivo del ensayo, sin considerar factores externos (cambio clim\u00e1tico) que son variables en el tiempo, y sin tomar en cuenta todos los sectores que hacen al crecimiento del sector Agropecuario.<\/p>\n<p>El Instituto Nacional de Estad\u00edsticas trabaja en el marco de metodolog\u00edas mundiales, avaladas internacionalmente, sometidas a constante escrutinio por organismos internacionales, garantizando la calidad de los datos producidos.<\/p>\n<p><strong>Productos agr\u00edcolas<\/strong><\/p>\n<p>\u2022&nbsp;&nbsp; &nbsp;<strong>Productos agr\u00edcolas No Industriales<\/strong>: Hortalizas, cereales, tub\u00e9rculos, frutas, forrajes, caf\u00e9 y cacao.<\/p>\n<p>\u2022&nbsp;&nbsp; &nbsp;<strong>Productos agr\u00edcolas Industriales:<\/strong>&nbsp;ca\u00f1a de az\u00facar, soya, girasol y algod\u00f3n.<\/p>\n<p><strong>UDC\/INE \u2013 17\/10\/2018<\/strong><\/p>\n","protected":false},"excerpt":{"rendered":"<p>La Paz, 17 de octubre de 2018 (INE).-&nbsp;Respecto a un ensayo publicado por el Instituto de Asistencia Social Econ\u00f3mica y Tecnol\u00f3gica &#8211; INASET, donde se pone en duda las cifras del Instituto Nacional de Estad\u00edstica \u2013 INE, el Director General Ejecutivo, Santiago Farjat Basc\u00f3n, neg\u00f3 rotundamente cualquier manipulaci\u00f3n de los datos. La autoridad descalific\u00f3 el&hellip;<\/p>\n","protected":false},"author":1,"featured_media":37833,"comment_status":"closed","ping_status":"open","sticky":false,"template":"","format":"standard","meta":[],"categories":[158],"tags":[],"class_list":["post-38581","post","type-post","status-publish","format-standard","has-post-thumbnail","hentry","category-ine-noticias","category-158","description-off"],"yoast_head":"<!-- This site is optimized with the Yoast SEO plugin v23.2 - https:\/\/yoast.com\/wordpress\/plugins\/seo\/ -->\n<title>El INE ratifica dato de crecimiento en Bolivia y descalifica ensayo de una fundaci\u00f3n - INE<\/title>\n<meta name=\"description\" content=\"P\u00e1gina oficial del Instituto Nacional de Estadistica INE, informaci\u00f3n estad\u00edstica, geogr\u00e1fica y econ\u00f3mica a nivel nacional.\" \/>\n<meta name=\"robots\" content=\"index, follow, max-snippet:-1, max-image-preview:large, max-video-preview:-1\" \/>\n<link rel=\"canonical\" href=\"https:\/\/www.ine.gob.bo\/index.php\/el-ine-ratifica-dato-de-crecimiento-en-bolivia-y-descalifica-ensayo-de-una-fundacion\/\" \/>\n<meta property=\"og:locale\" content=\"es_ES\" \/>\n<meta property=\"og:type\" content=\"article\" \/>\n<meta property=\"og:title\" content=\"El INE ratifica dato de crecimiento en Bolivia y descalifica ensayo de una fundaci\u00f3n - INE\" \/>\n<meta property=\"og:description\" content=\"P\u00e1gina oficial del Instituto Nacional de Estadistica INE, informaci\u00f3n estad\u00edstica, geogr\u00e1fica y econ\u00f3mica a nivel nacional.\" \/>\n<meta property=\"og:url\" content=\"https:\/\/www.ine.gob.bo\/index.php\/el-ine-ratifica-dato-de-crecimiento-en-bolivia-y-descalifica-ensayo-de-una-fundacion\/\" \/>\n<meta property=\"og:site_name\" content=\"INE\" \/>\n<meta property=\"article:publisher\" content=\"https:\/\/www.facebook.com\/ineboliviaoficial\" \/>\n<meta property=\"article:published_time\" content=\"2018-10-17T21:26:53+00:00\" \/>\n<meta property=\"article:modified_time\" content=\"2019-07-01T21:28:23+00:00\" \/>\n<meta property=\"og:image\" content=\"https:\/\/www.ine.gob.bo\/wp-content\/uploads\/2019\/06\/logo-ine-footer.jpg\" \/>\n\t<meta property=\"og:image:width\" content=\"526\" \/>\n\t<meta property=\"og:image:height\" content=\"200\" \/>\n\t<meta property=\"og:image:type\" content=\"image\/jpeg\" \/>\n<meta name=\"author\" content=\"4dmin-root\" \/>\n<meta name=\"twitter:card\" content=\"summary_large_image\" \/>\n<meta name=\"twitter:creator\" content=\"@INE_Bolivia\" \/>\n<meta name=\"twitter:site\" content=\"@INE_Bolivia\" \/>\n<meta name=\"twitter:label1\" content=\"Escrito por\" \/>\n\t<meta name=\"twitter:data1\" content=\"4dmin-root\" \/>\n\t<meta name=\"twitter:label2\" content=\"Tiempo de lectura\" \/>\n\t<meta name=\"twitter:data2\" content=\"4 minutos\" \/>\n<script type=\"application\/ld+json\" class=\"yoast-schema-graph\">{\"@context\":\"https:\/\/schema.org\",\"@graph\":[{\"@type\":\"Article\",\"@id\":\"https:\/\/www.ine.gob.bo\/index.php\/el-ine-ratifica-dato-de-crecimiento-en-bolivia-y-descalifica-ensayo-de-una-fundacion\/#article\",\"isPartOf\":{\"@id\":\"https:\/\/www.ine.gob.bo\/index.php\/el-ine-ratifica-dato-de-crecimiento-en-bolivia-y-descalifica-ensayo-de-una-fundacion\/\"},\"author\":{\"name\":\"4dmin-root\",\"@id\":\"https:\/\/www.ine.gob.bo\/#\/schema\/person\/4b9ab894e9de9fb7f2078269aea371be\"},\"headline\":\"El INE ratifica dato de crecimiento en Bolivia y descalifica ensayo de una fundaci\u00f3n\",\"datePublished\":\"2018-10-17T21:26:53+00:00\",\"dateModified\":\"2019-07-01T21:28:23+00:00\",\"mainEntityOfPage\":{\"@id\":\"https:\/\/www.ine.gob.bo\/index.php\/el-ine-ratifica-dato-de-crecimiento-en-bolivia-y-descalifica-ensayo-de-una-fundacion\/\"},\"wordCount\":820,\"publisher\":{\"@id\":\"https:\/\/www.ine.gob.bo\/#organization\"},\"image\":{\"@id\":\"https:\/\/www.ine.gob.bo\/index.php\/el-ine-ratifica-dato-de-crecimiento-en-bolivia-y-descalifica-ensayo-de-una-fundacion\/#primaryimage\"},\"thumbnailUrl\":\"https:\/\/www.ine.gob.bo\/wp-content\/uploads\/2019\/06\/logo-ine-footer.jpg\",\"articleSection\":[\"INE noticias\"],\"inLanguage\":\"es\"},{\"@type\":\"WebPage\",\"@id\":\"https:\/\/www.ine.gob.bo\/index.php\/el-ine-ratifica-dato-de-crecimiento-en-bolivia-y-descalifica-ensayo-de-una-fundacion\/\",\"url\":\"https:\/\/www.ine.gob.bo\/index.php\/el-ine-ratifica-dato-de-crecimiento-en-bolivia-y-descalifica-ensayo-de-una-fundacion\/\",\"name\":\"El INE ratifica dato de crecimiento en Bolivia y descalifica ensayo de una fundaci\u00f3n - INE\",\"isPartOf\":{\"@id\":\"https:\/\/www.ine.gob.bo\/#website\"},\"primaryImageOfPage\":{\"@id\":\"https:\/\/www.ine.gob.bo\/index.php\/el-ine-ratifica-dato-de-crecimiento-en-bolivia-y-descalifica-ensayo-de-una-fundacion\/#primaryimage\"},\"image\":{\"@id\":\"https:\/\/www.ine.gob.bo\/index.php\/el-ine-ratifica-dato-de-crecimiento-en-bolivia-y-descalifica-ensayo-de-una-fundacion\/#primaryimage\"},\"thumbnailUrl\":\"https:\/\/www.ine.gob.bo\/wp-content\/uploads\/2019\/06\/logo-ine-footer.jpg\",\"datePublished\":\"2018-10-17T21:26:53+00:00\",\"dateModified\":\"2019-07-01T21:28:23+00:00\",\"description\":\"P\u00e1gina oficial del Instituto Nacional de Estadistica INE, informaci\u00f3n estad\u00edstica, geogr\u00e1fica y econ\u00f3mica a nivel nacional.\",\"breadcrumb\":{\"@id\":\"https:\/\/www.ine.gob.bo\/index.php\/el-ine-ratifica-dato-de-crecimiento-en-bolivia-y-descalifica-ensayo-de-una-fundacion\/#breadcrumb\"},\"inLanguage\":\"es\",\"potentialAction\":[{\"@type\":\"ReadAction\",\"target\":[\"https:\/\/www.ine.gob.bo\/index.php\/el-ine-ratifica-dato-de-crecimiento-en-bolivia-y-descalifica-ensayo-de-una-fundacion\/\"]}]},{\"@type\":\"ImageObject\",\"inLanguage\":\"es\",\"@id\":\"https:\/\/www.ine.gob.bo\/index.php\/el-ine-ratifica-dato-de-crecimiento-en-bolivia-y-descalifica-ensayo-de-una-fundacion\/#primaryimage\",\"url\":\"https:\/\/www.ine.gob.bo\/wp-content\/uploads\/2019\/06\/logo-ine-footer.jpg\",\"contentUrl\":\"https:\/\/www.ine.gob.bo\/wp-content\/uploads\/2019\/06\/logo-ine-footer.jpg\",\"width\":526,\"height\":200},{\"@type\":\"BreadcrumbList\",\"@id\":\"https:\/\/www.ine.gob.bo\/index.php\/el-ine-ratifica-dato-de-crecimiento-en-bolivia-y-descalifica-ensayo-de-una-fundacion\/#breadcrumb\",\"itemListElement\":[{\"@type\":\"ListItem\",\"position\":1,\"name\":\"Portada\",\"item\":\"https:\/\/www.ine.gob.bo\/\"},{\"@type\":\"ListItem\",\"position\":2,\"name\":\"El INE ratifica dato de crecimiento en Bolivia y descalifica ensayo de una fundaci\u00f3n\"}]},{\"@type\":\"WebSite\",\"@id\":\"https:\/\/www.ine.gob.bo\/#website\",\"url\":\"https:\/\/www.ine.gob.bo\/\",\"name\":\"INE\",\"description\":\"Instituto Nacional de Estad\u00edstica\",\"publisher\":{\"@id\":\"https:\/\/www.ine.gob.bo\/#organization\"},\"potentialAction\":[{\"@type\":\"SearchAction\",\"target\":{\"@type\":\"EntryPoint\",\"urlTemplate\":\"https:\/\/www.ine.gob.bo\/?s={search_term_string}\"},\"query-input\":\"required name=search_term_string\"}],\"inLanguage\":\"es\"},{\"@type\":\"Organization\",\"@id\":\"https:\/\/www.ine.gob.bo\/#organization\",\"name\":\"Instituto Nacional de Estad\u00edstica\",\"url\":\"https:\/\/www.ine.gob.bo\/\",\"logo\":{\"@type\":\"ImageObject\",\"inLanguage\":\"es\",\"@id\":\"https:\/\/www.ine.gob.bo\/#\/schema\/logo\/image\/\",\"url\":\"https:\/\/www.ine.gob.bo\/wp-content\/uploads\/2026\/02\/logo-ine.jpg\",\"contentUrl\":\"https:\/\/www.ine.gob.bo\/wp-content\/uploads\/2026\/02\/logo-ine.jpg\",\"width\":799,\"height\":453,\"caption\":\"Instituto Nacional de Estad\u00edstica\"},\"image\":{\"@id\":\"https:\/\/www.ine.gob.bo\/#\/schema\/logo\/image\/\"},\"sameAs\":[\"https:\/\/www.facebook.com\/ineboliviaoficial\",\"https:\/\/x.com\/INE_Bolivia\",\"https:\/\/www.instagram.com\/ineboliviaoficial\/\",\"https:\/\/www.youtube.com\/channel\/UCbIQXKLw414g5kWo1tAwqCg\"]},{\"@type\":\"Person\",\"@id\":\"https:\/\/www.ine.gob.bo\/#\/schema\/person\/4b9ab894e9de9fb7f2078269aea371be\",\"name\":\"4dmin-root\",\"image\":{\"@type\":\"ImageObject\",\"inLanguage\":\"es\",\"@id\":\"https:\/\/www.ine.gob.bo\/#\/schema\/person\/image\/\",\"url\":\"https:\/\/secure.gravatar.com\/avatar\/0824ec9f3a25d622e58133204574c46e0832b417c3b610112cf50ccc044cbefe?s=96&d=mm&r=g\",\"contentUrl\":\"https:\/\/secure.gravatar.com\/avatar\/0824ec9f3a25d622e58133204574c46e0832b417c3b610112cf50ccc044cbefe?s=96&d=mm&r=g\",\"caption\":\"4dmin-root\"},\"url\":\"https:\/\/www.ine.gob.bo\/index.php\/author\/4dmin-root\/\"}]}<\/script>\n<!-- \/ Yoast SEO plugin. -->","yoast_head_json":{"title":"El INE ratifica dato de crecimiento en Bolivia y descalifica ensayo de una fundaci\u00f3n - INE","description":"P\u00e1gina oficial del Instituto Nacional de Estadistica INE, informaci\u00f3n estad\u00edstica, geogr\u00e1fica y econ\u00f3mica a nivel nacional.","robots":{"index":"index","follow":"follow","max-snippet":"max-snippet:-1","max-image-preview":"max-image-preview:large","max-video-preview":"max-video-preview:-1"},"canonical":"https:\/\/www.ine.gob.bo\/index.php\/el-ine-ratifica-dato-de-crecimiento-en-bolivia-y-descalifica-ensayo-de-una-fundacion\/","og_locale":"es_ES","og_type":"article","og_title":"El INE ratifica dato de crecimiento en Bolivia y descalifica ensayo de una fundaci\u00f3n - INE","og_description":"P\u00e1gina oficial del Instituto Nacional de Estadistica INE, informaci\u00f3n estad\u00edstica, geogr\u00e1fica y econ\u00f3mica a nivel nacional.","og_url":"https:\/\/www.ine.gob.bo\/index.php\/el-ine-ratifica-dato-de-crecimiento-en-bolivia-y-descalifica-ensayo-de-una-fundacion\/","og_site_name":"INE","article_publisher":"https:\/\/www.facebook.com\/ineboliviaoficial","article_published_time":"2018-10-17T21:26:53+00:00","article_modified_time":"2019-07-01T21:28:23+00:00","og_image":[{"width":526,"height":200,"url":"https:\/\/www.ine.gob.bo\/wp-content\/uploads\/2019\/06\/logo-ine-footer.jpg","type":"image\/jpeg"}],"author":"4dmin-root","twitter_card":"summary_large_image","twitter_creator":"@INE_Bolivia","twitter_site":"@INE_Bolivia","twitter_misc":{"Escrito por":"4dmin-root","Tiempo de lectura":"4 minutos"},"schema":{"@context":"https:\/\/schema.org","@graph":[{"@type":"Article","@id":"https:\/\/www.ine.gob.bo\/index.php\/el-ine-ratifica-dato-de-crecimiento-en-bolivia-y-descalifica-ensayo-de-una-fundacion\/#article","isPartOf":{"@id":"https:\/\/www.ine.gob.bo\/index.php\/el-ine-ratifica-dato-de-crecimiento-en-bolivia-y-descalifica-ensayo-de-una-fundacion\/"},"author":{"name":"4dmin-root","@id":"https:\/\/www.ine.gob.bo\/#\/schema\/person\/4b9ab894e9de9fb7f2078269aea371be"},"headline":"El INE ratifica dato de crecimiento en Bolivia y descalifica ensayo de una fundaci\u00f3n","datePublished":"2018-10-17T21:26:53+00:00","dateModified":"2019-07-01T21:28:23+00:00","mainEntityOfPage":{"@id":"https:\/\/www.ine.gob.bo\/index.php\/el-ine-ratifica-dato-de-crecimiento-en-bolivia-y-descalifica-ensayo-de-una-fundacion\/"},"wordCount":820,"publisher":{"@id":"https:\/\/www.ine.gob.bo\/#organization"},"image":{"@id":"https:\/\/www.ine.gob.bo\/index.php\/el-ine-ratifica-dato-de-crecimiento-en-bolivia-y-descalifica-ensayo-de-una-fundacion\/#primaryimage"},"thumbnailUrl":"https:\/\/www.ine.gob.bo\/wp-content\/uploads\/2019\/06\/logo-ine-footer.jpg","articleSection":["INE noticias"],"inLanguage":"es"},{"@type":"WebPage","@id":"https:\/\/www.ine.gob.bo\/index.php\/el-ine-ratifica-dato-de-crecimiento-en-bolivia-y-descalifica-ensayo-de-una-fundacion\/","url":"https:\/\/www.ine.gob.bo\/index.php\/el-ine-ratifica-dato-de-crecimiento-en-bolivia-y-descalifica-ensayo-de-una-fundacion\/","name":"El INE ratifica dato de crecimiento en Bolivia y descalifica ensayo de una fundaci\u00f3n - INE","isPartOf":{"@id":"https:\/\/www.ine.gob.bo\/#website"},"primaryImageOfPage":{"@id":"https:\/\/www.ine.gob.bo\/index.php\/el-ine-ratifica-dato-de-crecimiento-en-bolivia-y-descalifica-ensayo-de-una-fundacion\/#primaryimage"},"image":{"@id":"https:\/\/www.ine.gob.bo\/index.php\/el-ine-ratifica-dato-de-crecimiento-en-bolivia-y-descalifica-ensayo-de-una-fundacion\/#primaryimage"},"thumbnailUrl":"https:\/\/www.ine.gob.bo\/wp-content\/uploads\/2019\/06\/logo-ine-footer.jpg","datePublished":"2018-10-17T21:26:53+00:00","dateModified":"2019-07-01T21:28:23+00:00","description":"P\u00e1gina oficial del Instituto Nacional de Estadistica INE, informaci\u00f3n estad\u00edstica, geogr\u00e1fica y econ\u00f3mica a nivel nacional.","breadcrumb":{"@id":"https:\/\/www.ine.gob.bo\/index.php\/el-ine-ratifica-dato-de-crecimiento-en-bolivia-y-descalifica-ensayo-de-una-fundacion\/#breadcrumb"},"inLanguage":"es","potentialAction":[{"@type":"ReadAction","target":["https:\/\/www.ine.gob.bo\/index.php\/el-ine-ratifica-dato-de-crecimiento-en-bolivia-y-descalifica-ensayo-de-una-fundacion\/"]}]},{"@type":"ImageObject","inLanguage":"es","@id":"https:\/\/www.ine.gob.bo\/index.php\/el-ine-ratifica-dato-de-crecimiento-en-bolivia-y-descalifica-ensayo-de-una-fundacion\/#primaryimage","url":"https:\/\/www.ine.gob.bo\/wp-content\/uploads\/2019\/06\/logo-ine-footer.jpg","contentUrl":"https:\/\/www.ine.gob.bo\/wp-content\/uploads\/2019\/06\/logo-ine-footer.jpg","width":526,"height":200},{"@type":"BreadcrumbList","@id":"https:\/\/www.ine.gob.bo\/index.php\/el-ine-ratifica-dato-de-crecimiento-en-bolivia-y-descalifica-ensayo-de-una-fundacion\/#breadcrumb","itemListElement":[{"@type":"ListItem","position":1,"name":"Portada","item":"https:\/\/www.ine.gob.bo\/"},{"@type":"ListItem","position":2,"name":"El INE ratifica dato de crecimiento en Bolivia y descalifica ensayo de una fundaci\u00f3n"}]},{"@type":"WebSite","@id":"https:\/\/www.ine.gob.bo\/#website","url":"https:\/\/www.ine.gob.bo\/","name":"INE","description":"Instituto Nacional de Estad\u00edstica","publisher":{"@id":"https:\/\/www.ine.gob.bo\/#organization"},"potentialAction":[{"@type":"SearchAction","target":{"@type":"EntryPoint","urlTemplate":"https:\/\/www.ine.gob.bo\/?s={search_term_string}"},"query-input":"required name=search_term_string"}],"inLanguage":"es"},{"@type":"Organization","@id":"https:\/\/www.ine.gob.bo\/#organization","name":"Instituto Nacional de Estad\u00edstica","url":"https:\/\/www.ine.gob.bo\/","logo":{"@type":"ImageObject","inLanguage":"es","@id":"https:\/\/www.ine.gob.bo\/#\/schema\/logo\/image\/","url":"https:\/\/www.ine.gob.bo\/wp-content\/uploads\/2026\/02\/logo-ine.jpg","contentUrl":"https:\/\/www.ine.gob.bo\/wp-content\/uploads\/2026\/02\/logo-ine.jpg","width":799,"height":453,"caption":"Instituto Nacional de Estad\u00edstica"},"image":{"@id":"https:\/\/www.ine.gob.bo\/#\/schema\/logo\/image\/"},"sameAs":["https:\/\/www.facebook.com\/ineboliviaoficial","https:\/\/x.com\/INE_Bolivia","https:\/\/www.instagram.com\/ineboliviaoficial\/","https:\/\/www.youtube.com\/channel\/UCbIQXKLw414g5kWo1tAwqCg"]},{"@type":"Person","@id":"https:\/\/www.ine.gob.bo\/#\/schema\/person\/4b9ab894e9de9fb7f2078269aea371be","name":"4dmin-root","image":{"@type":"ImageObject","inLanguage":"es","@id":"https:\/\/www.ine.gob.bo\/#\/schema\/person\/image\/","url":"https:\/\/secure.gravatar.com\/avatar\/0824ec9f3a25d622e58133204574c46e0832b417c3b610112cf50ccc044cbefe?s=96&d=mm&r=g","contentUrl":"https:\/\/secure.gravatar.com\/avatar\/0824ec9f3a25d622e58133204574c46e0832b417c3b610112cf50ccc044cbefe?s=96&d=mm&r=g","caption":"4dmin-root"},"url":"https:\/\/www.ine.gob.bo\/index.php\/author\/4dmin-root\/"}]}},"rttpg_featured_image_url":{"full":["https:\/\/www.ine.gob.bo\/wp-content\/uploads\/2019\/06\/logo-ine-footer.jpg",526,200,false],"landscape":["https:\/\/www.ine.gob.bo\/wp-content\/uploads\/2019\/06\/logo-ine-footer.jpg",526,200,false],"portraits":["https:\/\/www.ine.gob.bo\/wp-content\/uploads\/2019\/06\/logo-ine-footer.jpg",526,200,false],"thumbnail":["https:\/\/www.ine.gob.bo\/wp-content\/uploads\/2019\/06\/logo-ine-footer-150x150.jpg",150,150,true],"medium":["https:\/\/www.ine.gob.bo\/wp-content\/uploads\/2019\/06\/logo-ine-footer-300x114.jpg",300,114,true],"large":["https:\/\/www.ine.gob.bo\/wp-content\/uploads\/2019\/06\/logo-ine-footer.jpg",526,200,false],"1536x1536":["https:\/\/www.ine.gob.bo\/wp-content\/uploads\/2019\/06\/logo-ine-footer.jpg",526,200,false],"2048x2048":["https:\/\/www.ine.gob.bo\/wp-content\/uploads\/2019\/06\/logo-ine-footer.jpg",526,200,false]},"rttpg_author":{"display_name":"4dmin-root","author_link":"https:\/\/www.ine.gob.bo\/index.php\/author\/4dmin-root\/"},"rttpg_comment":0,"rttpg_category":"<a href=\"https:\/\/www.ine.gob.bo\/index.php\/category\/ine-noticias\/\" rel=\"category tag\">INE noticias<\/a>","rttpg_excerpt":"La Paz, 17 de octubre de 2018 (INE).-&nbsp;Respecto a un ensayo publicado por el Instituto de Asistencia Social Econ\u00f3mica y Tecnol\u00f3gica &#8211; INASET, donde se pone en duda las cifras del Instituto Nacional de Estad\u00edstica \u2013 INE, el Director General Ejecutivo, Santiago Farjat Basc\u00f3n, neg\u00f3 rotundamente cualquier manipulaci\u00f3n de los datos. La autoridad descalific\u00f3 el&hellip;","_links":{"self":[{"href":"https:\/\/www.ine.gob.bo\/index.php\/wp-json\/wp\/v2\/posts\/38581","targetHints":{"allow":["GET"]}}],"collection":[{"href":"https:\/\/www.ine.gob.bo\/index.php\/wp-json\/wp\/v2\/posts"}],"about":[{"href":"https:\/\/www.ine.gob.bo\/index.php\/wp-json\/wp\/v2\/types\/post"}],"author":[{"embeddable":true,"href":"https:\/\/www.ine.gob.bo\/index.php\/wp-json\/wp\/v2\/users\/1"}],"replies":[{"embeddable":true,"href":"https:\/\/www.ine.gob.bo\/index.php\/wp-json\/wp\/v2\/comments?post=38581"}],"version-history":[{"count":0,"href":"https:\/\/www.ine.gob.bo\/index.php\/wp-json\/wp\/v2\/posts\/38581\/revisions"}],"wp:featuredmedia":[{"embeddable":true,"href":"https:\/\/www.ine.gob.bo\/index.php\/wp-json\/wp\/v2\/media\/37833"}],"wp:attachment":[{"href":"https:\/\/www.ine.gob.bo\/index.php\/wp-json\/wp\/v2\/media?parent=38581"}],"wp:term":[{"taxonomy":"category","embeddable":true,"href":"https:\/\/www.ine.gob.bo\/index.php\/wp-json\/wp\/v2\/categories?post=38581"},{"taxonomy":"post_tag","embeddable":true,"href":"https:\/\/www.ine.gob.bo\/index.php\/wp-json\/wp\/v2\/tags?post=38581"}],"curies":[{"name":"wp","href":"https:\/\/api.w.org\/{rel}","templated":true}]}}