{"id":38552,"date":"2018-11-29T22:07:51","date_gmt":"2018-11-29T21:07:51","guid":{"rendered":"https:\/\/www.ine.gob.bo\/?p=38552"},"modified":"2019-07-01T22:17:44","modified_gmt":"2019-07-01T20:17:44","slug":"encuesta-continua-de-empleo-refleja-comportamiento-de-mercado-laboral-en-el-pais","status":"publish","type":"post","link":"https:\/\/www.ine.gob.bo\/index.php\/encuesta-continua-de-empleo-refleja-comportamiento-de-mercado-laboral-en-el-pais\/","title":{"rendered":"Encuesta Continua de Empleo refleja comportamiento de mercado laboral en el pa\u00eds"},"content":{"rendered":"<p><strong>La Paz, 29.11.18 (INE).<\/strong>\u00a0El Instituto Nacional de Estad\u00edstica (INE), a trav\u00e9s de su Direcci\u00f3n de Censos y Encuestas, desarrolla en el pa\u00eds la Encuesta Continua de Empleo (ECE) con el objetivo de proporcionar informaci\u00f3n estad\u00edstica destinada a reflejar el comportamiento del desempleo urbano, la oferta y movilidad de trabajo urbano y rural, adem\u00e1s de establecer un sistema de monitoreo continuo de las variables del mercado laboral.<\/p>\n<p>La ECE provee informaci\u00f3n oportuna y de calidad con periodicidad mensual y trimestral a nivel nacional, constituy\u00e9ndose en un indicador \u00e1gil y de coyuntura que refleja el comportamiento del mercado laboral. Mide tambi\u00e9n otras variables importantes como las condiciones laborales, la situaci\u00f3n en el empleo, la actividad econ\u00f3mica y el grupo ocupacional, entre otros.<\/p>\n<p>La recolecci\u00f3n de la informaci\u00f3n para la ECE se realiza a trav\u00e9s del m\u00e9todo de la Entrevista Directa, aplicada por personal del INE que visita las viviendas seleccionadas durante el per\u00edodo de recolecci\u00f3n de informaci\u00f3n. Para este operativo se utilizan dispositivos electr\u00f3nicos (tabletas), en los que se registran las respuestas que proporcionan los miembros de cada vivienda seleccionada, a lo largo de todo el a\u00f1o a nivel nacional.<\/p>\n<p>&nbsp;<\/p>\n<p><strong>CARACTER\u00cdSTICAS DEL DESEMPLEO<\/strong><\/p>\n<p>Para identificar a la poblaci\u00f3n desempleada se utilizan tres criterios que deben ser satisfechos simult\u00e1neamente y corresponden a la definici\u00f3n internacional del desempleo:<\/p>\n<p>a) Que durante el per\u00edodo de referencia est\u00e9n sin trabajo (desempleadas).<br \/>\nb) Que est\u00e9n disponibles para trabajar.<br \/>\nc) Que busquen activamente un empleo o trabajo en un per\u00edodo espec\u00edfico.<\/p>\n<p><strong>UNIVERSO DE ESTUDIO Y COBERTURA<\/strong><\/p>\n<p>La investigaci\u00f3n est\u00e1 dirigida al conjunto de hogares constituidos en viviendas ocupadas particulares en las \u00e1reas urbana y rural de los nueve departamentos del pa\u00eds. La encuesta excluye a las personas que habitan en viviendas colectivas, como hospitales, c\u00e1rceles, conventos, cuarteles y otros; pero incluye a las personas que residen en viviendas particulares dentro de dichos centros, como porteros, conserjes y otros.<\/p>\n<p>&nbsp;<\/p>\n<p><strong>RESULTADOS DE LA ENCUESTA<\/strong><\/p>\n<p>A partir de las variables de la ECE se elaboran las siguientes estad\u00edsticas desagregadas por \u00e1rea geogr\u00e1fica y sexo: sociodemogr\u00e1ficas (porcentajes de la poblaci\u00f3n por \u00e1rea de residencia urbano-rural, por grupo de edad requerido, por estado civil o conyugal y porcentaje de la poblaci\u00f3n seg\u00fan pertenencia \u00e9tnica); educativas (porcentaje de la poblaci\u00f3n por nivel de instrucci\u00f3n aprobado); de empleo (condici\u00f3n de actividad de la poblaci\u00f3n, principales indicadores de empleo, tasa de desempleo, porcentajes de poblaci\u00f3n ocupada seg\u00fan situaci\u00f3n en el empleo, de grupo ocupacional, de actividad econ\u00f3mica, asalariada seg\u00fan tipo de administraci\u00f3n del lugar de trabajo y porcentaje de poblaci\u00f3n ocupada por mercado de trabajo) y de ingresos laborales (ingreso promedio mensual en la ocupaci\u00f3n principal seg\u00fan situaci\u00f3n en el empleo, seg\u00fan grupo ocupacional y seg\u00fan actividad econ\u00f3mica).<\/p>\n<p>&nbsp;<\/p>\n<p><strong>BOLIVIA: LA TASA DE DESEMPLEO M\u00c1S BAJA DE LA REGI\u00d3N<\/strong><\/p>\n<p>Para el cuarto trimestre de 2017, la tasa de desempleo abierto urbana de Bolivia fue de 4,5%, constituy\u00e9ndose en la m\u00e1s baja de la regi\u00f3n. Las tasas de desempleo m\u00e1s altas se registraron en Brasil 11,8%, Colombia 9,6%, Uruguay 7,6% y Argentina 7,2%; mientras que las m\u00e1s bajas correspondieron a Bolivia (4,5%) y Ecuador (5,8%).<\/p>\n<p>Los resultados de la Encuesta Continua de Empleo ECE se traducen en decisiones gubernamentales que benefician a la ciudadan\u00eda. En ese sentido, la informaci\u00f3n brindada a nuestras encuestadoras y encuestadores resulta fundamental para obtener datos de calidad, que contribuyan a la evaluaci\u00f3n e implementaci\u00f3n de pol\u00edticas p\u00fablicas que mejoren las condiciones de vida de la poblaci\u00f3n.<\/p>\n<p><img loading=\"lazy\" decoding=\"async\" class=\"alignnone size-large wp-image-38553\" src=\"https:\/\/www.ine.gob.bo\/wp-content\/uploads\/2019\/07\/01-1024x768.jpg\" alt=\"\" width=\"1024\" height=\"768\" srcset=\"https:\/\/www.ine.gob.bo\/wp-content\/uploads\/2019\/07\/01-1024x768.jpg 1024w, https:\/\/www.ine.gob.bo\/wp-content\/uploads\/2019\/07\/01-300x225.jpg 300w, https:\/\/www.ine.gob.bo\/wp-content\/uploads\/2019\/07\/01-768x576.jpg 768w, https:\/\/www.ine.gob.bo\/wp-content\/uploads\/2019\/07\/01.jpg 1032w\" sizes=\"auto, (max-width: 1024px) 100vw, 1024px\" \/><\/p>\n<p>Personal del INE recaba informaci\u00f3n relacionada con el empleo en los hogares bolivianos.<\/p>\n<p><img loading=\"lazy\" decoding=\"async\" class=\"alignnone size-full wp-image-38554\" src=\"https:\/\/www.ine.gob.bo\/wp-content\/uploads\/2019\/07\/02.jpg\" alt=\"\" width=\"883\" height=\"614\" srcset=\"https:\/\/www.ine.gob.bo\/wp-content\/uploads\/2019\/07\/02.jpg 883w, https:\/\/www.ine.gob.bo\/wp-content\/uploads\/2019\/07\/02-300x209.jpg 300w, https:\/\/www.ine.gob.bo\/wp-content\/uploads\/2019\/07\/02-768x534.jpg 768w\" sizes=\"auto, (max-width: 883px) 100vw, 883px\" \/><\/p>\n<p>La recolecci\u00f3n de la informaci\u00f3n para la ECE se realiza a trav\u00e9s del m\u00e9todo de la Entrevista Directa.<\/p>\n<p><img loading=\"lazy\" decoding=\"async\" class=\"alignnone size-full wp-image-38555\" src=\"https:\/\/www.ine.gob.bo\/wp-content\/uploads\/2019\/07\/03.jpg\" alt=\"\" width=\"803\" height=\"747\" srcset=\"https:\/\/www.ine.gob.bo\/wp-content\/uploads\/2019\/07\/03.jpg 803w, https:\/\/www.ine.gob.bo\/wp-content\/uploads\/2019\/07\/03-300x279.jpg 300w, https:\/\/www.ine.gob.bo\/wp-content\/uploads\/2019\/07\/03-768x714.jpg 768w\" sizes=\"auto, (max-width: 803px) 100vw, 803px\" \/><\/p>\n<p>Los resultados de la ECE se traducen en decisiones gubernamentales que benefician a la ciudadan\u00eda.<\/p>\n<p><img loading=\"lazy\" decoding=\"async\" class=\"alignnone size-large wp-image-38556\" src=\"https:\/\/www.ine.gob.bo\/wp-content\/uploads\/2019\/07\/04-1024x768.jpg\" alt=\"\" width=\"1024\" height=\"768\" srcset=\"https:\/\/www.ine.gob.bo\/wp-content\/uploads\/2019\/07\/04-1024x768.jpg 1024w, https:\/\/www.ine.gob.bo\/wp-content\/uploads\/2019\/07\/04-300x225.jpg 300w, https:\/\/www.ine.gob.bo\/wp-content\/uploads\/2019\/07\/04-768x576.jpg 768w, https:\/\/www.ine.gob.bo\/wp-content\/uploads\/2019\/07\/04.jpg 1290w\" sizes=\"auto, (max-width: 1024px) 100vw, 1024px\" \/><\/p>\n<p>Las inclemencias del tiempo no constituyen obst\u00e1culo para desarrollar la Encuesta Continua de Empleo.<\/p>\n<p><img loading=\"lazy\" decoding=\"async\" class=\"alignnone size-large wp-image-38557\" src=\"https:\/\/www.ine.gob.bo\/wp-content\/uploads\/2019\/07\/05-1024x768.jpg\" alt=\"\" width=\"1024\" height=\"768\" srcset=\"https:\/\/www.ine.gob.bo\/wp-content\/uploads\/2019\/07\/05-1024x768.jpg 1024w, https:\/\/www.ine.gob.bo\/wp-content\/uploads\/2019\/07\/05-300x225.jpg 300w, https:\/\/www.ine.gob.bo\/wp-content\/uploads\/2019\/07\/05-768x576.jpg 768w, https:\/\/www.ine.gob.bo\/wp-content\/uploads\/2019\/07\/05.jpg 1040w\" sizes=\"auto, (max-width: 1024px) 100vw, 1024px\" \/><\/p>\n<p>La informaci\u00f3n brindada a nuestras encuestadoras y encuestadores resulta fundamental para obtener datos de calidad, que contribuyan a la evaluaci\u00f3n e implementaci\u00f3n de pol\u00edticas p\u00fablicas en beneficio de la poblaci\u00f3n.<\/p>\n<p>&nbsp;<\/p>\n<blockquote><p><strong>Unidad de Difusi\u00f3n y Comunicaci\u00f3n &#8211; UDC \/ INE<\/strong><\/p><\/blockquote>\n","protected":false},"excerpt":{"rendered":"<p>La Paz, 29.11.18 (INE).\u00a0El Instituto Nacional de Estad\u00edstica (INE), a trav\u00e9s de su Direcci\u00f3n de Censos y Encuestas, desarrolla en el pa\u00eds la Encuesta Continua de Empleo (ECE) con el objetivo de proporcionar informaci\u00f3n estad\u00edstica destinada a reflejar el comportamiento del desempleo urbano, la oferta y movilidad de trabajo urbano y rural, adem\u00e1s de establecer&hellip;<\/p>\n","protected":false},"author":1,"featured_media":38553,"comment_status":"closed","ping_status":"open","sticky":false,"template":"","format":"standard","meta":[],"categories":[158],"tags":[],"class_list":["post-38552","post","type-post","status-publish","format-standard","has-post-thumbnail","hentry","category-ine-noticias","category-158","description-off"],"yoast_head":"<!-- This site is optimized with the Yoast SEO plugin v23.2 - https:\/\/yoast.com\/wordpress\/plugins\/seo\/ -->\n<title>Encuesta Continua de Empleo refleja comportamiento de mercado laboral en el pa\u00eds - INE<\/title>\n<meta name=\"description\" content=\"P\u00e1gina oficial del Instituto Nacional de Estadistica INE, informaci\u00f3n estad\u00edstica, geogr\u00e1fica y econ\u00f3mica a nivel nacional.\" \/>\n<meta name=\"robots\" content=\"index, follow, max-snippet:-1, max-image-preview:large, max-video-preview:-1\" \/>\n<link rel=\"canonical\" href=\"https:\/\/www.ine.gob.bo\/index.php\/encuesta-continua-de-empleo-refleja-comportamiento-de-mercado-laboral-en-el-pais\/\" \/>\n<meta property=\"og:locale\" content=\"es_ES\" \/>\n<meta property=\"og:type\" content=\"article\" \/>\n<meta property=\"og:title\" content=\"Encuesta Continua de Empleo refleja comportamiento de mercado laboral en el pa\u00eds - INE\" \/>\n<meta property=\"og:description\" content=\"P\u00e1gina oficial del Instituto Nacional de Estadistica INE, informaci\u00f3n estad\u00edstica, geogr\u00e1fica y econ\u00f3mica a nivel nacional.\" \/>\n<meta property=\"og:url\" content=\"https:\/\/www.ine.gob.bo\/index.php\/encuesta-continua-de-empleo-refleja-comportamiento-de-mercado-laboral-en-el-pais\/\" \/>\n<meta property=\"og:site_name\" content=\"INE\" \/>\n<meta property=\"article:publisher\" content=\"https:\/\/www.facebook.com\/ineboliviaoficial\" \/>\n<meta property=\"article:published_time\" content=\"2018-11-29T21:07:51+00:00\" \/>\n<meta property=\"article:modified_time\" content=\"2019-07-01T20:17:44+00:00\" \/>\n<meta property=\"og:image\" content=\"https:\/\/www.ine.gob.bo\/wp-content\/uploads\/2019\/07\/01.jpg\" \/>\n\t<meta property=\"og:image:width\" content=\"1032\" \/>\n\t<meta property=\"og:image:height\" content=\"774\" \/>\n\t<meta property=\"og:image:type\" content=\"image\/jpeg\" \/>\n<meta name=\"author\" content=\"4dmin-root\" \/>\n<meta name=\"twitter:card\" content=\"summary_large_image\" \/>\n<meta name=\"twitter:creator\" content=\"@INE_Bolivia\" \/>\n<meta name=\"twitter:site\" content=\"@INE_Bolivia\" \/>\n<meta name=\"twitter:label1\" content=\"Escrito por\" \/>\n\t<meta name=\"twitter:data1\" content=\"4dmin-root\" \/>\n\t<meta name=\"twitter:label2\" content=\"Tiempo de lectura\" \/>\n\t<meta name=\"twitter:data2\" content=\"4 minutos\" \/>\n<script type=\"application\/ld+json\" class=\"yoast-schema-graph\">{\"@context\":\"https:\/\/schema.org\",\"@graph\":[{\"@type\":\"Article\",\"@id\":\"https:\/\/www.ine.gob.bo\/index.php\/encuesta-continua-de-empleo-refleja-comportamiento-de-mercado-laboral-en-el-pais\/#article\",\"isPartOf\":{\"@id\":\"https:\/\/www.ine.gob.bo\/index.php\/encuesta-continua-de-empleo-refleja-comportamiento-de-mercado-laboral-en-el-pais\/\"},\"author\":{\"name\":\"4dmin-root\",\"@id\":\"https:\/\/www.ine.gob.bo\/#\/schema\/person\/4b9ab894e9de9fb7f2078269aea371be\"},\"headline\":\"Encuesta Continua de Empleo refleja comportamiento de mercado laboral en el pa\u00eds\",\"datePublished\":\"2018-11-29T21:07:51+00:00\",\"dateModified\":\"2019-07-01T20:17:44+00:00\",\"mainEntityOfPage\":{\"@id\":\"https:\/\/www.ine.gob.bo\/index.php\/encuesta-continua-de-empleo-refleja-comportamiento-de-mercado-laboral-en-el-pais\/\"},\"wordCount\":755,\"publisher\":{\"@id\":\"https:\/\/www.ine.gob.bo\/#organization\"},\"image\":{\"@id\":\"https:\/\/www.ine.gob.bo\/index.php\/encuesta-continua-de-empleo-refleja-comportamiento-de-mercado-laboral-en-el-pais\/#primaryimage\"},\"thumbnailUrl\":\"https:\/\/www.ine.gob.bo\/wp-content\/uploads\/2019\/07\/01.jpg\",\"articleSection\":[\"INE noticias\"],\"inLanguage\":\"es\"},{\"@type\":\"WebPage\",\"@id\":\"https:\/\/www.ine.gob.bo\/index.php\/encuesta-continua-de-empleo-refleja-comportamiento-de-mercado-laboral-en-el-pais\/\",\"url\":\"https:\/\/www.ine.gob.bo\/index.php\/encuesta-continua-de-empleo-refleja-comportamiento-de-mercado-laboral-en-el-pais\/\",\"name\":\"Encuesta Continua de Empleo refleja comportamiento de mercado laboral en el pa\u00eds - INE\",\"isPartOf\":{\"@id\":\"https:\/\/www.ine.gob.bo\/#website\"},\"primaryImageOfPage\":{\"@id\":\"https:\/\/www.ine.gob.bo\/index.php\/encuesta-continua-de-empleo-refleja-comportamiento-de-mercado-laboral-en-el-pais\/#primaryimage\"},\"image\":{\"@id\":\"https:\/\/www.ine.gob.bo\/index.php\/encuesta-continua-de-empleo-refleja-comportamiento-de-mercado-laboral-en-el-pais\/#primaryimage\"},\"thumbnailUrl\":\"https:\/\/www.ine.gob.bo\/wp-content\/uploads\/2019\/07\/01.jpg\",\"datePublished\":\"2018-11-29T21:07:51+00:00\",\"dateModified\":\"2019-07-01T20:17:44+00:00\",\"description\":\"P\u00e1gina oficial del Instituto Nacional de Estadistica INE, informaci\u00f3n estad\u00edstica, geogr\u00e1fica y econ\u00f3mica a nivel nacional.\",\"breadcrumb\":{\"@id\":\"https:\/\/www.ine.gob.bo\/index.php\/encuesta-continua-de-empleo-refleja-comportamiento-de-mercado-laboral-en-el-pais\/#breadcrumb\"},\"inLanguage\":\"es\",\"potentialAction\":[{\"@type\":\"ReadAction\",\"target\":[\"https:\/\/www.ine.gob.bo\/index.php\/encuesta-continua-de-empleo-refleja-comportamiento-de-mercado-laboral-en-el-pais\/\"]}]},{\"@type\":\"ImageObject\",\"inLanguage\":\"es\",\"@id\":\"https:\/\/www.ine.gob.bo\/index.php\/encuesta-continua-de-empleo-refleja-comportamiento-de-mercado-laboral-en-el-pais\/#primaryimage\",\"url\":\"https:\/\/www.ine.gob.bo\/wp-content\/uploads\/2019\/07\/01.jpg\",\"contentUrl\":\"https:\/\/www.ine.gob.bo\/wp-content\/uploads\/2019\/07\/01.jpg\",\"width\":1032,\"height\":774},{\"@type\":\"BreadcrumbList\",\"@id\":\"https:\/\/www.ine.gob.bo\/index.php\/encuesta-continua-de-empleo-refleja-comportamiento-de-mercado-laboral-en-el-pais\/#breadcrumb\",\"itemListElement\":[{\"@type\":\"ListItem\",\"position\":1,\"name\":\"Portada\",\"item\":\"https:\/\/www.ine.gob.bo\/\"},{\"@type\":\"ListItem\",\"position\":2,\"name\":\"Encuesta Continua de Empleo refleja comportamiento de mercado laboral en el pa\u00eds\"}]},{\"@type\":\"WebSite\",\"@id\":\"https:\/\/www.ine.gob.bo\/#website\",\"url\":\"https:\/\/www.ine.gob.bo\/\",\"name\":\"INE\",\"description\":\"Instituto Nacional de Estad\u00edstica\",\"publisher\":{\"@id\":\"https:\/\/www.ine.gob.bo\/#organization\"},\"potentialAction\":[{\"@type\":\"SearchAction\",\"target\":{\"@type\":\"EntryPoint\",\"urlTemplate\":\"https:\/\/www.ine.gob.bo\/?s={search_term_string}\"},\"query-input\":\"required name=search_term_string\"}],\"inLanguage\":\"es\"},{\"@type\":\"Organization\",\"@id\":\"https:\/\/www.ine.gob.bo\/#organization\",\"name\":\"Instituto Nacional de Estad\u00edstica\",\"url\":\"https:\/\/www.ine.gob.bo\/\",\"logo\":{\"@type\":\"ImageObject\",\"inLanguage\":\"es\",\"@id\":\"https:\/\/www.ine.gob.bo\/#\/schema\/logo\/image\/\",\"url\":\"https:\/\/www.ine.gob.bo\/wp-content\/uploads\/2026\/02\/logo-ine.jpg\",\"contentUrl\":\"https:\/\/www.ine.gob.bo\/wp-content\/uploads\/2026\/02\/logo-ine.jpg\",\"width\":799,\"height\":453,\"caption\":\"Instituto Nacional de Estad\u00edstica\"},\"image\":{\"@id\":\"https:\/\/www.ine.gob.bo\/#\/schema\/logo\/image\/\"},\"sameAs\":[\"https:\/\/www.facebook.com\/ineboliviaoficial\",\"https:\/\/x.com\/INE_Bolivia\",\"https:\/\/www.instagram.com\/ineboliviaoficial\/\",\"https:\/\/www.youtube.com\/channel\/UCbIQXKLw414g5kWo1tAwqCg\"]},{\"@type\":\"Person\",\"@id\":\"https:\/\/www.ine.gob.bo\/#\/schema\/person\/4b9ab894e9de9fb7f2078269aea371be\",\"name\":\"4dmin-root\",\"image\":{\"@type\":\"ImageObject\",\"inLanguage\":\"es\",\"@id\":\"https:\/\/www.ine.gob.bo\/#\/schema\/person\/image\/\",\"url\":\"https:\/\/secure.gravatar.com\/avatar\/0824ec9f3a25d622e58133204574c46e0832b417c3b610112cf50ccc044cbefe?s=96&d=mm&r=g\",\"contentUrl\":\"https:\/\/secure.gravatar.com\/avatar\/0824ec9f3a25d622e58133204574c46e0832b417c3b610112cf50ccc044cbefe?s=96&d=mm&r=g\",\"caption\":\"4dmin-root\"},\"url\":\"https:\/\/www.ine.gob.bo\/index.php\/author\/4dmin-root\/\"}]}<\/script>\n<!-- \/ Yoast SEO plugin. -->","yoast_head_json":{"title":"Encuesta Continua de Empleo refleja comportamiento de mercado laboral en el pa\u00eds - INE","description":"P\u00e1gina oficial del Instituto Nacional de Estadistica INE, informaci\u00f3n estad\u00edstica, geogr\u00e1fica y econ\u00f3mica a nivel nacional.","robots":{"index":"index","follow":"follow","max-snippet":"max-snippet:-1","max-image-preview":"max-image-preview:large","max-video-preview":"max-video-preview:-1"},"canonical":"https:\/\/www.ine.gob.bo\/index.php\/encuesta-continua-de-empleo-refleja-comportamiento-de-mercado-laboral-en-el-pais\/","og_locale":"es_ES","og_type":"article","og_title":"Encuesta Continua de Empleo refleja comportamiento de mercado laboral en el pa\u00eds - INE","og_description":"P\u00e1gina oficial del Instituto Nacional de Estadistica INE, informaci\u00f3n estad\u00edstica, geogr\u00e1fica y econ\u00f3mica a nivel nacional.","og_url":"https:\/\/www.ine.gob.bo\/index.php\/encuesta-continua-de-empleo-refleja-comportamiento-de-mercado-laboral-en-el-pais\/","og_site_name":"INE","article_publisher":"https:\/\/www.facebook.com\/ineboliviaoficial","article_published_time":"2018-11-29T21:07:51+00:00","article_modified_time":"2019-07-01T20:17:44+00:00","og_image":[{"width":1032,"height":774,"url":"https:\/\/www.ine.gob.bo\/wp-content\/uploads\/2019\/07\/01.jpg","type":"image\/jpeg"}],"author":"4dmin-root","twitter_card":"summary_large_image","twitter_creator":"@INE_Bolivia","twitter_site":"@INE_Bolivia","twitter_misc":{"Escrito por":"4dmin-root","Tiempo de lectura":"4 minutos"},"schema":{"@context":"https:\/\/schema.org","@graph":[{"@type":"Article","@id":"https:\/\/www.ine.gob.bo\/index.php\/encuesta-continua-de-empleo-refleja-comportamiento-de-mercado-laboral-en-el-pais\/#article","isPartOf":{"@id":"https:\/\/www.ine.gob.bo\/index.php\/encuesta-continua-de-empleo-refleja-comportamiento-de-mercado-laboral-en-el-pais\/"},"author":{"name":"4dmin-root","@id":"https:\/\/www.ine.gob.bo\/#\/schema\/person\/4b9ab894e9de9fb7f2078269aea371be"},"headline":"Encuesta Continua de Empleo refleja comportamiento de mercado laboral en el pa\u00eds","datePublished":"2018-11-29T21:07:51+00:00","dateModified":"2019-07-01T20:17:44+00:00","mainEntityOfPage":{"@id":"https:\/\/www.ine.gob.bo\/index.php\/encuesta-continua-de-empleo-refleja-comportamiento-de-mercado-laboral-en-el-pais\/"},"wordCount":755,"publisher":{"@id":"https:\/\/www.ine.gob.bo\/#organization"},"image":{"@id":"https:\/\/www.ine.gob.bo\/index.php\/encuesta-continua-de-empleo-refleja-comportamiento-de-mercado-laboral-en-el-pais\/#primaryimage"},"thumbnailUrl":"https:\/\/www.ine.gob.bo\/wp-content\/uploads\/2019\/07\/01.jpg","articleSection":["INE noticias"],"inLanguage":"es"},{"@type":"WebPage","@id":"https:\/\/www.ine.gob.bo\/index.php\/encuesta-continua-de-empleo-refleja-comportamiento-de-mercado-laboral-en-el-pais\/","url":"https:\/\/www.ine.gob.bo\/index.php\/encuesta-continua-de-empleo-refleja-comportamiento-de-mercado-laboral-en-el-pais\/","name":"Encuesta Continua de Empleo refleja comportamiento de mercado laboral en el pa\u00eds - INE","isPartOf":{"@id":"https:\/\/www.ine.gob.bo\/#website"},"primaryImageOfPage":{"@id":"https:\/\/www.ine.gob.bo\/index.php\/encuesta-continua-de-empleo-refleja-comportamiento-de-mercado-laboral-en-el-pais\/#primaryimage"},"image":{"@id":"https:\/\/www.ine.gob.bo\/index.php\/encuesta-continua-de-empleo-refleja-comportamiento-de-mercado-laboral-en-el-pais\/#primaryimage"},"thumbnailUrl":"https:\/\/www.ine.gob.bo\/wp-content\/uploads\/2019\/07\/01.jpg","datePublished":"2018-11-29T21:07:51+00:00","dateModified":"2019-07-01T20:17:44+00:00","description":"P\u00e1gina oficial del Instituto Nacional de Estadistica INE, informaci\u00f3n estad\u00edstica, geogr\u00e1fica y econ\u00f3mica a nivel nacional.","breadcrumb":{"@id":"https:\/\/www.ine.gob.bo\/index.php\/encuesta-continua-de-empleo-refleja-comportamiento-de-mercado-laboral-en-el-pais\/#breadcrumb"},"inLanguage":"es","potentialAction":[{"@type":"ReadAction","target":["https:\/\/www.ine.gob.bo\/index.php\/encuesta-continua-de-empleo-refleja-comportamiento-de-mercado-laboral-en-el-pais\/"]}]},{"@type":"ImageObject","inLanguage":"es","@id":"https:\/\/www.ine.gob.bo\/index.php\/encuesta-continua-de-empleo-refleja-comportamiento-de-mercado-laboral-en-el-pais\/#primaryimage","url":"https:\/\/www.ine.gob.bo\/wp-content\/uploads\/2019\/07\/01.jpg","contentUrl":"https:\/\/www.ine.gob.bo\/wp-content\/uploads\/2019\/07\/01.jpg","width":1032,"height":774},{"@type":"BreadcrumbList","@id":"https:\/\/www.ine.gob.bo\/index.php\/encuesta-continua-de-empleo-refleja-comportamiento-de-mercado-laboral-en-el-pais\/#breadcrumb","itemListElement":[{"@type":"ListItem","position":1,"name":"Portada","item":"https:\/\/www.ine.gob.bo\/"},{"@type":"ListItem","position":2,"name":"Encuesta Continua de Empleo refleja comportamiento de mercado laboral en el pa\u00eds"}]},{"@type":"WebSite","@id":"https:\/\/www.ine.gob.bo\/#website","url":"https:\/\/www.ine.gob.bo\/","name":"INE","description":"Instituto Nacional de Estad\u00edstica","publisher":{"@id":"https:\/\/www.ine.gob.bo\/#organization"},"potentialAction":[{"@type":"SearchAction","target":{"@type":"EntryPoint","urlTemplate":"https:\/\/www.ine.gob.bo\/?s={search_term_string}"},"query-input":"required name=search_term_string"}],"inLanguage":"es"},{"@type":"Organization","@id":"https:\/\/www.ine.gob.bo\/#organization","name":"Instituto Nacional de Estad\u00edstica","url":"https:\/\/www.ine.gob.bo\/","logo":{"@type":"ImageObject","inLanguage":"es","@id":"https:\/\/www.ine.gob.bo\/#\/schema\/logo\/image\/","url":"https:\/\/www.ine.gob.bo\/wp-content\/uploads\/2026\/02\/logo-ine.jpg","contentUrl":"https:\/\/www.ine.gob.bo\/wp-content\/uploads\/2026\/02\/logo-ine.jpg","width":799,"height":453,"caption":"Instituto Nacional de Estad\u00edstica"},"image":{"@id":"https:\/\/www.ine.gob.bo\/#\/schema\/logo\/image\/"},"sameAs":["https:\/\/www.facebook.com\/ineboliviaoficial","https:\/\/x.com\/INE_Bolivia","https:\/\/www.instagram.com\/ineboliviaoficial\/","https:\/\/www.youtube.com\/channel\/UCbIQXKLw414g5kWo1tAwqCg"]},{"@type":"Person","@id":"https:\/\/www.ine.gob.bo\/#\/schema\/person\/4b9ab894e9de9fb7f2078269aea371be","name":"4dmin-root","image":{"@type":"ImageObject","inLanguage":"es","@id":"https:\/\/www.ine.gob.bo\/#\/schema\/person\/image\/","url":"https:\/\/secure.gravatar.com\/avatar\/0824ec9f3a25d622e58133204574c46e0832b417c3b610112cf50ccc044cbefe?s=96&d=mm&r=g","contentUrl":"https:\/\/secure.gravatar.com\/avatar\/0824ec9f3a25d622e58133204574c46e0832b417c3b610112cf50ccc044cbefe?s=96&d=mm&r=g","caption":"4dmin-root"},"url":"https:\/\/www.ine.gob.bo\/index.php\/author\/4dmin-root\/"}]}},"rttpg_featured_image_url":{"full":["https:\/\/www.ine.gob.bo\/wp-content\/uploads\/2019\/07\/01.jpg",1032,774,false],"landscape":["https:\/\/www.ine.gob.bo\/wp-content\/uploads\/2019\/07\/01.jpg",1032,774,false],"portraits":["https:\/\/www.ine.gob.bo\/wp-content\/uploads\/2019\/07\/01.jpg",1032,774,false],"thumbnail":["https:\/\/www.ine.gob.bo\/wp-content\/uploads\/2019\/07\/01-150x150.jpg",150,150,true],"medium":["https:\/\/www.ine.gob.bo\/wp-content\/uploads\/2019\/07\/01-300x225.jpg",300,225,true],"large":["https:\/\/www.ine.gob.bo\/wp-content\/uploads\/2019\/07\/01-1024x768.jpg",1024,768,true],"1536x1536":["https:\/\/www.ine.gob.bo\/wp-content\/uploads\/2019\/07\/01.jpg",1032,774,false],"2048x2048":["https:\/\/www.ine.gob.bo\/wp-content\/uploads\/2019\/07\/01.jpg",1032,774,false]},"rttpg_author":{"display_name":"4dmin-root","author_link":"https:\/\/www.ine.gob.bo\/index.php\/author\/4dmin-root\/"},"rttpg_comment":0,"rttpg_category":"<a href=\"https:\/\/www.ine.gob.bo\/index.php\/category\/ine-noticias\/\" rel=\"category tag\">INE noticias<\/a>","rttpg_excerpt":"La Paz, 29.11.18 (INE).\u00a0El Instituto Nacional de Estad\u00edstica (INE), a trav\u00e9s de su Direcci\u00f3n de Censos y Encuestas, desarrolla en el pa\u00eds la Encuesta Continua de Empleo (ECE) con el objetivo de proporcionar informaci\u00f3n estad\u00edstica destinada a reflejar el comportamiento del desempleo urbano, la oferta y movilidad de trabajo urbano y rural, adem\u00e1s de establecer&hellip;","_links":{"self":[{"href":"https:\/\/www.ine.gob.bo\/index.php\/wp-json\/wp\/v2\/posts\/38552","targetHints":{"allow":["GET"]}}],"collection":[{"href":"https:\/\/www.ine.gob.bo\/index.php\/wp-json\/wp\/v2\/posts"}],"about":[{"href":"https:\/\/www.ine.gob.bo\/index.php\/wp-json\/wp\/v2\/types\/post"}],"author":[{"embeddable":true,"href":"https:\/\/www.ine.gob.bo\/index.php\/wp-json\/wp\/v2\/users\/1"}],"replies":[{"embeddable":true,"href":"https:\/\/www.ine.gob.bo\/index.php\/wp-json\/wp\/v2\/comments?post=38552"}],"version-history":[{"count":0,"href":"https:\/\/www.ine.gob.bo\/index.php\/wp-json\/wp\/v2\/posts\/38552\/revisions"}],"wp:featuredmedia":[{"embeddable":true,"href":"https:\/\/www.ine.gob.bo\/index.php\/wp-json\/wp\/v2\/media\/38553"}],"wp:attachment":[{"href":"https:\/\/www.ine.gob.bo\/index.php\/wp-json\/wp\/v2\/media?parent=38552"}],"wp:term":[{"taxonomy":"category","embeddable":true,"href":"https:\/\/www.ine.gob.bo\/index.php\/wp-json\/wp\/v2\/categories?post=38552"},{"taxonomy":"post_tag","embeddable":true,"href":"https:\/\/www.ine.gob.bo\/index.php\/wp-json\/wp\/v2\/tags?post=38552"}],"curies":[{"name":"wp","href":"https:\/\/api.w.org\/{rel}","templated":true}]}}