{"id":37623,"date":"2019-02-15T18:14:40","date_gmt":"2019-02-15T22:14:40","guid":{"rendered":"https:\/\/www.ine.gob.bo\/?p=37623"},"modified":"2020-01-23T11:19:52","modified_gmt":"2020-01-23T15:19:52","slug":"santiago-farjat-bolivia-tiene-la-tasa-de-desocupacion-mas-baja-de-la-region","status":"publish","type":"post","link":"https:\/\/www.ine.gob.bo\/index.php\/santiago-farjat-bolivia-tiene-la-tasa-de-desocupacion-mas-baja-de-la-region\/","title":{"rendered":"Santiago Farjat: \u201cBolivia tiene la tasa de desocupaci\u00f3n m\u00e1s baja de la regi\u00f3n\u201d"},"content":{"rendered":"<blockquote><p><em>El Director General Ejecutivo del Instituto Nacional de Estad\u00edstica (INE), Santiago Farjat, destac\u00f3 que la tasa de desocupaci\u00f3n alcanzada por Bolivia es la m\u00e1s baja de la regi\u00f3n, durante su participaci\u00f3n en el evento \u201cEmpleo en Bolivia: datos y desaf\u00edos\u201d.<\/em><\/p><\/blockquote>\n<p><strong>Santa Cruz, 15.02.19 (INE).<\/strong>&nbsp;El director del INE, Santiago Farjat, particip\u00f3 la ma\u00f1ana de este viernes en el evento \u201cEmpleo en Bolivia: datos y desaf\u00edos\u201d, realizado en la ciudad de Santa Cruz de la Sierra, donde autoridades del Ministerio de Planificaci\u00f3n del Desarrollo dieron a conocer los alcances del Plan Generaci\u00f3n Empleo en la gesti\u00f3n 2018.<\/p>\n<p><strong>M\u00e1s empleos, menos desocupaci\u00f3n<\/strong><\/p>\n<p>El titular del INE expuso los resultados de la Encuesta Continua de Empleo (ECE), cuyas cifras reflejan el comportamiento de la desocupaci\u00f3n urbana, la oferta y movilidad de trabajo urbano y rural, adem\u00e1s de permitir establecer un sistema de monitoreo continuo y oportuno de las variables del mercado laboral, teniendo como unidad de observaci\u00f3n a los hogares.<\/p>\n<p>Seg\u00fan resultados de la ECE, al cuarto trimestre de 2018, la Poblaci\u00f3n Econ\u00f3micamente Activa (PEA) en el \u00e1rea urbana alcanz\u00f3 aproximadamente a 3.730.000 personas, y de este total 159.000 se encuentran desocupadas, representando el 4,27%. Esta tasa es menor a la registrada en el mismo periodo de 2017 cuando lleg\u00f3 a 4,5%.<\/p>\n<p><strong>BOLIVIA URBANA: TASA DE DESOCUPACI\u00d3N DE LA POBLACI\u00d3N DE 14 A\u00d1OS O M\u00c1S DE EDAD, POR TRIMESTRE, 4T 2015 \u2013 4T 2018&nbsp;<\/strong><br \/>\n<strong>(En porcentaje)<\/strong><\/p>\n<p><img loading=\"lazy\" decoding=\"async\" class=\"alignnone wp-image-37624 size-full\" src=\"https:\/\/www.ine.gob.bo\/wp-content\/uploads\/2019\/05\/01-1.jpg\" alt=\"\" width=\"1058\" height=\"659\" srcset=\"https:\/\/www.ine.gob.bo\/wp-content\/uploads\/2019\/05\/01-1.jpg 1058w, https:\/\/www.ine.gob.bo\/wp-content\/uploads\/2019\/05\/01-1-300x187.jpg 300w, https:\/\/www.ine.gob.bo\/wp-content\/uploads\/2019\/05\/01-1-768x478.jpg 768w, https:\/\/www.ine.gob.bo\/wp-content\/uploads\/2019\/05\/01-1-1024x638.jpg 1024w, https:\/\/www.ine.gob.bo\/wp-content\/uploads\/2019\/05\/01-1-600x374.jpg 600w\" sizes=\"auto, (max-width: 1058px) 100vw, 1058px\" \/><\/p>\n<p><strong>Poblaci\u00f3n ocupada seg\u00fan actividad econ\u00f3mica<\/strong><\/p>\n<p>De acuerdo con Farjat, en el \u00e1rea urbana la poblaci\u00f3n ocupada alcanza alrededor de 3.571.000 personas, y destaca que el 22,1% de esta poblaci\u00f3n (790.000 personas) tiene como principal actividad el Comercio, seguido de un 14,1% (504.000 personas) que se dedica a la Industria Manufacturera y el 9,8% (349.000 personas) que trabaja en Alojamientos y comidas, principalmente.<\/p>\n<p>Por otro lado, cuando se realiza el an\u00e1lisis por sexo, se observa que el 54% de los ocupados son varones y el 46% son mujeres; y por grupos de edad, la mayor\u00eda de las personas ocupadas (44,3%) tienen entre 36 y 59 a\u00f1os.<\/p>\n<p>\u201cDesde 2015, hubo una reducci\u00f3n significativa de la brecha entre mujeres y hombres desocupados. La tasa de desocupaci\u00f3n por sexo registr\u00f3 3,6% para los hombres y 5,8% para las mujeres en el cuarto trimestre de 2015; mientras que en 2018 este indicador lleg\u00f3 a 4,2% para los hombres y se redujo a 4,3% para las mujeres\u201d, puntualiz\u00f3 la autoridad.<\/p>\n<p><strong>Nuevos empleos y reducci\u00f3n de tasa de desocupaci\u00f3n<\/strong><\/p>\n<p>Respecto a la din\u00e1mica laboral, de las 325.000 personas que estaban como inactivas durante el tercer trimestre de 2018, consiguieron un trabajo durante el cuarto trimestre de ese a\u00f1o el 30,8% (100.000 personas) en actividades de comercio; un 15,7% (51.000 personas) en actividades relacionadas con el alojamiento y comidas; y otro 15,1% (49.000 personas) pasaron a formar parte de los ocupados en actividades de la industria manufacturera durante el cuarto trimestre de 2018, explic\u00f3 el director del INE.<\/p>\n<p>Asimismo, de las 81.000 personas que estaban desocupadas durante el tercer trimestre, el 22,2% (18.000 personas) encontr\u00f3 un trabajo en actividades de la construcci\u00f3n, el 16% (13.000 personas) se ocup\u00f3 en actividades de comercio y un 11,1% (9.000 personas) consigui\u00f3 trabajo en actividades relacionadas con la industria manufacturera durante el cuarto trimestre de 2018.<\/p>\n<p><strong>Bolivia registra la tasa de desocupaci\u00f3n urbana m\u00e1s baja de la regi\u00f3n<\/strong><\/p>\n<p>Para el cuarto trimestre de 2018, la tasa de desocupaci\u00f3n urbana en Bolivia (4,27%) fue la m\u00e1s baja de la regi\u00f3n, seguida de Ecuador (4,8%); en cambio, las m\u00e1s altas se registraron en Brasil (11,6%), Colombia (10,2%) y Argentina (9,0%).<\/p>\n<p><strong>PA\u00cdSES DE LA REGI\u00d3N: TASA DE DESOCUPACI\u00d3N<\/strong><br \/>\n<strong>(En porcentaje)<\/strong><\/p>\n<p><img loading=\"lazy\" decoding=\"async\" class=\"alignnone wp-image-37625 size-full\" src=\"https:\/\/www.ine.gob.bo\/wp-content\/uploads\/2019\/05\/02.jpg\" alt=\"\" width=\"1000\" height=\"834\" srcset=\"https:\/\/www.ine.gob.bo\/wp-content\/uploads\/2019\/05\/02.jpg 1000w, https:\/\/www.ine.gob.bo\/wp-content\/uploads\/2019\/05\/02-300x250.jpg 300w, https:\/\/www.ine.gob.bo\/wp-content\/uploads\/2019\/05\/02-768x641.jpg 768w, https:\/\/www.ine.gob.bo\/wp-content\/uploads\/2019\/05\/02-600x500.jpg 600w\" sizes=\"auto, (max-width: 1000px) 100vw, 1000px\" \/><\/p>\n<p>Los resultados de la Encuesta Continua de Empleo y de los operativos que emprende el Instituto Nacional de Estad\u00edstica se traducen en decisiones gubernamentales que mejoran las condiciones de vida de la poblaci\u00f3n, como el Plan de Generaci\u00f3n de Empleo. Por eso, la informaci\u00f3n brindada a las encuestadoras y encuestadores del INE resulta fundamental para obtener datos de calidad, que contribuyan a la evaluaci\u00f3n e implementaci\u00f3n de pol\u00edticas p\u00fablicas en beneficio de la ciudadan\u00eda.<\/p>\n<blockquote><p><strong>Unidad de Difusi\u00f3n y Comunicaci\u00f3n &#8211; UDC \/ INE<\/strong><\/p><\/blockquote>\n","protected":false},"excerpt":{"rendered":"<p>El Director General Ejecutivo del Instituto Nacional de Estad\u00edstica (INE), Santiago Farjat, destac\u00f3 que la tasa de desocupaci\u00f3n alcanzada por Bolivia es la m\u00e1s baja de la regi\u00f3n, durante su participaci\u00f3n en el evento \u201cEmpleo en Bolivia: datos y desaf\u00edos\u201d. Santa Cruz, 15.02.19 (INE).&nbsp;El director del INE, Santiago Farjat, particip\u00f3 la ma\u00f1ana de este viernes&hellip;<\/p>\n","protected":false},"author":1,"featured_media":37624,"comment_status":"closed","ping_status":"open","sticky":false,"template":"","format":"standard","meta":[],"categories":[158],"tags":[52],"class_list":["post-37623","post","type-post","status-publish","format-standard","has-post-thumbnail","hentry","category-ine-noticias","tag-ine-noticias","category-158","description-off"],"yoast_head":"<!-- This site is optimized with the Yoast SEO plugin v23.2 - https:\/\/yoast.com\/wordpress\/plugins\/seo\/ -->\n<title>Santiago Farjat: \u201cBolivia tiene la tasa de desocupaci\u00f3n m\u00e1s baja de la regi\u00f3n\u201d - INE<\/title>\n<meta name=\"description\" content=\"P\u00e1gina oficial del Instituto Nacional de Estadistica INE, informaci\u00f3n estad\u00edstica, geogr\u00e1fica y econ\u00f3mica a nivel nacional.\" \/>\n<meta name=\"robots\" content=\"index, follow, max-snippet:-1, max-image-preview:large, max-video-preview:-1\" \/>\n<link rel=\"canonical\" href=\"https:\/\/www.ine.gob.bo\/index.php\/santiago-farjat-bolivia-tiene-la-tasa-de-desocupacion-mas-baja-de-la-region\/\" \/>\n<meta property=\"og:locale\" content=\"es_ES\" \/>\n<meta property=\"og:type\" content=\"article\" \/>\n<meta property=\"og:title\" content=\"Santiago Farjat: \u201cBolivia tiene la tasa de desocupaci\u00f3n m\u00e1s baja de la regi\u00f3n\u201d - INE\" \/>\n<meta property=\"og:description\" content=\"P\u00e1gina oficial del Instituto Nacional de Estadistica INE, informaci\u00f3n estad\u00edstica, geogr\u00e1fica y econ\u00f3mica a nivel nacional.\" \/>\n<meta property=\"og:url\" content=\"https:\/\/www.ine.gob.bo\/index.php\/santiago-farjat-bolivia-tiene-la-tasa-de-desocupacion-mas-baja-de-la-region\/\" \/>\n<meta property=\"og:site_name\" content=\"INE\" \/>\n<meta property=\"article:publisher\" content=\"https:\/\/www.facebook.com\/ineboliviaoficial\" \/>\n<meta property=\"article:published_time\" content=\"2019-02-15T22:14:40+00:00\" \/>\n<meta property=\"article:modified_time\" content=\"2020-01-23T15:19:52+00:00\" \/>\n<meta property=\"og:image\" content=\"https:\/\/www.ine.gob.bo\/wp-content\/uploads\/2019\/05\/01-1.jpg\" \/>\n\t<meta property=\"og:image:width\" content=\"1058\" \/>\n\t<meta property=\"og:image:height\" content=\"659\" \/>\n\t<meta property=\"og:image:type\" content=\"image\/jpeg\" \/>\n<meta name=\"author\" content=\"4dmin-root\" \/>\n<meta name=\"twitter:card\" content=\"summary_large_image\" \/>\n<meta name=\"twitter:creator\" content=\"@INE_Bolivia\" \/>\n<meta name=\"twitter:site\" content=\"@INE_Bolivia\" \/>\n<meta name=\"twitter:label1\" content=\"Escrito por\" \/>\n\t<meta name=\"twitter:data1\" content=\"4dmin-root\" \/>\n\t<meta name=\"twitter:label2\" content=\"Tiempo de lectura\" \/>\n\t<meta name=\"twitter:data2\" content=\"3 minutos\" \/>\n<script type=\"application\/ld+json\" class=\"yoast-schema-graph\">{\"@context\":\"https:\/\/schema.org\",\"@graph\":[{\"@type\":\"Article\",\"@id\":\"https:\/\/www.ine.gob.bo\/index.php\/santiago-farjat-bolivia-tiene-la-tasa-de-desocupacion-mas-baja-de-la-region\/#article\",\"isPartOf\":{\"@id\":\"https:\/\/www.ine.gob.bo\/index.php\/santiago-farjat-bolivia-tiene-la-tasa-de-desocupacion-mas-baja-de-la-region\/\"},\"author\":{\"name\":\"4dmin-root\",\"@id\":\"https:\/\/www.ine.gob.bo\/#\/schema\/person\/4b9ab894e9de9fb7f2078269aea371be\"},\"headline\":\"Santiago Farjat: \u201cBolivia tiene la tasa de desocupaci\u00f3n m\u00e1s baja de la regi\u00f3n\u201d\",\"datePublished\":\"2019-02-15T22:14:40+00:00\",\"dateModified\":\"2020-01-23T15:19:52+00:00\",\"mainEntityOfPage\":{\"@id\":\"https:\/\/www.ine.gob.bo\/index.php\/santiago-farjat-bolivia-tiene-la-tasa-de-desocupacion-mas-baja-de-la-region\/\"},\"wordCount\":703,\"publisher\":{\"@id\":\"https:\/\/www.ine.gob.bo\/#organization\"},\"image\":{\"@id\":\"https:\/\/www.ine.gob.bo\/index.php\/santiago-farjat-bolivia-tiene-la-tasa-de-desocupacion-mas-baja-de-la-region\/#primaryimage\"},\"thumbnailUrl\":\"https:\/\/www.ine.gob.bo\/wp-content\/uploads\/2019\/05\/01-1.jpg\",\"keywords\":[\"INE Noticias\"],\"articleSection\":[\"INE noticias\"],\"inLanguage\":\"es\"},{\"@type\":\"WebPage\",\"@id\":\"https:\/\/www.ine.gob.bo\/index.php\/santiago-farjat-bolivia-tiene-la-tasa-de-desocupacion-mas-baja-de-la-region\/\",\"url\":\"https:\/\/www.ine.gob.bo\/index.php\/santiago-farjat-bolivia-tiene-la-tasa-de-desocupacion-mas-baja-de-la-region\/\",\"name\":\"Santiago Farjat: \u201cBolivia tiene la tasa de desocupaci\u00f3n m\u00e1s baja de la regi\u00f3n\u201d - INE\",\"isPartOf\":{\"@id\":\"https:\/\/www.ine.gob.bo\/#website\"},\"primaryImageOfPage\":{\"@id\":\"https:\/\/www.ine.gob.bo\/index.php\/santiago-farjat-bolivia-tiene-la-tasa-de-desocupacion-mas-baja-de-la-region\/#primaryimage\"},\"image\":{\"@id\":\"https:\/\/www.ine.gob.bo\/index.php\/santiago-farjat-bolivia-tiene-la-tasa-de-desocupacion-mas-baja-de-la-region\/#primaryimage\"},\"thumbnailUrl\":\"https:\/\/www.ine.gob.bo\/wp-content\/uploads\/2019\/05\/01-1.jpg\",\"datePublished\":\"2019-02-15T22:14:40+00:00\",\"dateModified\":\"2020-01-23T15:19:52+00:00\",\"description\":\"P\u00e1gina oficial del Instituto Nacional de Estadistica INE, informaci\u00f3n estad\u00edstica, geogr\u00e1fica y econ\u00f3mica a nivel nacional.\",\"breadcrumb\":{\"@id\":\"https:\/\/www.ine.gob.bo\/index.php\/santiago-farjat-bolivia-tiene-la-tasa-de-desocupacion-mas-baja-de-la-region\/#breadcrumb\"},\"inLanguage\":\"es\",\"potentialAction\":[{\"@type\":\"ReadAction\",\"target\":[\"https:\/\/www.ine.gob.bo\/index.php\/santiago-farjat-bolivia-tiene-la-tasa-de-desocupacion-mas-baja-de-la-region\/\"]}]},{\"@type\":\"ImageObject\",\"inLanguage\":\"es\",\"@id\":\"https:\/\/www.ine.gob.bo\/index.php\/santiago-farjat-bolivia-tiene-la-tasa-de-desocupacion-mas-baja-de-la-region\/#primaryimage\",\"url\":\"https:\/\/www.ine.gob.bo\/wp-content\/uploads\/2019\/05\/01-1.jpg\",\"contentUrl\":\"https:\/\/www.ine.gob.bo\/wp-content\/uploads\/2019\/05\/01-1.jpg\",\"width\":1058,\"height\":659},{\"@type\":\"BreadcrumbList\",\"@id\":\"https:\/\/www.ine.gob.bo\/index.php\/santiago-farjat-bolivia-tiene-la-tasa-de-desocupacion-mas-baja-de-la-region\/#breadcrumb\",\"itemListElement\":[{\"@type\":\"ListItem\",\"position\":1,\"name\":\"Portada\",\"item\":\"https:\/\/www.ine.gob.bo\/\"},{\"@type\":\"ListItem\",\"position\":2,\"name\":\"Santiago Farjat: \u201cBolivia tiene la tasa de desocupaci\u00f3n m\u00e1s baja de la regi\u00f3n\u201d\"}]},{\"@type\":\"WebSite\",\"@id\":\"https:\/\/www.ine.gob.bo\/#website\",\"url\":\"https:\/\/www.ine.gob.bo\/\",\"name\":\"INE\",\"description\":\"Instituto Nacional de Estad\u00edstica\",\"publisher\":{\"@id\":\"https:\/\/www.ine.gob.bo\/#organization\"},\"potentialAction\":[{\"@type\":\"SearchAction\",\"target\":{\"@type\":\"EntryPoint\",\"urlTemplate\":\"https:\/\/www.ine.gob.bo\/?s={search_term_string}\"},\"query-input\":\"required name=search_term_string\"}],\"inLanguage\":\"es\"},{\"@type\":\"Organization\",\"@id\":\"https:\/\/www.ine.gob.bo\/#organization\",\"name\":\"Instituto Nacional de Estad\u00edstica\",\"url\":\"https:\/\/www.ine.gob.bo\/\",\"logo\":{\"@type\":\"ImageObject\",\"inLanguage\":\"es\",\"@id\":\"https:\/\/www.ine.gob.bo\/#\/schema\/logo\/image\/\",\"url\":\"https:\/\/www.ine.gob.bo\/wp-content\/uploads\/2026\/02\/logo-ine.jpg\",\"contentUrl\":\"https:\/\/www.ine.gob.bo\/wp-content\/uploads\/2026\/02\/logo-ine.jpg\",\"width\":799,\"height\":453,\"caption\":\"Instituto Nacional de Estad\u00edstica\"},\"image\":{\"@id\":\"https:\/\/www.ine.gob.bo\/#\/schema\/logo\/image\/\"},\"sameAs\":[\"https:\/\/www.facebook.com\/ineboliviaoficial\",\"https:\/\/x.com\/INE_Bolivia\",\"https:\/\/www.instagram.com\/ineboliviaoficial\/\",\"https:\/\/www.youtube.com\/channel\/UCbIQXKLw414g5kWo1tAwqCg\"]},{\"@type\":\"Person\",\"@id\":\"https:\/\/www.ine.gob.bo\/#\/schema\/person\/4b9ab894e9de9fb7f2078269aea371be\",\"name\":\"4dmin-root\",\"image\":{\"@type\":\"ImageObject\",\"inLanguage\":\"es\",\"@id\":\"https:\/\/www.ine.gob.bo\/#\/schema\/person\/image\/\",\"url\":\"https:\/\/secure.gravatar.com\/avatar\/0824ec9f3a25d622e58133204574c46e0832b417c3b610112cf50ccc044cbefe?s=96&d=mm&r=g\",\"contentUrl\":\"https:\/\/secure.gravatar.com\/avatar\/0824ec9f3a25d622e58133204574c46e0832b417c3b610112cf50ccc044cbefe?s=96&d=mm&r=g\",\"caption\":\"4dmin-root\"},\"url\":\"https:\/\/www.ine.gob.bo\/index.php\/author\/4dmin-root\/\"}]}<\/script>\n<!-- \/ Yoast SEO plugin. -->","yoast_head_json":{"title":"Santiago Farjat: \u201cBolivia tiene la tasa de desocupaci\u00f3n m\u00e1s baja de la regi\u00f3n\u201d - INE","description":"P\u00e1gina oficial del Instituto Nacional de Estadistica INE, informaci\u00f3n estad\u00edstica, geogr\u00e1fica y econ\u00f3mica a nivel nacional.","robots":{"index":"index","follow":"follow","max-snippet":"max-snippet:-1","max-image-preview":"max-image-preview:large","max-video-preview":"max-video-preview:-1"},"canonical":"https:\/\/www.ine.gob.bo\/index.php\/santiago-farjat-bolivia-tiene-la-tasa-de-desocupacion-mas-baja-de-la-region\/","og_locale":"es_ES","og_type":"article","og_title":"Santiago Farjat: \u201cBolivia tiene la tasa de desocupaci\u00f3n m\u00e1s baja de la regi\u00f3n\u201d - INE","og_description":"P\u00e1gina oficial del Instituto Nacional de Estadistica INE, informaci\u00f3n estad\u00edstica, geogr\u00e1fica y econ\u00f3mica a nivel nacional.","og_url":"https:\/\/www.ine.gob.bo\/index.php\/santiago-farjat-bolivia-tiene-la-tasa-de-desocupacion-mas-baja-de-la-region\/","og_site_name":"INE","article_publisher":"https:\/\/www.facebook.com\/ineboliviaoficial","article_published_time":"2019-02-15T22:14:40+00:00","article_modified_time":"2020-01-23T15:19:52+00:00","og_image":[{"width":1058,"height":659,"url":"https:\/\/www.ine.gob.bo\/wp-content\/uploads\/2019\/05\/01-1.jpg","type":"image\/jpeg"}],"author":"4dmin-root","twitter_card":"summary_large_image","twitter_creator":"@INE_Bolivia","twitter_site":"@INE_Bolivia","twitter_misc":{"Escrito por":"4dmin-root","Tiempo de lectura":"3 minutos"},"schema":{"@context":"https:\/\/schema.org","@graph":[{"@type":"Article","@id":"https:\/\/www.ine.gob.bo\/index.php\/santiago-farjat-bolivia-tiene-la-tasa-de-desocupacion-mas-baja-de-la-region\/#article","isPartOf":{"@id":"https:\/\/www.ine.gob.bo\/index.php\/santiago-farjat-bolivia-tiene-la-tasa-de-desocupacion-mas-baja-de-la-region\/"},"author":{"name":"4dmin-root","@id":"https:\/\/www.ine.gob.bo\/#\/schema\/person\/4b9ab894e9de9fb7f2078269aea371be"},"headline":"Santiago Farjat: \u201cBolivia tiene la tasa de desocupaci\u00f3n m\u00e1s baja de la regi\u00f3n\u201d","datePublished":"2019-02-15T22:14:40+00:00","dateModified":"2020-01-23T15:19:52+00:00","mainEntityOfPage":{"@id":"https:\/\/www.ine.gob.bo\/index.php\/santiago-farjat-bolivia-tiene-la-tasa-de-desocupacion-mas-baja-de-la-region\/"},"wordCount":703,"publisher":{"@id":"https:\/\/www.ine.gob.bo\/#organization"},"image":{"@id":"https:\/\/www.ine.gob.bo\/index.php\/santiago-farjat-bolivia-tiene-la-tasa-de-desocupacion-mas-baja-de-la-region\/#primaryimage"},"thumbnailUrl":"https:\/\/www.ine.gob.bo\/wp-content\/uploads\/2019\/05\/01-1.jpg","keywords":["INE Noticias"],"articleSection":["INE noticias"],"inLanguage":"es"},{"@type":"WebPage","@id":"https:\/\/www.ine.gob.bo\/index.php\/santiago-farjat-bolivia-tiene-la-tasa-de-desocupacion-mas-baja-de-la-region\/","url":"https:\/\/www.ine.gob.bo\/index.php\/santiago-farjat-bolivia-tiene-la-tasa-de-desocupacion-mas-baja-de-la-region\/","name":"Santiago Farjat: \u201cBolivia tiene la tasa de desocupaci\u00f3n m\u00e1s baja de la regi\u00f3n\u201d - INE","isPartOf":{"@id":"https:\/\/www.ine.gob.bo\/#website"},"primaryImageOfPage":{"@id":"https:\/\/www.ine.gob.bo\/index.php\/santiago-farjat-bolivia-tiene-la-tasa-de-desocupacion-mas-baja-de-la-region\/#primaryimage"},"image":{"@id":"https:\/\/www.ine.gob.bo\/index.php\/santiago-farjat-bolivia-tiene-la-tasa-de-desocupacion-mas-baja-de-la-region\/#primaryimage"},"thumbnailUrl":"https:\/\/www.ine.gob.bo\/wp-content\/uploads\/2019\/05\/01-1.jpg","datePublished":"2019-02-15T22:14:40+00:00","dateModified":"2020-01-23T15:19:52+00:00","description":"P\u00e1gina oficial del Instituto Nacional de Estadistica INE, informaci\u00f3n estad\u00edstica, geogr\u00e1fica y econ\u00f3mica a nivel nacional.","breadcrumb":{"@id":"https:\/\/www.ine.gob.bo\/index.php\/santiago-farjat-bolivia-tiene-la-tasa-de-desocupacion-mas-baja-de-la-region\/#breadcrumb"},"inLanguage":"es","potentialAction":[{"@type":"ReadAction","target":["https:\/\/www.ine.gob.bo\/index.php\/santiago-farjat-bolivia-tiene-la-tasa-de-desocupacion-mas-baja-de-la-region\/"]}]},{"@type":"ImageObject","inLanguage":"es","@id":"https:\/\/www.ine.gob.bo\/index.php\/santiago-farjat-bolivia-tiene-la-tasa-de-desocupacion-mas-baja-de-la-region\/#primaryimage","url":"https:\/\/www.ine.gob.bo\/wp-content\/uploads\/2019\/05\/01-1.jpg","contentUrl":"https:\/\/www.ine.gob.bo\/wp-content\/uploads\/2019\/05\/01-1.jpg","width":1058,"height":659},{"@type":"BreadcrumbList","@id":"https:\/\/www.ine.gob.bo\/index.php\/santiago-farjat-bolivia-tiene-la-tasa-de-desocupacion-mas-baja-de-la-region\/#breadcrumb","itemListElement":[{"@type":"ListItem","position":1,"name":"Portada","item":"https:\/\/www.ine.gob.bo\/"},{"@type":"ListItem","position":2,"name":"Santiago Farjat: \u201cBolivia tiene la tasa de desocupaci\u00f3n m\u00e1s baja de la regi\u00f3n\u201d"}]},{"@type":"WebSite","@id":"https:\/\/www.ine.gob.bo\/#website","url":"https:\/\/www.ine.gob.bo\/","name":"INE","description":"Instituto Nacional de Estad\u00edstica","publisher":{"@id":"https:\/\/www.ine.gob.bo\/#organization"},"potentialAction":[{"@type":"SearchAction","target":{"@type":"EntryPoint","urlTemplate":"https:\/\/www.ine.gob.bo\/?s={search_term_string}"},"query-input":"required name=search_term_string"}],"inLanguage":"es"},{"@type":"Organization","@id":"https:\/\/www.ine.gob.bo\/#organization","name":"Instituto Nacional de Estad\u00edstica","url":"https:\/\/www.ine.gob.bo\/","logo":{"@type":"ImageObject","inLanguage":"es","@id":"https:\/\/www.ine.gob.bo\/#\/schema\/logo\/image\/","url":"https:\/\/www.ine.gob.bo\/wp-content\/uploads\/2026\/02\/logo-ine.jpg","contentUrl":"https:\/\/www.ine.gob.bo\/wp-content\/uploads\/2026\/02\/logo-ine.jpg","width":799,"height":453,"caption":"Instituto Nacional de Estad\u00edstica"},"image":{"@id":"https:\/\/www.ine.gob.bo\/#\/schema\/logo\/image\/"},"sameAs":["https:\/\/www.facebook.com\/ineboliviaoficial","https:\/\/x.com\/INE_Bolivia","https:\/\/www.instagram.com\/ineboliviaoficial\/","https:\/\/www.youtube.com\/channel\/UCbIQXKLw414g5kWo1tAwqCg"]},{"@type":"Person","@id":"https:\/\/www.ine.gob.bo\/#\/schema\/person\/4b9ab894e9de9fb7f2078269aea371be","name":"4dmin-root","image":{"@type":"ImageObject","inLanguage":"es","@id":"https:\/\/www.ine.gob.bo\/#\/schema\/person\/image\/","url":"https:\/\/secure.gravatar.com\/avatar\/0824ec9f3a25d622e58133204574c46e0832b417c3b610112cf50ccc044cbefe?s=96&d=mm&r=g","contentUrl":"https:\/\/secure.gravatar.com\/avatar\/0824ec9f3a25d622e58133204574c46e0832b417c3b610112cf50ccc044cbefe?s=96&d=mm&r=g","caption":"4dmin-root"},"url":"https:\/\/www.ine.gob.bo\/index.php\/author\/4dmin-root\/"}]}},"rttpg_featured_image_url":{"full":["https:\/\/www.ine.gob.bo\/wp-content\/uploads\/2019\/05\/01-1.jpg",1058,659,false],"landscape":["https:\/\/www.ine.gob.bo\/wp-content\/uploads\/2019\/05\/01-1.jpg",1058,659,false],"portraits":["https:\/\/www.ine.gob.bo\/wp-content\/uploads\/2019\/05\/01-1.jpg",1058,659,false],"thumbnail":["https:\/\/www.ine.gob.bo\/wp-content\/uploads\/2019\/05\/01-1-150x150.jpg",150,150,true],"medium":["https:\/\/www.ine.gob.bo\/wp-content\/uploads\/2019\/05\/01-1-300x187.jpg",300,187,true],"large":["https:\/\/www.ine.gob.bo\/wp-content\/uploads\/2019\/05\/01-1-1024x638.jpg",1024,638,true],"1536x1536":["https:\/\/www.ine.gob.bo\/wp-content\/uploads\/2019\/05\/01-1.jpg",1058,659,false],"2048x2048":["https:\/\/www.ine.gob.bo\/wp-content\/uploads\/2019\/05\/01-1.jpg",1058,659,false]},"rttpg_author":{"display_name":"4dmin-root","author_link":"https:\/\/www.ine.gob.bo\/index.php\/author\/4dmin-root\/"},"rttpg_comment":0,"rttpg_category":"<a href=\"https:\/\/www.ine.gob.bo\/index.php\/category\/ine-noticias\/\" rel=\"category tag\">INE noticias<\/a>","rttpg_excerpt":"El Director General Ejecutivo del Instituto Nacional de Estad\u00edstica (INE), Santiago Farjat, destac\u00f3 que la tasa de desocupaci\u00f3n alcanzada por Bolivia es la m\u00e1s baja de la regi\u00f3n, durante su participaci\u00f3n en el evento \u201cEmpleo en Bolivia: datos y desaf\u00edos\u201d. Santa Cruz, 15.02.19 (INE).&nbsp;El director del INE, Santiago Farjat, particip\u00f3 la ma\u00f1ana de este viernes&hellip;","_links":{"self":[{"href":"https:\/\/www.ine.gob.bo\/index.php\/wp-json\/wp\/v2\/posts\/37623","targetHints":{"allow":["GET"]}}],"collection":[{"href":"https:\/\/www.ine.gob.bo\/index.php\/wp-json\/wp\/v2\/posts"}],"about":[{"href":"https:\/\/www.ine.gob.bo\/index.php\/wp-json\/wp\/v2\/types\/post"}],"author":[{"embeddable":true,"href":"https:\/\/www.ine.gob.bo\/index.php\/wp-json\/wp\/v2\/users\/1"}],"replies":[{"embeddable":true,"href":"https:\/\/www.ine.gob.bo\/index.php\/wp-json\/wp\/v2\/comments?post=37623"}],"version-history":[{"count":0,"href":"https:\/\/www.ine.gob.bo\/index.php\/wp-json\/wp\/v2\/posts\/37623\/revisions"}],"wp:featuredmedia":[{"embeddable":true,"href":"https:\/\/www.ine.gob.bo\/index.php\/wp-json\/wp\/v2\/media\/37624"}],"wp:attachment":[{"href":"https:\/\/www.ine.gob.bo\/index.php\/wp-json\/wp\/v2\/media?parent=37623"}],"wp:term":[{"taxonomy":"category","embeddable":true,"href":"https:\/\/www.ine.gob.bo\/index.php\/wp-json\/wp\/v2\/categories?post=37623"},{"taxonomy":"post_tag","embeddable":true,"href":"https:\/\/www.ine.gob.bo\/index.php\/wp-json\/wp\/v2\/tags?post=37623"}],"curies":[{"name":"wp","href":"https:\/\/api.w.org\/{rel}","templated":true}]}}