{"id":37027,"date":"2019-04-26T16:38:26","date_gmt":"2019-04-26T20:38:26","guid":{"rendered":"https:\/\/www.ine.gob.bo\/?p=37027"},"modified":"2020-01-23T11:16:51","modified_gmt":"2020-01-23T15:16:51","slug":"ine-participo-de-la-premiacion-primera-competencia-bolivia-de-posters-estadisticos","status":"publish","type":"post","link":"https:\/\/www.ine.gob.bo\/index.php\/ine-participo-de-la-premiacion-primera-competencia-bolivia-de-posters-estadisticos\/","title":{"rendered":"INE particip\u00f3 de la premiaci\u00f3n &#8220;Primera Competencia Bolivia de Posters Estad\u00edsticos&#8221;"},"content":{"rendered":"<p><strong>La Paz, 26.04.19 (INE).-<\/strong>&nbsp;El director del Instituto Nacional de Estad\u00edstica (INE), Santiago Farjat Basc\u00f3n, particip\u00f3 del acto de premiaci\u00f3n de la \u201cPrimera Competencia Bolivia de Posters Estad\u00edsticos 2018-2019\u201d realizada la semana pasada en instalaciones de la Universidad Cat\u00f3lica Boliviana \u201cSan Pablo\u201d (UCB) de la ciudad de La Paz. El acto cont\u00f3 con la presencia de Jos\u00e9 Luis P\u00e9rez, Director Acad\u00e9mico Regional La Paz de la UCB; Lourdes Espinoza, Decana de la Facultad de Ciencias Econ\u00f3micas y Financieras de la UCB; Julio Velasco, Economista Pa\u00eds del Banco Mundial; Wilson Jim\u00e9nez, Director de la Fundaci\u00f3n ARU y \u00c1lvaro Chirino, Coordinador del Proyecto Internacional de la Alfabetizaci\u00f3n Estad\u00edstica (ISLP) de la Asociaci\u00f3n Internacional para la Educaci\u00f3n Estad\u00edstica (IASE).<\/p>\n<p>Esta iniciativa forma parte del Proyecto ISLP que promueve la IASE y se realiz\u00f3 en nuestro pa\u00eds con la colaboraci\u00f3n del INE Bolivia, UNICEF Bolivia, Banco Mundial, FAO Bolivia, UCB La Paz y Universidad Privada de Santa Cruz de la Sierra (UPSA).<\/p>\n<p>El director del INE celebr\u00f3 el trabajo y el esfuerzo conjunto realizado para llevar adelante esta actividad, que tiene entre sus objetivos el de promover acciones educativas sobre alfabetizaci\u00f3n estad\u00edstica, a trav\u00e9s del uso de estad\u00edsticas con calidad, para la adecuada interpretaci\u00f3n de los datos por parte de estudiantes de secundaria y j\u00f3venes universitarios.<\/p>\n<p>Santiago Farjat destac\u00f3 la importancia de la estad\u00edstica en la sociedad, para los estudiantes en el \u00e1mbito universitario y para todas las personas que reciben informaci\u00f3n de alguna forma.<\/p>\n<p>\u201cNosotros desde el INE fomentamos la cultura estad\u00edstica porque consideramos que es una habilidad fundamental para todos los ciudadanos de a pie, tanto los usuarios de informaci\u00f3n estad\u00edstica como los que terminan recibiendo informaci\u00f3n estad\u00edstica por diferentes medios\u201d, remarc\u00f3.<\/p>\n<p>A\u00f1adi\u00f3 que, en un contexto donde accedemos a grandes vol\u00famenes de informaci\u00f3n de todo tipo, la capacidad de an\u00e1lisis e interpretaci\u00f3n de la informaci\u00f3n estad\u00edstica es fundamental para diferenciar lo que es verdadero y lo que es falso.<\/p>\n<p>\u201cEs muy importante que podamos fortalecer las capacidades de adolescentes y j\u00f3venes para interpretar y evaluar cr\u00edticamente la informaci\u00f3n estad\u00edstica a la cual nos encontramos diariamente expuestos, y as\u00ed mejorar las capacidades para la discusi\u00f3n y el razonamiento estad\u00edstico en los colegios y las universidades\u201d, enfatiz\u00f3 la autoridad del INE, a tiempo de indicar que esta iniciativa tambi\u00e9n permiti\u00f3 a los estudiantes comunicar de manera m\u00e1s simple y amigable la informaci\u00f3n estad\u00edstica.<\/p>\n<p>El INE form\u00f3 parte del comit\u00e9 de evaluaci\u00f3n, conjuntamente con la Carrera de Econom\u00eda de la UCB&nbsp; La Paz y la Fundaci\u00f3n ARU, y dispuso para los ganadores del concurso en sus diferentes categor\u00edas, 1.065 publicaciones como premios, equivalentes a un monto de Bs 92.325. Los documentos incluyen: Series Hist\u00f3ricas 80 a\u00f1os Generando Estad\u00edsticas, Censo de Poblaci\u00f3n y Vivienda 2012, Censo Agropecuario 2013, Anuarios Estad\u00edsticos, publicaciones de las Encuestas de Hogares, entre otros.<\/p>\n<p><strong>Ganadores<\/strong><\/p>\n<p>La convocatoria estuvo abierta para adolescentes y j\u00f3venes de Bolivia, formando equipos de 2 a 5 personas, en las categor\u00edas:<\/p>\n<p><strong>Bernoulli:<\/strong>&nbsp;Adolescentes nacidos en los a\u00f1os 2003, 2004 y 2005 (Secundaria Inferior).<br \/>\n<strong>Poisson:<\/strong>&nbsp;Adolescentes y j\u00f3venes nacidos en los a\u00f1os 2000, 2001 y 2002 (Secundaria Superior).<br \/>\n<strong>Gauss:<\/strong>&nbsp;Estudiantes de pregrado de universidades p\u00fablicas o privadas sin l\u00edmite de edad.<\/p>\n<p>\u25aa&nbsp;&nbsp; &nbsp;Ganadores de la&nbsp;<strong>Categor\u00eda BERNOULLI<\/strong>:<\/p>\n<p><strong>Primer Lugar:<\/strong>&nbsp;Emily Ariana Mamani Diaz, Eliazarth Uriel Inca Huanca, Maday Berenice Laura Quispe y Mishel Da\u00f1ana Mamani, con el P\u00f3ster titulado:&nbsp;<em>Control de basura<\/em>.<br \/>\n<strong>Segundo Lugar:<\/strong>&nbsp;Maribel Quispe S\u00e1nchez, Maribel Quispe Cruz y Mar\u00eda Liz Mena Mamani, con el P\u00f3ster titulado:&nbsp;<em>Trata y tr\u00e1fico de personas<\/em>.<\/p>\n<p>El reconocimiento especial fue para Erika Magaly Huanca Choque, Claudia Rosario Pardo Jalja, Henry Wilfredo Limachi Yujra y Wildo Mario Larico Hidalgo, con el P\u00f3ster titulado:&nbsp;<em>Viaje tranquila, autobuses seguros \u00a1Solo para ellas!<\/em><\/p>\n<p>\u25aa&nbsp;&nbsp; &nbsp;Ganadores de la&nbsp;<strong>Categor\u00eda POISSON<\/strong>:<\/p>\n<p><strong>Primer Lugar<\/strong>: Benjam\u00edn Reydet Arce y Marcelo Andr\u00e9s Fort\u00fan Arandia, con el P\u00f3ster titulado:&nbsp;<em>Ecosistema de la econom\u00eda digital<\/em>.<\/p>\n<p>\u25aa&nbsp;&nbsp; &nbsp;Ganadores de la&nbsp;<strong>Categor\u00eda GAUSS<\/strong>:<\/p>\n<p><strong>Primer Lugar<\/strong>: Araceli Aylin Morales Guti\u00e9rrez, Edgar Callizaya Calder\u00f3n, Noemi Marani Turpo y Juana Ver\u00f3nica Poma Quispe, con el P\u00f3ster titulado:&nbsp;<em>Uso del Internet en Bolivia<\/em>.<br \/>\n<strong>Segundo Luga<\/strong>r: Ver\u00f3nica Nicole Guibarra Mar\u00edn, Selena Ticona Huanca y Samantha Cortez Rocabado, con el P\u00f3ster titulado:&nbsp;<em>Tipolog\u00eda de uso de transporte<\/em>.<br \/>\n<strong>Tercer Lugar<\/strong>: Gabriel Condori Ticona y Joseline Erika Villca Tapia, con el P\u00f3ster titulado:&nbsp;<em>Bolivia Digital 1993 \u2013 2018<\/em>.<\/p>\n<p><strong>Competencia Internacional<\/strong><\/p>\n<p>Los primeros lugares en las tres categor\u00edas representar\u00e1n a Bolivia en la Competencia Internacional de Posters, los ganadores de la competencia Internacional se anunciar\u00e1n y los posters se mostrar\u00e1n en el 62o Congreso Mundial de Estad\u00edsticas, organizado por Instituto Internacional de la Estad\u00edstica (ISI) que se llevar\u00e1 a cabo en Kuala Lumpur, Malasia del 18 al 23 de agosto de 2019.<\/p>\n<p><em><img loading=\"lazy\" decoding=\"async\" class=\"alignnone size-full wp-image-37029\" src=\"https:\/\/www.ine.gob.bo\/wp-content\/uploads\/2019\/04\/01.jpg\" alt=\"\" width=\"1024\" height=\"678\" srcset=\"https:\/\/www.ine.gob.bo\/wp-content\/uploads\/2019\/04\/01.jpg 1024w, https:\/\/www.ine.gob.bo\/wp-content\/uploads\/2019\/04\/01-300x199.jpg 300w, https:\/\/www.ine.gob.bo\/wp-content\/uploads\/2019\/04\/01-768x509.jpg 768w, https:\/\/www.ine.gob.bo\/wp-content\/uploads\/2019\/04\/01-600x397.jpg 600w\" sizes=\"auto, (max-width: 1024px) 100vw, 1024px\" \/><img loading=\"lazy\" decoding=\"async\" class=\"alignnone size-full wp-image-37030\" src=\"https:\/\/www.ine.gob.bo\/wp-content\/uploads\/2019\/04\/02.jpg\" alt=\"\" width=\"1024\" height=\"678\" srcset=\"https:\/\/www.ine.gob.bo\/wp-content\/uploads\/2019\/04\/02.jpg 1024w, https:\/\/www.ine.gob.bo\/wp-content\/uploads\/2019\/04\/02-300x199.jpg 300w, https:\/\/www.ine.gob.bo\/wp-content\/uploads\/2019\/04\/02-768x509.jpg 768w, https:\/\/www.ine.gob.bo\/wp-content\/uploads\/2019\/04\/02-600x397.jpg 600w\" sizes=\"auto, (max-width: 1024px) 100vw, 1024px\" \/>Director General Ejecutivo del INE, Santiago Farjat Basc\u00f3n, destac\u00f3 la importancia de esta iniciativa.<\/em><\/p>\n<p><em><img loading=\"lazy\" decoding=\"async\" class=\"alignnone size-full wp-image-37032\" src=\"https:\/\/www.ine.gob.bo\/wp-content\/uploads\/2019\/04\/03.jpg\" alt=\"\" width=\"1024\" height=\"678\" srcset=\"https:\/\/www.ine.gob.bo\/wp-content\/uploads\/2019\/04\/03.jpg 1024w, https:\/\/www.ine.gob.bo\/wp-content\/uploads\/2019\/04\/03-300x199.jpg 300w, https:\/\/www.ine.gob.bo\/wp-content\/uploads\/2019\/04\/03-768x509.jpg 768w, https:\/\/www.ine.gob.bo\/wp-content\/uploads\/2019\/04\/03-600x397.jpg 600w\" sizes=\"auto, (max-width: 1024px) 100vw, 1024px\" \/>Santiago Farjat hizo la entrega de premios a los equipos ganadores.<\/em><\/p>\n<p><em><img loading=\"lazy\" decoding=\"async\" class=\"alignnone size-full wp-image-37033\" src=\"https:\/\/www.ine.gob.bo\/wp-content\/uploads\/2019\/04\/04.jpg\" alt=\"\" width=\"1024\" height=\"678\" srcset=\"https:\/\/www.ine.gob.bo\/wp-content\/uploads\/2019\/04\/04.jpg 1024w, https:\/\/www.ine.gob.bo\/wp-content\/uploads\/2019\/04\/04-300x199.jpg 300w, https:\/\/www.ine.gob.bo\/wp-content\/uploads\/2019\/04\/04-768x509.jpg 768w, https:\/\/www.ine.gob.bo\/wp-content\/uploads\/2019\/04\/04-600x397.jpg 600w\" sizes=\"auto, (max-width: 1024px) 100vw, 1024px\" \/>Autoridades y ganadores de la \u201cPrimera Competencia Bolivia de Posters Estad\u00edsticos 2018-2019\u201d<\/em><\/p>\n<p>&nbsp;<\/p>\n<blockquote><p><strong>Unidad de Difusi\u00f3n y Comunicaci\u00f3n \u2013 INE<\/strong><\/p><\/blockquote>\n","protected":false},"excerpt":{"rendered":"<p>La Paz, 26.04.19 (INE).-&nbsp;El director del Instituto Nacional de Estad\u00edstica (INE), Santiago Farjat Basc\u00f3n, particip\u00f3 del acto de premiaci\u00f3n de la \u201cPrimera Competencia Bolivia de Posters Estad\u00edsticos 2018-2019\u201d realizada la semana pasada en instalaciones de la Universidad Cat\u00f3lica Boliviana \u201cSan Pablo\u201d (UCB) de la ciudad de La Paz. El acto cont\u00f3 con la presencia de&hellip;<\/p>\n","protected":false},"author":1,"featured_media":37032,"comment_status":"closed","ping_status":"open","sticky":false,"template":"","format":"standard","meta":[],"categories":[158],"tags":[52],"class_list":["post-37027","post","type-post","status-publish","format-standard","has-post-thumbnail","hentry","category-ine-noticias","tag-ine-noticias","category-158","description-off"],"yoast_head":"<!-- This site is optimized with the Yoast SEO plugin v23.2 - https:\/\/yoast.com\/wordpress\/plugins\/seo\/ -->\n<title>INE particip\u00f3 de la premiaci\u00f3n &quot;Primera Competencia Bolivia de Posters Estad\u00edsticos&quot; - INE<\/title>\n<meta name=\"description\" content=\"P\u00e1gina oficial del Instituto Nacional de Estadistica INE, informaci\u00f3n estad\u00edstica, geogr\u00e1fica y econ\u00f3mica a nivel nacional.\" \/>\n<meta name=\"robots\" content=\"index, follow, max-snippet:-1, max-image-preview:large, max-video-preview:-1\" \/>\n<link rel=\"canonical\" href=\"https:\/\/www.ine.gob.bo\/index.php\/ine-participo-de-la-premiacion-primera-competencia-bolivia-de-posters-estadisticos\/\" \/>\n<meta property=\"og:locale\" content=\"es_ES\" \/>\n<meta property=\"og:type\" content=\"article\" \/>\n<meta property=\"og:title\" content=\"INE particip\u00f3 de la premiaci\u00f3n &quot;Primera Competencia Bolivia de Posters Estad\u00edsticos&quot; - INE\" \/>\n<meta property=\"og:description\" content=\"P\u00e1gina oficial del Instituto Nacional de Estadistica INE, informaci\u00f3n estad\u00edstica, geogr\u00e1fica y econ\u00f3mica a nivel nacional.\" \/>\n<meta property=\"og:url\" content=\"https:\/\/www.ine.gob.bo\/index.php\/ine-participo-de-la-premiacion-primera-competencia-bolivia-de-posters-estadisticos\/\" \/>\n<meta property=\"og:site_name\" content=\"INE\" \/>\n<meta property=\"article:publisher\" content=\"https:\/\/www.facebook.com\/ineboliviaoficial\" \/>\n<meta property=\"article:published_time\" content=\"2019-04-26T20:38:26+00:00\" \/>\n<meta property=\"article:modified_time\" content=\"2020-01-23T15:16:51+00:00\" \/>\n<meta property=\"og:image\" content=\"https:\/\/www.ine.gob.bo\/wp-content\/uploads\/2019\/04\/03.jpg\" \/>\n\t<meta property=\"og:image:width\" content=\"1024\" \/>\n\t<meta property=\"og:image:height\" content=\"678\" \/>\n\t<meta property=\"og:image:type\" content=\"image\/jpeg\" \/>\n<meta name=\"author\" content=\"4dmin-root\" \/>\n<meta name=\"twitter:card\" content=\"summary_large_image\" \/>\n<meta name=\"twitter:creator\" content=\"@INE_Bolivia\" \/>\n<meta name=\"twitter:site\" content=\"@INE_Bolivia\" \/>\n<meta name=\"twitter:label1\" content=\"Escrito por\" \/>\n\t<meta name=\"twitter:data1\" content=\"4dmin-root\" \/>\n\t<meta name=\"twitter:label2\" content=\"Tiempo de lectura\" \/>\n\t<meta name=\"twitter:data2\" content=\"5 minutos\" \/>\n<script type=\"application\/ld+json\" class=\"yoast-schema-graph\">{\"@context\":\"https:\/\/schema.org\",\"@graph\":[{\"@type\":\"Article\",\"@id\":\"https:\/\/www.ine.gob.bo\/index.php\/ine-participo-de-la-premiacion-primera-competencia-bolivia-de-posters-estadisticos\/#article\",\"isPartOf\":{\"@id\":\"https:\/\/www.ine.gob.bo\/index.php\/ine-participo-de-la-premiacion-primera-competencia-bolivia-de-posters-estadisticos\/\"},\"author\":{\"name\":\"4dmin-root\",\"@id\":\"https:\/\/www.ine.gob.bo\/#\/schema\/person\/4b9ab894e9de9fb7f2078269aea371be\"},\"headline\":\"INE particip\u00f3 de la premiaci\u00f3n &#8220;Primera Competencia Bolivia de Posters Estad\u00edsticos&#8221;\",\"datePublished\":\"2019-04-26T20:38:26+00:00\",\"dateModified\":\"2020-01-23T15:16:51+00:00\",\"mainEntityOfPage\":{\"@id\":\"https:\/\/www.ine.gob.bo\/index.php\/ine-participo-de-la-premiacion-primera-competencia-bolivia-de-posters-estadisticos\/\"},\"wordCount\":929,\"publisher\":{\"@id\":\"https:\/\/www.ine.gob.bo\/#organization\"},\"image\":{\"@id\":\"https:\/\/www.ine.gob.bo\/index.php\/ine-participo-de-la-premiacion-primera-competencia-bolivia-de-posters-estadisticos\/#primaryimage\"},\"thumbnailUrl\":\"https:\/\/www.ine.gob.bo\/wp-content\/uploads\/2019\/04\/03.jpg\",\"keywords\":[\"INE Noticias\"],\"articleSection\":[\"INE noticias\"],\"inLanguage\":\"es\"},{\"@type\":\"WebPage\",\"@id\":\"https:\/\/www.ine.gob.bo\/index.php\/ine-participo-de-la-premiacion-primera-competencia-bolivia-de-posters-estadisticos\/\",\"url\":\"https:\/\/www.ine.gob.bo\/index.php\/ine-participo-de-la-premiacion-primera-competencia-bolivia-de-posters-estadisticos\/\",\"name\":\"INE particip\u00f3 de la premiaci\u00f3n \\\"Primera Competencia Bolivia de Posters Estad\u00edsticos\\\" - INE\",\"isPartOf\":{\"@id\":\"https:\/\/www.ine.gob.bo\/#website\"},\"primaryImageOfPage\":{\"@id\":\"https:\/\/www.ine.gob.bo\/index.php\/ine-participo-de-la-premiacion-primera-competencia-bolivia-de-posters-estadisticos\/#primaryimage\"},\"image\":{\"@id\":\"https:\/\/www.ine.gob.bo\/index.php\/ine-participo-de-la-premiacion-primera-competencia-bolivia-de-posters-estadisticos\/#primaryimage\"},\"thumbnailUrl\":\"https:\/\/www.ine.gob.bo\/wp-content\/uploads\/2019\/04\/03.jpg\",\"datePublished\":\"2019-04-26T20:38:26+00:00\",\"dateModified\":\"2020-01-23T15:16:51+00:00\",\"description\":\"P\u00e1gina oficial del Instituto Nacional de Estadistica INE, informaci\u00f3n estad\u00edstica, geogr\u00e1fica y econ\u00f3mica a nivel nacional.\",\"breadcrumb\":{\"@id\":\"https:\/\/www.ine.gob.bo\/index.php\/ine-participo-de-la-premiacion-primera-competencia-bolivia-de-posters-estadisticos\/#breadcrumb\"},\"inLanguage\":\"es\",\"potentialAction\":[{\"@type\":\"ReadAction\",\"target\":[\"https:\/\/www.ine.gob.bo\/index.php\/ine-participo-de-la-premiacion-primera-competencia-bolivia-de-posters-estadisticos\/\"]}]},{\"@type\":\"ImageObject\",\"inLanguage\":\"es\",\"@id\":\"https:\/\/www.ine.gob.bo\/index.php\/ine-participo-de-la-premiacion-primera-competencia-bolivia-de-posters-estadisticos\/#primaryimage\",\"url\":\"https:\/\/www.ine.gob.bo\/wp-content\/uploads\/2019\/04\/03.jpg\",\"contentUrl\":\"https:\/\/www.ine.gob.bo\/wp-content\/uploads\/2019\/04\/03.jpg\",\"width\":1024,\"height\":678},{\"@type\":\"BreadcrumbList\",\"@id\":\"https:\/\/www.ine.gob.bo\/index.php\/ine-participo-de-la-premiacion-primera-competencia-bolivia-de-posters-estadisticos\/#breadcrumb\",\"itemListElement\":[{\"@type\":\"ListItem\",\"position\":1,\"name\":\"Portada\",\"item\":\"https:\/\/www.ine.gob.bo\/\"},{\"@type\":\"ListItem\",\"position\":2,\"name\":\"INE particip\u00f3 de la premiaci\u00f3n &#8220;Primera Competencia Bolivia de Posters Estad\u00edsticos&#8221;\"}]},{\"@type\":\"WebSite\",\"@id\":\"https:\/\/www.ine.gob.bo\/#website\",\"url\":\"https:\/\/www.ine.gob.bo\/\",\"name\":\"INE\",\"description\":\"Instituto Nacional de Estad\u00edstica\",\"publisher\":{\"@id\":\"https:\/\/www.ine.gob.bo\/#organization\"},\"potentialAction\":[{\"@type\":\"SearchAction\",\"target\":{\"@type\":\"EntryPoint\",\"urlTemplate\":\"https:\/\/www.ine.gob.bo\/?s={search_term_string}\"},\"query-input\":\"required name=search_term_string\"}],\"inLanguage\":\"es\"},{\"@type\":\"Organization\",\"@id\":\"https:\/\/www.ine.gob.bo\/#organization\",\"name\":\"Instituto Nacional de Estad\u00edstica\",\"url\":\"https:\/\/www.ine.gob.bo\/\",\"logo\":{\"@type\":\"ImageObject\",\"inLanguage\":\"es\",\"@id\":\"https:\/\/www.ine.gob.bo\/#\/schema\/logo\/image\/\",\"url\":\"https:\/\/www.ine.gob.bo\/wp-content\/uploads\/2026\/02\/logo-ine.jpg\",\"contentUrl\":\"https:\/\/www.ine.gob.bo\/wp-content\/uploads\/2026\/02\/logo-ine.jpg\",\"width\":799,\"height\":453,\"caption\":\"Instituto Nacional de Estad\u00edstica\"},\"image\":{\"@id\":\"https:\/\/www.ine.gob.bo\/#\/schema\/logo\/image\/\"},\"sameAs\":[\"https:\/\/www.facebook.com\/ineboliviaoficial\",\"https:\/\/x.com\/INE_Bolivia\",\"https:\/\/www.instagram.com\/ineboliviaoficial\/\",\"https:\/\/www.youtube.com\/channel\/UCbIQXKLw414g5kWo1tAwqCg\"]},{\"@type\":\"Person\",\"@id\":\"https:\/\/www.ine.gob.bo\/#\/schema\/person\/4b9ab894e9de9fb7f2078269aea371be\",\"name\":\"4dmin-root\",\"image\":{\"@type\":\"ImageObject\",\"inLanguage\":\"es\",\"@id\":\"https:\/\/www.ine.gob.bo\/#\/schema\/person\/image\/\",\"url\":\"https:\/\/secure.gravatar.com\/avatar\/0824ec9f3a25d622e58133204574c46e0832b417c3b610112cf50ccc044cbefe?s=96&d=mm&r=g\",\"contentUrl\":\"https:\/\/secure.gravatar.com\/avatar\/0824ec9f3a25d622e58133204574c46e0832b417c3b610112cf50ccc044cbefe?s=96&d=mm&r=g\",\"caption\":\"4dmin-root\"},\"url\":\"https:\/\/www.ine.gob.bo\/index.php\/author\/4dmin-root\/\"}]}<\/script>\n<!-- \/ Yoast SEO plugin. -->","yoast_head_json":{"title":"INE particip\u00f3 de la premiaci\u00f3n \"Primera Competencia Bolivia de Posters Estad\u00edsticos\" - INE","description":"P\u00e1gina oficial del Instituto Nacional de Estadistica INE, informaci\u00f3n estad\u00edstica, geogr\u00e1fica y econ\u00f3mica a nivel nacional.","robots":{"index":"index","follow":"follow","max-snippet":"max-snippet:-1","max-image-preview":"max-image-preview:large","max-video-preview":"max-video-preview:-1"},"canonical":"https:\/\/www.ine.gob.bo\/index.php\/ine-participo-de-la-premiacion-primera-competencia-bolivia-de-posters-estadisticos\/","og_locale":"es_ES","og_type":"article","og_title":"INE particip\u00f3 de la premiaci\u00f3n \"Primera Competencia Bolivia de Posters Estad\u00edsticos\" - INE","og_description":"P\u00e1gina oficial del Instituto Nacional de Estadistica INE, informaci\u00f3n estad\u00edstica, geogr\u00e1fica y econ\u00f3mica a nivel nacional.","og_url":"https:\/\/www.ine.gob.bo\/index.php\/ine-participo-de-la-premiacion-primera-competencia-bolivia-de-posters-estadisticos\/","og_site_name":"INE","article_publisher":"https:\/\/www.facebook.com\/ineboliviaoficial","article_published_time":"2019-04-26T20:38:26+00:00","article_modified_time":"2020-01-23T15:16:51+00:00","og_image":[{"width":1024,"height":678,"url":"https:\/\/www.ine.gob.bo\/wp-content\/uploads\/2019\/04\/03.jpg","type":"image\/jpeg"}],"author":"4dmin-root","twitter_card":"summary_large_image","twitter_creator":"@INE_Bolivia","twitter_site":"@INE_Bolivia","twitter_misc":{"Escrito por":"4dmin-root","Tiempo de lectura":"5 minutos"},"schema":{"@context":"https:\/\/schema.org","@graph":[{"@type":"Article","@id":"https:\/\/www.ine.gob.bo\/index.php\/ine-participo-de-la-premiacion-primera-competencia-bolivia-de-posters-estadisticos\/#article","isPartOf":{"@id":"https:\/\/www.ine.gob.bo\/index.php\/ine-participo-de-la-premiacion-primera-competencia-bolivia-de-posters-estadisticos\/"},"author":{"name":"4dmin-root","@id":"https:\/\/www.ine.gob.bo\/#\/schema\/person\/4b9ab894e9de9fb7f2078269aea371be"},"headline":"INE particip\u00f3 de la premiaci\u00f3n &#8220;Primera Competencia Bolivia de Posters Estad\u00edsticos&#8221;","datePublished":"2019-04-26T20:38:26+00:00","dateModified":"2020-01-23T15:16:51+00:00","mainEntityOfPage":{"@id":"https:\/\/www.ine.gob.bo\/index.php\/ine-participo-de-la-premiacion-primera-competencia-bolivia-de-posters-estadisticos\/"},"wordCount":929,"publisher":{"@id":"https:\/\/www.ine.gob.bo\/#organization"},"image":{"@id":"https:\/\/www.ine.gob.bo\/index.php\/ine-participo-de-la-premiacion-primera-competencia-bolivia-de-posters-estadisticos\/#primaryimage"},"thumbnailUrl":"https:\/\/www.ine.gob.bo\/wp-content\/uploads\/2019\/04\/03.jpg","keywords":["INE Noticias"],"articleSection":["INE noticias"],"inLanguage":"es"},{"@type":"WebPage","@id":"https:\/\/www.ine.gob.bo\/index.php\/ine-participo-de-la-premiacion-primera-competencia-bolivia-de-posters-estadisticos\/","url":"https:\/\/www.ine.gob.bo\/index.php\/ine-participo-de-la-premiacion-primera-competencia-bolivia-de-posters-estadisticos\/","name":"INE particip\u00f3 de la premiaci\u00f3n \"Primera Competencia Bolivia de Posters Estad\u00edsticos\" - INE","isPartOf":{"@id":"https:\/\/www.ine.gob.bo\/#website"},"primaryImageOfPage":{"@id":"https:\/\/www.ine.gob.bo\/index.php\/ine-participo-de-la-premiacion-primera-competencia-bolivia-de-posters-estadisticos\/#primaryimage"},"image":{"@id":"https:\/\/www.ine.gob.bo\/index.php\/ine-participo-de-la-premiacion-primera-competencia-bolivia-de-posters-estadisticos\/#primaryimage"},"thumbnailUrl":"https:\/\/www.ine.gob.bo\/wp-content\/uploads\/2019\/04\/03.jpg","datePublished":"2019-04-26T20:38:26+00:00","dateModified":"2020-01-23T15:16:51+00:00","description":"P\u00e1gina oficial del Instituto Nacional de Estadistica INE, informaci\u00f3n estad\u00edstica, geogr\u00e1fica y econ\u00f3mica a nivel nacional.","breadcrumb":{"@id":"https:\/\/www.ine.gob.bo\/index.php\/ine-participo-de-la-premiacion-primera-competencia-bolivia-de-posters-estadisticos\/#breadcrumb"},"inLanguage":"es","potentialAction":[{"@type":"ReadAction","target":["https:\/\/www.ine.gob.bo\/index.php\/ine-participo-de-la-premiacion-primera-competencia-bolivia-de-posters-estadisticos\/"]}]},{"@type":"ImageObject","inLanguage":"es","@id":"https:\/\/www.ine.gob.bo\/index.php\/ine-participo-de-la-premiacion-primera-competencia-bolivia-de-posters-estadisticos\/#primaryimage","url":"https:\/\/www.ine.gob.bo\/wp-content\/uploads\/2019\/04\/03.jpg","contentUrl":"https:\/\/www.ine.gob.bo\/wp-content\/uploads\/2019\/04\/03.jpg","width":1024,"height":678},{"@type":"BreadcrumbList","@id":"https:\/\/www.ine.gob.bo\/index.php\/ine-participo-de-la-premiacion-primera-competencia-bolivia-de-posters-estadisticos\/#breadcrumb","itemListElement":[{"@type":"ListItem","position":1,"name":"Portada","item":"https:\/\/www.ine.gob.bo\/"},{"@type":"ListItem","position":2,"name":"INE particip\u00f3 de la premiaci\u00f3n &#8220;Primera Competencia Bolivia de Posters Estad\u00edsticos&#8221;"}]},{"@type":"WebSite","@id":"https:\/\/www.ine.gob.bo\/#website","url":"https:\/\/www.ine.gob.bo\/","name":"INE","description":"Instituto Nacional de Estad\u00edstica","publisher":{"@id":"https:\/\/www.ine.gob.bo\/#organization"},"potentialAction":[{"@type":"SearchAction","target":{"@type":"EntryPoint","urlTemplate":"https:\/\/www.ine.gob.bo\/?s={search_term_string}"},"query-input":"required name=search_term_string"}],"inLanguage":"es"},{"@type":"Organization","@id":"https:\/\/www.ine.gob.bo\/#organization","name":"Instituto Nacional de Estad\u00edstica","url":"https:\/\/www.ine.gob.bo\/","logo":{"@type":"ImageObject","inLanguage":"es","@id":"https:\/\/www.ine.gob.bo\/#\/schema\/logo\/image\/","url":"https:\/\/www.ine.gob.bo\/wp-content\/uploads\/2026\/02\/logo-ine.jpg","contentUrl":"https:\/\/www.ine.gob.bo\/wp-content\/uploads\/2026\/02\/logo-ine.jpg","width":799,"height":453,"caption":"Instituto Nacional de Estad\u00edstica"},"image":{"@id":"https:\/\/www.ine.gob.bo\/#\/schema\/logo\/image\/"},"sameAs":["https:\/\/www.facebook.com\/ineboliviaoficial","https:\/\/x.com\/INE_Bolivia","https:\/\/www.instagram.com\/ineboliviaoficial\/","https:\/\/www.youtube.com\/channel\/UCbIQXKLw414g5kWo1tAwqCg"]},{"@type":"Person","@id":"https:\/\/www.ine.gob.bo\/#\/schema\/person\/4b9ab894e9de9fb7f2078269aea371be","name":"4dmin-root","image":{"@type":"ImageObject","inLanguage":"es","@id":"https:\/\/www.ine.gob.bo\/#\/schema\/person\/image\/","url":"https:\/\/secure.gravatar.com\/avatar\/0824ec9f3a25d622e58133204574c46e0832b417c3b610112cf50ccc044cbefe?s=96&d=mm&r=g","contentUrl":"https:\/\/secure.gravatar.com\/avatar\/0824ec9f3a25d622e58133204574c46e0832b417c3b610112cf50ccc044cbefe?s=96&d=mm&r=g","caption":"4dmin-root"},"url":"https:\/\/www.ine.gob.bo\/index.php\/author\/4dmin-root\/"}]}},"rttpg_featured_image_url":{"full":["https:\/\/www.ine.gob.bo\/wp-content\/uploads\/2019\/04\/03.jpg",1024,678,false],"landscape":["https:\/\/www.ine.gob.bo\/wp-content\/uploads\/2019\/04\/03.jpg",1024,678,false],"portraits":["https:\/\/www.ine.gob.bo\/wp-content\/uploads\/2019\/04\/03.jpg",1024,678,false],"thumbnail":["https:\/\/www.ine.gob.bo\/wp-content\/uploads\/2019\/04\/03-150x150.jpg",150,150,true],"medium":["https:\/\/www.ine.gob.bo\/wp-content\/uploads\/2019\/04\/03-300x199.jpg",300,199,true],"large":["https:\/\/www.ine.gob.bo\/wp-content\/uploads\/2019\/04\/03-1024x678.jpg",1024,678,true],"1536x1536":["https:\/\/www.ine.gob.bo\/wp-content\/uploads\/2019\/04\/03.jpg",1024,678,false],"2048x2048":["https:\/\/www.ine.gob.bo\/wp-content\/uploads\/2019\/04\/03.jpg",1024,678,false]},"rttpg_author":{"display_name":"4dmin-root","author_link":"https:\/\/www.ine.gob.bo\/index.php\/author\/4dmin-root\/"},"rttpg_comment":0,"rttpg_category":"<a href=\"https:\/\/www.ine.gob.bo\/index.php\/category\/ine-noticias\/\" rel=\"category tag\">INE noticias<\/a>","rttpg_excerpt":"La Paz, 26.04.19 (INE).-&nbsp;El director del Instituto Nacional de Estad\u00edstica (INE), Santiago Farjat Basc\u00f3n, particip\u00f3 del acto de premiaci\u00f3n de la \u201cPrimera Competencia Bolivia de Posters Estad\u00edsticos 2018-2019\u201d realizada la semana pasada en instalaciones de la Universidad Cat\u00f3lica Boliviana \u201cSan Pablo\u201d (UCB) de la ciudad de La Paz. El acto cont\u00f3 con la presencia de&hellip;","_links":{"self":[{"href":"https:\/\/www.ine.gob.bo\/index.php\/wp-json\/wp\/v2\/posts\/37027","targetHints":{"allow":["GET"]}}],"collection":[{"href":"https:\/\/www.ine.gob.bo\/index.php\/wp-json\/wp\/v2\/posts"}],"about":[{"href":"https:\/\/www.ine.gob.bo\/index.php\/wp-json\/wp\/v2\/types\/post"}],"author":[{"embeddable":true,"href":"https:\/\/www.ine.gob.bo\/index.php\/wp-json\/wp\/v2\/users\/1"}],"replies":[{"embeddable":true,"href":"https:\/\/www.ine.gob.bo\/index.php\/wp-json\/wp\/v2\/comments?post=37027"}],"version-history":[{"count":0,"href":"https:\/\/www.ine.gob.bo\/index.php\/wp-json\/wp\/v2\/posts\/37027\/revisions"}],"wp:featuredmedia":[{"embeddable":true,"href":"https:\/\/www.ine.gob.bo\/index.php\/wp-json\/wp\/v2\/media\/37032"}],"wp:attachment":[{"href":"https:\/\/www.ine.gob.bo\/index.php\/wp-json\/wp\/v2\/media?parent=37027"}],"wp:term":[{"taxonomy":"category","embeddable":true,"href":"https:\/\/www.ine.gob.bo\/index.php\/wp-json\/wp\/v2\/categories?post=37027"},{"taxonomy":"post_tag","embeddable":true,"href":"https:\/\/www.ine.gob.bo\/index.php\/wp-json\/wp\/v2\/tags?post=37027"}],"curies":[{"name":"wp","href":"https:\/\/api.w.org\/{rel}","templated":true}]}}